
{"id":22863,"date":"2013-09-04T08:58:14","date_gmt":"2013-09-04T11:58:14","guid":{"rendered":"http:\/\/www.oarcanjo.net\/site\/?p=22863"},"modified":"2013-09-04T09:38:05","modified_gmt":"2013-09-04T12:38:05","slug":"pastoral-da-crianca-destaca-a-presenca-transformadora-do-trabalho-voluntario","status":"publish","type":"post","link":"https:\/\/www.oarcanjo.net\/site\/pastoral-da-crianca-destaca-a-presenca-transformadora-do-trabalho-voluntario\/","title":{"rendered":"Pastoral da Crian\u00e7a destaca a presen\u00e7a transformadora do trabalho volunt\u00e1rio"},"content":{"rendered":"<p>\u201c\u00c9 por meio do l\u00edder que as a\u00e7\u00f5es de sa\u00fade, desenvolvimento, educa\u00e7\u00e3o e cidadania chegam nas fam\u00edlias mais pobres do nosso grande Brasil e em outros pa\u00edses\u201d, explica a coordenadora nacional da Pastoral da Crian\u00e7a, Ir. Vera L\u00facia Alto\u00e9, a respeito do trabalho volunt\u00e1rio prestado por agentes da Pastoral.<\/p>\n<p>Segundo Ir. Vera, \u201ca miss\u00e3o da Pastoral da Crian\u00e7a \u00e9 promover o desenvolvimento integral das crian\u00e7as, do ventre materno aos seis anos, por meio de orienta\u00e7\u00f5es b\u00e1sicas, fundamentadas na m\u00edstica que une f\u00e9 e vida\u201d.<\/p>\n<p>A meta principal, de acordo com o gestor de rela\u00e7\u00f5es institucionais do organismo, Cl\u00f3vis Boufler, \u00e9 diminuir a mortalidade materna e infantil no pa\u00eds. \u201cHoje, n\u00f3s lutamos para que todas as crian\u00e7as tenham as condi\u00e7\u00f5es necess\u00e1rias para seu pleno desenvolvimento\u201d, afirma Boufler. \u201cO forte da Pastoral da Crian\u00e7a \u00e9 a solidariedade humana, ou seja, as pessoas que se preocupam com outras pessoas porque querem construir um mundo melhor para todos. A espiritualidade, a op\u00e7\u00e3o pelos que mais sofrem, pelos mais vulner\u00e1veis, pelos mais pobres, a vontade de transformar aquilo que acreditamos, a nossa f\u00e9 em vida para os outros, tudo isso \u00e9 o que nos d\u00e1 a baliza para seguir adiante e fazer com que a Pastoral da Crian\u00e7a avance em todas as partes do Brasil e em muitos pa\u00edses do mundo\u201d, acrescenta.<\/p>\n<p>Para o volunt\u00e1rio da Pastoral, Wendel Salvador Santos, o trabalho desenvolvido permitiu olhar a comunidade e o mundo com esperan\u00e7a de liberta\u00e7\u00e3o. \u201cDepois que entrei na Pastoral da Crian\u00e7a me tornei uma pessoa mais aberta para as necessidades das pessoas, uma forma de sentir e experimentar um Deus libertador\u201d, conta.<\/p>\n<p>Entretanto, Ir. Vera ressalta que h\u00e1 muito o que fazer e os desafios s\u00e3o imensos. \u201cTemos como metas ampliar o n\u00famero de volunt\u00e1rios para acompanhar mais crian\u00e7as e gestantes. Por isso quero conclamar a todos que queiram lutar pela vida para que se tornem l\u00edderes da Pastoral da Crian\u00e7a, quanto mais l\u00edderes tivermos, mais comunidades poder\u00e3o contar com as a\u00e7\u00f5es da Pastoral da Crian\u00e7a. Todos s\u00e3o bem vindos nessa miss\u00e3o de f\u00e9 e vida\u201d, conclui.<\/p>\n<p>Esta semana, no site da Pastoral da Crian\u00e7a, \u00e9 poss\u00edvel encontrar depoimentos, informa\u00e7\u00f5es, entrevistas sobre o trabalho do voluntariado. Acesse: <a title=\"www.pastoraldacrianca.org.br\" href=\"http:\/\/www.pastoraldacrianca.org.br\" target=\"_blank\">www.pastoraldacrianca.org.br<\/a>.<\/p>\n<p><em>Fonte: CNBB<\/em><\/p>\n<div id=\"themify_builder_content-22863\" data-postid=\"22863\" class=\"themify_builder_content themify_builder_content-22863 themify_builder themify_builder_front\">\n\t<\/div>\n<!-- \/themify_builder_content -->","protected":false},"excerpt":{"rendered":"<p>\u201c\u00c9 por meio do l\u00edder que as a\u00e7\u00f5es de sa\u00fade, desenvolvimento, educa\u00e7\u00e3o e cidadania chegam nas fam\u00edlias mais pobres do nosso grande Brasil e em outros pa\u00edses\u201d, explica a coordenadora nacional da Pastoral da Crian\u00e7a, Ir. Vera L\u00facia Alto\u00e9, a respeito do trabalho volunt\u00e1rio prestado por agentes da Pastoral. Segundo Ir. Vera, \u201ca miss\u00e3o da [&hellip;]<\/p>\n","protected":false},"author":5,"featured_media":0,"comment_status":"open","ping_status":"open","sticky":false,"template":"","format":"standard","meta":{"ngg_post_thumbnail":0,"footnotes":""},"categories":[8],"tags":[295,2609,2610],"yoast_head":"<!-- This site is optimized with the Yoast SEO plugin v23.5 - https:\/\/yoast.com\/wordpress\/plugins\/seo\/ -->\n<title>Pastoral da Crian\u00e7a destaca a presen\u00e7a transformadora do trabalho volunt\u00e1rio - O Arcanjo no ar<\/title>\n<meta name=\"robots\" content=\"index, follow, max-snippet:-1, max-image-preview:large, max-video-preview:-1\" \/>\n<link rel=\"canonical\" href=\"https:\/\/www.oarcanjo.net\/site\/pastoral-da-crianca-destaca-a-presenca-transformadora-do-trabalho-voluntario\/\" \/>\n<meta property=\"og:locale\" content=\"pt_BR\" \/>\n<meta property=\"og:type\" content=\"article\" \/>\n<meta property=\"og:title\" content=\"Pastoral da Crian\u00e7a destaca a presen\u00e7a transformadora do trabalho volunt\u00e1rio - O Arcanjo no ar\" \/>\n<meta property=\"og:description\" content=\"\u201c\u00c9 por meio do l\u00edder que as a\u00e7\u00f5es de sa\u00fade, desenvolvimento, educa\u00e7\u00e3o e cidadania chegam nas fam\u00edlias mais pobres do nosso grande Brasil e em outros pa\u00edses\u201d, explica a coordenadora nacional da Pastoral da Crian\u00e7a, Ir. Vera L\u00facia Alto\u00e9, a respeito do trabalho volunt\u00e1rio prestado por agentes da Pastoral. Segundo Ir. Vera, \u201ca miss\u00e3o da [&hellip;]\" \/>\n<meta property=\"og:url\" content=\"https:\/\/www.oarcanjo.net\/site\/pastoral-da-crianca-destaca-a-presenca-transformadora-do-trabalho-voluntario\/\" \/>\n<meta property=\"og:site_name\" content=\"O Arcanjo no ar\" \/>\n<meta property=\"article:publisher\" content=\"https:\/\/www.facebook.com\/OArcanjoNoAr\/\" \/>\n<meta property=\"article:published_time\" content=\"2013-09-04T11:58:14+00:00\" \/>\n<meta property=\"article:modified_time\" content=\"2013-09-04T12:38:05+00:00\" \/>\n<meta property=\"og:image\" content=\"https:\/\/www.oarcanjo.net\/site\/wp-content\/uploads\/logo-o-arcanjo-no-ar-facebook.png\" \/>\n\t<meta property=\"og:image:width\" content=\"300\" \/>\n\t<meta property=\"og:image:height\" content=\"300\" \/>\n\t<meta property=\"og:image:type\" content=\"image\/png\" \/>\n<meta name=\"author\" content=\"editor\" \/>\n<meta name=\"twitter:card\" content=\"summary_large_image\" \/>\n<meta name=\"twitter:label1\" content=\"Escrito por\" \/>\n\t<meta name=\"twitter:data1\" content=\"editor\" \/>\n\t<meta name=\"twitter:label2\" content=\"Est. tempo de leitura\" \/>\n\t<meta name=\"twitter:data2\" content=\"2 minutos\" \/>\n<script type=\"application\/ld+json\" class=\"yoast-schema-graph\">{\"@context\":\"https:\/\/schema.org\",\"@graph\":[{\"@type\":\"Article\",\"@id\":\"https:\/\/www.oarcanjo.net\/site\/pastoral-da-crianca-destaca-a-presenca-transformadora-do-trabalho-voluntario\/#article\",\"isPartOf\":{\"@id\":\"https:\/\/www.oarcanjo.net\/site\/pastoral-da-crianca-destaca-a-presenca-transformadora-do-trabalho-voluntario\/\"},\"author\":{\"name\":\"editor\",\"@id\":\"https:\/\/www.oarcanjo.net\/site\/#\/schema\/person\/f7024d007863202483a31326673a0838\"},\"headline\":\"Pastoral da Crian\u00e7a destaca a presen\u00e7a transformadora do trabalho volunt\u00e1rio\",\"datePublished\":\"2013-09-04T11:58:14+00:00\",\"dateModified\":\"2013-09-04T12:38:05+00:00\",\"mainEntityOfPage\":{\"@id\":\"https:\/\/www.oarcanjo.net\/site\/pastoral-da-crianca-destaca-a-presenca-transformadora-do-trabalho-voluntario\/\"},\"wordCount\":421,\"commentCount\":0,\"publisher\":{\"@id\":\"https:\/\/www.oarcanjo.net\/site\/#organization\"},\"keywords\":[\"Pastoral da Crian\u00e7a\",\"Voluntariado\",\"Volunt\u00e1rio\"],\"articleSection\":[\"Not\u00edcias\"],\"inLanguage\":\"pt-BR\",\"potentialAction\":[{\"@type\":\"CommentAction\",\"name\":\"Comment\",\"target\":[\"https:\/\/www.oarcanjo.net\/site\/pastoral-da-crianca-destaca-a-presenca-transformadora-do-trabalho-voluntario\/#respond\"]}]},{\"@type\":\"WebPage\",\"@id\":\"https:\/\/www.oarcanjo.net\/site\/pastoral-da-crianca-destaca-a-presenca-transformadora-do-trabalho-voluntario\/\",\"url\":\"https:\/\/www.oarcanjo.net\/site\/pastoral-da-crianca-destaca-a-presenca-transformadora-do-trabalho-voluntario\/\",\"name\":\"Pastoral da Crian\u00e7a destaca a presen\u00e7a transformadora do trabalho volunt\u00e1rio - O Arcanjo no ar\",\"isPartOf\":{\"@id\":\"https:\/\/www.oarcanjo.net\/site\/#website\"},\"datePublished\":\"2013-09-04T11:58:14+00:00\",\"dateModified\":\"2013-09-04T12:38:05+00:00\",\"breadcrumb\":{\"@id\":\"https:\/\/www.oarcanjo.net\/site\/pastoral-da-crianca-destaca-a-presenca-transformadora-do-trabalho-voluntario\/#breadcrumb\"},\"inLanguage\":\"pt-BR\",\"potentialAction\":[{\"@type\":\"ReadAction\",\"target\":[\"https:\/\/www.oarcanjo.net\/site\/pastoral-da-crianca-destaca-a-presenca-transformadora-do-trabalho-voluntario\/\"]}]},{\"@type\":\"BreadcrumbList\",\"@id\":\"https:\/\/www.oarcanjo.net\/site\/pastoral-da-crianca-destaca-a-presenca-transformadora-do-trabalho-voluntario\/#breadcrumb\",\"itemListElement\":[{\"@type\":\"ListItem\",\"position\":1,\"name\":\"In\u00edcio\",\"item\":\"https:\/\/www.oarcanjo.net\/site\/\"},{\"@type\":\"ListItem\",\"position\":2,\"name\":\"Pastoral da Crian\u00e7a destaca a presen\u00e7a transformadora do trabalho volunt\u00e1rio\"}]},{\"@type\":\"WebSite\",\"@id\":\"https:\/\/www.oarcanjo.net\/site\/#website\",\"url\":\"https:\/\/www.oarcanjo.net\/site\/\",\"name\":\"O Arcanjo no ar\",\"description\":\"Site da Par\u00f3quia S\u00e3o Miguel Arcanjo (Arquidiocese de SP)\",\"publisher\":{\"@id\":\"https:\/\/www.oarcanjo.net\/site\/#organization\"},\"potentialAction\":[{\"@type\":\"SearchAction\",\"target\":{\"@type\":\"EntryPoint\",\"urlTemplate\":\"https:\/\/www.oarcanjo.net\/site\/?s={search_term_string}\"},\"query-input\":{\"@type\":\"PropertyValueSpecification\",\"valueRequired\":true,\"valueName\":\"search_term_string\"}}],\"inLanguage\":\"pt-BR\"},{\"@type\":\"Organization\",\"@id\":\"https:\/\/www.oarcanjo.net\/site\/#organization\",\"name\":\"Par\u00f3quia S\u00e3o Miguel Arcanjo\",\"url\":\"https:\/\/www.oarcanjo.net\/site\/\",\"logo\":{\"@type\":\"ImageObject\",\"inLanguage\":\"pt-BR\",\"@id\":\"https:\/\/www.oarcanjo.net\/site\/#\/schema\/logo\/image\/\",\"url\":\"https:\/\/www.oarcanjo.net\/site\/wp-content\/uploads\/LogoOArcanjo.png\",\"contentUrl\":\"https:\/\/www.oarcanjo.net\/site\/wp-content\/uploads\/LogoOArcanjo.png\",\"width\":319,\"height\":99,\"caption\":\"Par\u00f3quia S\u00e3o Miguel Arcanjo\"},\"image\":{\"@id\":\"https:\/\/www.oarcanjo.net\/site\/#\/schema\/logo\/image\/\"},\"sameAs\":[\"https:\/\/www.facebook.com\/OArcanjoNoAr\/\"]},{\"@type\":\"Person\",\"@id\":\"https:\/\/www.oarcanjo.net\/site\/#\/schema\/person\/f7024d007863202483a31326673a0838\",\"name\":\"editor\",\"sameAs\":[\"http:\/\/www.oarcanjo.net\"]}]}<\/script>\n<!-- \/ Yoast SEO plugin. -->","yoast_head_json":{"title":"Pastoral da Crian\u00e7a destaca a presen\u00e7a transformadora do trabalho volunt\u00e1rio - O Arcanjo no ar","robots":{"index":"index","follow":"follow","max-snippet":"max-snippet:-1","max-image-preview":"max-image-preview:large","max-video-preview":"max-video-preview:-1"},"canonical":"https:\/\/www.oarcanjo.net\/site\/pastoral-da-crianca-destaca-a-presenca-transformadora-do-trabalho-voluntario\/","og_locale":"pt_BR","og_type":"article","og_title":"Pastoral da Crian\u00e7a destaca a presen\u00e7a transformadora do trabalho volunt\u00e1rio - O Arcanjo no ar","og_description":"\u201c\u00c9 por meio do l\u00edder que as a\u00e7\u00f5es de sa\u00fade, desenvolvimento, educa\u00e7\u00e3o e cidadania chegam nas fam\u00edlias mais pobres do nosso grande Brasil e em outros pa\u00edses\u201d, explica a coordenadora nacional da Pastoral da Crian\u00e7a, Ir. Vera L\u00facia Alto\u00e9, a respeito do trabalho volunt\u00e1rio prestado por agentes da Pastoral. Segundo Ir. Vera, \u201ca miss\u00e3o da [&hellip;]","og_url":"https:\/\/www.oarcanjo.net\/site\/pastoral-da-crianca-destaca-a-presenca-transformadora-do-trabalho-voluntario\/","og_site_name":"O Arcanjo no ar","article_publisher":"https:\/\/www.facebook.com\/OArcanjoNoAr\/","article_published_time":"2013-09-04T11:58:14+00:00","article_modified_time":"2013-09-04T12:38:05+00:00","og_image":[{"width":300,"height":300,"url":"https:\/\/www.oarcanjo.net\/site\/wp-content\/uploads\/logo-o-arcanjo-no-ar-facebook.png","type":"image\/png"}],"author":"editor","twitter_card":"summary_large_image","twitter_misc":{"Escrito por":"editor","Est. tempo de leitura":"2 minutos"},"schema":{"@context":"https:\/\/schema.org","@graph":[{"@type":"Article","@id":"https:\/\/www.oarcanjo.net\/site\/pastoral-da-crianca-destaca-a-presenca-transformadora-do-trabalho-voluntario\/#article","isPartOf":{"@id":"https:\/\/www.oarcanjo.net\/site\/pastoral-da-crianca-destaca-a-presenca-transformadora-do-trabalho-voluntario\/"},"author":{"name":"editor","@id":"https:\/\/www.oarcanjo.net\/site\/#\/schema\/person\/f7024d007863202483a31326673a0838"},"headline":"Pastoral da Crian\u00e7a destaca a presen\u00e7a transformadora do trabalho volunt\u00e1rio","datePublished":"2013-09-04T11:58:14+00:00","dateModified":"2013-09-04T12:38:05+00:00","mainEntityOfPage":{"@id":"https:\/\/www.oarcanjo.net\/site\/pastoral-da-crianca-destaca-a-presenca-transformadora-do-trabalho-voluntario\/"},"wordCount":421,"commentCount":0,"publisher":{"@id":"https:\/\/www.oarcanjo.net\/site\/#organization"},"keywords":["Pastoral da Crian\u00e7a","Voluntariado","Volunt\u00e1rio"],"articleSection":["Not\u00edcias"],"inLanguage":"pt-BR","potentialAction":[{"@type":"CommentAction","name":"Comment","target":["https:\/\/www.oarcanjo.net\/site\/pastoral-da-crianca-destaca-a-presenca-transformadora-do-trabalho-voluntario\/#respond"]}]},{"@type":"WebPage","@id":"https:\/\/www.oarcanjo.net\/site\/pastoral-da-crianca-destaca-a-presenca-transformadora-do-trabalho-voluntario\/","url":"https:\/\/www.oarcanjo.net\/site\/pastoral-da-crianca-destaca-a-presenca-transformadora-do-trabalho-voluntario\/","name":"Pastoral da Crian\u00e7a destaca a presen\u00e7a transformadora do trabalho volunt\u00e1rio - O Arcanjo no ar","isPartOf":{"@id":"https:\/\/www.oarcanjo.net\/site\/#website"},"datePublished":"2013-09-04T11:58:14+00:00","dateModified":"2013-09-04T12:38:05+00:00","breadcrumb":{"@id":"https:\/\/www.oarcanjo.net\/site\/pastoral-da-crianca-destaca-a-presenca-transformadora-do-trabalho-voluntario\/#breadcrumb"},"inLanguage":"pt-BR","potentialAction":[{"@type":"ReadAction","target":["https:\/\/www.oarcanjo.net\/site\/pastoral-da-crianca-destaca-a-presenca-transformadora-do-trabalho-voluntario\/"]}]},{"@type":"BreadcrumbList","@id":"https:\/\/www.oarcanjo.net\/site\/pastoral-da-crianca-destaca-a-presenca-transformadora-do-trabalho-voluntario\/#breadcrumb","itemListElement":[{"@type":"ListItem","position":1,"name":"In\u00edcio","item":"https:\/\/www.oarcanjo.net\/site\/"},{"@type":"ListItem","position":2,"name":"Pastoral da Crian\u00e7a destaca a presen\u00e7a transformadora do trabalho volunt\u00e1rio"}]},{"@type":"WebSite","@id":"https:\/\/www.oarcanjo.net\/site\/#website","url":"https:\/\/www.oarcanjo.net\/site\/","name":"O Arcanjo no ar","description":"Site da Par\u00f3quia S\u00e3o Miguel Arcanjo (Arquidiocese de SP)","publisher":{"@id":"https:\/\/www.oarcanjo.net\/site\/#organization"},"potentialAction":[{"@type":"SearchAction","target":{"@type":"EntryPoint","urlTemplate":"https:\/\/www.oarcanjo.net\/site\/?s={search_term_string}"},"query-input":{"@type":"PropertyValueSpecification","valueRequired":true,"valueName":"search_term_string"}}],"inLanguage":"pt-BR"},{"@type":"Organization","@id":"https:\/\/www.oarcanjo.net\/site\/#organization","name":"Par\u00f3quia S\u00e3o Miguel Arcanjo","url":"https:\/\/www.oarcanjo.net\/site\/","logo":{"@type":"ImageObject","inLanguage":"pt-BR","@id":"https:\/\/www.oarcanjo.net\/site\/#\/schema\/logo\/image\/","url":"https:\/\/www.oarcanjo.net\/site\/wp-content\/uploads\/LogoOArcanjo.png","contentUrl":"https:\/\/www.oarcanjo.net\/site\/wp-content\/uploads\/LogoOArcanjo.png","width":319,"height":99,"caption":"Par\u00f3quia S\u00e3o Miguel Arcanjo"},"image":{"@id":"https:\/\/www.oarcanjo.net\/site\/#\/schema\/logo\/image\/"},"sameAs":["https:\/\/www.facebook.com\/OArcanjoNoAr\/"]},{"@type":"Person","@id":"https:\/\/www.oarcanjo.net\/site\/#\/schema\/person\/f7024d007863202483a31326673a0838","name":"editor","sameAs":["http:\/\/www.oarcanjo.net"]}]}},"publishpress_future_action":{"enabled":false,"date":"2026-05-09 04:24:03","action":"category","newStatus":"draft","terms":[],"taxonomy":"category"},"publishpress_future_workflow_manual_trigger":{"enabledWorkflows":[]},"_links":{"self":[{"href":"https:\/\/www.oarcanjo.net\/site\/wp-json\/wp\/v2\/posts\/22863"}],"collection":[{"href":"https:\/\/www.oarcanjo.net\/site\/wp-json\/wp\/v2\/posts"}],"about":[{"href":"https:\/\/www.oarcanjo.net\/site\/wp-json\/wp\/v2\/types\/post"}],"author":[{"embeddable":true,"href":"https:\/\/www.oarcanjo.net\/site\/wp-json\/wp\/v2\/users\/5"}],"replies":[{"embeddable":true,"href":"https:\/\/www.oarcanjo.net\/site\/wp-json\/wp\/v2\/comments?post=22863"}],"version-history":[{"count":0,"href":"https:\/\/www.oarcanjo.net\/site\/wp-json\/wp\/v2\/posts\/22863\/revisions"}],"wp:attachment":[{"href":"https:\/\/www.oarcanjo.net\/site\/wp-json\/wp\/v2\/media?parent=22863"}],"wp:term":[{"taxonomy":"category","embeddable":true,"href":"https:\/\/www.oarcanjo.net\/site\/wp-json\/wp\/v2\/categories?post=22863"},{"taxonomy":"post_tag","embeddable":true,"href":"https:\/\/www.oarcanjo.net\/site\/wp-json\/wp\/v2\/tags?post=22863"}],"curies":[{"name":"wp","href":"https:\/\/api.w.org\/{rel}","templated":true}]}}