
{"id":22866,"date":"2013-09-05T13:45:56","date_gmt":"2013-09-05T16:45:56","guid":{"rendered":"http:\/\/www.oarcanjo.net\/site\/?p=22866"},"modified":"2013-09-05T13:45:56","modified_gmt":"2013-09-05T16:45:56","slug":"papa-pede-ao-g-20-para-que-busque-uma-solucao-pacifica-na-siria","status":"publish","type":"post","link":"https:\/\/www.oarcanjo.net\/site\/papa-pede-ao-g-20-para-que-busque-uma-solucao-pacifica-na-siria\/","title":{"rendered":"Papa pede ao G-20 para que busque uma solu\u00e7\u00e3o pac\u00edfica na S\u00edria"},"content":{"rendered":"<p>\u201cSem paz n\u00e3o h\u00e1 nenhum tipo de desenvolvimento econ\u00f4mico\u201d, afirmou o papa Francisco em uma mensagem enviada ao presidente da Federa\u00e7\u00e3o Russa, Vladmiri Putin, que nestes dias, em S\u00e3o Petersburgo, preside a reuni\u00e3o do G-20, grupo de pa\u00edses das economias mais emergentes do mundo. O papa chamou a aten\u00e7\u00e3o para os conflitos armados. \u201cUm quadro dram\u00e1tico de mis\u00e9ria, fome, enfermidade e morte\u201d, explicou.<\/p>\n<p>Disse que, apesar da reuni\u00e3o n\u00e3o ter como principal objetivo a seguran\u00e7a internacional, o G-20 n\u00e3o pode deixar de refletir sobre a situa\u00e7\u00e3o do Oriente M\u00e9dio, especialmente da S\u00edria. \u201cInfelizmente, d\u00f3i constatar que demasiados interesses prevaleceram desde o come\u00e7o do conflito s\u00edrio, impedindo encontrar uma solu\u00e7\u00e3o que evitasse o in\u00fatil massacre do qual somos testemunhas\u201d, lamentou.<\/p>\n<p>O papa pediu aos l\u00edderes dos pa\u00edses do G-20 para que n\u00e3o permane\u00e7am inertes com rela\u00e7\u00e3o ao drama que vive a S\u00edria. \u201cLan\u00e7o um apelo urgente para que ajudem a encontrar formas de superar os diferentes contrastes e abandonem toda v\u00e3 pretens\u00e3o de uma solu\u00e7\u00e3o militar. Isto \u00e9, em vez disso, um novo compromisso de buscar, com coragem e determina\u00e7\u00e3o, uma solu\u00e7\u00e3o pac\u00edfica por meio do di\u00e1logo e da negocia\u00e7\u00e3o entre as partes interessadas, com o apoio un\u00e2nime da comunidade internacional\u201d, clamou.<\/p>\n<p>Segundo o papa Francisco, \u201ca economia mundial crescer\u00e1 \u00e0 medida em que seja capaz de permitir uma vida digna a todos os seres humanos, desde os anci\u00e3os \u00e0s crian\u00e7as, ainda que no seio materno; n\u00e3o somente aos cidad\u00e3os dos pa\u00edses membros do G20, mas a cada habitante da terra, inclusive os que se encontram em situa\u00e7\u00f5es sociais mais dif\u00edceis ou nos lugares mais remotos\u201d.<\/p>\n<p><em>Fonte: CNBB<\/em><\/p>\n<div id=\"themify_builder_content-22866\" data-postid=\"22866\" class=\"themify_builder_content themify_builder_content-22866 themify_builder themify_builder_front\">\n\t<\/div>\n<!-- \/themify_builder_content -->","protected":false},"excerpt":{"rendered":"<p>\u201cSem paz n\u00e3o h\u00e1 nenhum tipo de desenvolvimento econ\u00f4mico\u201d, afirmou o papa Francisco em uma mensagem enviada ao presidente da Federa\u00e7\u00e3o Russa, Vladmiri Putin, que nestes dias, em S\u00e3o Petersburgo, preside a reuni\u00e3o do G-20, grupo de pa\u00edses das economias mais emergentes do mundo. O papa chamou a aten\u00e7\u00e3o para os conflitos armados. \u201cUm quadro [&hellip;]<\/p>\n","protected":false},"author":5,"featured_media":0,"comment_status":"open","ping_status":"open","sticky":false,"template":"","format":"standard","meta":{"ngg_post_thumbnail":0,"footnotes":""},"categories":[8],"tags":[784,177,178,2433,167,2604],"yoast_head":"<!-- This site is optimized with the Yoast SEO plugin v23.5 - https:\/\/yoast.com\/wordpress\/plugins\/seo\/ -->\n<title>Papa pede ao G-20 para que busque uma solu\u00e7\u00e3o pac\u00edfica na S\u00edria - O Arcanjo no ar<\/title>\n<meta name=\"robots\" content=\"index, follow, max-snippet:-1, max-image-preview:large, max-video-preview:-1\" \/>\n<link rel=\"canonical\" href=\"https:\/\/www.oarcanjo.net\/site\/papa-pede-ao-g-20-para-que-busque-uma-solucao-pacifica-na-siria\/\" \/>\n<meta property=\"og:locale\" content=\"pt_BR\" \/>\n<meta property=\"og:type\" content=\"article\" \/>\n<meta property=\"og:title\" content=\"Papa pede ao G-20 para que busque uma solu\u00e7\u00e3o pac\u00edfica na S\u00edria - O Arcanjo no ar\" \/>\n<meta property=\"og:description\" content=\"\u201cSem paz n\u00e3o h\u00e1 nenhum tipo de desenvolvimento econ\u00f4mico\u201d, afirmou o papa Francisco em uma mensagem enviada ao presidente da Federa\u00e7\u00e3o Russa, Vladmiri Putin, que nestes dias, em S\u00e3o Petersburgo, preside a reuni\u00e3o do G-20, grupo de pa\u00edses das economias mais emergentes do mundo. O papa chamou a aten\u00e7\u00e3o para os conflitos armados. \u201cUm quadro [&hellip;]\" \/>\n<meta property=\"og:url\" content=\"https:\/\/www.oarcanjo.net\/site\/papa-pede-ao-g-20-para-que-busque-uma-solucao-pacifica-na-siria\/\" \/>\n<meta property=\"og:site_name\" content=\"O Arcanjo no ar\" \/>\n<meta property=\"article:publisher\" content=\"https:\/\/www.facebook.com\/OArcanjoNoAr\/\" \/>\n<meta property=\"article:published_time\" content=\"2013-09-05T16:45:56+00:00\" \/>\n<meta property=\"og:image\" content=\"https:\/\/www.oarcanjo.net\/site\/wp-content\/uploads\/logo-o-arcanjo-no-ar-facebook.png\" \/>\n\t<meta property=\"og:image:width\" content=\"300\" \/>\n\t<meta property=\"og:image:height\" content=\"300\" \/>\n\t<meta property=\"og:image:type\" content=\"image\/png\" \/>\n<meta name=\"author\" content=\"editor\" \/>\n<meta name=\"twitter:card\" content=\"summary_large_image\" \/>\n<meta name=\"twitter:label1\" content=\"Escrito por\" \/>\n\t<meta name=\"twitter:data1\" content=\"editor\" \/>\n\t<meta name=\"twitter:label2\" content=\"Est. tempo de leitura\" \/>\n\t<meta name=\"twitter:data2\" content=\"2 minutos\" \/>\n<script type=\"application\/ld+json\" class=\"yoast-schema-graph\">{\"@context\":\"https:\/\/schema.org\",\"@graph\":[{\"@type\":\"Article\",\"@id\":\"https:\/\/www.oarcanjo.net\/site\/papa-pede-ao-g-20-para-que-busque-uma-solucao-pacifica-na-siria\/#article\",\"isPartOf\":{\"@id\":\"https:\/\/www.oarcanjo.net\/site\/papa-pede-ao-g-20-para-que-busque-uma-solucao-pacifica-na-siria\/\"},\"author\":{\"name\":\"editor\",\"@id\":\"https:\/\/www.oarcanjo.net\/site\/#\/schema\/person\/f7024d007863202483a31326673a0838\"},\"headline\":\"Papa pede ao G-20 para que busque uma solu\u00e7\u00e3o pac\u00edfica na S\u00edria\",\"datePublished\":\"2013-09-05T16:45:56+00:00\",\"dateModified\":\"2013-09-05T16:45:56+00:00\",\"mainEntityOfPage\":{\"@id\":\"https:\/\/www.oarcanjo.net\/site\/papa-pede-ao-g-20-para-que-busque-uma-solucao-pacifica-na-siria\/\"},\"wordCount\":323,\"commentCount\":0,\"publisher\":{\"@id\":\"https:\/\/www.oarcanjo.net\/site\/#organization\"},\"keywords\":[\"G-20\",\"guerra\",\"oriente m\u00e9dio\",\"Papa Francisco\",\"paz\",\"S\u00edria\"],\"articleSection\":[\"Not\u00edcias\"],\"inLanguage\":\"pt-BR\",\"potentialAction\":[{\"@type\":\"CommentAction\",\"name\":\"Comment\",\"target\":[\"https:\/\/www.oarcanjo.net\/site\/papa-pede-ao-g-20-para-que-busque-uma-solucao-pacifica-na-siria\/#respond\"]}]},{\"@type\":\"WebPage\",\"@id\":\"https:\/\/www.oarcanjo.net\/site\/papa-pede-ao-g-20-para-que-busque-uma-solucao-pacifica-na-siria\/\",\"url\":\"https:\/\/www.oarcanjo.net\/site\/papa-pede-ao-g-20-para-que-busque-uma-solucao-pacifica-na-siria\/\",\"name\":\"Papa pede ao G-20 para que busque uma solu\u00e7\u00e3o pac\u00edfica na S\u00edria - O Arcanjo no ar\",\"isPartOf\":{\"@id\":\"https:\/\/www.oarcanjo.net\/site\/#website\"},\"datePublished\":\"2013-09-05T16:45:56+00:00\",\"dateModified\":\"2013-09-05T16:45:56+00:00\",\"breadcrumb\":{\"@id\":\"https:\/\/www.oarcanjo.net\/site\/papa-pede-ao-g-20-para-que-busque-uma-solucao-pacifica-na-siria\/#breadcrumb\"},\"inLanguage\":\"pt-BR\",\"potentialAction\":[{\"@type\":\"ReadAction\",\"target\":[\"https:\/\/www.oarcanjo.net\/site\/papa-pede-ao-g-20-para-que-busque-uma-solucao-pacifica-na-siria\/\"]}]},{\"@type\":\"BreadcrumbList\",\"@id\":\"https:\/\/www.oarcanjo.net\/site\/papa-pede-ao-g-20-para-que-busque-uma-solucao-pacifica-na-siria\/#breadcrumb\",\"itemListElement\":[{\"@type\":\"ListItem\",\"position\":1,\"name\":\"In\u00edcio\",\"item\":\"https:\/\/www.oarcanjo.net\/site\/\"},{\"@type\":\"ListItem\",\"position\":2,\"name\":\"Papa pede ao G-20 para que busque uma solu\u00e7\u00e3o pac\u00edfica na S\u00edria\"}]},{\"@type\":\"WebSite\",\"@id\":\"https:\/\/www.oarcanjo.net\/site\/#website\",\"url\":\"https:\/\/www.oarcanjo.net\/site\/\",\"name\":\"O Arcanjo no ar\",\"description\":\"Site da Par\u00f3quia S\u00e3o Miguel Arcanjo (Arquidiocese de SP)\",\"publisher\":{\"@id\":\"https:\/\/www.oarcanjo.net\/site\/#organization\"},\"potentialAction\":[{\"@type\":\"SearchAction\",\"target\":{\"@type\":\"EntryPoint\",\"urlTemplate\":\"https:\/\/www.oarcanjo.net\/site\/?s={search_term_string}\"},\"query-input\":{\"@type\":\"PropertyValueSpecification\",\"valueRequired\":true,\"valueName\":\"search_term_string\"}}],\"inLanguage\":\"pt-BR\"},{\"@type\":\"Organization\",\"@id\":\"https:\/\/www.oarcanjo.net\/site\/#organization\",\"name\":\"Par\u00f3quia S\u00e3o Miguel Arcanjo\",\"url\":\"https:\/\/www.oarcanjo.net\/site\/\",\"logo\":{\"@type\":\"ImageObject\",\"inLanguage\":\"pt-BR\",\"@id\":\"https:\/\/www.oarcanjo.net\/site\/#\/schema\/logo\/image\/\",\"url\":\"https:\/\/www.oarcanjo.net\/site\/wp-content\/uploads\/LogoOArcanjo.png\",\"contentUrl\":\"https:\/\/www.oarcanjo.net\/site\/wp-content\/uploads\/LogoOArcanjo.png\",\"width\":319,\"height\":99,\"caption\":\"Par\u00f3quia S\u00e3o Miguel Arcanjo\"},\"image\":{\"@id\":\"https:\/\/www.oarcanjo.net\/site\/#\/schema\/logo\/image\/\"},\"sameAs\":[\"https:\/\/www.facebook.com\/OArcanjoNoAr\/\"]},{\"@type\":\"Person\",\"@id\":\"https:\/\/www.oarcanjo.net\/site\/#\/schema\/person\/f7024d007863202483a31326673a0838\",\"name\":\"editor\",\"sameAs\":[\"http:\/\/www.oarcanjo.net\"]}]}<\/script>\n<!-- \/ Yoast SEO plugin. -->","yoast_head_json":{"title":"Papa pede ao G-20 para que busque uma solu\u00e7\u00e3o pac\u00edfica na S\u00edria - O Arcanjo no ar","robots":{"index":"index","follow":"follow","max-snippet":"max-snippet:-1","max-image-preview":"max-image-preview:large","max-video-preview":"max-video-preview:-1"},"canonical":"https:\/\/www.oarcanjo.net\/site\/papa-pede-ao-g-20-para-que-busque-uma-solucao-pacifica-na-siria\/","og_locale":"pt_BR","og_type":"article","og_title":"Papa pede ao G-20 para que busque uma solu\u00e7\u00e3o pac\u00edfica na S\u00edria - O Arcanjo no ar","og_description":"\u201cSem paz n\u00e3o h\u00e1 nenhum tipo de desenvolvimento econ\u00f4mico\u201d, afirmou o papa Francisco em uma mensagem enviada ao presidente da Federa\u00e7\u00e3o Russa, Vladmiri Putin, que nestes dias, em S\u00e3o Petersburgo, preside a reuni\u00e3o do G-20, grupo de pa\u00edses das economias mais emergentes do mundo. O papa chamou a aten\u00e7\u00e3o para os conflitos armados. \u201cUm quadro [&hellip;]","og_url":"https:\/\/www.oarcanjo.net\/site\/papa-pede-ao-g-20-para-que-busque-uma-solucao-pacifica-na-siria\/","og_site_name":"O Arcanjo no ar","article_publisher":"https:\/\/www.facebook.com\/OArcanjoNoAr\/","article_published_time":"2013-09-05T16:45:56+00:00","og_image":[{"width":300,"height":300,"url":"https:\/\/www.oarcanjo.net\/site\/wp-content\/uploads\/logo-o-arcanjo-no-ar-facebook.png","type":"image\/png"}],"author":"editor","twitter_card":"summary_large_image","twitter_misc":{"Escrito por":"editor","Est. tempo de leitura":"2 minutos"},"schema":{"@context":"https:\/\/schema.org","@graph":[{"@type":"Article","@id":"https:\/\/www.oarcanjo.net\/site\/papa-pede-ao-g-20-para-que-busque-uma-solucao-pacifica-na-siria\/#article","isPartOf":{"@id":"https:\/\/www.oarcanjo.net\/site\/papa-pede-ao-g-20-para-que-busque-uma-solucao-pacifica-na-siria\/"},"author":{"name":"editor","@id":"https:\/\/www.oarcanjo.net\/site\/#\/schema\/person\/f7024d007863202483a31326673a0838"},"headline":"Papa pede ao G-20 para que busque uma solu\u00e7\u00e3o pac\u00edfica na S\u00edria","datePublished":"2013-09-05T16:45:56+00:00","dateModified":"2013-09-05T16:45:56+00:00","mainEntityOfPage":{"@id":"https:\/\/www.oarcanjo.net\/site\/papa-pede-ao-g-20-para-que-busque-uma-solucao-pacifica-na-siria\/"},"wordCount":323,"commentCount":0,"publisher":{"@id":"https:\/\/www.oarcanjo.net\/site\/#organization"},"keywords":["G-20","guerra","oriente m\u00e9dio","Papa Francisco","paz","S\u00edria"],"articleSection":["Not\u00edcias"],"inLanguage":"pt-BR","potentialAction":[{"@type":"CommentAction","name":"Comment","target":["https:\/\/www.oarcanjo.net\/site\/papa-pede-ao-g-20-para-que-busque-uma-solucao-pacifica-na-siria\/#respond"]}]},{"@type":"WebPage","@id":"https:\/\/www.oarcanjo.net\/site\/papa-pede-ao-g-20-para-que-busque-uma-solucao-pacifica-na-siria\/","url":"https:\/\/www.oarcanjo.net\/site\/papa-pede-ao-g-20-para-que-busque-uma-solucao-pacifica-na-siria\/","name":"Papa pede ao G-20 para que busque uma solu\u00e7\u00e3o pac\u00edfica na S\u00edria - O Arcanjo no ar","isPartOf":{"@id":"https:\/\/www.oarcanjo.net\/site\/#website"},"datePublished":"2013-09-05T16:45:56+00:00","dateModified":"2013-09-05T16:45:56+00:00","breadcrumb":{"@id":"https:\/\/www.oarcanjo.net\/site\/papa-pede-ao-g-20-para-que-busque-uma-solucao-pacifica-na-siria\/#breadcrumb"},"inLanguage":"pt-BR","potentialAction":[{"@type":"ReadAction","target":["https:\/\/www.oarcanjo.net\/site\/papa-pede-ao-g-20-para-que-busque-uma-solucao-pacifica-na-siria\/"]}]},{"@type":"BreadcrumbList","@id":"https:\/\/www.oarcanjo.net\/site\/papa-pede-ao-g-20-para-que-busque-uma-solucao-pacifica-na-siria\/#breadcrumb","itemListElement":[{"@type":"ListItem","position":1,"name":"In\u00edcio","item":"https:\/\/www.oarcanjo.net\/site\/"},{"@type":"ListItem","position":2,"name":"Papa pede ao G-20 para que busque uma solu\u00e7\u00e3o pac\u00edfica na S\u00edria"}]},{"@type":"WebSite","@id":"https:\/\/www.oarcanjo.net\/site\/#website","url":"https:\/\/www.oarcanjo.net\/site\/","name":"O Arcanjo no ar","description":"Site da Par\u00f3quia S\u00e3o Miguel Arcanjo (Arquidiocese de SP)","publisher":{"@id":"https:\/\/www.oarcanjo.net\/site\/#organization"},"potentialAction":[{"@type":"SearchAction","target":{"@type":"EntryPoint","urlTemplate":"https:\/\/www.oarcanjo.net\/site\/?s={search_term_string}"},"query-input":{"@type":"PropertyValueSpecification","valueRequired":true,"valueName":"search_term_string"}}],"inLanguage":"pt-BR"},{"@type":"Organization","@id":"https:\/\/www.oarcanjo.net\/site\/#organization","name":"Par\u00f3quia S\u00e3o Miguel Arcanjo","url":"https:\/\/www.oarcanjo.net\/site\/","logo":{"@type":"ImageObject","inLanguage":"pt-BR","@id":"https:\/\/www.oarcanjo.net\/site\/#\/schema\/logo\/image\/","url":"https:\/\/www.oarcanjo.net\/site\/wp-content\/uploads\/LogoOArcanjo.png","contentUrl":"https:\/\/www.oarcanjo.net\/site\/wp-content\/uploads\/LogoOArcanjo.png","width":319,"height":99,"caption":"Par\u00f3quia S\u00e3o Miguel Arcanjo"},"image":{"@id":"https:\/\/www.oarcanjo.net\/site\/#\/schema\/logo\/image\/"},"sameAs":["https:\/\/www.facebook.com\/OArcanjoNoAr\/"]},{"@type":"Person","@id":"https:\/\/www.oarcanjo.net\/site\/#\/schema\/person\/f7024d007863202483a31326673a0838","name":"editor","sameAs":["http:\/\/www.oarcanjo.net"]}]}},"publishpress_future_action":{"enabled":false,"date":"2026-05-09 07:23:56","action":"category","newStatus":"draft","terms":[],"taxonomy":"category"},"publishpress_future_workflow_manual_trigger":{"enabledWorkflows":[]},"_links":{"self":[{"href":"https:\/\/www.oarcanjo.net\/site\/wp-json\/wp\/v2\/posts\/22866"}],"collection":[{"href":"https:\/\/www.oarcanjo.net\/site\/wp-json\/wp\/v2\/posts"}],"about":[{"href":"https:\/\/www.oarcanjo.net\/site\/wp-json\/wp\/v2\/types\/post"}],"author":[{"embeddable":true,"href":"https:\/\/www.oarcanjo.net\/site\/wp-json\/wp\/v2\/users\/5"}],"replies":[{"embeddable":true,"href":"https:\/\/www.oarcanjo.net\/site\/wp-json\/wp\/v2\/comments?post=22866"}],"version-history":[{"count":0,"href":"https:\/\/www.oarcanjo.net\/site\/wp-json\/wp\/v2\/posts\/22866\/revisions"}],"wp:attachment":[{"href":"https:\/\/www.oarcanjo.net\/site\/wp-json\/wp\/v2\/media?parent=22866"}],"wp:term":[{"taxonomy":"category","embeddable":true,"href":"https:\/\/www.oarcanjo.net\/site\/wp-json\/wp\/v2\/categories?post=22866"},{"taxonomy":"post_tag","embeddable":true,"href":"https:\/\/www.oarcanjo.net\/site\/wp-json\/wp\/v2\/tags?post=22866"}],"curies":[{"name":"wp","href":"https:\/\/api.w.org\/{rel}","templated":true}]}}