
{"id":22868,"date":"2013-09-06T15:38:19","date_gmt":"2013-09-06T18:38:19","guid":{"rendered":"http:\/\/www.oarcanjo.net\/site\/?p=22868"},"modified":"2013-09-06T15:52:44","modified_gmt":"2013-09-06T18:52:44","slug":"assembleia-da-5-ssb-concluida-com-apresentacao-de-carta-compromisso","status":"publish","type":"post","link":"https:\/\/www.oarcanjo.net\/site\/assembleia-da-5-ssb-concluida-com-apresentacao-de-carta-compromisso\/","title":{"rendered":"Assembleia da 5\u00aa SSB conclu\u00edda com apresenta\u00e7\u00e3o de carta compromisso"},"content":{"rendered":"<p>Ap\u00f3s um processo iniciado em 2011, com a participa\u00e7\u00e3o das diversas comunidades de norte a sul do pa\u00eds, foi conclu\u00edda hoje, 5 de setembro, em Bras\u00edlia (DF) a Assembleia da 5\u00aa Semana Social Brasileira (SSB). O evento, iniciado na \u00faltima segunda-feira, reuniu cerca de 250 pessoas, delegados dos Regionais da CNBB, das pastorais e movimentos sociais. Ap\u00f3s o debate do tema \u201cEstado para qu\u00ea e para quem?\u201d, os participantes reafirmaram, em carta compromisso, o desejo de refunda\u00e7\u00e3o de um Estado, com as marcas da inclus\u00e3o e da igualdade social.<\/p>\n<p>\u201cEste foi um processo que contribui muito com a constru\u00e7\u00e3o do Estado que a na\u00e7\u00e3o brasileira espera. N\u00f3s entendemos a necessidade da exist\u00eancia do Estado, mas criticamos o que est\u00e1 a\u00ed. E entendemos que a participa\u00e7\u00e3o popular \u00e9 fundamental para a constru\u00e7\u00e3o desse Estado do Bem Viver\u201d, explica dom Guilherme Werlang, presidente da Comiss\u00e3o Episcopal Pastoral para o Servi\u00e7o da Caridade, da Justi\u00e7a e da Paz da CNBB.<\/p>\n<p>A Reforma Pol\u00edtica foi vista pelos participantes da SSB como fundamental para refor\u00e7ar a democracia direta, participativa e representativa. A carta compromisso, entretanto, n\u00e3o \u00e9 dirigida aos agentes do Estado, como explica o padre Nelito Dornelas, coordenador da Semana Social. \u201cN\u00f3s n\u00e3o estamos nos dirigindo nessa carta ao governo, mas a n\u00f3s mesmos. S\u00e3o os movimentos sociais, as comunidades de base, tomando consci\u00eancia de seu papel na constru\u00e7\u00e3o de um novo Estado\u201d.<\/p>\n<p><strong>Carta compromisso<\/strong><\/p>\n<p>O texto foi constru\u00eddo com as colabora\u00e7\u00f5es das oficinas realizadas durante a Assembleia, que partiu do resultado dos debates realizados nos semin\u00e1rios regionais. O consenso foi que o protagonismo dos movimentos sociais \u00e9 fundamental no processo de Reforma Pol\u00edtica. Os participantes tamb\u00e9m assumiram o apoio \u00e0 Campanha de defesa dos Territ\u00f3rios Pesqueiros.<\/p>\n<p>Para ler a \u00edntegra da carta,\u00a0<a title=\"Carta compromisso\" href=\"http:\/\/www.semanasocialbrasileira.org.br\/post\/2979\" target=\"_blank\">clique aqui<\/a>.<\/p>\n<p><em>Fonte: CNBB<\/em><\/p>\n<div id=\"themify_builder_content-22868\" data-postid=\"22868\" class=\"themify_builder_content themify_builder_content-22868 themify_builder themify_builder_front\">\n\t<\/div>\n<!-- \/themify_builder_content -->","protected":false},"excerpt":{"rendered":"<p>Ap\u00f3s um processo iniciado em 2011, com a participa\u00e7\u00e3o das diversas comunidades de norte a sul do pa\u00eds, foi conclu\u00edda hoje, 5 de setembro, em Bras\u00edlia (DF) a Assembleia da 5\u00aa Semana Social Brasileira (SSB). O evento, iniciado na \u00faltima segunda-feira, reuniu cerca de 250 pessoas, delegados dos Regionais da CNBB, das pastorais e movimentos [&hellip;]<\/p>\n","protected":false},"author":5,"featured_media":0,"comment_status":"open","ping_status":"open","sticky":false,"template":"","format":"standard","meta":{"ngg_post_thumbnail":0,"footnotes":""},"categories":[8],"tags":[2611,2612,63,1706,1045,877],"yoast_head":"<!-- This site is optimized with the Yoast SEO plugin v23.5 - https:\/\/yoast.com\/wordpress\/plugins\/seo\/ -->\n<title>Assembleia da 5\u00aa SSB conclu\u00edda com apresenta\u00e7\u00e3o de carta compromisso - O Arcanjo no ar<\/title>\n<meta name=\"robots\" content=\"index, follow, max-snippet:-1, max-image-preview:large, max-video-preview:-1\" \/>\n<link rel=\"canonical\" href=\"https:\/\/www.oarcanjo.net\/site\/assembleia-da-5-ssb-concluida-com-apresentacao-de-carta-compromisso\/\" \/>\n<meta property=\"og:locale\" content=\"pt_BR\" \/>\n<meta property=\"og:type\" content=\"article\" \/>\n<meta property=\"og:title\" content=\"Assembleia da 5\u00aa SSB conclu\u00edda com apresenta\u00e7\u00e3o de carta compromisso - O Arcanjo no ar\" \/>\n<meta property=\"og:description\" content=\"Ap\u00f3s um processo iniciado em 2011, com a participa\u00e7\u00e3o das diversas comunidades de norte a sul do pa\u00eds, foi conclu\u00edda hoje, 5 de setembro, em Bras\u00edlia (DF) a Assembleia da 5\u00aa Semana Social Brasileira (SSB). O evento, iniciado na \u00faltima segunda-feira, reuniu cerca de 250 pessoas, delegados dos Regionais da CNBB, das pastorais e movimentos [&hellip;]\" \/>\n<meta property=\"og:url\" content=\"https:\/\/www.oarcanjo.net\/site\/assembleia-da-5-ssb-concluida-com-apresentacao-de-carta-compromisso\/\" \/>\n<meta property=\"og:site_name\" content=\"O Arcanjo no ar\" \/>\n<meta property=\"article:publisher\" content=\"https:\/\/www.facebook.com\/OArcanjoNoAr\/\" \/>\n<meta property=\"article:published_time\" content=\"2013-09-06T18:38:19+00:00\" \/>\n<meta property=\"article:modified_time\" content=\"2013-09-06T18:52:44+00:00\" \/>\n<meta property=\"og:image\" content=\"https:\/\/www.oarcanjo.net\/site\/wp-content\/uploads\/logo-o-arcanjo-no-ar-facebook.png\" \/>\n\t<meta property=\"og:image:width\" content=\"300\" \/>\n\t<meta property=\"og:image:height\" content=\"300\" \/>\n\t<meta property=\"og:image:type\" content=\"image\/png\" \/>\n<meta name=\"author\" content=\"editor\" \/>\n<meta name=\"twitter:card\" content=\"summary_large_image\" \/>\n<meta name=\"twitter:label1\" content=\"Escrito por\" \/>\n\t<meta name=\"twitter:data1\" content=\"editor\" \/>\n\t<meta name=\"twitter:label2\" content=\"Est. tempo de leitura\" \/>\n\t<meta name=\"twitter:data2\" content=\"2 minutos\" \/>\n<script type=\"application\/ld+json\" class=\"yoast-schema-graph\">{\"@context\":\"https:\/\/schema.org\",\"@graph\":[{\"@type\":\"Article\",\"@id\":\"https:\/\/www.oarcanjo.net\/site\/assembleia-da-5-ssb-concluida-com-apresentacao-de-carta-compromisso\/#article\",\"isPartOf\":{\"@id\":\"https:\/\/www.oarcanjo.net\/site\/assembleia-da-5-ssb-concluida-com-apresentacao-de-carta-compromisso\/\"},\"author\":{\"name\":\"editor\",\"@id\":\"https:\/\/www.oarcanjo.net\/site\/#\/schema\/person\/f7024d007863202483a31326673a0838\"},\"headline\":\"Assembleia da 5\u00aa SSB conclu\u00edda com apresenta\u00e7\u00e3o de carta compromisso\",\"datePublished\":\"2013-09-06T18:38:19+00:00\",\"dateModified\":\"2013-09-06T18:52:44+00:00\",\"mainEntityOfPage\":{\"@id\":\"https:\/\/www.oarcanjo.net\/site\/assembleia-da-5-ssb-concluida-com-apresentacao-de-carta-compromisso\/\"},\"wordCount\":328,\"commentCount\":0,\"publisher\":{\"@id\":\"https:\/\/www.oarcanjo.net\/site\/#organization\"},\"keywords\":[\"5\u00aa Semana Social Brasileira (SSB)\",\"5\u00aa SSB\",\"CNBB\",\"igualdade social\",\"inclus\u00e3o\",\"reforma pol\u00edtica\"],\"articleSection\":[\"Not\u00edcias\"],\"inLanguage\":\"pt-BR\",\"potentialAction\":[{\"@type\":\"CommentAction\",\"name\":\"Comment\",\"target\":[\"https:\/\/www.oarcanjo.net\/site\/assembleia-da-5-ssb-concluida-com-apresentacao-de-carta-compromisso\/#respond\"]}]},{\"@type\":\"WebPage\",\"@id\":\"https:\/\/www.oarcanjo.net\/site\/assembleia-da-5-ssb-concluida-com-apresentacao-de-carta-compromisso\/\",\"url\":\"https:\/\/www.oarcanjo.net\/site\/assembleia-da-5-ssb-concluida-com-apresentacao-de-carta-compromisso\/\",\"name\":\"Assembleia da 5\u00aa SSB conclu\u00edda com apresenta\u00e7\u00e3o de carta compromisso - O Arcanjo no ar\",\"isPartOf\":{\"@id\":\"https:\/\/www.oarcanjo.net\/site\/#website\"},\"datePublished\":\"2013-09-06T18:38:19+00:00\",\"dateModified\":\"2013-09-06T18:52:44+00:00\",\"breadcrumb\":{\"@id\":\"https:\/\/www.oarcanjo.net\/site\/assembleia-da-5-ssb-concluida-com-apresentacao-de-carta-compromisso\/#breadcrumb\"},\"inLanguage\":\"pt-BR\",\"potentialAction\":[{\"@type\":\"ReadAction\",\"target\":[\"https:\/\/www.oarcanjo.net\/site\/assembleia-da-5-ssb-concluida-com-apresentacao-de-carta-compromisso\/\"]}]},{\"@type\":\"BreadcrumbList\",\"@id\":\"https:\/\/www.oarcanjo.net\/site\/assembleia-da-5-ssb-concluida-com-apresentacao-de-carta-compromisso\/#breadcrumb\",\"itemListElement\":[{\"@type\":\"ListItem\",\"position\":1,\"name\":\"In\u00edcio\",\"item\":\"https:\/\/www.oarcanjo.net\/site\/\"},{\"@type\":\"ListItem\",\"position\":2,\"name\":\"Assembleia da 5\u00aa SSB conclu\u00edda com apresenta\u00e7\u00e3o de carta compromisso\"}]},{\"@type\":\"WebSite\",\"@id\":\"https:\/\/www.oarcanjo.net\/site\/#website\",\"url\":\"https:\/\/www.oarcanjo.net\/site\/\",\"name\":\"O Arcanjo no ar\",\"description\":\"Site da Par\u00f3quia S\u00e3o Miguel Arcanjo (Arquidiocese de SP)\",\"publisher\":{\"@id\":\"https:\/\/www.oarcanjo.net\/site\/#organization\"},\"potentialAction\":[{\"@type\":\"SearchAction\",\"target\":{\"@type\":\"EntryPoint\",\"urlTemplate\":\"https:\/\/www.oarcanjo.net\/site\/?s={search_term_string}\"},\"query-input\":{\"@type\":\"PropertyValueSpecification\",\"valueRequired\":true,\"valueName\":\"search_term_string\"}}],\"inLanguage\":\"pt-BR\"},{\"@type\":\"Organization\",\"@id\":\"https:\/\/www.oarcanjo.net\/site\/#organization\",\"name\":\"Par\u00f3quia S\u00e3o Miguel Arcanjo\",\"url\":\"https:\/\/www.oarcanjo.net\/site\/\",\"logo\":{\"@type\":\"ImageObject\",\"inLanguage\":\"pt-BR\",\"@id\":\"https:\/\/www.oarcanjo.net\/site\/#\/schema\/logo\/image\/\",\"url\":\"https:\/\/www.oarcanjo.net\/site\/wp-content\/uploads\/LogoOArcanjo.png\",\"contentUrl\":\"https:\/\/www.oarcanjo.net\/site\/wp-content\/uploads\/LogoOArcanjo.png\",\"width\":319,\"height\":99,\"caption\":\"Par\u00f3quia S\u00e3o Miguel Arcanjo\"},\"image\":{\"@id\":\"https:\/\/www.oarcanjo.net\/site\/#\/schema\/logo\/image\/\"},\"sameAs\":[\"https:\/\/www.facebook.com\/OArcanjoNoAr\/\"]},{\"@type\":\"Person\",\"@id\":\"https:\/\/www.oarcanjo.net\/site\/#\/schema\/person\/f7024d007863202483a31326673a0838\",\"name\":\"editor\",\"sameAs\":[\"http:\/\/www.oarcanjo.net\"]}]}<\/script>\n<!-- \/ Yoast SEO plugin. -->","yoast_head_json":{"title":"Assembleia da 5\u00aa SSB conclu\u00edda com apresenta\u00e7\u00e3o de carta compromisso - O Arcanjo no ar","robots":{"index":"index","follow":"follow","max-snippet":"max-snippet:-1","max-image-preview":"max-image-preview:large","max-video-preview":"max-video-preview:-1"},"canonical":"https:\/\/www.oarcanjo.net\/site\/assembleia-da-5-ssb-concluida-com-apresentacao-de-carta-compromisso\/","og_locale":"pt_BR","og_type":"article","og_title":"Assembleia da 5\u00aa SSB conclu\u00edda com apresenta\u00e7\u00e3o de carta compromisso - O Arcanjo no ar","og_description":"Ap\u00f3s um processo iniciado em 2011, com a participa\u00e7\u00e3o das diversas comunidades de norte a sul do pa\u00eds, foi conclu\u00edda hoje, 5 de setembro, em Bras\u00edlia (DF) a Assembleia da 5\u00aa Semana Social Brasileira (SSB). O evento, iniciado na \u00faltima segunda-feira, reuniu cerca de 250 pessoas, delegados dos Regionais da CNBB, das pastorais e movimentos [&hellip;]","og_url":"https:\/\/www.oarcanjo.net\/site\/assembleia-da-5-ssb-concluida-com-apresentacao-de-carta-compromisso\/","og_site_name":"O Arcanjo no ar","article_publisher":"https:\/\/www.facebook.com\/OArcanjoNoAr\/","article_published_time":"2013-09-06T18:38:19+00:00","article_modified_time":"2013-09-06T18:52:44+00:00","og_image":[{"width":300,"height":300,"url":"https:\/\/www.oarcanjo.net\/site\/wp-content\/uploads\/logo-o-arcanjo-no-ar-facebook.png","type":"image\/png"}],"author":"editor","twitter_card":"summary_large_image","twitter_misc":{"Escrito por":"editor","Est. tempo de leitura":"2 minutos"},"schema":{"@context":"https:\/\/schema.org","@graph":[{"@type":"Article","@id":"https:\/\/www.oarcanjo.net\/site\/assembleia-da-5-ssb-concluida-com-apresentacao-de-carta-compromisso\/#article","isPartOf":{"@id":"https:\/\/www.oarcanjo.net\/site\/assembleia-da-5-ssb-concluida-com-apresentacao-de-carta-compromisso\/"},"author":{"name":"editor","@id":"https:\/\/www.oarcanjo.net\/site\/#\/schema\/person\/f7024d007863202483a31326673a0838"},"headline":"Assembleia da 5\u00aa SSB conclu\u00edda com apresenta\u00e7\u00e3o de carta compromisso","datePublished":"2013-09-06T18:38:19+00:00","dateModified":"2013-09-06T18:52:44+00:00","mainEntityOfPage":{"@id":"https:\/\/www.oarcanjo.net\/site\/assembleia-da-5-ssb-concluida-com-apresentacao-de-carta-compromisso\/"},"wordCount":328,"commentCount":0,"publisher":{"@id":"https:\/\/www.oarcanjo.net\/site\/#organization"},"keywords":["5\u00aa Semana Social Brasileira (SSB)","5\u00aa SSB","CNBB","igualdade social","inclus\u00e3o","reforma pol\u00edtica"],"articleSection":["Not\u00edcias"],"inLanguage":"pt-BR","potentialAction":[{"@type":"CommentAction","name":"Comment","target":["https:\/\/www.oarcanjo.net\/site\/assembleia-da-5-ssb-concluida-com-apresentacao-de-carta-compromisso\/#respond"]}]},{"@type":"WebPage","@id":"https:\/\/www.oarcanjo.net\/site\/assembleia-da-5-ssb-concluida-com-apresentacao-de-carta-compromisso\/","url":"https:\/\/www.oarcanjo.net\/site\/assembleia-da-5-ssb-concluida-com-apresentacao-de-carta-compromisso\/","name":"Assembleia da 5\u00aa SSB conclu\u00edda com apresenta\u00e7\u00e3o de carta compromisso - O Arcanjo no ar","isPartOf":{"@id":"https:\/\/www.oarcanjo.net\/site\/#website"},"datePublished":"2013-09-06T18:38:19+00:00","dateModified":"2013-09-06T18:52:44+00:00","breadcrumb":{"@id":"https:\/\/www.oarcanjo.net\/site\/assembleia-da-5-ssb-concluida-com-apresentacao-de-carta-compromisso\/#breadcrumb"},"inLanguage":"pt-BR","potentialAction":[{"@type":"ReadAction","target":["https:\/\/www.oarcanjo.net\/site\/assembleia-da-5-ssb-concluida-com-apresentacao-de-carta-compromisso\/"]}]},{"@type":"BreadcrumbList","@id":"https:\/\/www.oarcanjo.net\/site\/assembleia-da-5-ssb-concluida-com-apresentacao-de-carta-compromisso\/#breadcrumb","itemListElement":[{"@type":"ListItem","position":1,"name":"In\u00edcio","item":"https:\/\/www.oarcanjo.net\/site\/"},{"@type":"ListItem","position":2,"name":"Assembleia da 5\u00aa SSB conclu\u00edda com apresenta\u00e7\u00e3o de carta compromisso"}]},{"@type":"WebSite","@id":"https:\/\/www.oarcanjo.net\/site\/#website","url":"https:\/\/www.oarcanjo.net\/site\/","name":"O Arcanjo no ar","description":"Site da Par\u00f3quia S\u00e3o Miguel Arcanjo (Arquidiocese de SP)","publisher":{"@id":"https:\/\/www.oarcanjo.net\/site\/#organization"},"potentialAction":[{"@type":"SearchAction","target":{"@type":"EntryPoint","urlTemplate":"https:\/\/www.oarcanjo.net\/site\/?s={search_term_string}"},"query-input":{"@type":"PropertyValueSpecification","valueRequired":true,"valueName":"search_term_string"}}],"inLanguage":"pt-BR"},{"@type":"Organization","@id":"https:\/\/www.oarcanjo.net\/site\/#organization","name":"Par\u00f3quia S\u00e3o Miguel Arcanjo","url":"https:\/\/www.oarcanjo.net\/site\/","logo":{"@type":"ImageObject","inLanguage":"pt-BR","@id":"https:\/\/www.oarcanjo.net\/site\/#\/schema\/logo\/image\/","url":"https:\/\/www.oarcanjo.net\/site\/wp-content\/uploads\/LogoOArcanjo.png","contentUrl":"https:\/\/www.oarcanjo.net\/site\/wp-content\/uploads\/LogoOArcanjo.png","width":319,"height":99,"caption":"Par\u00f3quia S\u00e3o Miguel Arcanjo"},"image":{"@id":"https:\/\/www.oarcanjo.net\/site\/#\/schema\/logo\/image\/"},"sameAs":["https:\/\/www.facebook.com\/OArcanjoNoAr\/"]},{"@type":"Person","@id":"https:\/\/www.oarcanjo.net\/site\/#\/schema\/person\/f7024d007863202483a31326673a0838","name":"editor","sameAs":["http:\/\/www.oarcanjo.net"]}]}},"publishpress_future_action":{"enabled":false,"date":"2026-05-09 10:15:49","action":"category","newStatus":"draft","terms":[],"taxonomy":"category"},"publishpress_future_workflow_manual_trigger":{"enabledWorkflows":[]},"_links":{"self":[{"href":"https:\/\/www.oarcanjo.net\/site\/wp-json\/wp\/v2\/posts\/22868"}],"collection":[{"href":"https:\/\/www.oarcanjo.net\/site\/wp-json\/wp\/v2\/posts"}],"about":[{"href":"https:\/\/www.oarcanjo.net\/site\/wp-json\/wp\/v2\/types\/post"}],"author":[{"embeddable":true,"href":"https:\/\/www.oarcanjo.net\/site\/wp-json\/wp\/v2\/users\/5"}],"replies":[{"embeddable":true,"href":"https:\/\/www.oarcanjo.net\/site\/wp-json\/wp\/v2\/comments?post=22868"}],"version-history":[{"count":0,"href":"https:\/\/www.oarcanjo.net\/site\/wp-json\/wp\/v2\/posts\/22868\/revisions"}],"wp:attachment":[{"href":"https:\/\/www.oarcanjo.net\/site\/wp-json\/wp\/v2\/media?parent=22868"}],"wp:term":[{"taxonomy":"category","embeddable":true,"href":"https:\/\/www.oarcanjo.net\/site\/wp-json\/wp\/v2\/categories?post=22868"},{"taxonomy":"post_tag","embeddable":true,"href":"https:\/\/www.oarcanjo.net\/site\/wp-json\/wp\/v2\/tags?post=22868"}],"curies":[{"name":"wp","href":"https:\/\/api.w.org\/{rel}","templated":true}]}}