
{"id":22876,"date":"2013-09-08T21:29:17","date_gmt":"2013-09-09T00:29:17","guid":{"rendered":"http:\/\/www.oarcanjo.net\/site\/?p=22876"},"modified":"2013-09-08T21:29:17","modified_gmt":"2013-09-09T00:29:17","slug":"gato-e-rato","status":"publish","type":"post","link":"https:\/\/www.oarcanjo.net\/site\/gato-e-rato\/","title":{"rendered":"Gato e rato"},"content":{"rendered":"<p>Maria Clara Bingemer<\/p>\n<p>Parece uma cruel brincadeira de gato e rato as grandes pot\u00eancias fazendo declara\u00e7\u00f5es e vota\u00e7\u00f5es sobre a invas\u00e3o ou n\u00e3o da S\u00edria.  Ou melhor, pareceria, porque n\u00e3o \u00e9 brincadeira e sim trag\u00e9dia.<\/p>\n<p>Mais uma vez, um povo indefeso, que j\u00e1 est\u00e1 sofrendo cruelmente com os desvarios da viol\u00eancia do conflito interno,  encontra-se sob a amea\u00e7a de pot\u00eancias estrangeiras que dizem querer a paz, mas v\u00e3o exatamente refor\u00e7ar a guerra.<\/p>\n<p>O presidente Obama, que prometeu em sua campanha de reelei\u00e7\u00e3o recuar das guerras e construir a paz, quer a interven\u00e7\u00e3o.  Os presidentes da Fran\u00e7a e da R\u00fassia tamb\u00e9m querem, mas dizem que n\u00e3o agir\u00e3o sozinhos ou seguir\u00e3o o que a ONU aconselhar ap\u00f3s a inspe\u00e7\u00e3o do ataque que matou v\u00e1rias centenas de pessoas e suspeita-se haver sido realizado com armas qu\u00edmicas.<\/p>\n<p>\u00c9, sim, indiscut\u00edvel que houve um massacre.  Mas n\u00e3o se sabe quem foram os respons\u00e1veis. Justamente por isso a ONU enviou inspetores \u00e0 regi\u00e3o. Parece, no entanto, que independentemente da posi\u00e7\u00e3o da ONU, os l\u00edderes seguir\u00e3o suas pr\u00f3prias cabe\u00e7as e suas fomes e sedes de dom\u00ednio e poder. Embora o presidente russo declare enfaticamente ser inadmiss\u00edvel atacar a S\u00edria sem ouvir a ONU.<\/p>\n<p>Enquanto isso, n\u00f3s, espectadores da m\u00eddia, homens e mulheres de consci\u00eancia e boa vontade, e amantes e construtores da paz, fazemos contagem regressiva, esperando a qualquer momento ouvir a not\u00edcia fat\u00eddica de que o ataque se fez realidade.  E enquanto aguardamos, vemos na televis\u00e3o e na internet as tristes imagens das m\u00e3es e pais que abra\u00e7am desesperados seus filhos mortos e com os corpos sem nenhum sinal de viol\u00eancia, as esposas que choram seus maridos, os filhos que se desesperam ao ver os cad\u00e1veres dos pais.<\/p>\n<p>\u00c9 incr\u00edvel como demoramos a aprender que n\u00e3o se combate a viol\u00eancia com mais viol\u00eancia.  N\u00e3o se minimiza um ataque com outro ataque.  Que desfechar ataques de armas brancas, de fogo, ou qu\u00edmicas s\u00f3 semeia horror e dor, e n\u00e3o resolve os conflitos pol\u00edticos que se deseja ver solucionados.<\/p>\n<p>O Pe. Paolo dall\u2019Oglio permanece desaparecido. Talvez esteja em algum ponto do norte do pa\u00eds.  Assim como ele, outros que foram capturados por grupos mais radicais.  Paolo e outros desejam realmente a paz para a S\u00edria e arriscam suas vidas e integridade f\u00edsica para mediar o conflito, tentando ver como ajudar a p\u00f4r um ponto final.<\/p>\n<p>No Vaticano, o Papa Francisco faz um apelo dram\u00e1tico. Durante a ora\u00e7\u00e3o do Angelus do dia 3 de setembro, convocou um dia de jejum e ora\u00e7\u00e3o, no pr\u00f3ximo s\u00e1bado, dia 7, em todo o mundo, pela paz na S\u00edria e no Oriente M\u00e9dio.<\/p>\n<p>\u201cQue o grito da paz se eleve com for\u00e7a para um mundo de paz. N\u00e3o \u00e0 guerra\u201d, declarou o bispo de Roma, em um apelo lan\u00e7ado a milhares de pessoas reunidas na pra\u00e7a de S\u00e3o Pedro, em Roma.\u201cEu condeno veementemente o uso de armas qu\u00edmicas. Ainda tenho gravado em minha mente as imagens terr\u00edveis dos \u00faltimos dias\u201d, acrescentou o Papa antes de continuar seu discurso contra a guerra. \u201cH\u00e1 um julgamento de Deus e um julgamento da hist\u00f3ria sobre nossas a\u00e7\u00f5es, dos quais n\u00f3s n\u00e3o podemos escapar.\u201d<\/p>\n<p>E acrescentou: \u201cN\u00e3o \u00e9 o uso de viol\u00eancia que trar\u00e1 a paz. A guerra atrai a guerra. Viol\u00eancia gera viol\u00eancia\u201d, ressaltou o fiel disc\u00edpulo de Jesus de Nazar\u00e9, o qual no Serm\u00e3o da Montanha ensinou que os construtores da paz s\u00e3o felizes, bem-aventurados, e ser\u00e3o chamados \u201cfilhos de Deus\u201d.<\/p>\n<p>Francisco convocou todos os crist\u00e3os e tamb\u00e9m pessoas de outras religi\u00f5es, inclusive n\u00e3o crentes, a participarem do ato. Bem consciente est\u00e1 o Papa do quanto \u00e9 diab\u00f3lica a viol\u00eancia que, em uma espiral infernal, gera sempre mais viol\u00eancia e nada paralisa seu poder de morte e horror.<\/p>\n<p>O Papa lan\u00e7ou seu apelo com as armas de que disp\u00f5e: a ora\u00e7\u00e3o e o jejum.  Pois j\u00e1 dizia o mesmo Mestre Jesus de Nazar\u00e9 que h\u00e1 certos dem\u00f4nios que somente s\u00e3o combatidos e expulsos com essas armas: a ora\u00e7\u00e3o e o jejum.  A viol\u00eancia irrespons\u00e1vel que acredita erradicar a viol\u00eancia do outro com a pr\u00f3pria faz parte desta lista.  E o Papa Francisco sabe disso.<\/p>\n<div id=\"themify_builder_content-22876\" data-postid=\"22876\" class=\"themify_builder_content themify_builder_content-22876 themify_builder themify_builder_front\">\n\t<\/div>\n<!-- \/themify_builder_content -->","protected":false},"excerpt":{"rendered":"<p>Maria Clara Bingemer Parece uma cruel brincadeira de gato e rato as grandes pot\u00eancias fazendo declara\u00e7\u00f5es e vota\u00e7\u00f5es sobre a invas\u00e3o ou n\u00e3o da S\u00edria. Ou melhor, pareceria, porque n\u00e3o \u00e9 brincadeira e sim trag\u00e9dia. Mais uma vez, um povo indefeso, que j\u00e1 est\u00e1 sofrendo cruelmente com os desvarios da viol\u00eancia do conflito interno, encontra-se [&hellip;]<\/p>\n","protected":false},"author":5,"featured_media":0,"comment_status":"open","ping_status":"open","sticky":false,"template":"","format":"standard","meta":{"ngg_post_thumbnail":0,"footnotes":""},"categories":[9],"tags":[2613,177,370,178,2433,167,2604,20],"yoast_head":"<!-- This site is optimized with the Yoast SEO plugin v23.5 - https:\/\/yoast.com\/wordpress\/plugins\/seo\/ -->\n<title>Gato e rato - O Arcanjo no ar<\/title>\n<meta name=\"robots\" content=\"index, follow, max-snippet:-1, max-image-preview:large, max-video-preview:-1\" \/>\n<link rel=\"canonical\" href=\"https:\/\/www.oarcanjo.net\/site\/gato-e-rato\/\" \/>\n<meta property=\"og:locale\" content=\"pt_BR\" \/>\n<meta property=\"og:type\" content=\"article\" \/>\n<meta property=\"og:title\" content=\"Gato e rato - O Arcanjo no ar\" \/>\n<meta property=\"og:description\" content=\"Maria Clara Bingemer Parece uma cruel brincadeira de gato e rato as grandes pot\u00eancias fazendo declara\u00e7\u00f5es e vota\u00e7\u00f5es sobre a invas\u00e3o ou n\u00e3o da S\u00edria. Ou melhor, pareceria, porque n\u00e3o \u00e9 brincadeira e sim trag\u00e9dia. Mais uma vez, um povo indefeso, que j\u00e1 est\u00e1 sofrendo cruelmente com os desvarios da viol\u00eancia do conflito interno, encontra-se [&hellip;]\" \/>\n<meta property=\"og:url\" content=\"https:\/\/www.oarcanjo.net\/site\/gato-e-rato\/\" \/>\n<meta property=\"og:site_name\" content=\"O Arcanjo no ar\" \/>\n<meta property=\"article:publisher\" content=\"https:\/\/www.facebook.com\/OArcanjoNoAr\/\" \/>\n<meta property=\"article:published_time\" content=\"2013-09-09T00:29:17+00:00\" \/>\n<meta property=\"og:image\" content=\"https:\/\/www.oarcanjo.net\/site\/wp-content\/uploads\/logo-o-arcanjo-no-ar-facebook.png\" \/>\n\t<meta property=\"og:image:width\" content=\"300\" \/>\n\t<meta property=\"og:image:height\" content=\"300\" \/>\n\t<meta property=\"og:image:type\" content=\"image\/png\" \/>\n<meta name=\"author\" content=\"editor\" \/>\n<meta name=\"twitter:card\" content=\"summary_large_image\" \/>\n<meta name=\"twitter:label1\" content=\"Escrito por\" \/>\n\t<meta name=\"twitter:data1\" content=\"editor\" \/>\n\t<meta name=\"twitter:label2\" content=\"Est. tempo de leitura\" \/>\n\t<meta name=\"twitter:data2\" content=\"4 minutos\" \/>\n<script type=\"application\/ld+json\" class=\"yoast-schema-graph\">{\"@context\":\"https:\/\/schema.org\",\"@graph\":[{\"@type\":\"Article\",\"@id\":\"https:\/\/www.oarcanjo.net\/site\/gato-e-rato\/#article\",\"isPartOf\":{\"@id\":\"https:\/\/www.oarcanjo.net\/site\/gato-e-rato\/\"},\"author\":{\"name\":\"editor\",\"@id\":\"https:\/\/www.oarcanjo.net\/site\/#\/schema\/person\/f7024d007863202483a31326673a0838\"},\"headline\":\"Gato e rato\",\"datePublished\":\"2013-09-09T00:29:17+00:00\",\"dateModified\":\"2013-09-09T00:29:17+00:00\",\"mainEntityOfPage\":{\"@id\":\"https:\/\/www.oarcanjo.net\/site\/gato-e-rato\/\"},\"wordCount\":777,\"commentCount\":0,\"publisher\":{\"@id\":\"https:\/\/www.oarcanjo.net\/site\/#organization\"},\"keywords\":[\"armas qu\u00edmicas\",\"guerra\",\"Obama\",\"oriente m\u00e9dio\",\"Papa Francisco\",\"paz\",\"S\u00edria\",\"viol\u00eancia\"],\"articleSection\":[\"Reflex\u00f5es\"],\"inLanguage\":\"pt-BR\",\"potentialAction\":[{\"@type\":\"CommentAction\",\"name\":\"Comment\",\"target\":[\"https:\/\/www.oarcanjo.net\/site\/gato-e-rato\/#respond\"]}]},{\"@type\":\"WebPage\",\"@id\":\"https:\/\/www.oarcanjo.net\/site\/gato-e-rato\/\",\"url\":\"https:\/\/www.oarcanjo.net\/site\/gato-e-rato\/\",\"name\":\"Gato e rato - O Arcanjo no ar\",\"isPartOf\":{\"@id\":\"https:\/\/www.oarcanjo.net\/site\/#website\"},\"datePublished\":\"2013-09-09T00:29:17+00:00\",\"dateModified\":\"2013-09-09T00:29:17+00:00\",\"breadcrumb\":{\"@id\":\"https:\/\/www.oarcanjo.net\/site\/gato-e-rato\/#breadcrumb\"},\"inLanguage\":\"pt-BR\",\"potentialAction\":[{\"@type\":\"ReadAction\",\"target\":[\"https:\/\/www.oarcanjo.net\/site\/gato-e-rato\/\"]}]},{\"@type\":\"BreadcrumbList\",\"@id\":\"https:\/\/www.oarcanjo.net\/site\/gato-e-rato\/#breadcrumb\",\"itemListElement\":[{\"@type\":\"ListItem\",\"position\":1,\"name\":\"In\u00edcio\",\"item\":\"https:\/\/www.oarcanjo.net\/site\/\"},{\"@type\":\"ListItem\",\"position\":2,\"name\":\"Gato e rato\"}]},{\"@type\":\"WebSite\",\"@id\":\"https:\/\/www.oarcanjo.net\/site\/#website\",\"url\":\"https:\/\/www.oarcanjo.net\/site\/\",\"name\":\"O Arcanjo no ar\",\"description\":\"Site da Par\u00f3quia S\u00e3o Miguel Arcanjo (Arquidiocese de SP)\",\"publisher\":{\"@id\":\"https:\/\/www.oarcanjo.net\/site\/#organization\"},\"potentialAction\":[{\"@type\":\"SearchAction\",\"target\":{\"@type\":\"EntryPoint\",\"urlTemplate\":\"https:\/\/www.oarcanjo.net\/site\/?s={search_term_string}\"},\"query-input\":{\"@type\":\"PropertyValueSpecification\",\"valueRequired\":true,\"valueName\":\"search_term_string\"}}],\"inLanguage\":\"pt-BR\"},{\"@type\":\"Organization\",\"@id\":\"https:\/\/www.oarcanjo.net\/site\/#organization\",\"name\":\"Par\u00f3quia S\u00e3o Miguel Arcanjo\",\"url\":\"https:\/\/www.oarcanjo.net\/site\/\",\"logo\":{\"@type\":\"ImageObject\",\"inLanguage\":\"pt-BR\",\"@id\":\"https:\/\/www.oarcanjo.net\/site\/#\/schema\/logo\/image\/\",\"url\":\"https:\/\/www.oarcanjo.net\/site\/wp-content\/uploads\/LogoOArcanjo.png\",\"contentUrl\":\"https:\/\/www.oarcanjo.net\/site\/wp-content\/uploads\/LogoOArcanjo.png\",\"width\":319,\"height\":99,\"caption\":\"Par\u00f3quia S\u00e3o Miguel Arcanjo\"},\"image\":{\"@id\":\"https:\/\/www.oarcanjo.net\/site\/#\/schema\/logo\/image\/\"},\"sameAs\":[\"https:\/\/www.facebook.com\/OArcanjoNoAr\/\"]},{\"@type\":\"Person\",\"@id\":\"https:\/\/www.oarcanjo.net\/site\/#\/schema\/person\/f7024d007863202483a31326673a0838\",\"name\":\"editor\",\"sameAs\":[\"http:\/\/www.oarcanjo.net\"]}]}<\/script>\n<!-- \/ Yoast SEO plugin. -->","yoast_head_json":{"title":"Gato e rato - O Arcanjo no ar","robots":{"index":"index","follow":"follow","max-snippet":"max-snippet:-1","max-image-preview":"max-image-preview:large","max-video-preview":"max-video-preview:-1"},"canonical":"https:\/\/www.oarcanjo.net\/site\/gato-e-rato\/","og_locale":"pt_BR","og_type":"article","og_title":"Gato e rato - O Arcanjo no ar","og_description":"Maria Clara Bingemer Parece uma cruel brincadeira de gato e rato as grandes pot\u00eancias fazendo declara\u00e7\u00f5es e vota\u00e7\u00f5es sobre a invas\u00e3o ou n\u00e3o da S\u00edria. Ou melhor, pareceria, porque n\u00e3o \u00e9 brincadeira e sim trag\u00e9dia. Mais uma vez, um povo indefeso, que j\u00e1 est\u00e1 sofrendo cruelmente com os desvarios da viol\u00eancia do conflito interno, encontra-se [&hellip;]","og_url":"https:\/\/www.oarcanjo.net\/site\/gato-e-rato\/","og_site_name":"O Arcanjo no ar","article_publisher":"https:\/\/www.facebook.com\/OArcanjoNoAr\/","article_published_time":"2013-09-09T00:29:17+00:00","og_image":[{"width":300,"height":300,"url":"https:\/\/www.oarcanjo.net\/site\/wp-content\/uploads\/logo-o-arcanjo-no-ar-facebook.png","type":"image\/png"}],"author":"editor","twitter_card":"summary_large_image","twitter_misc":{"Escrito por":"editor","Est. tempo de leitura":"4 minutos"},"schema":{"@context":"https:\/\/schema.org","@graph":[{"@type":"Article","@id":"https:\/\/www.oarcanjo.net\/site\/gato-e-rato\/#article","isPartOf":{"@id":"https:\/\/www.oarcanjo.net\/site\/gato-e-rato\/"},"author":{"name":"editor","@id":"https:\/\/www.oarcanjo.net\/site\/#\/schema\/person\/f7024d007863202483a31326673a0838"},"headline":"Gato e rato","datePublished":"2013-09-09T00:29:17+00:00","dateModified":"2013-09-09T00:29:17+00:00","mainEntityOfPage":{"@id":"https:\/\/www.oarcanjo.net\/site\/gato-e-rato\/"},"wordCount":777,"commentCount":0,"publisher":{"@id":"https:\/\/www.oarcanjo.net\/site\/#organization"},"keywords":["armas qu\u00edmicas","guerra","Obama","oriente m\u00e9dio","Papa Francisco","paz","S\u00edria","viol\u00eancia"],"articleSection":["Reflex\u00f5es"],"inLanguage":"pt-BR","potentialAction":[{"@type":"CommentAction","name":"Comment","target":["https:\/\/www.oarcanjo.net\/site\/gato-e-rato\/#respond"]}]},{"@type":"WebPage","@id":"https:\/\/www.oarcanjo.net\/site\/gato-e-rato\/","url":"https:\/\/www.oarcanjo.net\/site\/gato-e-rato\/","name":"Gato e rato - O Arcanjo no ar","isPartOf":{"@id":"https:\/\/www.oarcanjo.net\/site\/#website"},"datePublished":"2013-09-09T00:29:17+00:00","dateModified":"2013-09-09T00:29:17+00:00","breadcrumb":{"@id":"https:\/\/www.oarcanjo.net\/site\/gato-e-rato\/#breadcrumb"},"inLanguage":"pt-BR","potentialAction":[{"@type":"ReadAction","target":["https:\/\/www.oarcanjo.net\/site\/gato-e-rato\/"]}]},{"@type":"BreadcrumbList","@id":"https:\/\/www.oarcanjo.net\/site\/gato-e-rato\/#breadcrumb","itemListElement":[{"@type":"ListItem","position":1,"name":"In\u00edcio","item":"https:\/\/www.oarcanjo.net\/site\/"},{"@type":"ListItem","position":2,"name":"Gato e rato"}]},{"@type":"WebSite","@id":"https:\/\/www.oarcanjo.net\/site\/#website","url":"https:\/\/www.oarcanjo.net\/site\/","name":"O Arcanjo no ar","description":"Site da Par\u00f3quia S\u00e3o Miguel Arcanjo (Arquidiocese de SP)","publisher":{"@id":"https:\/\/www.oarcanjo.net\/site\/#organization"},"potentialAction":[{"@type":"SearchAction","target":{"@type":"EntryPoint","urlTemplate":"https:\/\/www.oarcanjo.net\/site\/?s={search_term_string}"},"query-input":{"@type":"PropertyValueSpecification","valueRequired":true,"valueName":"search_term_string"}}],"inLanguage":"pt-BR"},{"@type":"Organization","@id":"https:\/\/www.oarcanjo.net\/site\/#organization","name":"Par\u00f3quia S\u00e3o Miguel Arcanjo","url":"https:\/\/www.oarcanjo.net\/site\/","logo":{"@type":"ImageObject","inLanguage":"pt-BR","@id":"https:\/\/www.oarcanjo.net\/site\/#\/schema\/logo\/image\/","url":"https:\/\/www.oarcanjo.net\/site\/wp-content\/uploads\/LogoOArcanjo.png","contentUrl":"https:\/\/www.oarcanjo.net\/site\/wp-content\/uploads\/LogoOArcanjo.png","width":319,"height":99,"caption":"Par\u00f3quia S\u00e3o Miguel Arcanjo"},"image":{"@id":"https:\/\/www.oarcanjo.net\/site\/#\/schema\/logo\/image\/"},"sameAs":["https:\/\/www.facebook.com\/OArcanjoNoAr\/"]},{"@type":"Person","@id":"https:\/\/www.oarcanjo.net\/site\/#\/schema\/person\/f7024d007863202483a31326673a0838","name":"editor","sameAs":["http:\/\/www.oarcanjo.net"]}]}},"publishpress_future_action":{"enabled":false,"date":"2026-05-09 03:09:58","action":"category","newStatus":"draft","terms":[],"taxonomy":"category"},"publishpress_future_workflow_manual_trigger":{"enabledWorkflows":[]},"_links":{"self":[{"href":"https:\/\/www.oarcanjo.net\/site\/wp-json\/wp\/v2\/posts\/22876"}],"collection":[{"href":"https:\/\/www.oarcanjo.net\/site\/wp-json\/wp\/v2\/posts"}],"about":[{"href":"https:\/\/www.oarcanjo.net\/site\/wp-json\/wp\/v2\/types\/post"}],"author":[{"embeddable":true,"href":"https:\/\/www.oarcanjo.net\/site\/wp-json\/wp\/v2\/users\/5"}],"replies":[{"embeddable":true,"href":"https:\/\/www.oarcanjo.net\/site\/wp-json\/wp\/v2\/comments?post=22876"}],"version-history":[{"count":0,"href":"https:\/\/www.oarcanjo.net\/site\/wp-json\/wp\/v2\/posts\/22876\/revisions"}],"wp:attachment":[{"href":"https:\/\/www.oarcanjo.net\/site\/wp-json\/wp\/v2\/media?parent=22876"}],"wp:term":[{"taxonomy":"category","embeddable":true,"href":"https:\/\/www.oarcanjo.net\/site\/wp-json\/wp\/v2\/categories?post=22876"},{"taxonomy":"post_tag","embeddable":true,"href":"https:\/\/www.oarcanjo.net\/site\/wp-json\/wp\/v2\/tags?post=22876"}],"curies":[{"name":"wp","href":"https:\/\/api.w.org\/{rel}","templated":true}]}}