
{"id":22892,"date":"2013-09-11T08:30:45","date_gmt":"2013-09-11T11:30:45","guid":{"rendered":"http:\/\/www.oarcanjo.net\/site\/?p=22892"},"modified":"2013-09-09T18:54:45","modified_gmt":"2013-09-09T21:54:45","slug":"crescer-na-fe-meditando-a-palavra-de-deus-ii","status":"publish","type":"post","link":"https:\/\/www.oarcanjo.net\/site\/crescer-na-fe-meditando-a-palavra-de-deus-ii\/","title":{"rendered":"Crescer na F\u00e9, meditando a Palavra de Deus (II)"},"content":{"rendered":"<p>A pessoa que deseja seguir Jesus Cristo precisa ouvir a Palavra de Deus e pratic\u00e1-la (cf. Lc 8,21). E disso n\u00e3o temos d\u00favidas. E os santos e as santas s\u00e3o testemunhas para todos n\u00f3s de que este \u00e9 o caminho a assumir, pois eles \u201cse deixaram plasmar pela Palavra de Deus, atrav\u00e9s da sua escuta, leitura e medita\u00e7\u00e3o ass\u00eddua\u201d (<em>Verbum Domini<\/em>, 48). Mas para que isso aconte\u00e7a \u00e9 preciso passar de um saber intelectual \u2013 \u201c\u00e9 importante ler a B\u00edblia\u201d \u2013 para um empenho existencial: organizar o tempo para dedicar-se a cada dia \u00e0 leitura e medita\u00e7\u00e3o da Palavra de Deus: \u201cdebrucem-se, pois, gostosamente sobre o texto sagrado, quer atrav\u00e9s da sagrada Liturgia, [&#8230;] quer pela <em>leitura espiritual<\/em>, quer por outros meios que se v\u00e3o espalhando t\u00e3o louvavelmente por toda a parte, com a aprova\u00e7\u00e3o e est\u00edmulo dos pastores da Igreja. Lembrem-se, por\u00e9m, que a leitura da Sagrada Escritura deve ser acompanhada de ora\u00e7\u00e3o\u201d (<em>Dei Verbum<\/em>, 25).<\/p>\n<p>Talvez voc\u00ea ainda encontre outra dificuldade: \u201cEu n\u00e3o entendo o que leio\u201d, como o eunuco respondeu a Filipe (cf. At 8,30). Bem, quero lhe propor, ent\u00e3o, o caminho que muitos escolheram seguir na Igreja, o caminho da leitura orante, a <em>lectio divina<\/em>. Para isso, acolhamos o ensinamento do Papa Bento XVI sobre os \u201cpassos fundamentais\u201d dessa leitura. \u201cCome\u00e7a com a <em><strong>leitura <\/strong><\/em>do texto, que suscita a interroga\u00e7\u00e3o sobre um aut\u00eantico conhecimento do seu conte\u00fado: <em>o que diz o texto b\u00edblico em si? <\/em>[&#8230;] Segue-se depois a medita\u00e7\u00e3o, durante a qual nos perguntamos: que nos diz o texto b\u00edblico? [pois \u00e9 uma palavra atual, pronunciada no nosso presente] [&#8230;]. Sucessivamente chega-se ao momento da <em><strong>ora\u00e7\u00e3o<\/strong><\/em>, que sup\u00f5e a pergunta: <em>que dizemos ao Senhor, em resposta \u00e0 sua Palavra?<\/em> A ora\u00e7\u00e3o enquanto pedido, intercess\u00e3o, a\u00e7\u00e3o de gra\u00e7as e louvor \u00e9 o primeiro modo como a Palavra nos transforma. [&#8230;] conclui-se com a <em><strong>contempla\u00e7\u00e3o<\/strong><\/em>, durante a qual assumimos como dom de Deus o seu pr\u00f3prio olhar, ao julgar a realidade, e interrogamo-nos: <em>qual \u00e9 a convers\u00e3o da mente, do cora\u00e7\u00e3o e da vida que o Senhor nos pede?<\/em> [&#8230;] \u00abN\u00e3o vos conformeis com este mundo, mas transformai-vos, renovando a vossa mente, a fim de poderdes discernir a vontade de Deus: o que \u00e9 bom, agrad\u00e1vel e perfeito\u00bb (Rm 12, 2). [&#8230;] H\u00e1 que recordar ainda que a <em>lectio divina <\/em>n\u00e3o est\u00e1 conclu\u00edda, na sua din\u00e2mica, enquanto n\u00e3o chegar \u00e0 <strong><em>a\u00e7\u00e3o<\/em><\/strong>, que impele a exist\u00eancia do fiel a doar-se aos outros na caridade\u201d (<em>Verbum Domini<\/em>, 87)<\/p>\n<p>Ent\u00e3o, ajudados pelo Esp\u00edrito Santo, dediquemo-nos \u00e0 <em>Leitura Orante da Palavra de Deus<\/em>; todos n\u00f3s, os que j\u00e1 a praticamos ou quem vai come\u00e7ar, perseveremos nesse caminho, irm\u00e3os e irm\u00e3s.<\/p>\n<p><em>+ Edmar Peron,<br \/>\n<\/em><em>Bispo Auxiliar da Arquidiocese de S\u00e3o Paulo<br \/>\n<\/em><em>Vig\u00e1rio Episcopal para a Regi\u00e3o Bel\u00e9m<\/em><\/p>\n<div id=\"themify_builder_content-22892\" data-postid=\"22892\" class=\"themify_builder_content themify_builder_content-22892 themify_builder themify_builder_front\">\n\t<\/div>\n<!-- \/themify_builder_content -->","protected":false},"excerpt":{"rendered":"<p>A pessoa que deseja seguir Jesus Cristo precisa ouvir a Palavra de Deus e pratic\u00e1-la (cf. Lc 8,21). E disso n\u00e3o temos d\u00favidas. E os santos e as santas s\u00e3o testemunhas para todos n\u00f3s de que este \u00e9 o caminho a assumir, pois eles \u201cse deixaram plasmar pela Palavra de Deus, atrav\u00e9s da sua escuta, [&hellip;]<\/p>\n","protected":false},"author":5,"featured_media":0,"comment_status":"open","ping_status":"open","sticky":false,"template":"","format":"standard","meta":{"ngg_post_thumbnail":0,"footnotes":""},"categories":[9],"tags":[2617,2618,2309,2619,152,57,2620],"yoast_head":"<!-- This site is optimized with the Yoast SEO plugin v23.5 - https:\/\/yoast.com\/wordpress\/plugins\/seo\/ -->\n<title>Crescer na F\u00e9, meditando a Palavra de Deus (II) - O Arcanjo no ar<\/title>\n<meta name=\"robots\" content=\"index, follow, max-snippet:-1, max-image-preview:large, max-video-preview:-1\" \/>\n<link rel=\"canonical\" href=\"https:\/\/www.oarcanjo.net\/site\/crescer-na-fe-meditando-a-palavra-de-deus-ii\/\" \/>\n<meta property=\"og:locale\" content=\"pt_BR\" \/>\n<meta property=\"og:type\" content=\"article\" \/>\n<meta property=\"og:title\" content=\"Crescer na F\u00e9, meditando a Palavra de Deus (II) - O Arcanjo no ar\" \/>\n<meta property=\"og:description\" content=\"A pessoa que deseja seguir Jesus Cristo precisa ouvir a Palavra de Deus e pratic\u00e1-la (cf. Lc 8,21). E disso n\u00e3o temos d\u00favidas. E os santos e as santas s\u00e3o testemunhas para todos n\u00f3s de que este \u00e9 o caminho a assumir, pois eles \u201cse deixaram plasmar pela Palavra de Deus, atrav\u00e9s da sua escuta, [&hellip;]\" \/>\n<meta property=\"og:url\" content=\"https:\/\/www.oarcanjo.net\/site\/crescer-na-fe-meditando-a-palavra-de-deus-ii\/\" \/>\n<meta property=\"og:site_name\" content=\"O Arcanjo no ar\" \/>\n<meta property=\"article:publisher\" content=\"https:\/\/www.facebook.com\/OArcanjoNoAr\/\" \/>\n<meta property=\"article:published_time\" content=\"2013-09-11T11:30:45+00:00\" \/>\n<meta property=\"article:modified_time\" content=\"2013-09-09T21:54:45+00:00\" \/>\n<meta property=\"og:image\" content=\"https:\/\/www.oarcanjo.net\/site\/wp-content\/uploads\/logo-o-arcanjo-no-ar-facebook.png\" \/>\n\t<meta property=\"og:image:width\" content=\"300\" \/>\n\t<meta property=\"og:image:height\" content=\"300\" \/>\n\t<meta property=\"og:image:type\" content=\"image\/png\" \/>\n<meta name=\"author\" content=\"editor\" \/>\n<meta name=\"twitter:card\" content=\"summary_large_image\" \/>\n<meta name=\"twitter:label1\" content=\"Escrito por\" \/>\n\t<meta name=\"twitter:data1\" content=\"editor\" \/>\n\t<meta name=\"twitter:label2\" content=\"Est. tempo de leitura\" \/>\n\t<meta name=\"twitter:data2\" content=\"2 minutos\" \/>\n<script type=\"application\/ld+json\" class=\"yoast-schema-graph\">{\"@context\":\"https:\/\/schema.org\",\"@graph\":[{\"@type\":\"Article\",\"@id\":\"https:\/\/www.oarcanjo.net\/site\/crescer-na-fe-meditando-a-palavra-de-deus-ii\/#article\",\"isPartOf\":{\"@id\":\"https:\/\/www.oarcanjo.net\/site\/crescer-na-fe-meditando-a-palavra-de-deus-ii\/\"},\"author\":{\"name\":\"editor\",\"@id\":\"https:\/\/www.oarcanjo.net\/site\/#\/schema\/person\/f7024d007863202483a31326673a0838\"},\"headline\":\"Crescer na F\u00e9, meditando a Palavra de Deus (II)\",\"datePublished\":\"2013-09-11T11:30:45+00:00\",\"dateModified\":\"2013-09-09T21:54:45+00:00\",\"mainEntityOfPage\":{\"@id\":\"https:\/\/www.oarcanjo.net\/site\/crescer-na-fe-meditando-a-palavra-de-deus-ii\/\"},\"wordCount\":492,\"commentCount\":0,\"publisher\":{\"@id\":\"https:\/\/www.oarcanjo.net\/site\/#organization\"},\"keywords\":[\"Contempla\u00e7\u00e3o\",\"Convers\u00e3o da mente\",\"Dei Verbum\",\"Lectio divina\",\"leitura orante\",\"Palavra de Deus\",\"Verbum Domini\"],\"articleSection\":[\"Reflex\u00f5es\"],\"inLanguage\":\"pt-BR\",\"potentialAction\":[{\"@type\":\"CommentAction\",\"name\":\"Comment\",\"target\":[\"https:\/\/www.oarcanjo.net\/site\/crescer-na-fe-meditando-a-palavra-de-deus-ii\/#respond\"]}]},{\"@type\":\"WebPage\",\"@id\":\"https:\/\/www.oarcanjo.net\/site\/crescer-na-fe-meditando-a-palavra-de-deus-ii\/\",\"url\":\"https:\/\/www.oarcanjo.net\/site\/crescer-na-fe-meditando-a-palavra-de-deus-ii\/\",\"name\":\"Crescer na F\u00e9, meditando a Palavra de Deus (II) - O Arcanjo no ar\",\"isPartOf\":{\"@id\":\"https:\/\/www.oarcanjo.net\/site\/#website\"},\"datePublished\":\"2013-09-11T11:30:45+00:00\",\"dateModified\":\"2013-09-09T21:54:45+00:00\",\"breadcrumb\":{\"@id\":\"https:\/\/www.oarcanjo.net\/site\/crescer-na-fe-meditando-a-palavra-de-deus-ii\/#breadcrumb\"},\"inLanguage\":\"pt-BR\",\"potentialAction\":[{\"@type\":\"ReadAction\",\"target\":[\"https:\/\/www.oarcanjo.net\/site\/crescer-na-fe-meditando-a-palavra-de-deus-ii\/\"]}]},{\"@type\":\"BreadcrumbList\",\"@id\":\"https:\/\/www.oarcanjo.net\/site\/crescer-na-fe-meditando-a-palavra-de-deus-ii\/#breadcrumb\",\"itemListElement\":[{\"@type\":\"ListItem\",\"position\":1,\"name\":\"In\u00edcio\",\"item\":\"https:\/\/www.oarcanjo.net\/site\/\"},{\"@type\":\"ListItem\",\"position\":2,\"name\":\"Crescer na F\u00e9, meditando a Palavra de Deus (II)\"}]},{\"@type\":\"WebSite\",\"@id\":\"https:\/\/www.oarcanjo.net\/site\/#website\",\"url\":\"https:\/\/www.oarcanjo.net\/site\/\",\"name\":\"O Arcanjo no ar\",\"description\":\"Site da Par\u00f3quia S\u00e3o Miguel Arcanjo (Arquidiocese de SP)\",\"publisher\":{\"@id\":\"https:\/\/www.oarcanjo.net\/site\/#organization\"},\"potentialAction\":[{\"@type\":\"SearchAction\",\"target\":{\"@type\":\"EntryPoint\",\"urlTemplate\":\"https:\/\/www.oarcanjo.net\/site\/?s={search_term_string}\"},\"query-input\":{\"@type\":\"PropertyValueSpecification\",\"valueRequired\":true,\"valueName\":\"search_term_string\"}}],\"inLanguage\":\"pt-BR\"},{\"@type\":\"Organization\",\"@id\":\"https:\/\/www.oarcanjo.net\/site\/#organization\",\"name\":\"Par\u00f3quia S\u00e3o Miguel Arcanjo\",\"url\":\"https:\/\/www.oarcanjo.net\/site\/\",\"logo\":{\"@type\":\"ImageObject\",\"inLanguage\":\"pt-BR\",\"@id\":\"https:\/\/www.oarcanjo.net\/site\/#\/schema\/logo\/image\/\",\"url\":\"https:\/\/www.oarcanjo.net\/site\/wp-content\/uploads\/LogoOArcanjo.png\",\"contentUrl\":\"https:\/\/www.oarcanjo.net\/site\/wp-content\/uploads\/LogoOArcanjo.png\",\"width\":319,\"height\":99,\"caption\":\"Par\u00f3quia S\u00e3o Miguel Arcanjo\"},\"image\":{\"@id\":\"https:\/\/www.oarcanjo.net\/site\/#\/schema\/logo\/image\/\"},\"sameAs\":[\"https:\/\/www.facebook.com\/OArcanjoNoAr\/\"]},{\"@type\":\"Person\",\"@id\":\"https:\/\/www.oarcanjo.net\/site\/#\/schema\/person\/f7024d007863202483a31326673a0838\",\"name\":\"editor\",\"sameAs\":[\"http:\/\/www.oarcanjo.net\"]}]}<\/script>\n<!-- \/ Yoast SEO plugin. -->","yoast_head_json":{"title":"Crescer na F\u00e9, meditando a Palavra de Deus (II) - O Arcanjo no ar","robots":{"index":"index","follow":"follow","max-snippet":"max-snippet:-1","max-image-preview":"max-image-preview:large","max-video-preview":"max-video-preview:-1"},"canonical":"https:\/\/www.oarcanjo.net\/site\/crescer-na-fe-meditando-a-palavra-de-deus-ii\/","og_locale":"pt_BR","og_type":"article","og_title":"Crescer na F\u00e9, meditando a Palavra de Deus (II) - O Arcanjo no ar","og_description":"A pessoa que deseja seguir Jesus Cristo precisa ouvir a Palavra de Deus e pratic\u00e1-la (cf. Lc 8,21). E disso n\u00e3o temos d\u00favidas. E os santos e as santas s\u00e3o testemunhas para todos n\u00f3s de que este \u00e9 o caminho a assumir, pois eles \u201cse deixaram plasmar pela Palavra de Deus, atrav\u00e9s da sua escuta, [&hellip;]","og_url":"https:\/\/www.oarcanjo.net\/site\/crescer-na-fe-meditando-a-palavra-de-deus-ii\/","og_site_name":"O Arcanjo no ar","article_publisher":"https:\/\/www.facebook.com\/OArcanjoNoAr\/","article_published_time":"2013-09-11T11:30:45+00:00","article_modified_time":"2013-09-09T21:54:45+00:00","og_image":[{"width":300,"height":300,"url":"https:\/\/www.oarcanjo.net\/site\/wp-content\/uploads\/logo-o-arcanjo-no-ar-facebook.png","type":"image\/png"}],"author":"editor","twitter_card":"summary_large_image","twitter_misc":{"Escrito por":"editor","Est. tempo de leitura":"2 minutos"},"schema":{"@context":"https:\/\/schema.org","@graph":[{"@type":"Article","@id":"https:\/\/www.oarcanjo.net\/site\/crescer-na-fe-meditando-a-palavra-de-deus-ii\/#article","isPartOf":{"@id":"https:\/\/www.oarcanjo.net\/site\/crescer-na-fe-meditando-a-palavra-de-deus-ii\/"},"author":{"name":"editor","@id":"https:\/\/www.oarcanjo.net\/site\/#\/schema\/person\/f7024d007863202483a31326673a0838"},"headline":"Crescer na F\u00e9, meditando a Palavra de Deus (II)","datePublished":"2013-09-11T11:30:45+00:00","dateModified":"2013-09-09T21:54:45+00:00","mainEntityOfPage":{"@id":"https:\/\/www.oarcanjo.net\/site\/crescer-na-fe-meditando-a-palavra-de-deus-ii\/"},"wordCount":492,"commentCount":0,"publisher":{"@id":"https:\/\/www.oarcanjo.net\/site\/#organization"},"keywords":["Contempla\u00e7\u00e3o","Convers\u00e3o da mente","Dei Verbum","Lectio divina","leitura orante","Palavra de Deus","Verbum Domini"],"articleSection":["Reflex\u00f5es"],"inLanguage":"pt-BR","potentialAction":[{"@type":"CommentAction","name":"Comment","target":["https:\/\/www.oarcanjo.net\/site\/crescer-na-fe-meditando-a-palavra-de-deus-ii\/#respond"]}]},{"@type":"WebPage","@id":"https:\/\/www.oarcanjo.net\/site\/crescer-na-fe-meditando-a-palavra-de-deus-ii\/","url":"https:\/\/www.oarcanjo.net\/site\/crescer-na-fe-meditando-a-palavra-de-deus-ii\/","name":"Crescer na F\u00e9, meditando a Palavra de Deus (II) - O Arcanjo no ar","isPartOf":{"@id":"https:\/\/www.oarcanjo.net\/site\/#website"},"datePublished":"2013-09-11T11:30:45+00:00","dateModified":"2013-09-09T21:54:45+00:00","breadcrumb":{"@id":"https:\/\/www.oarcanjo.net\/site\/crescer-na-fe-meditando-a-palavra-de-deus-ii\/#breadcrumb"},"inLanguage":"pt-BR","potentialAction":[{"@type":"ReadAction","target":["https:\/\/www.oarcanjo.net\/site\/crescer-na-fe-meditando-a-palavra-de-deus-ii\/"]}]},{"@type":"BreadcrumbList","@id":"https:\/\/www.oarcanjo.net\/site\/crescer-na-fe-meditando-a-palavra-de-deus-ii\/#breadcrumb","itemListElement":[{"@type":"ListItem","position":1,"name":"In\u00edcio","item":"https:\/\/www.oarcanjo.net\/site\/"},{"@type":"ListItem","position":2,"name":"Crescer na F\u00e9, meditando a Palavra de Deus (II)"}]},{"@type":"WebSite","@id":"https:\/\/www.oarcanjo.net\/site\/#website","url":"https:\/\/www.oarcanjo.net\/site\/","name":"O Arcanjo no ar","description":"Site da Par\u00f3quia S\u00e3o Miguel Arcanjo (Arquidiocese de SP)","publisher":{"@id":"https:\/\/www.oarcanjo.net\/site\/#organization"},"potentialAction":[{"@type":"SearchAction","target":{"@type":"EntryPoint","urlTemplate":"https:\/\/www.oarcanjo.net\/site\/?s={search_term_string}"},"query-input":{"@type":"PropertyValueSpecification","valueRequired":true,"valueName":"search_term_string"}}],"inLanguage":"pt-BR"},{"@type":"Organization","@id":"https:\/\/www.oarcanjo.net\/site\/#organization","name":"Par\u00f3quia S\u00e3o Miguel Arcanjo","url":"https:\/\/www.oarcanjo.net\/site\/","logo":{"@type":"ImageObject","inLanguage":"pt-BR","@id":"https:\/\/www.oarcanjo.net\/site\/#\/schema\/logo\/image\/","url":"https:\/\/www.oarcanjo.net\/site\/wp-content\/uploads\/LogoOArcanjo.png","contentUrl":"https:\/\/www.oarcanjo.net\/site\/wp-content\/uploads\/LogoOArcanjo.png","width":319,"height":99,"caption":"Par\u00f3quia S\u00e3o Miguel Arcanjo"},"image":{"@id":"https:\/\/www.oarcanjo.net\/site\/#\/schema\/logo\/image\/"},"sameAs":["https:\/\/www.facebook.com\/OArcanjoNoAr\/"]},{"@type":"Person","@id":"https:\/\/www.oarcanjo.net\/site\/#\/schema\/person\/f7024d007863202483a31326673a0838","name":"editor","sameAs":["http:\/\/www.oarcanjo.net"]}]}},"publishpress_future_action":{"enabled":false,"date":"2026-05-09 03:21:57","action":"category","newStatus":"draft","terms":[],"taxonomy":"category"},"publishpress_future_workflow_manual_trigger":{"enabledWorkflows":[]},"_links":{"self":[{"href":"https:\/\/www.oarcanjo.net\/site\/wp-json\/wp\/v2\/posts\/22892"}],"collection":[{"href":"https:\/\/www.oarcanjo.net\/site\/wp-json\/wp\/v2\/posts"}],"about":[{"href":"https:\/\/www.oarcanjo.net\/site\/wp-json\/wp\/v2\/types\/post"}],"author":[{"embeddable":true,"href":"https:\/\/www.oarcanjo.net\/site\/wp-json\/wp\/v2\/users\/5"}],"replies":[{"embeddable":true,"href":"https:\/\/www.oarcanjo.net\/site\/wp-json\/wp\/v2\/comments?post=22892"}],"version-history":[{"count":0,"href":"https:\/\/www.oarcanjo.net\/site\/wp-json\/wp\/v2\/posts\/22892\/revisions"}],"wp:attachment":[{"href":"https:\/\/www.oarcanjo.net\/site\/wp-json\/wp\/v2\/media?parent=22892"}],"wp:term":[{"taxonomy":"category","embeddable":true,"href":"https:\/\/www.oarcanjo.net\/site\/wp-json\/wp\/v2\/categories?post=22892"},{"taxonomy":"post_tag","embeddable":true,"href":"https:\/\/www.oarcanjo.net\/site\/wp-json\/wp\/v2\/tags?post=22892"}],"curies":[{"name":"wp","href":"https:\/\/api.w.org\/{rel}","templated":true}]}}