
{"id":22918,"date":"2013-09-17T19:02:30","date_gmt":"2013-09-17T22:02:30","guid":{"rendered":"http:\/\/www.oarcanjo.net\/site\/?p=22918"},"modified":"2013-09-18T19:35:18","modified_gmt":"2013-09-18T22:35:18","slug":"a-misericordia-salva-o-mundo","status":"publish","type":"post","link":"https:\/\/www.oarcanjo.net\/site\/a-misericordia-salva-o-mundo\/","title":{"rendered":"A miseric\u00f3rdia salva o mundo"},"content":{"rendered":"<p>A f\u00e9 crist\u00e3 em Deus n\u00e3o parte de conceitos intelectuais puros, mas de uma experi\u00eancia com Deus. Essa experi\u00eancia, retratada na Sagrada Escritura, \u00e9 a hist\u00f3ria da salva\u00e7\u00e3o vivida por pessoas e por todo um povo. Eis porque, para bem compreender nossa f\u00e9, \u00e9 t\u00e3o importante conhecer e compreender a Escritura.<\/p>\n<p>Nossa f\u00e9 crist\u00e3 cat\u00f3lica nos diz que a miseric\u00f3rdia \u00e9 um dos atributos de Deus, embora esse conceito n\u00e3o apare\u00e7a, como tal, nos S\u00edmbolos da nossa f\u00e9. Tamb\u00e9m outras religi\u00f5es, como o Islamismo, reconhecem que Deus \u00e9 misericordioso e clemente. A Deus conv\u00e9m a miseric\u00f3rdia. E Deus nos trata com miseric\u00f3rdia.<\/p>\n<p>No entanto, isso nem sempre est\u00e1 claro no conceito geral que se tem de Deus. Com facilidade, contrap\u00f5e-se poder e miseric\u00f3rdia em Deus, como se esses dois atributos fossem excludentes; ou se op\u00f5e a justi\u00e7a divina \u00e0 sua miseric\u00f3rdia. A f\u00e9 crist\u00e3 n\u00e3o permite essa contraposi\u00e7\u00e3o. Deus \u00e9 todo-poderoso e isso significa que tamb\u00e9m \u00e9 onipotente no amor. Por isso, pode ser misericordioso, indo al\u00e9m da mera justi\u00e7a. \u00c9 pr\u00f3prio da justi\u00e7a de Deus que ela seja aplicada com amor. E isso \u00e9 a miseric\u00f3rdia divina, na concep\u00e7\u00e3o b\u00edblica e da f\u00e9 crist\u00e3.<\/p>\n<p>O Povo de Deus, antes de Cristo, conheceu muitas vezes que Deus, embora castigando os culpados, para que se convertam e voltem ao bom caminho, \u00e9 \u201cmisericordioso e clemente, paciente, rico em miseric\u00f3rdia e fiel, que conserva a sua miseric\u00f3rdia por mil gera\u00e7\u00f5es e perdoa culpas, rebeldias e pecados\u201d (cf. \u00cax. 34,6-7). A justi\u00e7a de Deus, quando aplicada na forma de castigo, \u00e9 sempre pedag\u00f3gica e corretiva, para levar o homem a se rever; e, apenas percebe arrependimento e desejo de convers\u00e3o do homem, Deus \u201cse recorda de suas miseric\u00f3rdias\u201d (cf Sl 25,6).<\/p>\n<p>A certeza de que Deus \u00e9 misericordioso \u00e9 uma convic\u00e7\u00e3o s\u00f3lida do Povo de Deus, formada numa experi\u00eancia longamente vivida. Os profetas recordam muitas vezes que Deus, com miseric\u00f3rdia eterna, se compadece do seu povo (cf Is. 54,8); que suas miseric\u00f3rdias n\u00e3o t\u00eam fim e se renovam todos os dias (cf Lm 3,22).<\/p>\n<p>S\u00e3o Paulo usa muito esse conceito para referir-se a Deus, a quem chama de \u201cPai das miseric\u00f3rdias, Deus de toda consola\u00e7\u00e3o\u201d (cf 2Cor 1,3). Deus \u00e9 \u201crico em miseric\u00f3rdia\u201d, pois nos amou quando \u00e9ramos ainda pecadores e nem o conhec\u00edamos (cf Ef, 2,4-5). O pr\u00f3prio Paulo reconhece ter experimentado a miseric\u00f3rdia de Deus por meio de Cristo Jesus, apesar de ter sido blasfemo e perseguidor de Cristo (cf 1Tm 1,13.16).<\/p>\n<p>Jesus Cristo nos d\u00e1 a conhecer ainda mais claramente que Deus \u00e9 misericordioso; ao desaprovar a religiosidade formal dos fariseus e dos mestres da Lei, que o criticavam porque acolhia os publicanos e comia com eles, Jesus lhes recorda as palavras de Isa\u00edas: \u201cmiseric\u00f3rdia eu quero, e n\u00e3o holocaustos\u201d (cf Mt 9,13). Semelhante contexto motiva Jesus, no evangelho de S\u00e3o Lucas, a contar as \u201cpar\u00e1bolas da miseric\u00f3rdia\u201d (cf Lc 15): Deus n\u00e3o fica feliz quando o homem se perde e sai \u00e0 sua procura, at\u00e9 encontr\u00e1-lo; e o c\u00e9u faz festa por um pecador que faz penit\u00eancia mais que por 99 justos, que n\u00e3o t\u00eam necessidade de penit\u00eancia. O pai da par\u00e1bola do \u201cfilho pr\u00f3digo\u201d retrata bem o Deus misericordioso, que Jesus d\u00e1 a conhecer: embora respeite e leve a s\u00e9rio as escolhas livres de seus filhos, mesmo quando o rejeitam e abandonam, Deus fica esperando \u201cde bra\u00e7os abertos\u201d que voltem a ele novamente, pronto para acolh\u00ea-los. E faz festa por causa do filho \u201cque estava morto e tornou \u00e0 vida; estava perdido e foi encontrado\u201d (Lc 15,32).<\/p>\n<p>O Ano da F\u00e9 nos vai fazendo refletir sobre o significado das afirma\u00e7\u00f5es da f\u00e9 crist\u00e3. \u201cCrer em Deus\u201d significa crer no Deus de infinita miseric\u00f3rdia, que tem medidas de justi\u00e7a muito mais largas que as nossas. Deus salva o mundo por sua miseric\u00f3rdia. Por isso, nossa f\u00e9 est\u00e1 relacionada imediatamente com a esperan\u00e7a. Deus n\u00e3o nos trata conforme a mesquinhez de nossos pecados, mas conforme a abund\u00e2ncia de suas miseric\u00f3rdias.<\/p>\n<p><em>Cardeal Odilo Pedro Scherer<\/em><br \/>\n<em>Arcebispo de S\u00e3o Paulo<\/em><br \/>\n<em><a title=\"@DomOdiloScherer\" href=\"http:\/\/twitter.com\/DomOdiloScherer\" target=\"_blank\">@DomOdiloScherer<\/a><\/em><\/p>\n<div id=\"themify_builder_content-22918\" data-postid=\"22918\" class=\"themify_builder_content themify_builder_content-22918 themify_builder themify_builder_front\">\n\t<\/div>\n<!-- \/themify_builder_content -->","protected":false},"excerpt":{"rendered":"<p>A f\u00e9 crist\u00e3 em Deus n\u00e3o parte de conceitos intelectuais puros, mas de uma experi\u00eancia com Deus. Essa experi\u00eancia, retratada na Sagrada Escritura, \u00e9 a hist\u00f3ria da salva\u00e7\u00e3o vivida por pessoas e por todo um povo. Eis porque, para bem compreender nossa f\u00e9, \u00e9 t\u00e3o importante conhecer e compreender a Escritura. Nossa f\u00e9 crist\u00e3 cat\u00f3lica [&hellip;]<\/p>\n","protected":false},"author":5,"featured_media":0,"comment_status":"open","ping_status":"open","sticky":false,"template":"","format":"standard","meta":{"ngg_post_thumbnail":0,"footnotes":""},"categories":[9],"tags":[2625,2626,248],"yoast_head":"<!-- This site is optimized with the Yoast SEO plugin v23.5 - https:\/\/yoast.com\/wordpress\/plugins\/seo\/ -->\n<title>A miseric\u00f3rdia salva o mundo - O Arcanjo no ar<\/title>\n<meta name=\"robots\" content=\"index, follow, max-snippet:-1, max-image-preview:large, max-video-preview:-1\" \/>\n<link rel=\"canonical\" href=\"https:\/\/www.oarcanjo.net\/site\/a-misericordia-salva-o-mundo\/\" \/>\n<meta property=\"og:locale\" content=\"pt_BR\" \/>\n<meta property=\"og:type\" content=\"article\" \/>\n<meta property=\"og:title\" content=\"A miseric\u00f3rdia salva o mundo - O Arcanjo no ar\" \/>\n<meta property=\"og:description\" content=\"A f\u00e9 crist\u00e3 em Deus n\u00e3o parte de conceitos intelectuais puros, mas de uma experi\u00eancia com Deus. Essa experi\u00eancia, retratada na Sagrada Escritura, \u00e9 a hist\u00f3ria da salva\u00e7\u00e3o vivida por pessoas e por todo um povo. Eis porque, para bem compreender nossa f\u00e9, \u00e9 t\u00e3o importante conhecer e compreender a Escritura. Nossa f\u00e9 crist\u00e3 cat\u00f3lica [&hellip;]\" \/>\n<meta property=\"og:url\" content=\"https:\/\/www.oarcanjo.net\/site\/a-misericordia-salva-o-mundo\/\" \/>\n<meta property=\"og:site_name\" content=\"O Arcanjo no ar\" \/>\n<meta property=\"article:publisher\" content=\"https:\/\/www.facebook.com\/OArcanjoNoAr\/\" \/>\n<meta property=\"article:published_time\" content=\"2013-09-17T22:02:30+00:00\" \/>\n<meta property=\"article:modified_time\" content=\"2013-09-18T22:35:18+00:00\" \/>\n<meta property=\"og:image\" content=\"https:\/\/www.oarcanjo.net\/site\/wp-content\/uploads\/logo-o-arcanjo-no-ar-facebook.png\" \/>\n\t<meta property=\"og:image:width\" content=\"300\" \/>\n\t<meta property=\"og:image:height\" content=\"300\" \/>\n\t<meta property=\"og:image:type\" content=\"image\/png\" \/>\n<meta name=\"author\" content=\"editor\" \/>\n<meta name=\"twitter:card\" content=\"summary_large_image\" \/>\n<meta name=\"twitter:label1\" content=\"Escrito por\" \/>\n\t<meta name=\"twitter:data1\" content=\"editor\" \/>\n\t<meta name=\"twitter:label2\" content=\"Est. tempo de leitura\" \/>\n\t<meta name=\"twitter:data2\" content=\"4 minutos\" \/>\n<script type=\"application\/ld+json\" class=\"yoast-schema-graph\">{\"@context\":\"https:\/\/schema.org\",\"@graph\":[{\"@type\":\"Article\",\"@id\":\"https:\/\/www.oarcanjo.net\/site\/a-misericordia-salva-o-mundo\/#article\",\"isPartOf\":{\"@id\":\"https:\/\/www.oarcanjo.net\/site\/a-misericordia-salva-o-mundo\/\"},\"author\":{\"name\":\"editor\",\"@id\":\"https:\/\/www.oarcanjo.net\/site\/#\/schema\/person\/f7024d007863202483a31326673a0838\"},\"headline\":\"A miseric\u00f3rdia salva o mundo\",\"datePublished\":\"2013-09-17T22:02:30+00:00\",\"dateModified\":\"2013-09-18T22:35:18+00:00\",\"mainEntityOfPage\":{\"@id\":\"https:\/\/www.oarcanjo.net\/site\/a-misericordia-salva-o-mundo\/\"},\"wordCount\":728,\"commentCount\":0,\"publisher\":{\"@id\":\"https:\/\/www.oarcanjo.net\/site\/#organization\"},\"keywords\":[\"Consola\u00e7\u00e3o\",\"Crer em Deus\",\"miseric\u00f3rdia\"],\"articleSection\":[\"Reflex\u00f5es\"],\"inLanguage\":\"pt-BR\",\"potentialAction\":[{\"@type\":\"CommentAction\",\"name\":\"Comment\",\"target\":[\"https:\/\/www.oarcanjo.net\/site\/a-misericordia-salva-o-mundo\/#respond\"]}]},{\"@type\":\"WebPage\",\"@id\":\"https:\/\/www.oarcanjo.net\/site\/a-misericordia-salva-o-mundo\/\",\"url\":\"https:\/\/www.oarcanjo.net\/site\/a-misericordia-salva-o-mundo\/\",\"name\":\"A miseric\u00f3rdia salva o mundo - O Arcanjo no ar\",\"isPartOf\":{\"@id\":\"https:\/\/www.oarcanjo.net\/site\/#website\"},\"datePublished\":\"2013-09-17T22:02:30+00:00\",\"dateModified\":\"2013-09-18T22:35:18+00:00\",\"breadcrumb\":{\"@id\":\"https:\/\/www.oarcanjo.net\/site\/a-misericordia-salva-o-mundo\/#breadcrumb\"},\"inLanguage\":\"pt-BR\",\"potentialAction\":[{\"@type\":\"ReadAction\",\"target\":[\"https:\/\/www.oarcanjo.net\/site\/a-misericordia-salva-o-mundo\/\"]}]},{\"@type\":\"BreadcrumbList\",\"@id\":\"https:\/\/www.oarcanjo.net\/site\/a-misericordia-salva-o-mundo\/#breadcrumb\",\"itemListElement\":[{\"@type\":\"ListItem\",\"position\":1,\"name\":\"In\u00edcio\",\"item\":\"https:\/\/www.oarcanjo.net\/site\/\"},{\"@type\":\"ListItem\",\"position\":2,\"name\":\"A miseric\u00f3rdia salva o mundo\"}]},{\"@type\":\"WebSite\",\"@id\":\"https:\/\/www.oarcanjo.net\/site\/#website\",\"url\":\"https:\/\/www.oarcanjo.net\/site\/\",\"name\":\"O Arcanjo no ar\",\"description\":\"Site da Par\u00f3quia S\u00e3o Miguel Arcanjo (Arquidiocese de SP)\",\"publisher\":{\"@id\":\"https:\/\/www.oarcanjo.net\/site\/#organization\"},\"potentialAction\":[{\"@type\":\"SearchAction\",\"target\":{\"@type\":\"EntryPoint\",\"urlTemplate\":\"https:\/\/www.oarcanjo.net\/site\/?s={search_term_string}\"},\"query-input\":{\"@type\":\"PropertyValueSpecification\",\"valueRequired\":true,\"valueName\":\"search_term_string\"}}],\"inLanguage\":\"pt-BR\"},{\"@type\":\"Organization\",\"@id\":\"https:\/\/www.oarcanjo.net\/site\/#organization\",\"name\":\"Par\u00f3quia S\u00e3o Miguel Arcanjo\",\"url\":\"https:\/\/www.oarcanjo.net\/site\/\",\"logo\":{\"@type\":\"ImageObject\",\"inLanguage\":\"pt-BR\",\"@id\":\"https:\/\/www.oarcanjo.net\/site\/#\/schema\/logo\/image\/\",\"url\":\"https:\/\/www.oarcanjo.net\/site\/wp-content\/uploads\/LogoOArcanjo.png\",\"contentUrl\":\"https:\/\/www.oarcanjo.net\/site\/wp-content\/uploads\/LogoOArcanjo.png\",\"width\":319,\"height\":99,\"caption\":\"Par\u00f3quia S\u00e3o Miguel Arcanjo\"},\"image\":{\"@id\":\"https:\/\/www.oarcanjo.net\/site\/#\/schema\/logo\/image\/\"},\"sameAs\":[\"https:\/\/www.facebook.com\/OArcanjoNoAr\/\"]},{\"@type\":\"Person\",\"@id\":\"https:\/\/www.oarcanjo.net\/site\/#\/schema\/person\/f7024d007863202483a31326673a0838\",\"name\":\"editor\",\"sameAs\":[\"http:\/\/www.oarcanjo.net\"]}]}<\/script>\n<!-- \/ Yoast SEO plugin. -->","yoast_head_json":{"title":"A miseric\u00f3rdia salva o mundo - O Arcanjo no ar","robots":{"index":"index","follow":"follow","max-snippet":"max-snippet:-1","max-image-preview":"max-image-preview:large","max-video-preview":"max-video-preview:-1"},"canonical":"https:\/\/www.oarcanjo.net\/site\/a-misericordia-salva-o-mundo\/","og_locale":"pt_BR","og_type":"article","og_title":"A miseric\u00f3rdia salva o mundo - O Arcanjo no ar","og_description":"A f\u00e9 crist\u00e3 em Deus n\u00e3o parte de conceitos intelectuais puros, mas de uma experi\u00eancia com Deus. Essa experi\u00eancia, retratada na Sagrada Escritura, \u00e9 a hist\u00f3ria da salva\u00e7\u00e3o vivida por pessoas e por todo um povo. Eis porque, para bem compreender nossa f\u00e9, \u00e9 t\u00e3o importante conhecer e compreender a Escritura. Nossa f\u00e9 crist\u00e3 cat\u00f3lica [&hellip;]","og_url":"https:\/\/www.oarcanjo.net\/site\/a-misericordia-salva-o-mundo\/","og_site_name":"O Arcanjo no ar","article_publisher":"https:\/\/www.facebook.com\/OArcanjoNoAr\/","article_published_time":"2013-09-17T22:02:30+00:00","article_modified_time":"2013-09-18T22:35:18+00:00","og_image":[{"width":300,"height":300,"url":"https:\/\/www.oarcanjo.net\/site\/wp-content\/uploads\/logo-o-arcanjo-no-ar-facebook.png","type":"image\/png"}],"author":"editor","twitter_card":"summary_large_image","twitter_misc":{"Escrito por":"editor","Est. tempo de leitura":"4 minutos"},"schema":{"@context":"https:\/\/schema.org","@graph":[{"@type":"Article","@id":"https:\/\/www.oarcanjo.net\/site\/a-misericordia-salva-o-mundo\/#article","isPartOf":{"@id":"https:\/\/www.oarcanjo.net\/site\/a-misericordia-salva-o-mundo\/"},"author":{"name":"editor","@id":"https:\/\/www.oarcanjo.net\/site\/#\/schema\/person\/f7024d007863202483a31326673a0838"},"headline":"A miseric\u00f3rdia salva o mundo","datePublished":"2013-09-17T22:02:30+00:00","dateModified":"2013-09-18T22:35:18+00:00","mainEntityOfPage":{"@id":"https:\/\/www.oarcanjo.net\/site\/a-misericordia-salva-o-mundo\/"},"wordCount":728,"commentCount":0,"publisher":{"@id":"https:\/\/www.oarcanjo.net\/site\/#organization"},"keywords":["Consola\u00e7\u00e3o","Crer em Deus","miseric\u00f3rdia"],"articleSection":["Reflex\u00f5es"],"inLanguage":"pt-BR","potentialAction":[{"@type":"CommentAction","name":"Comment","target":["https:\/\/www.oarcanjo.net\/site\/a-misericordia-salva-o-mundo\/#respond"]}]},{"@type":"WebPage","@id":"https:\/\/www.oarcanjo.net\/site\/a-misericordia-salva-o-mundo\/","url":"https:\/\/www.oarcanjo.net\/site\/a-misericordia-salva-o-mundo\/","name":"A miseric\u00f3rdia salva o mundo - O Arcanjo no ar","isPartOf":{"@id":"https:\/\/www.oarcanjo.net\/site\/#website"},"datePublished":"2013-09-17T22:02:30+00:00","dateModified":"2013-09-18T22:35:18+00:00","breadcrumb":{"@id":"https:\/\/www.oarcanjo.net\/site\/a-misericordia-salva-o-mundo\/#breadcrumb"},"inLanguage":"pt-BR","potentialAction":[{"@type":"ReadAction","target":["https:\/\/www.oarcanjo.net\/site\/a-misericordia-salva-o-mundo\/"]}]},{"@type":"BreadcrumbList","@id":"https:\/\/www.oarcanjo.net\/site\/a-misericordia-salva-o-mundo\/#breadcrumb","itemListElement":[{"@type":"ListItem","position":1,"name":"In\u00edcio","item":"https:\/\/www.oarcanjo.net\/site\/"},{"@type":"ListItem","position":2,"name":"A miseric\u00f3rdia salva o mundo"}]},{"@type":"WebSite","@id":"https:\/\/www.oarcanjo.net\/site\/#website","url":"https:\/\/www.oarcanjo.net\/site\/","name":"O Arcanjo no ar","description":"Site da Par\u00f3quia S\u00e3o Miguel Arcanjo (Arquidiocese de SP)","publisher":{"@id":"https:\/\/www.oarcanjo.net\/site\/#organization"},"potentialAction":[{"@type":"SearchAction","target":{"@type":"EntryPoint","urlTemplate":"https:\/\/www.oarcanjo.net\/site\/?s={search_term_string}"},"query-input":{"@type":"PropertyValueSpecification","valueRequired":true,"valueName":"search_term_string"}}],"inLanguage":"pt-BR"},{"@type":"Organization","@id":"https:\/\/www.oarcanjo.net\/site\/#organization","name":"Par\u00f3quia S\u00e3o Miguel Arcanjo","url":"https:\/\/www.oarcanjo.net\/site\/","logo":{"@type":"ImageObject","inLanguage":"pt-BR","@id":"https:\/\/www.oarcanjo.net\/site\/#\/schema\/logo\/image\/","url":"https:\/\/www.oarcanjo.net\/site\/wp-content\/uploads\/LogoOArcanjo.png","contentUrl":"https:\/\/www.oarcanjo.net\/site\/wp-content\/uploads\/LogoOArcanjo.png","width":319,"height":99,"caption":"Par\u00f3quia S\u00e3o Miguel Arcanjo"},"image":{"@id":"https:\/\/www.oarcanjo.net\/site\/#\/schema\/logo\/image\/"},"sameAs":["https:\/\/www.facebook.com\/OArcanjoNoAr\/"]},{"@type":"Person","@id":"https:\/\/www.oarcanjo.net\/site\/#\/schema\/person\/f7024d007863202483a31326673a0838","name":"editor","sameAs":["http:\/\/www.oarcanjo.net"]}]}},"publishpress_future_action":{"enabled":false,"date":"2026-05-09 03:04:18","action":"category","newStatus":"draft","terms":[],"taxonomy":"category"},"publishpress_future_workflow_manual_trigger":{"enabledWorkflows":[]},"_links":{"self":[{"href":"https:\/\/www.oarcanjo.net\/site\/wp-json\/wp\/v2\/posts\/22918"}],"collection":[{"href":"https:\/\/www.oarcanjo.net\/site\/wp-json\/wp\/v2\/posts"}],"about":[{"href":"https:\/\/www.oarcanjo.net\/site\/wp-json\/wp\/v2\/types\/post"}],"author":[{"embeddable":true,"href":"https:\/\/www.oarcanjo.net\/site\/wp-json\/wp\/v2\/users\/5"}],"replies":[{"embeddable":true,"href":"https:\/\/www.oarcanjo.net\/site\/wp-json\/wp\/v2\/comments?post=22918"}],"version-history":[{"count":0,"href":"https:\/\/www.oarcanjo.net\/site\/wp-json\/wp\/v2\/posts\/22918\/revisions"}],"wp:attachment":[{"href":"https:\/\/www.oarcanjo.net\/site\/wp-json\/wp\/v2\/media?parent=22918"}],"wp:term":[{"taxonomy":"category","embeddable":true,"href":"https:\/\/www.oarcanjo.net\/site\/wp-json\/wp\/v2\/categories?post=22918"},{"taxonomy":"post_tag","embeddable":true,"href":"https:\/\/www.oarcanjo.net\/site\/wp-json\/wp\/v2\/tags?post=22918"}],"curies":[{"name":"wp","href":"https:\/\/api.w.org\/{rel}","templated":true}]}}