
{"id":2292,"date":"2009-03-08T14:47:02","date_gmt":"2009-03-08T17:47:02","guid":{"rendered":"http:\/\/www.oarcanjo.net\/site\/?p=2292"},"modified":"2009-04-10T13:29:08","modified_gmt":"2009-04-10T16:29:08","slug":"setor-belem-faz-peregrinacao-do-ano-paulino","status":"publish","type":"post","link":"https:\/\/www.oarcanjo.net\/site\/setor-belem-faz-peregrinacao-do-ano-paulino\/","title":{"rendered":"Setor Bel\u00e9m faz peregrina\u00e7\u00e3o do Ano Paulino"},"content":{"rendered":"<p>O Setor Bel\u00e9m fez peregrina\u00e7\u00e3o do ano santo no s\u00e1bado, dia 7. A comunidade S\u00e3o Miguel Arcanjo se encontrou na par\u00f3quia logo cedo e saiu em caminhada \u00e0s 9h30 pelas ruas da Mooca at\u00e9 a igreja S\u00e3o Paulo Ap\u00f3stolo, santu\u00e1rio do Ano Paulino, onde foi celebrada missa.<\/p>\n<p>Veja as imagens abaixo:<\/p>\n<p><video style=\"width: 100%; height: auto; aspect-ratio: 480\/334; border: none; overflow: hidden;\" controls>\n                <source src=\"mms:\/\/mms.bizmedia.com.br\/bizmedia\/peregrinacao-final.wmv\" type=\"video\/x-ms-wmv\">\n                <source src=\"mms:\/\/mms.bizmedia.com.br\/bizmedia\/peregrinacao-final.wmv\" type=\"video\/wmv\">\n                Your browser does not support the video tag.\n            <\/video><\/p>\n<p><div id=\"attachment_2304\" style=\"width: 310px\" class=\"wp-caption alignleft\"><img loading=\"lazy\" decoding=\"async\" aria-describedby=\"caption-attachment-2304\" src=\"http:\/\/www.oarcanjo.net\/site\/wp-content\/uploads\/peregrinacao-anopaulino-sbelem_07032009_02.jpg\" alt=\"Peregrina\u00e7\u00e3o do Ano Paulino - 07 de mar\u00e7o de 2009\" title=\"Peregrina\u00e7\u00e3o do Ano Paulino - 07 de mar\u00e7o de 2009\" width=\"300\" height=\"200\" class=\"size-full wp-image-2304\" \/><p id=\"caption-attachment-2304\" class=\"wp-caption-text\">Peregrina\u00e7\u00e3o do Ano Paulino - 07 de mar\u00e7o de 2009<\/p><\/div><br \/><div id=\"attachment_2305\" style=\"width: 310px\" class=\"wp-caption alignleft\"><img loading=\"lazy\" decoding=\"async\" aria-describedby=\"caption-attachment-2305\" src=\"http:\/\/www.oarcanjo.net\/site\/wp-content\/uploads\/peregrinacao-anopaulino-sbelem_07032009_03.jpg\" alt=\"Peregrina\u00e7\u00e3o do Ano Paulino - 07 de mar\u00e7o de 2009\" title=\"Peregrina\u00e7\u00e3o do Ano Paulino - 07 de mar\u00e7o de 2009\" width=\"300\" height=\"200\" class=\"size-full wp-image-2305\" \/><p id=\"caption-attachment-2305\" class=\"wp-caption-text\">Peregrina\u00e7\u00e3o do Ano Paulino - 07 de mar\u00e7o de 2009<\/p><\/div><\/p>\n<div id=\"themify_builder_content-2292\" data-postid=\"2292\" class=\"themify_builder_content themify_builder_content-2292 themify_builder themify_builder_front\">\n\t<\/div>\n<!-- \/themify_builder_content -->","protected":false},"excerpt":{"rendered":"<p>O Setor Bel\u00e9m fez peregrina\u00e7\u00e3o do ano santo no s\u00e1bado, dia 7. A comunidade S\u00e3o Miguel Arcanjo se encontrou na par\u00f3quia logo cedo e saiu em caminhada \u00e0s 9h30 pelas ruas da Mooca at\u00e9 a igreja S\u00e3o Paulo Ap\u00f3stolo, santu\u00e1rio do Ano Paulino, onde foi celebrada missa. Veja as imagens abaixo: Your browser does not [&hellip;]<\/p>\n","protected":false},"author":2,"featured_media":0,"comment_status":"open","ping_status":"open","sticky":false,"template":"","format":"standard","meta":{"ngg_post_thumbnail":0,"footnotes":""},"categories":[477,8],"tags":[265,324,298,111],"yoast_head":"<!-- This site is optimized with the Yoast SEO plugin v23.5 - https:\/\/yoast.com\/wordpress\/plugins\/seo\/ -->\n<title>Setor Bel\u00e9m faz peregrina\u00e7\u00e3o do Ano Paulino - O Arcanjo no ar<\/title>\n<meta name=\"robots\" content=\"index, follow, max-snippet:-1, max-image-preview:large, max-video-preview:-1\" \/>\n<link rel=\"canonical\" href=\"https:\/\/www.oarcanjo.net\/site\/setor-belem-faz-peregrinacao-do-ano-paulino\/\" \/>\n<meta property=\"og:locale\" content=\"pt_BR\" \/>\n<meta property=\"og:type\" content=\"article\" \/>\n<meta property=\"og:title\" content=\"Setor Bel\u00e9m faz peregrina\u00e7\u00e3o do Ano Paulino - O Arcanjo no ar\" \/>\n<meta property=\"og:description\" content=\"O Setor Bel\u00e9m fez peregrina\u00e7\u00e3o do ano santo no s\u00e1bado, dia 7. A comunidade S\u00e3o Miguel Arcanjo se encontrou na par\u00f3quia logo cedo e saiu em caminhada \u00e0s 9h30 pelas ruas da Mooca at\u00e9 a igreja S\u00e3o Paulo Ap\u00f3stolo, santu\u00e1rio do Ano Paulino, onde foi celebrada missa. Veja as imagens abaixo: Your browser does not [&hellip;]\" \/>\n<meta property=\"og:url\" content=\"https:\/\/www.oarcanjo.net\/site\/setor-belem-faz-peregrinacao-do-ano-paulino\/\" \/>\n<meta property=\"og:site_name\" content=\"O Arcanjo no ar\" \/>\n<meta property=\"article:publisher\" content=\"https:\/\/www.facebook.com\/OArcanjoNoAr\/\" \/>\n<meta property=\"article:published_time\" content=\"2009-03-08T17:47:02+00:00\" \/>\n<meta property=\"article:modified_time\" content=\"2009-04-10T16:29:08+00:00\" \/>\n<meta property=\"og:image\" content=\"http:\/\/www.oarcanjo.net\/site\/wp-content\/uploads\/peregrinacao-anopaulino-sbelem_07032009_02.jpg\" \/>\n<meta name=\"author\" content=\"rubens.meyer\" \/>\n<meta name=\"twitter:card\" content=\"summary_large_image\" \/>\n<meta name=\"twitter:label1\" content=\"Escrito por\" \/>\n\t<meta name=\"twitter:data1\" content=\"rubens.meyer\" \/>\n\t<meta name=\"twitter:label2\" content=\"Est. tempo de leitura\" \/>\n\t<meta name=\"twitter:data2\" content=\"1 minuto\" \/>\n<script type=\"application\/ld+json\" class=\"yoast-schema-graph\">{\"@context\":\"https:\/\/schema.org\",\"@graph\":[{\"@type\":\"Article\",\"@id\":\"https:\/\/www.oarcanjo.net\/site\/setor-belem-faz-peregrinacao-do-ano-paulino\/#article\",\"isPartOf\":{\"@id\":\"https:\/\/www.oarcanjo.net\/site\/setor-belem-faz-peregrinacao-do-ano-paulino\/\"},\"author\":{\"name\":\"rubens.meyer\",\"@id\":\"https:\/\/www.oarcanjo.net\/site\/#\/schema\/person\/8f702af457b0cfb4ac1a7228ee23f026\"},\"headline\":\"Setor Bel\u00e9m faz peregrina\u00e7\u00e3o do Ano Paulino\",\"datePublished\":\"2009-03-08T17:47:02+00:00\",\"dateModified\":\"2009-04-10T16:29:08+00:00\",\"mainEntityOfPage\":{\"@id\":\"https:\/\/www.oarcanjo.net\/site\/setor-belem-faz-peregrinacao-do-ano-paulino\/\"},\"wordCount\":113,\"commentCount\":3,\"publisher\":{\"@id\":\"https:\/\/www.oarcanjo.net\/site\/#organization\"},\"image\":{\"@id\":\"https:\/\/www.oarcanjo.net\/site\/setor-belem-faz-peregrinacao-do-ano-paulino\/#primaryimage\"},\"thumbnailUrl\":\"http:\/\/www.oarcanjo.net\/site\/wp-content\/uploads\/peregrinacao-anopaulino-sbelem_07032009_02.jpg\",\"keywords\":[\"ano paulino\",\"ano santo\",\"peregrina\u00e7\u00e3o\",\"Setor Bel\u00e9m\"],\"articleSection\":[\"Eventos\",\"Not\u00edcias\"],\"inLanguage\":\"pt-BR\",\"potentialAction\":[{\"@type\":\"CommentAction\",\"name\":\"Comment\",\"target\":[\"https:\/\/www.oarcanjo.net\/site\/setor-belem-faz-peregrinacao-do-ano-paulino\/#respond\"]}]},{\"@type\":\"WebPage\",\"@id\":\"https:\/\/www.oarcanjo.net\/site\/setor-belem-faz-peregrinacao-do-ano-paulino\/\",\"url\":\"https:\/\/www.oarcanjo.net\/site\/setor-belem-faz-peregrinacao-do-ano-paulino\/\",\"name\":\"Setor Bel\u00e9m faz peregrina\u00e7\u00e3o do Ano Paulino - O Arcanjo no ar\",\"isPartOf\":{\"@id\":\"https:\/\/www.oarcanjo.net\/site\/#website\"},\"primaryImageOfPage\":{\"@id\":\"https:\/\/www.oarcanjo.net\/site\/setor-belem-faz-peregrinacao-do-ano-paulino\/#primaryimage\"},\"image\":{\"@id\":\"https:\/\/www.oarcanjo.net\/site\/setor-belem-faz-peregrinacao-do-ano-paulino\/#primaryimage\"},\"thumbnailUrl\":\"http:\/\/www.oarcanjo.net\/site\/wp-content\/uploads\/peregrinacao-anopaulino-sbelem_07032009_02.jpg\",\"datePublished\":\"2009-03-08T17:47:02+00:00\",\"dateModified\":\"2009-04-10T16:29:08+00:00\",\"breadcrumb\":{\"@id\":\"https:\/\/www.oarcanjo.net\/site\/setor-belem-faz-peregrinacao-do-ano-paulino\/#breadcrumb\"},\"inLanguage\":\"pt-BR\",\"potentialAction\":[{\"@type\":\"ReadAction\",\"target\":[\"https:\/\/www.oarcanjo.net\/site\/setor-belem-faz-peregrinacao-do-ano-paulino\/\"]}]},{\"@type\":\"ImageObject\",\"inLanguage\":\"pt-BR\",\"@id\":\"https:\/\/www.oarcanjo.net\/site\/setor-belem-faz-peregrinacao-do-ano-paulino\/#primaryimage\",\"url\":\"https:\/\/www.oarcanjo.net\/site\/wp-content\/uploads\/peregrinacao-anopaulino-sbelem_07032009_02.jpg\",\"contentUrl\":\"https:\/\/www.oarcanjo.net\/site\/wp-content\/uploads\/peregrinacao-anopaulino-sbelem_07032009_02.jpg\",\"width\":300,\"height\":200,\"caption\":\"Peregrina\u00e7\u00e3o do Ano Paulino - 07 de mar\u00e7o de 2009\"},{\"@type\":\"BreadcrumbList\",\"@id\":\"https:\/\/www.oarcanjo.net\/site\/setor-belem-faz-peregrinacao-do-ano-paulino\/#breadcrumb\",\"itemListElement\":[{\"@type\":\"ListItem\",\"position\":1,\"name\":\"In\u00edcio\",\"item\":\"https:\/\/www.oarcanjo.net\/site\/\"},{\"@type\":\"ListItem\",\"position\":2,\"name\":\"Setor Bel\u00e9m faz peregrina\u00e7\u00e3o do Ano Paulino\"}]},{\"@type\":\"WebSite\",\"@id\":\"https:\/\/www.oarcanjo.net\/site\/#website\",\"url\":\"https:\/\/www.oarcanjo.net\/site\/\",\"name\":\"O Arcanjo no ar\",\"description\":\"Site da Par\u00f3quia S\u00e3o Miguel Arcanjo (Arquidiocese de SP)\",\"publisher\":{\"@id\":\"https:\/\/www.oarcanjo.net\/site\/#organization\"},\"potentialAction\":[{\"@type\":\"SearchAction\",\"target\":{\"@type\":\"EntryPoint\",\"urlTemplate\":\"https:\/\/www.oarcanjo.net\/site\/?s={search_term_string}\"},\"query-input\":{\"@type\":\"PropertyValueSpecification\",\"valueRequired\":true,\"valueName\":\"search_term_string\"}}],\"inLanguage\":\"pt-BR\"},{\"@type\":\"Organization\",\"@id\":\"https:\/\/www.oarcanjo.net\/site\/#organization\",\"name\":\"Par\u00f3quia S\u00e3o Miguel Arcanjo\",\"url\":\"https:\/\/www.oarcanjo.net\/site\/\",\"logo\":{\"@type\":\"ImageObject\",\"inLanguage\":\"pt-BR\",\"@id\":\"https:\/\/www.oarcanjo.net\/site\/#\/schema\/logo\/image\/\",\"url\":\"https:\/\/www.oarcanjo.net\/site\/wp-content\/uploads\/LogoOArcanjo.png\",\"contentUrl\":\"https:\/\/www.oarcanjo.net\/site\/wp-content\/uploads\/LogoOArcanjo.png\",\"width\":319,\"height\":99,\"caption\":\"Par\u00f3quia S\u00e3o Miguel Arcanjo\"},\"image\":{\"@id\":\"https:\/\/www.oarcanjo.net\/site\/#\/schema\/logo\/image\/\"},\"sameAs\":[\"https:\/\/www.facebook.com\/OArcanjoNoAr\/\"]},{\"@type\":\"Person\",\"@id\":\"https:\/\/www.oarcanjo.net\/site\/#\/schema\/person\/8f702af457b0cfb4ac1a7228ee23f026\",\"name\":\"rubens.meyer\"}]}<\/script>\n<!-- \/ Yoast SEO plugin. -->","yoast_head_json":{"title":"Setor Bel\u00e9m faz peregrina\u00e7\u00e3o do Ano Paulino - O Arcanjo no ar","robots":{"index":"index","follow":"follow","max-snippet":"max-snippet:-1","max-image-preview":"max-image-preview:large","max-video-preview":"max-video-preview:-1"},"canonical":"https:\/\/www.oarcanjo.net\/site\/setor-belem-faz-peregrinacao-do-ano-paulino\/","og_locale":"pt_BR","og_type":"article","og_title":"Setor Bel\u00e9m faz peregrina\u00e7\u00e3o do Ano Paulino - O Arcanjo no ar","og_description":"O Setor Bel\u00e9m fez peregrina\u00e7\u00e3o do ano santo no s\u00e1bado, dia 7. A comunidade S\u00e3o Miguel Arcanjo se encontrou na par\u00f3quia logo cedo e saiu em caminhada \u00e0s 9h30 pelas ruas da Mooca at\u00e9 a igreja S\u00e3o Paulo Ap\u00f3stolo, santu\u00e1rio do Ano Paulino, onde foi celebrada missa. Veja as imagens abaixo: Your browser does not [&hellip;]","og_url":"https:\/\/www.oarcanjo.net\/site\/setor-belem-faz-peregrinacao-do-ano-paulino\/","og_site_name":"O Arcanjo no ar","article_publisher":"https:\/\/www.facebook.com\/OArcanjoNoAr\/","article_published_time":"2009-03-08T17:47:02+00:00","article_modified_time":"2009-04-10T16:29:08+00:00","og_image":[{"url":"http:\/\/www.oarcanjo.net\/site\/wp-content\/uploads\/peregrinacao-anopaulino-sbelem_07032009_02.jpg"}],"author":"rubens.meyer","twitter_card":"summary_large_image","twitter_misc":{"Escrito por":"rubens.meyer","Est. tempo de leitura":"1 minuto"},"schema":{"@context":"https:\/\/schema.org","@graph":[{"@type":"Article","@id":"https:\/\/www.oarcanjo.net\/site\/setor-belem-faz-peregrinacao-do-ano-paulino\/#article","isPartOf":{"@id":"https:\/\/www.oarcanjo.net\/site\/setor-belem-faz-peregrinacao-do-ano-paulino\/"},"author":{"name":"rubens.meyer","@id":"https:\/\/www.oarcanjo.net\/site\/#\/schema\/person\/8f702af457b0cfb4ac1a7228ee23f026"},"headline":"Setor Bel\u00e9m faz peregrina\u00e7\u00e3o do Ano Paulino","datePublished":"2009-03-08T17:47:02+00:00","dateModified":"2009-04-10T16:29:08+00:00","mainEntityOfPage":{"@id":"https:\/\/www.oarcanjo.net\/site\/setor-belem-faz-peregrinacao-do-ano-paulino\/"},"wordCount":113,"commentCount":3,"publisher":{"@id":"https:\/\/www.oarcanjo.net\/site\/#organization"},"image":{"@id":"https:\/\/www.oarcanjo.net\/site\/setor-belem-faz-peregrinacao-do-ano-paulino\/#primaryimage"},"thumbnailUrl":"http:\/\/www.oarcanjo.net\/site\/wp-content\/uploads\/peregrinacao-anopaulino-sbelem_07032009_02.jpg","keywords":["ano paulino","ano santo","peregrina\u00e7\u00e3o","Setor Bel\u00e9m"],"articleSection":["Eventos","Not\u00edcias"],"inLanguage":"pt-BR","potentialAction":[{"@type":"CommentAction","name":"Comment","target":["https:\/\/www.oarcanjo.net\/site\/setor-belem-faz-peregrinacao-do-ano-paulino\/#respond"]}]},{"@type":"WebPage","@id":"https:\/\/www.oarcanjo.net\/site\/setor-belem-faz-peregrinacao-do-ano-paulino\/","url":"https:\/\/www.oarcanjo.net\/site\/setor-belem-faz-peregrinacao-do-ano-paulino\/","name":"Setor Bel\u00e9m faz peregrina\u00e7\u00e3o do Ano Paulino - O Arcanjo no ar","isPartOf":{"@id":"https:\/\/www.oarcanjo.net\/site\/#website"},"primaryImageOfPage":{"@id":"https:\/\/www.oarcanjo.net\/site\/setor-belem-faz-peregrinacao-do-ano-paulino\/#primaryimage"},"image":{"@id":"https:\/\/www.oarcanjo.net\/site\/setor-belem-faz-peregrinacao-do-ano-paulino\/#primaryimage"},"thumbnailUrl":"http:\/\/www.oarcanjo.net\/site\/wp-content\/uploads\/peregrinacao-anopaulino-sbelem_07032009_02.jpg","datePublished":"2009-03-08T17:47:02+00:00","dateModified":"2009-04-10T16:29:08+00:00","breadcrumb":{"@id":"https:\/\/www.oarcanjo.net\/site\/setor-belem-faz-peregrinacao-do-ano-paulino\/#breadcrumb"},"inLanguage":"pt-BR","potentialAction":[{"@type":"ReadAction","target":["https:\/\/www.oarcanjo.net\/site\/setor-belem-faz-peregrinacao-do-ano-paulino\/"]}]},{"@type":"ImageObject","inLanguage":"pt-BR","@id":"https:\/\/www.oarcanjo.net\/site\/setor-belem-faz-peregrinacao-do-ano-paulino\/#primaryimage","url":"https:\/\/www.oarcanjo.net\/site\/wp-content\/uploads\/peregrinacao-anopaulino-sbelem_07032009_02.jpg","contentUrl":"https:\/\/www.oarcanjo.net\/site\/wp-content\/uploads\/peregrinacao-anopaulino-sbelem_07032009_02.jpg","width":300,"height":200,"caption":"Peregrina\u00e7\u00e3o do Ano Paulino - 07 de mar\u00e7o de 2009"},{"@type":"BreadcrumbList","@id":"https:\/\/www.oarcanjo.net\/site\/setor-belem-faz-peregrinacao-do-ano-paulino\/#breadcrumb","itemListElement":[{"@type":"ListItem","position":1,"name":"In\u00edcio","item":"https:\/\/www.oarcanjo.net\/site\/"},{"@type":"ListItem","position":2,"name":"Setor Bel\u00e9m faz peregrina\u00e7\u00e3o do Ano Paulino"}]},{"@type":"WebSite","@id":"https:\/\/www.oarcanjo.net\/site\/#website","url":"https:\/\/www.oarcanjo.net\/site\/","name":"O Arcanjo no ar","description":"Site da Par\u00f3quia S\u00e3o Miguel Arcanjo (Arquidiocese de SP)","publisher":{"@id":"https:\/\/www.oarcanjo.net\/site\/#organization"},"potentialAction":[{"@type":"SearchAction","target":{"@type":"EntryPoint","urlTemplate":"https:\/\/www.oarcanjo.net\/site\/?s={search_term_string}"},"query-input":{"@type":"PropertyValueSpecification","valueRequired":true,"valueName":"search_term_string"}}],"inLanguage":"pt-BR"},{"@type":"Organization","@id":"https:\/\/www.oarcanjo.net\/site\/#organization","name":"Par\u00f3quia S\u00e3o Miguel Arcanjo","url":"https:\/\/www.oarcanjo.net\/site\/","logo":{"@type":"ImageObject","inLanguage":"pt-BR","@id":"https:\/\/www.oarcanjo.net\/site\/#\/schema\/logo\/image\/","url":"https:\/\/www.oarcanjo.net\/site\/wp-content\/uploads\/LogoOArcanjo.png","contentUrl":"https:\/\/www.oarcanjo.net\/site\/wp-content\/uploads\/LogoOArcanjo.png","width":319,"height":99,"caption":"Par\u00f3quia S\u00e3o Miguel Arcanjo"},"image":{"@id":"https:\/\/www.oarcanjo.net\/site\/#\/schema\/logo\/image\/"},"sameAs":["https:\/\/www.facebook.com\/OArcanjoNoAr\/"]},{"@type":"Person","@id":"https:\/\/www.oarcanjo.net\/site\/#\/schema\/person\/8f702af457b0cfb4ac1a7228ee23f026","name":"rubens.meyer"}]}},"publishpress_future_action":{"enabled":false,"date":"2026-05-08 21:09:56","action":"category","newStatus":"draft","terms":[],"taxonomy":"category"},"publishpress_future_workflow_manual_trigger":{"enabledWorkflows":[]},"_links":{"self":[{"href":"https:\/\/www.oarcanjo.net\/site\/wp-json\/wp\/v2\/posts\/2292"}],"collection":[{"href":"https:\/\/www.oarcanjo.net\/site\/wp-json\/wp\/v2\/posts"}],"about":[{"href":"https:\/\/www.oarcanjo.net\/site\/wp-json\/wp\/v2\/types\/post"}],"author":[{"embeddable":true,"href":"https:\/\/www.oarcanjo.net\/site\/wp-json\/wp\/v2\/users\/2"}],"replies":[{"embeddable":true,"href":"https:\/\/www.oarcanjo.net\/site\/wp-json\/wp\/v2\/comments?post=2292"}],"version-history":[{"count":0,"href":"https:\/\/www.oarcanjo.net\/site\/wp-json\/wp\/v2\/posts\/2292\/revisions"}],"wp:attachment":[{"href":"https:\/\/www.oarcanjo.net\/site\/wp-json\/wp\/v2\/media?parent=2292"}],"wp:term":[{"taxonomy":"category","embeddable":true,"href":"https:\/\/www.oarcanjo.net\/site\/wp-json\/wp\/v2\/categories?post=2292"},{"taxonomy":"post_tag","embeddable":true,"href":"https:\/\/www.oarcanjo.net\/site\/wp-json\/wp\/v2\/tags?post=2292"}],"curies":[{"name":"wp","href":"https:\/\/api.w.org\/{rel}","templated":true}]}}