
{"id":2298,"date":"2009-03-08T15:20:01","date_gmt":"2009-03-08T18:20:01","guid":{"rendered":"http:\/\/www.oarcanjo.net\/site\/?p=2298"},"modified":"2009-03-16T15:16:01","modified_gmt":"2009-03-16T18:16:01","slug":"carta-aberta-a-uma-menina","status":"publish","type":"post","link":"https:\/\/www.oarcanjo.net\/site\/carta-aberta-a-uma-menina\/","title":{"rendered":"Carta aberta a uma menina"},"content":{"rendered":"<p>Maria Clara Lucchetti Bingemer<\/p>\n<p>No Dia Internacional da Mulher penso a quem homenagear. E s\u00f3 voc\u00ea me vem \u00e0 cabe\u00e7a e \u00e0 pena.  Voc\u00ea que ainda n\u00e3o \u00e9 uma mulher, mas uma menina. Voc\u00ea que tem apenas nove anos, um corpo fr\u00e1gil e magrinho, cabelinhos compridos atados em rabo de cavalo. Voc\u00ea que deveria estar brincando de bonecas e, no entanto teve sua inf\u00e2ncia brutalmente interrompida dentro de sua pr\u00f3pria casa. Voc\u00ea de quem n\u00e3o sei o nome, mas de quem acompanhei a trag\u00e9dia pelos jornais, televis\u00e3o e toda a m\u00eddia dispon\u00edvel neste mundo que se excita de curiosidade com o sofrimento alheio.  <\/p>\n<p>Aquele que acabou com sua vida de menina vivia em sua pr\u00f3pria casa e era marido de sua m\u00e3e. Mas ele n\u00e3o era uma pessoa normal e por isso, \u00e0s escondidas como costumam agir os criminosos, al\u00e9m de ter sua m\u00e3e no leito, tamb\u00e9m para l\u00e1 levava voc\u00ea e sua irm\u00e3 mais velha que al\u00e9m de ser menor ainda era deficiente f\u00edsica. Abusava de voc\u00eas que seguramente por medo ou por inoc\u00eancia n\u00e3o  se queixavam nem o descobriam diante de sua m\u00e3e. E o estupro silencioso continuava povoando a casa que devia ser de conviv\u00eancia familiar, transformando-a em bordel sem paga, usando duas menores para saciar a sede de sexo de um homem que n\u00e3o era marido nem padrasto e sim tarado e criminoso. <\/p>\n<p>Voc\u00ea certamente n\u00e3o entendia nada do que estava se passando com seu corpinho de menina. N\u00e3o entendia por que aqueles seios crescidos, as dores no ventre, o mal estar. E tinha medo de perguntar. Medo de ser mal compreendida, medo de apanhar, de ser castigada. Por isso calou at\u00e9 que as dores se tornaram insuport\u00e1veis e voc\u00ea se abriu com sua m\u00e3e que constatou sua gravidez de g\u00eameos. Sua m\u00e3e que nunca desconfiou de nada porque seu padrasto tratava voc\u00ea muito bem.  \u201cEle tratava ela sempre muito bem, eu n\u00e3o ia achar que era por mal\u201d disse sua m\u00e3e \u00e0 imprensa.<\/p>\n<p>Eu acredito nela. S\u00e3o t\u00e3o indefesas as mulheres diante do homem a quem amam e com quem vivem, muitas vezes. S\u00e3o t\u00e3o impotentes para reconhecer que muitas vezes, infelizmente, eles s\u00f3 querem us\u00e1-las ou faz\u00ea-las de ponte para usar as filhas menores que est\u00e3o com elas. N\u00e3o foi apenas sua m\u00e3e que sofreu esse horror. Gente muito mais culta, formada e intelectualizada que ela, como a grande atriz de cinema Mia Farrow, h\u00e1 alguns anos atr\u00e1s, teve que passar pela dor insuport\u00e1vel de ver seu marido, o talentos\u00edssimo diretor Woody Allen, admitir que molestava sexualmente suas duas filhas \u2013 uma adolescente de 15 anos e outra pequena ainda \u2013 e que ia separar-se dela para viver com a mais velha, uma linda vietnamita que os dois haviam adotado juntos para criar e proteger. <\/p>\n<p>Eu sei, querida, que mal de muitos n\u00e3o \u00e9 consolo a n\u00e3o ser de bobos. N\u00e3o \u00e9 porque seu caso n\u00e3o \u00e9 o \u00fanico que \u00e9 menos brutal e horripilante. Recordo hoje suas irm\u00e3s de sexo para que, ainda com o cora\u00e7\u00e3o sensibilizado pela brutalidade do que aconteceu com voc\u00ea, as pessoas tomem consci\u00eancia das barbaridades que ocorrem nesse nosso pa\u00eds, nesse nosso mundo, das quais a mulher \u00e9 v\u00edtima principal.  <\/p>\n<p>N\u00e3o \u00e9 poss\u00edvel que enquanto nos orgulhamos de frivolidades tais como ter \u201cinvestment grade\u201d e havermos sido agregados ao grupo dos pa\u00edses respeit\u00e1veis internacionalmente, ainda admitamos em nosso meio atos de barb\u00e1rie como esse, em t\u00e3o larga escala. Seu caso, infelizmente , apenas engrossa estat\u00edsticas que j\u00e1 t\u00eam dimens\u00f5es simplesmente terr\u00edveis. Nestas \u00faltimas semanas nosso notici\u00e1rio esteve cheio de casos de meninas como voc\u00ea, mais velhas ou mais novas, mas sempre meninas, indefesas e desprotegidas que foram violentadas, sofreram constrangimentos de toda sorte e morreram em conseq\u00fc\u00eancia da viol\u00eancia de que foram v\u00edtimas.<\/p>\n<p>Por isso eu, neste Dia Internacional da Mulher, quando todos celebram as conquistas da mulher emancipada no mercado de trabalho, na vida sexual e em n\u00e3o sei mais quanto terrenos, eu quero homenagear voc\u00ea. A m\u00eddia parecia n\u00e3o se interessar muito por sua pessoa. Estava mais preocupada em confrontar os m\u00e9dicos, o bispo, a pol\u00edcia etc. Estava mais preocupada com a discuss\u00e3o que seu caso ia gerar que ajudaria a vender jornal e audi\u00eancia.<\/p>\n<p>Eu estou preocupada com voc\u00ea. Gostaria de estar perto de voc\u00ea para poder te abra\u00e7ar, te beijar, dizer que voc\u00ea \u00e9 uma pessoa amada e querida por Deus que te criou, que toda essa maldade que se abateu sobre voc\u00ea n\u00e3o pode destruir sua identidade de filha de Deus, que voc\u00ea com a ajuda dele pode superar tudo isso e transformar sua dor em ajuda para que outras meninas n\u00e3o sofram o que voc\u00ea sofreu.<\/p>\n<p>Como estou longe, n\u00e3o posso dar-lhe mais que esse texto. Que voc\u00ea o sinta como um afago, mesmo sem l\u00ea-lo. Feliz Dia Internacional da Mulher, menina an\u00f4nima, feita mulher e m\u00e3e antes do tempo. Que seu fr\u00e1gil corpinho que s\u00f3 vimos de costas, de m\u00e3os dadas com o m\u00e9dico e levar\u00e1 para sempre as marcas desse sofrimento nos sirva de \u00edcone para lembrar-nos que enquanto a viol\u00eancia contra a mulher, sobretudo aquela que \u00e9 menor de idade, for uma realidade t\u00e3o constante em nosso pa\u00eds, n\u00e3o faz o menor sentido comemorarmos estat\u00edsticas que falam de liberta\u00e7\u00e3o da mulher. As v\u00edtimas nos interpelam a n\u00f3s e a nossos discursos triunfalistas. Voltemo-nos para as prioridades que ainda n\u00e3o est\u00e3o atendidas. E quando se virem os frutos, a\u00ed sim, poderemos celebrar.<\/p>\n<p><a href=\"http:\/\/www.oarcanjo.net\/site\/index.php\/noticias\/cnbb-fala-sobre-o-caso-da-menina-violentada-em-pernambuco\/\"><em>Veja tamb\u00e9m a posi\u00e7\u00e3o da CNBB sobre o assunto<\/em><\/a><\/p>\n<div id=\"themify_builder_content-2298\" data-postid=\"2298\" class=\"themify_builder_content themify_builder_content-2298 themify_builder themify_builder_front\">\n\t<\/div>\n<!-- \/themify_builder_content -->","protected":false},"excerpt":{"rendered":"<p>Maria Clara Lucchetti Bingemer No Dia Internacional da Mulher penso a quem homenagear. E s\u00f3 voc\u00ea me vem \u00e0 cabe\u00e7a e \u00e0 pena. Voc\u00ea que ainda n\u00e3o \u00e9 uma mulher, mas uma menina. Voc\u00ea que tem apenas nove anos, um corpo fr\u00e1gil e magrinho, cabelinhos compridos atados em rabo de cavalo. Voc\u00ea que deveria estar [&hellip;]<\/p>\n","protected":false},"author":5,"featured_media":0,"comment_status":"open","ping_status":"open","sticky":false,"template":"","format":"standard","meta":{"ngg_post_thumbnail":0,"footnotes":""},"categories":[9],"tags":[61,326,307,325],"yoast_head":"<!-- This site is optimized with the Yoast SEO plugin v23.5 - https:\/\/yoast.com\/wordpress\/plugins\/seo\/ -->\n<title>Carta aberta a uma menina - O Arcanjo no ar<\/title>\n<meta name=\"robots\" content=\"index, follow, max-snippet:-1, max-image-preview:large, max-video-preview:-1\" \/>\n<link rel=\"canonical\" href=\"https:\/\/www.oarcanjo.net\/site\/carta-aberta-a-uma-menina\/\" \/>\n<meta property=\"og:locale\" content=\"pt_BR\" \/>\n<meta property=\"og:type\" content=\"article\" \/>\n<meta property=\"og:title\" content=\"Carta aberta a uma menina - O Arcanjo no ar\" \/>\n<meta property=\"og:description\" content=\"Maria Clara Lucchetti Bingemer No Dia Internacional da Mulher penso a quem homenagear. E s\u00f3 voc\u00ea me vem \u00e0 cabe\u00e7a e \u00e0 pena. Voc\u00ea que ainda n\u00e3o \u00e9 uma mulher, mas uma menina. Voc\u00ea que tem apenas nove anos, um corpo fr\u00e1gil e magrinho, cabelinhos compridos atados em rabo de cavalo. Voc\u00ea que deveria estar [&hellip;]\" \/>\n<meta property=\"og:url\" content=\"https:\/\/www.oarcanjo.net\/site\/carta-aberta-a-uma-menina\/\" \/>\n<meta property=\"og:site_name\" content=\"O Arcanjo no ar\" \/>\n<meta property=\"article:publisher\" content=\"https:\/\/www.facebook.com\/OArcanjoNoAr\/\" \/>\n<meta property=\"article:published_time\" content=\"2009-03-08T18:20:01+00:00\" \/>\n<meta property=\"article:modified_time\" content=\"2009-03-16T18:16:01+00:00\" \/>\n<meta property=\"og:image\" content=\"https:\/\/www.oarcanjo.net\/site\/wp-content\/uploads\/logo-o-arcanjo-no-ar-facebook.png\" \/>\n\t<meta property=\"og:image:width\" content=\"300\" \/>\n\t<meta property=\"og:image:height\" content=\"300\" \/>\n\t<meta property=\"og:image:type\" content=\"image\/png\" \/>\n<meta name=\"author\" content=\"editor\" \/>\n<meta name=\"twitter:card\" content=\"summary_large_image\" \/>\n<meta name=\"twitter:label1\" content=\"Escrito por\" \/>\n\t<meta name=\"twitter:data1\" content=\"editor\" \/>\n\t<meta name=\"twitter:label2\" content=\"Est. tempo de leitura\" \/>\n\t<meta name=\"twitter:data2\" content=\"5 minutos\" \/>\n<script type=\"application\/ld+json\" class=\"yoast-schema-graph\">{\"@context\":\"https:\/\/schema.org\",\"@graph\":[{\"@type\":\"Article\",\"@id\":\"https:\/\/www.oarcanjo.net\/site\/carta-aberta-a-uma-menina\/#article\",\"isPartOf\":{\"@id\":\"https:\/\/www.oarcanjo.net\/site\/carta-aberta-a-uma-menina\/\"},\"author\":{\"name\":\"editor\",\"@id\":\"https:\/\/www.oarcanjo.net\/site\/#\/schema\/person\/f7024d007863202483a31326673a0838\"},\"headline\":\"Carta aberta a uma menina\",\"datePublished\":\"2009-03-08T18:20:01+00:00\",\"dateModified\":\"2009-03-16T18:16:01+00:00\",\"mainEntityOfPage\":{\"@id\":\"https:\/\/www.oarcanjo.net\/site\/carta-aberta-a-uma-menina\/\"},\"wordCount\":996,\"commentCount\":8,\"publisher\":{\"@id\":\"https:\/\/www.oarcanjo.net\/site\/#organization\"},\"keywords\":[\"aborto\",\"estupro\",\"mulher\",\"viol\u00eancia contra a mulher\"],\"articleSection\":[\"Reflex\u00f5es\"],\"inLanguage\":\"pt-BR\",\"potentialAction\":[{\"@type\":\"CommentAction\",\"name\":\"Comment\",\"target\":[\"https:\/\/www.oarcanjo.net\/site\/carta-aberta-a-uma-menina\/#respond\"]}]},{\"@type\":\"WebPage\",\"@id\":\"https:\/\/www.oarcanjo.net\/site\/carta-aberta-a-uma-menina\/\",\"url\":\"https:\/\/www.oarcanjo.net\/site\/carta-aberta-a-uma-menina\/\",\"name\":\"Carta aberta a uma menina - O Arcanjo no ar\",\"isPartOf\":{\"@id\":\"https:\/\/www.oarcanjo.net\/site\/#website\"},\"datePublished\":\"2009-03-08T18:20:01+00:00\",\"dateModified\":\"2009-03-16T18:16:01+00:00\",\"breadcrumb\":{\"@id\":\"https:\/\/www.oarcanjo.net\/site\/carta-aberta-a-uma-menina\/#breadcrumb\"},\"inLanguage\":\"pt-BR\",\"potentialAction\":[{\"@type\":\"ReadAction\",\"target\":[\"https:\/\/www.oarcanjo.net\/site\/carta-aberta-a-uma-menina\/\"]}]},{\"@type\":\"BreadcrumbList\",\"@id\":\"https:\/\/www.oarcanjo.net\/site\/carta-aberta-a-uma-menina\/#breadcrumb\",\"itemListElement\":[{\"@type\":\"ListItem\",\"position\":1,\"name\":\"In\u00edcio\",\"item\":\"https:\/\/www.oarcanjo.net\/site\/\"},{\"@type\":\"ListItem\",\"position\":2,\"name\":\"Carta aberta a uma menina\"}]},{\"@type\":\"WebSite\",\"@id\":\"https:\/\/www.oarcanjo.net\/site\/#website\",\"url\":\"https:\/\/www.oarcanjo.net\/site\/\",\"name\":\"O Arcanjo no ar\",\"description\":\"Site da Par\u00f3quia S\u00e3o Miguel Arcanjo (Arquidiocese de SP)\",\"publisher\":{\"@id\":\"https:\/\/www.oarcanjo.net\/site\/#organization\"},\"potentialAction\":[{\"@type\":\"SearchAction\",\"target\":{\"@type\":\"EntryPoint\",\"urlTemplate\":\"https:\/\/www.oarcanjo.net\/site\/?s={search_term_string}\"},\"query-input\":{\"@type\":\"PropertyValueSpecification\",\"valueRequired\":true,\"valueName\":\"search_term_string\"}}],\"inLanguage\":\"pt-BR\"},{\"@type\":\"Organization\",\"@id\":\"https:\/\/www.oarcanjo.net\/site\/#organization\",\"name\":\"Par\u00f3quia S\u00e3o Miguel Arcanjo\",\"url\":\"https:\/\/www.oarcanjo.net\/site\/\",\"logo\":{\"@type\":\"ImageObject\",\"inLanguage\":\"pt-BR\",\"@id\":\"https:\/\/www.oarcanjo.net\/site\/#\/schema\/logo\/image\/\",\"url\":\"https:\/\/www.oarcanjo.net\/site\/wp-content\/uploads\/LogoOArcanjo.png\",\"contentUrl\":\"https:\/\/www.oarcanjo.net\/site\/wp-content\/uploads\/LogoOArcanjo.png\",\"width\":319,\"height\":99,\"caption\":\"Par\u00f3quia S\u00e3o Miguel Arcanjo\"},\"image\":{\"@id\":\"https:\/\/www.oarcanjo.net\/site\/#\/schema\/logo\/image\/\"},\"sameAs\":[\"https:\/\/www.facebook.com\/OArcanjoNoAr\/\"]},{\"@type\":\"Person\",\"@id\":\"https:\/\/www.oarcanjo.net\/site\/#\/schema\/person\/f7024d007863202483a31326673a0838\",\"name\":\"editor\",\"sameAs\":[\"http:\/\/www.oarcanjo.net\"]}]}<\/script>\n<!-- \/ Yoast SEO plugin. -->","yoast_head_json":{"title":"Carta aberta a uma menina - O Arcanjo no ar","robots":{"index":"index","follow":"follow","max-snippet":"max-snippet:-1","max-image-preview":"max-image-preview:large","max-video-preview":"max-video-preview:-1"},"canonical":"https:\/\/www.oarcanjo.net\/site\/carta-aberta-a-uma-menina\/","og_locale":"pt_BR","og_type":"article","og_title":"Carta aberta a uma menina - O Arcanjo no ar","og_description":"Maria Clara Lucchetti Bingemer No Dia Internacional da Mulher penso a quem homenagear. E s\u00f3 voc\u00ea me vem \u00e0 cabe\u00e7a e \u00e0 pena. Voc\u00ea que ainda n\u00e3o \u00e9 uma mulher, mas uma menina. Voc\u00ea que tem apenas nove anos, um corpo fr\u00e1gil e magrinho, cabelinhos compridos atados em rabo de cavalo. Voc\u00ea que deveria estar [&hellip;]","og_url":"https:\/\/www.oarcanjo.net\/site\/carta-aberta-a-uma-menina\/","og_site_name":"O Arcanjo no ar","article_publisher":"https:\/\/www.facebook.com\/OArcanjoNoAr\/","article_published_time":"2009-03-08T18:20:01+00:00","article_modified_time":"2009-03-16T18:16:01+00:00","og_image":[{"width":300,"height":300,"url":"https:\/\/www.oarcanjo.net\/site\/wp-content\/uploads\/logo-o-arcanjo-no-ar-facebook.png","type":"image\/png"}],"author":"editor","twitter_card":"summary_large_image","twitter_misc":{"Escrito por":"editor","Est. tempo de leitura":"5 minutos"},"schema":{"@context":"https:\/\/schema.org","@graph":[{"@type":"Article","@id":"https:\/\/www.oarcanjo.net\/site\/carta-aberta-a-uma-menina\/#article","isPartOf":{"@id":"https:\/\/www.oarcanjo.net\/site\/carta-aberta-a-uma-menina\/"},"author":{"name":"editor","@id":"https:\/\/www.oarcanjo.net\/site\/#\/schema\/person\/f7024d007863202483a31326673a0838"},"headline":"Carta aberta a uma menina","datePublished":"2009-03-08T18:20:01+00:00","dateModified":"2009-03-16T18:16:01+00:00","mainEntityOfPage":{"@id":"https:\/\/www.oarcanjo.net\/site\/carta-aberta-a-uma-menina\/"},"wordCount":996,"commentCount":8,"publisher":{"@id":"https:\/\/www.oarcanjo.net\/site\/#organization"},"keywords":["aborto","estupro","mulher","viol\u00eancia contra a mulher"],"articleSection":["Reflex\u00f5es"],"inLanguage":"pt-BR","potentialAction":[{"@type":"CommentAction","name":"Comment","target":["https:\/\/www.oarcanjo.net\/site\/carta-aberta-a-uma-menina\/#respond"]}]},{"@type":"WebPage","@id":"https:\/\/www.oarcanjo.net\/site\/carta-aberta-a-uma-menina\/","url":"https:\/\/www.oarcanjo.net\/site\/carta-aberta-a-uma-menina\/","name":"Carta aberta a uma menina - O Arcanjo no ar","isPartOf":{"@id":"https:\/\/www.oarcanjo.net\/site\/#website"},"datePublished":"2009-03-08T18:20:01+00:00","dateModified":"2009-03-16T18:16:01+00:00","breadcrumb":{"@id":"https:\/\/www.oarcanjo.net\/site\/carta-aberta-a-uma-menina\/#breadcrumb"},"inLanguage":"pt-BR","potentialAction":[{"@type":"ReadAction","target":["https:\/\/www.oarcanjo.net\/site\/carta-aberta-a-uma-menina\/"]}]},{"@type":"BreadcrumbList","@id":"https:\/\/www.oarcanjo.net\/site\/carta-aberta-a-uma-menina\/#breadcrumb","itemListElement":[{"@type":"ListItem","position":1,"name":"In\u00edcio","item":"https:\/\/www.oarcanjo.net\/site\/"},{"@type":"ListItem","position":2,"name":"Carta aberta a uma menina"}]},{"@type":"WebSite","@id":"https:\/\/www.oarcanjo.net\/site\/#website","url":"https:\/\/www.oarcanjo.net\/site\/","name":"O Arcanjo no ar","description":"Site da Par\u00f3quia S\u00e3o Miguel Arcanjo (Arquidiocese de SP)","publisher":{"@id":"https:\/\/www.oarcanjo.net\/site\/#organization"},"potentialAction":[{"@type":"SearchAction","target":{"@type":"EntryPoint","urlTemplate":"https:\/\/www.oarcanjo.net\/site\/?s={search_term_string}"},"query-input":{"@type":"PropertyValueSpecification","valueRequired":true,"valueName":"search_term_string"}}],"inLanguage":"pt-BR"},{"@type":"Organization","@id":"https:\/\/www.oarcanjo.net\/site\/#organization","name":"Par\u00f3quia S\u00e3o Miguel Arcanjo","url":"https:\/\/www.oarcanjo.net\/site\/","logo":{"@type":"ImageObject","inLanguage":"pt-BR","@id":"https:\/\/www.oarcanjo.net\/site\/#\/schema\/logo\/image\/","url":"https:\/\/www.oarcanjo.net\/site\/wp-content\/uploads\/LogoOArcanjo.png","contentUrl":"https:\/\/www.oarcanjo.net\/site\/wp-content\/uploads\/LogoOArcanjo.png","width":319,"height":99,"caption":"Par\u00f3quia S\u00e3o Miguel Arcanjo"},"image":{"@id":"https:\/\/www.oarcanjo.net\/site\/#\/schema\/logo\/image\/"},"sameAs":["https:\/\/www.facebook.com\/OArcanjoNoAr\/"]},{"@type":"Person","@id":"https:\/\/www.oarcanjo.net\/site\/#\/schema\/person\/f7024d007863202483a31326673a0838","name":"editor","sameAs":["http:\/\/www.oarcanjo.net"]}]}},"publishpress_future_action":{"enabled":false,"date":"2026-05-07 17:26:19","action":"category","newStatus":"draft","terms":[],"taxonomy":"category"},"publishpress_future_workflow_manual_trigger":{"enabledWorkflows":[]},"_links":{"self":[{"href":"https:\/\/www.oarcanjo.net\/site\/wp-json\/wp\/v2\/posts\/2298"}],"collection":[{"href":"https:\/\/www.oarcanjo.net\/site\/wp-json\/wp\/v2\/posts"}],"about":[{"href":"https:\/\/www.oarcanjo.net\/site\/wp-json\/wp\/v2\/types\/post"}],"author":[{"embeddable":true,"href":"https:\/\/www.oarcanjo.net\/site\/wp-json\/wp\/v2\/users\/5"}],"replies":[{"embeddable":true,"href":"https:\/\/www.oarcanjo.net\/site\/wp-json\/wp\/v2\/comments?post=2298"}],"version-history":[{"count":0,"href":"https:\/\/www.oarcanjo.net\/site\/wp-json\/wp\/v2\/posts\/2298\/revisions"}],"wp:attachment":[{"href":"https:\/\/www.oarcanjo.net\/site\/wp-json\/wp\/v2\/media?parent=2298"}],"wp:term":[{"taxonomy":"category","embeddable":true,"href":"https:\/\/www.oarcanjo.net\/site\/wp-json\/wp\/v2\/categories?post=2298"},{"taxonomy":"post_tag","embeddable":true,"href":"https:\/\/www.oarcanjo.net\/site\/wp-json\/wp\/v2\/tags?post=2298"}],"curies":[{"name":"wp","href":"https:\/\/api.w.org\/{rel}","templated":true}]}}