
{"id":22990,"date":"2013-09-22T23:21:06","date_gmt":"2013-09-23T02:21:06","guid":{"rendered":"http:\/\/www.oarcanjo.net\/site\/?p=22990"},"modified":"2013-10-21T12:01:27","modified_gmt":"2013-10-21T14:01:27","slug":"batizados-de-setembro-de-2013","status":"publish","type":"post","link":"https:\/\/www.oarcanjo.net\/site\/batizados-de-setembro-de-2013\/","title":{"rendered":"Batizados de setembro de 2013"},"content":{"rendered":"<p style=\"text-align: justify;\">No m\u00eas da B\u00edblia e que tamb\u00e9m comemoramos S\u00e3o Miguel Arcanjo, foram batizadas mais  16 crian\u00e7as na Capela da Universidade S\u00e3o Judas Tadeu, na missa das dez. Assim, neste domingo 22\/09\/13, receberam o sacramento do batismo o Antony Micai Sorbo, Emanuela Arag\u00e3o e Silva, Fernanda Cristina de Godoy, Gabriel Lanhellos Alves Bezerra, Gabriela Ferreira Lopes, Larissa Toshioka Ten\u00f3rio, Lorenzo Paz Ramalho Horn, Lucca Secondo Scomparin,  Lucas Martins, Maria Fernanda Branchi Rodiguez, Maria Luisa Barzi, Matheus Lavez Soares, Miguel Antonio Silva, Pietro Bianchi Vinha, Rafael Merino Ribeiro Fernandes e a Sofia Cetertich Ginteriene.<\/p>\n<p style=\"text-align: justify;\">No Evangelho, segundo Lucas, na parte final (LC 16-1-13): \u201c&#8230; Ningu\u00e9m pode servir a dois senhores, porque ou odiar\u00e1 um e amar\u00e1 o outro, ou se apegar\u00e1 a um e desprezar\u00e1 o outro. V\u00f3s n\u00e3o podeis servir a Deus e ao dinheiro\u201d<\/p>\n<p style=\"text-align: justify;\">Vejam as fotos ngg_shortcode_0_placeholder<\/p>\n<p>&nbsp;<\/p>\n<div id=\"themify_builder_content-22990\" data-postid=\"22990\" class=\"themify_builder_content themify_builder_content-22990 themify_builder themify_builder_front\">\n\t<\/div>\n<!-- \/themify_builder_content -->","protected":false},"excerpt":{"rendered":"<p>No m\u00eas da B\u00edblia e que tamb\u00e9m comemoramos S\u00e3o Miguel Arcanjo, foram batizadas mais 16 crian\u00e7as na Capela da Universidade S\u00e3o Judas Tadeu, na missa das dez. Assim, neste domingo 22\/09\/13, receberam o sacramento do batismo o Antony Micai Sorbo, Emanuela Arag\u00e3o e Silva, Fernanda Cristina de Godoy, Gabriel Lanhellos Alves Bezerra, Gabriela Ferreira Lopes, [&hellip;]<\/p>\n","protected":false},"author":10,"featured_media":0,"comment_status":"open","ping_status":"open","sticky":false,"template":"","format":"standard","meta":{"ngg_post_thumbnail":0,"footnotes":""},"categories":[8],"tags":[],"yoast_head":"<!-- This site is optimized with the Yoast SEO plugin v23.5 - https:\/\/yoast.com\/wordpress\/plugins\/seo\/ -->\n<title>Batizados de setembro de 2013 - O Arcanjo no ar<\/title>\n<meta name=\"robots\" content=\"index, follow, max-snippet:-1, max-image-preview:large, max-video-preview:-1\" \/>\n<link rel=\"canonical\" href=\"https:\/\/www.oarcanjo.net\/site\/batizados-de-setembro-de-2013\/\" \/>\n<meta property=\"og:locale\" content=\"pt_BR\" \/>\n<meta property=\"og:type\" content=\"article\" \/>\n<meta property=\"og:title\" content=\"Batizados de setembro de 2013 - O Arcanjo no ar\" \/>\n<meta property=\"og:description\" content=\"No m\u00eas da B\u00edblia e que tamb\u00e9m comemoramos S\u00e3o Miguel Arcanjo, foram batizadas mais 16 crian\u00e7as na Capela da Universidade S\u00e3o Judas Tadeu, na missa das dez. Assim, neste domingo 22\/09\/13, receberam o sacramento do batismo o Antony Micai Sorbo, Emanuela Arag\u00e3o e Silva, Fernanda Cristina de Godoy, Gabriel Lanhellos Alves Bezerra, Gabriela Ferreira Lopes, [&hellip;]\" \/>\n<meta property=\"og:url\" content=\"https:\/\/www.oarcanjo.net\/site\/batizados-de-setembro-de-2013\/\" \/>\n<meta property=\"og:site_name\" content=\"O Arcanjo no ar\" \/>\n<meta property=\"article:publisher\" content=\"https:\/\/www.facebook.com\/OArcanjoNoAr\/\" \/>\n<meta property=\"article:published_time\" content=\"2013-09-23T02:21:06+00:00\" \/>\n<meta property=\"article:modified_time\" content=\"2013-10-21T14:01:27+00:00\" \/>\n<meta property=\"og:image\" content=\"https:\/\/www.oarcanjo.net\/site\/wp-content\/uploads\/logo-o-arcanjo-no-ar-facebook.png\" \/>\n\t<meta property=\"og:image:width\" content=\"300\" \/>\n\t<meta property=\"og:image:height\" content=\"300\" \/>\n\t<meta property=\"og:image:type\" content=\"image\/png\" \/>\n<meta name=\"author\" content=\"carlos\" \/>\n<meta name=\"twitter:card\" content=\"summary_large_image\" \/>\n<meta name=\"twitter:label1\" content=\"Escrito por\" \/>\n\t<meta name=\"twitter:data1\" content=\"carlos\" \/>\n\t<meta name=\"twitter:label2\" content=\"Est. tempo de leitura\" \/>\n\t<meta name=\"twitter:data2\" content=\"1 minuto\" \/>\n<script type=\"application\/ld+json\" class=\"yoast-schema-graph\">{\"@context\":\"https:\/\/schema.org\",\"@graph\":[{\"@type\":\"Article\",\"@id\":\"https:\/\/www.oarcanjo.net\/site\/batizados-de-setembro-de-2013\/#article\",\"isPartOf\":{\"@id\":\"https:\/\/www.oarcanjo.net\/site\/batizados-de-setembro-de-2013\/\"},\"author\":{\"name\":\"carlos\",\"@id\":\"https:\/\/www.oarcanjo.net\/site\/#\/schema\/person\/f7870e710d8c8c30673de3a0ac2e451d\"},\"headline\":\"Batizados de setembro de 2013\",\"datePublished\":\"2013-09-23T02:21:06+00:00\",\"dateModified\":\"2013-10-21T14:01:27+00:00\",\"mainEntityOfPage\":{\"@id\":\"https:\/\/www.oarcanjo.net\/site\/batizados-de-setembro-de-2013\/\"},\"wordCount\":153,\"commentCount\":1,\"publisher\":{\"@id\":\"https:\/\/www.oarcanjo.net\/site\/#organization\"},\"articleSection\":[\"Not\u00edcias\"],\"inLanguage\":\"pt-BR\",\"potentialAction\":[{\"@type\":\"CommentAction\",\"name\":\"Comment\",\"target\":[\"https:\/\/www.oarcanjo.net\/site\/batizados-de-setembro-de-2013\/#respond\"]}]},{\"@type\":\"WebPage\",\"@id\":\"https:\/\/www.oarcanjo.net\/site\/batizados-de-setembro-de-2013\/\",\"url\":\"https:\/\/www.oarcanjo.net\/site\/batizados-de-setembro-de-2013\/\",\"name\":\"Batizados de setembro de 2013 - O Arcanjo no ar\",\"isPartOf\":{\"@id\":\"https:\/\/www.oarcanjo.net\/site\/#website\"},\"datePublished\":\"2013-09-23T02:21:06+00:00\",\"dateModified\":\"2013-10-21T14:01:27+00:00\",\"breadcrumb\":{\"@id\":\"https:\/\/www.oarcanjo.net\/site\/batizados-de-setembro-de-2013\/#breadcrumb\"},\"inLanguage\":\"pt-BR\",\"potentialAction\":[{\"@type\":\"ReadAction\",\"target\":[\"https:\/\/www.oarcanjo.net\/site\/batizados-de-setembro-de-2013\/\"]}]},{\"@type\":\"BreadcrumbList\",\"@id\":\"https:\/\/www.oarcanjo.net\/site\/batizados-de-setembro-de-2013\/#breadcrumb\",\"itemListElement\":[{\"@type\":\"ListItem\",\"position\":1,\"name\":\"In\u00edcio\",\"item\":\"https:\/\/www.oarcanjo.net\/site\/\"},{\"@type\":\"ListItem\",\"position\":2,\"name\":\"Batizados de setembro de 2013\"}]},{\"@type\":\"WebSite\",\"@id\":\"https:\/\/www.oarcanjo.net\/site\/#website\",\"url\":\"https:\/\/www.oarcanjo.net\/site\/\",\"name\":\"O Arcanjo no ar\",\"description\":\"Site da Par\u00f3quia S\u00e3o Miguel Arcanjo (Arquidiocese de SP)\",\"publisher\":{\"@id\":\"https:\/\/www.oarcanjo.net\/site\/#organization\"},\"potentialAction\":[{\"@type\":\"SearchAction\",\"target\":{\"@type\":\"EntryPoint\",\"urlTemplate\":\"https:\/\/www.oarcanjo.net\/site\/?s={search_term_string}\"},\"query-input\":{\"@type\":\"PropertyValueSpecification\",\"valueRequired\":true,\"valueName\":\"search_term_string\"}}],\"inLanguage\":\"pt-BR\"},{\"@type\":\"Organization\",\"@id\":\"https:\/\/www.oarcanjo.net\/site\/#organization\",\"name\":\"Par\u00f3quia S\u00e3o Miguel Arcanjo\",\"url\":\"https:\/\/www.oarcanjo.net\/site\/\",\"logo\":{\"@type\":\"ImageObject\",\"inLanguage\":\"pt-BR\",\"@id\":\"https:\/\/www.oarcanjo.net\/site\/#\/schema\/logo\/image\/\",\"url\":\"https:\/\/www.oarcanjo.net\/site\/wp-content\/uploads\/LogoOArcanjo.png\",\"contentUrl\":\"https:\/\/www.oarcanjo.net\/site\/wp-content\/uploads\/LogoOArcanjo.png\",\"width\":319,\"height\":99,\"caption\":\"Par\u00f3quia S\u00e3o Miguel Arcanjo\"},\"image\":{\"@id\":\"https:\/\/www.oarcanjo.net\/site\/#\/schema\/logo\/image\/\"},\"sameAs\":[\"https:\/\/www.facebook.com\/OArcanjoNoAr\/\"]},{\"@type\":\"Person\",\"@id\":\"https:\/\/www.oarcanjo.net\/site\/#\/schema\/person\/f7870e710d8c8c30673de3a0ac2e451d\",\"name\":\"carlos\"}]}<\/script>\n<!-- \/ Yoast SEO plugin. -->","yoast_head_json":{"title":"Batizados de setembro de 2013 - O Arcanjo no ar","robots":{"index":"index","follow":"follow","max-snippet":"max-snippet:-1","max-image-preview":"max-image-preview:large","max-video-preview":"max-video-preview:-1"},"canonical":"https:\/\/www.oarcanjo.net\/site\/batizados-de-setembro-de-2013\/","og_locale":"pt_BR","og_type":"article","og_title":"Batizados de setembro de 2013 - O Arcanjo no ar","og_description":"No m\u00eas da B\u00edblia e que tamb\u00e9m comemoramos S\u00e3o Miguel Arcanjo, foram batizadas mais 16 crian\u00e7as na Capela da Universidade S\u00e3o Judas Tadeu, na missa das dez. Assim, neste domingo 22\/09\/13, receberam o sacramento do batismo o Antony Micai Sorbo, Emanuela Arag\u00e3o e Silva, Fernanda Cristina de Godoy, Gabriel Lanhellos Alves Bezerra, Gabriela Ferreira Lopes, [&hellip;]","og_url":"https:\/\/www.oarcanjo.net\/site\/batizados-de-setembro-de-2013\/","og_site_name":"O Arcanjo no ar","article_publisher":"https:\/\/www.facebook.com\/OArcanjoNoAr\/","article_published_time":"2013-09-23T02:21:06+00:00","article_modified_time":"2013-10-21T14:01:27+00:00","og_image":[{"width":300,"height":300,"url":"https:\/\/www.oarcanjo.net\/site\/wp-content\/uploads\/logo-o-arcanjo-no-ar-facebook.png","type":"image\/png"}],"author":"carlos","twitter_card":"summary_large_image","twitter_misc":{"Escrito por":"carlos","Est. tempo de leitura":"1 minuto"},"schema":{"@context":"https:\/\/schema.org","@graph":[{"@type":"Article","@id":"https:\/\/www.oarcanjo.net\/site\/batizados-de-setembro-de-2013\/#article","isPartOf":{"@id":"https:\/\/www.oarcanjo.net\/site\/batizados-de-setembro-de-2013\/"},"author":{"name":"carlos","@id":"https:\/\/www.oarcanjo.net\/site\/#\/schema\/person\/f7870e710d8c8c30673de3a0ac2e451d"},"headline":"Batizados de setembro de 2013","datePublished":"2013-09-23T02:21:06+00:00","dateModified":"2013-10-21T14:01:27+00:00","mainEntityOfPage":{"@id":"https:\/\/www.oarcanjo.net\/site\/batizados-de-setembro-de-2013\/"},"wordCount":153,"commentCount":1,"publisher":{"@id":"https:\/\/www.oarcanjo.net\/site\/#organization"},"articleSection":["Not\u00edcias"],"inLanguage":"pt-BR","potentialAction":[{"@type":"CommentAction","name":"Comment","target":["https:\/\/www.oarcanjo.net\/site\/batizados-de-setembro-de-2013\/#respond"]}]},{"@type":"WebPage","@id":"https:\/\/www.oarcanjo.net\/site\/batizados-de-setembro-de-2013\/","url":"https:\/\/www.oarcanjo.net\/site\/batizados-de-setembro-de-2013\/","name":"Batizados de setembro de 2013 - O Arcanjo no ar","isPartOf":{"@id":"https:\/\/www.oarcanjo.net\/site\/#website"},"datePublished":"2013-09-23T02:21:06+00:00","dateModified":"2013-10-21T14:01:27+00:00","breadcrumb":{"@id":"https:\/\/www.oarcanjo.net\/site\/batizados-de-setembro-de-2013\/#breadcrumb"},"inLanguage":"pt-BR","potentialAction":[{"@type":"ReadAction","target":["https:\/\/www.oarcanjo.net\/site\/batizados-de-setembro-de-2013\/"]}]},{"@type":"BreadcrumbList","@id":"https:\/\/www.oarcanjo.net\/site\/batizados-de-setembro-de-2013\/#breadcrumb","itemListElement":[{"@type":"ListItem","position":1,"name":"In\u00edcio","item":"https:\/\/www.oarcanjo.net\/site\/"},{"@type":"ListItem","position":2,"name":"Batizados de setembro de 2013"}]},{"@type":"WebSite","@id":"https:\/\/www.oarcanjo.net\/site\/#website","url":"https:\/\/www.oarcanjo.net\/site\/","name":"O Arcanjo no ar","description":"Site da Par\u00f3quia S\u00e3o Miguel Arcanjo (Arquidiocese de SP)","publisher":{"@id":"https:\/\/www.oarcanjo.net\/site\/#organization"},"potentialAction":[{"@type":"SearchAction","target":{"@type":"EntryPoint","urlTemplate":"https:\/\/www.oarcanjo.net\/site\/?s={search_term_string}"},"query-input":{"@type":"PropertyValueSpecification","valueRequired":true,"valueName":"search_term_string"}}],"inLanguage":"pt-BR"},{"@type":"Organization","@id":"https:\/\/www.oarcanjo.net\/site\/#organization","name":"Par\u00f3quia S\u00e3o Miguel Arcanjo","url":"https:\/\/www.oarcanjo.net\/site\/","logo":{"@type":"ImageObject","inLanguage":"pt-BR","@id":"https:\/\/www.oarcanjo.net\/site\/#\/schema\/logo\/image\/","url":"https:\/\/www.oarcanjo.net\/site\/wp-content\/uploads\/LogoOArcanjo.png","contentUrl":"https:\/\/www.oarcanjo.net\/site\/wp-content\/uploads\/LogoOArcanjo.png","width":319,"height":99,"caption":"Par\u00f3quia S\u00e3o Miguel Arcanjo"},"image":{"@id":"https:\/\/www.oarcanjo.net\/site\/#\/schema\/logo\/image\/"},"sameAs":["https:\/\/www.facebook.com\/OArcanjoNoAr\/"]},{"@type":"Person","@id":"https:\/\/www.oarcanjo.net\/site\/#\/schema\/person\/f7870e710d8c8c30673de3a0ac2e451d","name":"carlos"}]}},"publishpress_future_action":{"enabled":false,"date":"2026-05-10 05:11:58","action":"category","newStatus":"draft","terms":[],"taxonomy":"category"},"publishpress_future_workflow_manual_trigger":{"enabledWorkflows":[]},"_links":{"self":[{"href":"https:\/\/www.oarcanjo.net\/site\/wp-json\/wp\/v2\/posts\/22990"}],"collection":[{"href":"https:\/\/www.oarcanjo.net\/site\/wp-json\/wp\/v2\/posts"}],"about":[{"href":"https:\/\/www.oarcanjo.net\/site\/wp-json\/wp\/v2\/types\/post"}],"author":[{"embeddable":true,"href":"https:\/\/www.oarcanjo.net\/site\/wp-json\/wp\/v2\/users\/10"}],"replies":[{"embeddable":true,"href":"https:\/\/www.oarcanjo.net\/site\/wp-json\/wp\/v2\/comments?post=22990"}],"version-history":[{"count":0,"href":"https:\/\/www.oarcanjo.net\/site\/wp-json\/wp\/v2\/posts\/22990\/revisions"}],"wp:attachment":[{"href":"https:\/\/www.oarcanjo.net\/site\/wp-json\/wp\/v2\/media?parent=22990"}],"wp:term":[{"taxonomy":"category","embeddable":true,"href":"https:\/\/www.oarcanjo.net\/site\/wp-json\/wp\/v2\/categories?post=22990"},{"taxonomy":"post_tag","embeddable":true,"href":"https:\/\/www.oarcanjo.net\/site\/wp-json\/wp\/v2\/tags?post=22990"}],"curies":[{"name":"wp","href":"https:\/\/api.w.org\/{rel}","templated":true}]}}