
{"id":23000,"date":"2013-09-23T20:55:40","date_gmt":"2013-09-23T23:55:40","guid":{"rendered":"http:\/\/www.oarcanjo.net\/site\/?p=23000"},"modified":"2013-09-23T20:56:40","modified_gmt":"2013-09-23T23:56:40","slug":"a-intregra-do-discurso-do-papa-francisco-ao-mundo-do-trabalho-na-manha-deste-domingo-em-cagliari","status":"publish","type":"post","link":"https:\/\/www.oarcanjo.net\/site\/a-intregra-do-discurso-do-papa-francisco-ao-mundo-do-trabalho-na-manha-deste-domingo-em-cagliari\/","title":{"rendered":"A \u00edntregra do discurso do Papa Francisco ao mundo do trabalho, na manh\u00e3 deste domingo em Cagliari"},"content":{"rendered":"<p>&#8220;Queridos irm\u00e3os e irm\u00e3s, bom dia!<\/p>\n<p>Vos sa\u00fado cordialmente: trabalhadores, empres\u00e1rios, autoridades, fam\u00edlias presentes, em particular o Arcebispo Dom Arrrigo Miglio e aqueles tr\u00eas de voc\u00eas que expressaram os vossos problemas, as vossas expectativas, as vossas esperan\u00e7as. Esta visita \u2013 como dizia \u2013 inicia justamente com voc\u00eas, que formam o mundo do trabalho. Com este encontro desejo sobretudo expressar-vos a minha proximidade, especialmente \u00e0s situa\u00e7\u00f5es de sofrimento: a tantos jovens desempregados, \u00e0s pessoas que vivem precariamente, aos empreendedores e comerciantes que t\u00eam que lutar para seguir em frente. \u00c9 uma realidade que conhe\u00e7o bem pela experi\u00eancia vivida na Argentina. Eu n\u00e3o a conheci, mas a minha fam\u00edlia sim: meu pai, jovem, foi para a Argentina cheio de ilus\u00f5es para \u201cfazer a Am\u00e9rica\u201d. E sofreu a terr\u00edvel crise dos anos 30. Perderam tudo! N\u00e3o havia trabalho! E eu escutava, na minha inf\u00e2ancia, falar desta \u00e9poca, em casa&#8230;.Eu n\u00e3o a vi, n\u00e3o era ainda nascido, mas escutava dentro de casa sobre este sofrimento, falar deste sofrimento. Conhe\u00e7o bem isto! Mas devo vos dizer: Coragem! Mas tamb\u00e9m tenho consci\u00eancia que devo fazer tudo da minha parte, para que esta palavra \u201ccoragem\u201d n\u00e3o seja uma bela palavra de passagem! N\u00e3o seja somente um sorriso cordial de funcion\u00e1rio, de um funcion\u00e1rio da Igreja que vem e vos diz \u201cCoragem!\u201d. N\u00e3o! Isto eu n\u00e3o quero! Eu quero que esta coragem venha de dentro e me leve a fazer de tudo como Pastor, como homem. Devemos enfrentar com solidariedade, entre voc\u00eas \u2013 tamb\u00e9m entre n\u00f3s \u2013 todos com solidariedade e intelig\u00eancia, este desafio hist\u00f3rico.<\/p>\n<p>Esta \u00e9 a segunda cidade que visito na It\u00e1lia. \u00c9 curioso: todas as duas \u2013 a primeira e esta \u2013 s\u00e3o ilhas. Na primeira eu vi o sofrimento de tanta gente que procura, arriscando a vida, dginidade, p\u00e3o e sa\u00fade: o mundo dos refugiados. E vi a resposta daquela cidade, que \u2013 sendo ilha -, n\u00e3o quis isolar-se e recebe um deles e o faz como seu; nos d\u00e1 um exemplo de acolhida: sofrimento e resposta positiva. Aqui, nesta segunda cidade, ilha que visito, tamb\u00e9m aqui encontro sofrimento. Um sofrimento que um de voc\u00eas me disse que \u201cte enfraquece e acaba roubando a esperan\u00e7a\u201d. Um sofrimento \u2013 a falta de trabalho \u2013 que te leva \u2013 perdoem-me se sou um pouco forte, mas digo a verdade &#8211; a sentir-te sem dignidade! Onde n\u00e3o existe trabalho, falta a dignidade! E isto n\u00e3o \u00e9 um problema da Sardenha somente, mas \u00e9 muito forte aqui! N\u00e3o \u00e9 um problema somente da It\u00e1lia ou de alguns pa\u00edses da Europa, \u00e9 a consequ\u00eancia de uma escolha mundial, de um sistema econ\u00f4mico que leva a esta trag\u00e9dia; um sistema econ\u00f4mico que tem no seu centro um \u00eddolo, que se chama dinheiro.<\/p>\n<p>Deus quis que no centro do mundo n\u00e3o esteja o \u00eddolo, mas o homem, o homem e a mulher, que levam em frente, com o pr\u00f3prio trabalho, o mundo. Mas agora, neste sistema sem \u00e9tica, ao centro est\u00e1 um \u00eddolo e o mundo tornou-se id\u00f3latra deste &#8216;deus-dinheiro&#8217;. Manda o dinheiro! Manda o dinheiro! Comanda todas as coisas que servem a ele, a este \u00eddolo. E o que acontece? Para defender este \u00eddolo todos se juntam no centro e caem as extremidades, caem os anci\u00e3os, porque neste mundo, n\u00e3o existe lugar para eles! Alguns chamam esta pr\u00e1tica de \u201ceutanasia disfar\u00e7ada\u201d, de n\u00e3o cuidar deles, de n\u00e3o lev\u00e1-los em conta&#8230; \u201cSim, deixem-nos para l\u00e1&#8230;\u201d. E caem os jovens que n\u00e3o encontram o trabalho e a dignidade. Mas pensa, num mundo onde os jovens \u2013 duas gera\u00e7\u00f5es de jovens \u2013 n\u00e3o t\u00eam trabalho. N\u00e3o tem futuro este mundo. Por que? Porque eles n\u00e3o t\u00eam dignidade! \u00c9 dif\u00edcil ter dignidade sem trabalho. Este \u00e9 o sofrimento de voc\u00eas aqui. Esta \u00e9 a ora\u00e7\u00e3o que voc\u00eas de l\u00e1 gritavam: \u201cTrabalho, Trabalho, Trabalho!\u201d. \u00c9 uma ora\u00e7\u00e3o necess\u00e1ria. Trabalho quer dizer dignidade, trabalho quer dizer levar o p\u00e3o para casa, trabalho quer dizer amar! Para defender este sistema econ\u00f4mico idol\u00e1trico, se instaura a &#8216;cultura do descart\u00e1vel&#8217;: se descartam os av\u00f3s e se descartam os jovens. E n\u00f3s devemos dizer n\u00e3o a esta cultural do descart\u00e1vel. N\u00f3s devemos dizer: \u201cQueremos um sistema justo! Um sistema que nos fa\u00e7a seguir em frente, todos\u201d. Devemos dizer: \u201cN\u00f3s n\u00e3o queremos este sistema econ\u00f4mico globalizado, que nos faz tanto mal!\u201d. No centro, deve estar o homem e a mulher, como Deus quer, e n\u00e3o o dinheiro!<\/p>\n<p>Eu havia escrito algumas coisas para voc\u00eas, mas, olhando para voc\u00eas, me vieram estas palavras. Eu entregarei ao Bispo estas palavras escritas, como se tivessem sido ditas. Mas eu preferi dizer a voc\u00eas aquilo que me vem do cora\u00e7\u00e3o, olhando-vos neste momento! Olhem, \u00e9 f\u00e1cil dizer &#8216;n\u00e3o percam a esperan\u00e7a&#8217;. Mas a todos, a todos voc\u00eas, \u00e0queles que t\u00eam trabalho e \u00e0queles que n\u00e3o t\u00eam, digo: \u201cN\u00e3o vos deixem roubar a esperan\u00e7a!\u201d. \u201cN\u00e3o deixem que vos roubem a esperan\u00e7a!\u201d. Talvez a esperan\u00e7a seja como brasas sob as cinzas; ajudemo-nos com a solidariedade, assoprando sobre as cinzas, para que o fogo se acenda novamente. Mas a esperan\u00e7a nos leva em frente. Isto n\u00e3o \u00e9 otimismo, \u00e9 uma outa coisa. Mas a esperan\u00e7a de algu\u00e9m, \u00e9 de todos! A esperan\u00e7a devemos t\u00ea-la entre todos, todos voc\u00eas e todos n\u00f3s que estamos longe. A esperan\u00e7a \u00e9 uma coisa vossa e nossa. \u00c9 algo de todos! Por isto vos digo: N\u00e3o vos deixem roubar a esperan\u00e7a\u201d. Mas somos espertos, porque o Senhor nos disse que os \u00eddolos s\u00e3o mais espertos do que n\u00f3s. O Senhor nos convida a ter a esperteza das serpentes, com a bondade das pombas. Temos esta esperteza e dizemos as coisas com o pr\u00f3prio nome. Neste momento, no nosso sistema econ\u00f4mico, no nosso sistema proposto globalizado de vida, no centro est\u00e1 um \u00eddolo e isto n\u00e3o pode ser! Lutemos todos juntos para que no centro, ao menos das nossas vidas, esteja o homem e a mulher, a fam\u00edlia, todos n\u00f3s, para que a esperan\u00e7a possa seguir em frente. \u201dN\u00e3o vos deixem roubar a esperan\u00e7a\u201d.<\/p>\n<p>Agora gostaria de finalizar rezando com todos voc\u00eas, em sil\u00eancio, rezando com todos voc\u00eas. Eu direi aquilo que me vem no cora\u00e7\u00e3o e voc\u00eas, em sil\u00eancio, rezem comigo.<\/p>\n<p>\u201cSenhor Deus, guardai-nos! Guarda esta cidade, esta ilha. Guarda as nossas fam\u00edlias.<br \/>\nSenhor, a Ti n\u00e3o faltou trabalho, fostes marceneiro, eras feliz.<br \/>\nSenhor, nos falta trabalho.<br \/>\nOs \u00eddolos querem nos roubar a dignidade. Os sistemas injustos querem roubar-nos a esperan\u00e7a.<br \/>\nSenhor, n\u00e3o nos deixe sozinhos. Ajuda-nos a ajudarmo-nos entre n\u00f3s; que esque\u00e7amos um pouco o ego\u00edsmo e sintamos no cora\u00e7\u00e3o o &#8216;n\u00f3s&#8217;, n\u00f3s povo que quer seguir em frente.<br \/>\nSenhor Jesus, a Ti n\u00e3o faltou o trabalho, d\u00e1-nos trabalho e ensina-nos a lutar pelo trabalho e aben\u00e7oa a todos n\u00f3s.<br \/>\nEm nome do Pai, do Filho e do Esp\u00edrito Santo\u201d.<\/p>\n<p>Muito obrigado e rezem por mim!&#8221;<\/p>\n<p><em>PAPA FRANCISCO \u2013 CALGIARI 22.09.2013<\/em><\/p>\n<p><em>Fonte: R\u00e1dio Vaticano &#8211; Programa Brasileiro<\/em><\/p>\n<div id=\"themify_builder_content-23000\" data-postid=\"23000\" class=\"themify_builder_content themify_builder_content-23000 themify_builder themify_builder_front\">\n\t<\/div>\n<!-- \/themify_builder_content -->","protected":false},"excerpt":{"rendered":"<p>&#8220;Queridos irm\u00e3os e irm\u00e3s, bom dia! Vos sa\u00fado cordialmente: trabalhadores, empres\u00e1rios, autoridades, fam\u00edlias presentes, em particular o Arcebispo Dom Arrrigo Miglio e aqueles tr\u00eas de voc\u00eas que expressaram os vossos problemas, as vossas expectativas, as vossas esperan\u00e7as. Esta visita \u2013 como dizia \u2013 inicia justamente com voc\u00eas, que formam o mundo do trabalho. Com este [&hellip;]<\/p>\n","protected":false},"author":5,"featured_media":0,"comment_status":"open","ping_status":"open","sticky":false,"template":"","format":"standard","meta":{"ngg_post_thumbnail":0,"footnotes":""},"categories":[8],"tags":[2641,2433,587],"yoast_head":"<!-- This site is optimized with the Yoast SEO plugin v23.5 - https:\/\/yoast.com\/wordpress\/plugins\/seo\/ -->\n<title>A \u00edntregra do discurso do Papa Francisco ao mundo do trabalho, na manh\u00e3 deste domingo em Cagliari - O Arcanjo no ar<\/title>\n<meta name=\"robots\" content=\"index, follow, max-snippet:-1, max-image-preview:large, max-video-preview:-1\" \/>\n<link rel=\"canonical\" href=\"https:\/\/www.oarcanjo.net\/site\/a-intregra-do-discurso-do-papa-francisco-ao-mundo-do-trabalho-na-manha-deste-domingo-em-cagliari\/\" \/>\n<meta property=\"og:locale\" content=\"pt_BR\" \/>\n<meta property=\"og:type\" content=\"article\" \/>\n<meta property=\"og:title\" content=\"A \u00edntregra do discurso do Papa Francisco ao mundo do trabalho, na manh\u00e3 deste domingo em Cagliari - O Arcanjo no ar\" \/>\n<meta property=\"og:description\" content=\"&#8220;Queridos irm\u00e3os e irm\u00e3s, bom dia! Vos sa\u00fado cordialmente: trabalhadores, empres\u00e1rios, autoridades, fam\u00edlias presentes, em particular o Arcebispo Dom Arrrigo Miglio e aqueles tr\u00eas de voc\u00eas que expressaram os vossos problemas, as vossas expectativas, as vossas esperan\u00e7as. Esta visita \u2013 como dizia \u2013 inicia justamente com voc\u00eas, que formam o mundo do trabalho. Com este [&hellip;]\" \/>\n<meta property=\"og:url\" content=\"https:\/\/www.oarcanjo.net\/site\/a-intregra-do-discurso-do-papa-francisco-ao-mundo-do-trabalho-na-manha-deste-domingo-em-cagliari\/\" \/>\n<meta property=\"og:site_name\" content=\"O Arcanjo no ar\" \/>\n<meta property=\"article:publisher\" content=\"https:\/\/www.facebook.com\/OArcanjoNoAr\/\" \/>\n<meta property=\"article:published_time\" content=\"2013-09-23T23:55:40+00:00\" \/>\n<meta property=\"article:modified_time\" content=\"2013-09-23T23:56:40+00:00\" \/>\n<meta property=\"og:image\" content=\"https:\/\/www.oarcanjo.net\/site\/wp-content\/uploads\/logo-o-arcanjo-no-ar-facebook.png\" \/>\n\t<meta property=\"og:image:width\" content=\"300\" \/>\n\t<meta property=\"og:image:height\" content=\"300\" \/>\n\t<meta property=\"og:image:type\" content=\"image\/png\" \/>\n<meta name=\"author\" content=\"editor\" \/>\n<meta name=\"twitter:card\" content=\"summary_large_image\" \/>\n<meta name=\"twitter:label1\" content=\"Escrito por\" \/>\n\t<meta name=\"twitter:data1\" content=\"editor\" \/>\n\t<meta name=\"twitter:label2\" content=\"Est. tempo de leitura\" \/>\n\t<meta name=\"twitter:data2\" content=\"6 minutos\" \/>\n<script type=\"application\/ld+json\" class=\"yoast-schema-graph\">{\"@context\":\"https:\/\/schema.org\",\"@graph\":[{\"@type\":\"Article\",\"@id\":\"https:\/\/www.oarcanjo.net\/site\/a-intregra-do-discurso-do-papa-francisco-ao-mundo-do-trabalho-na-manha-deste-domingo-em-cagliari\/#article\",\"isPartOf\":{\"@id\":\"https:\/\/www.oarcanjo.net\/site\/a-intregra-do-discurso-do-papa-francisco-ao-mundo-do-trabalho-na-manha-deste-domingo-em-cagliari\/\"},\"author\":{\"name\":\"editor\",\"@id\":\"https:\/\/www.oarcanjo.net\/site\/#\/schema\/person\/f7024d007863202483a31326673a0838\"},\"headline\":\"A \u00edntregra do discurso do Papa Francisco ao mundo do trabalho, na manh\u00e3 deste domingo em Cagliari\",\"datePublished\":\"2013-09-23T23:55:40+00:00\",\"dateModified\":\"2013-09-23T23:56:40+00:00\",\"mainEntityOfPage\":{\"@id\":\"https:\/\/www.oarcanjo.net\/site\/a-intregra-do-discurso-do-papa-francisco-ao-mundo-do-trabalho-na-manha-deste-domingo-em-cagliari\/\"},\"wordCount\":1270,\"commentCount\":0,\"publisher\":{\"@id\":\"https:\/\/www.oarcanjo.net\/site\/#organization\"},\"keywords\":[\"Cagliari\",\"Papa Francisco\",\"Trabalhadores\"],\"articleSection\":[\"Not\u00edcias\"],\"inLanguage\":\"pt-BR\",\"potentialAction\":[{\"@type\":\"CommentAction\",\"name\":\"Comment\",\"target\":[\"https:\/\/www.oarcanjo.net\/site\/a-intregra-do-discurso-do-papa-francisco-ao-mundo-do-trabalho-na-manha-deste-domingo-em-cagliari\/#respond\"]}]},{\"@type\":\"WebPage\",\"@id\":\"https:\/\/www.oarcanjo.net\/site\/a-intregra-do-discurso-do-papa-francisco-ao-mundo-do-trabalho-na-manha-deste-domingo-em-cagliari\/\",\"url\":\"https:\/\/www.oarcanjo.net\/site\/a-intregra-do-discurso-do-papa-francisco-ao-mundo-do-trabalho-na-manha-deste-domingo-em-cagliari\/\",\"name\":\"A \u00edntregra do discurso do Papa Francisco ao mundo do trabalho, na manh\u00e3 deste domingo em Cagliari - O Arcanjo no ar\",\"isPartOf\":{\"@id\":\"https:\/\/www.oarcanjo.net\/site\/#website\"},\"datePublished\":\"2013-09-23T23:55:40+00:00\",\"dateModified\":\"2013-09-23T23:56:40+00:00\",\"breadcrumb\":{\"@id\":\"https:\/\/www.oarcanjo.net\/site\/a-intregra-do-discurso-do-papa-francisco-ao-mundo-do-trabalho-na-manha-deste-domingo-em-cagliari\/#breadcrumb\"},\"inLanguage\":\"pt-BR\",\"potentialAction\":[{\"@type\":\"ReadAction\",\"target\":[\"https:\/\/www.oarcanjo.net\/site\/a-intregra-do-discurso-do-papa-francisco-ao-mundo-do-trabalho-na-manha-deste-domingo-em-cagliari\/\"]}]},{\"@type\":\"BreadcrumbList\",\"@id\":\"https:\/\/www.oarcanjo.net\/site\/a-intregra-do-discurso-do-papa-francisco-ao-mundo-do-trabalho-na-manha-deste-domingo-em-cagliari\/#breadcrumb\",\"itemListElement\":[{\"@type\":\"ListItem\",\"position\":1,\"name\":\"In\u00edcio\",\"item\":\"https:\/\/www.oarcanjo.net\/site\/\"},{\"@type\":\"ListItem\",\"position\":2,\"name\":\"A \u00edntregra do discurso do Papa Francisco ao mundo do trabalho, na manh\u00e3 deste domingo em Cagliari\"}]},{\"@type\":\"WebSite\",\"@id\":\"https:\/\/www.oarcanjo.net\/site\/#website\",\"url\":\"https:\/\/www.oarcanjo.net\/site\/\",\"name\":\"O Arcanjo no ar\",\"description\":\"Site da Par\u00f3quia S\u00e3o Miguel Arcanjo (Arquidiocese de SP)\",\"publisher\":{\"@id\":\"https:\/\/www.oarcanjo.net\/site\/#organization\"},\"potentialAction\":[{\"@type\":\"SearchAction\",\"target\":{\"@type\":\"EntryPoint\",\"urlTemplate\":\"https:\/\/www.oarcanjo.net\/site\/?s={search_term_string}\"},\"query-input\":{\"@type\":\"PropertyValueSpecification\",\"valueRequired\":true,\"valueName\":\"search_term_string\"}}],\"inLanguage\":\"pt-BR\"},{\"@type\":\"Organization\",\"@id\":\"https:\/\/www.oarcanjo.net\/site\/#organization\",\"name\":\"Par\u00f3quia S\u00e3o Miguel Arcanjo\",\"url\":\"https:\/\/www.oarcanjo.net\/site\/\",\"logo\":{\"@type\":\"ImageObject\",\"inLanguage\":\"pt-BR\",\"@id\":\"https:\/\/www.oarcanjo.net\/site\/#\/schema\/logo\/image\/\",\"url\":\"https:\/\/www.oarcanjo.net\/site\/wp-content\/uploads\/LogoOArcanjo.png\",\"contentUrl\":\"https:\/\/www.oarcanjo.net\/site\/wp-content\/uploads\/LogoOArcanjo.png\",\"width\":319,\"height\":99,\"caption\":\"Par\u00f3quia S\u00e3o Miguel Arcanjo\"},\"image\":{\"@id\":\"https:\/\/www.oarcanjo.net\/site\/#\/schema\/logo\/image\/\"},\"sameAs\":[\"https:\/\/www.facebook.com\/OArcanjoNoAr\/\"]},{\"@type\":\"Person\",\"@id\":\"https:\/\/www.oarcanjo.net\/site\/#\/schema\/person\/f7024d007863202483a31326673a0838\",\"name\":\"editor\",\"sameAs\":[\"http:\/\/www.oarcanjo.net\"]}]}<\/script>\n<!-- \/ Yoast SEO plugin. -->","yoast_head_json":{"title":"A \u00edntregra do discurso do Papa Francisco ao mundo do trabalho, na manh\u00e3 deste domingo em Cagliari - O Arcanjo no ar","robots":{"index":"index","follow":"follow","max-snippet":"max-snippet:-1","max-image-preview":"max-image-preview:large","max-video-preview":"max-video-preview:-1"},"canonical":"https:\/\/www.oarcanjo.net\/site\/a-intregra-do-discurso-do-papa-francisco-ao-mundo-do-trabalho-na-manha-deste-domingo-em-cagliari\/","og_locale":"pt_BR","og_type":"article","og_title":"A \u00edntregra do discurso do Papa Francisco ao mundo do trabalho, na manh\u00e3 deste domingo em Cagliari - O Arcanjo no ar","og_description":"&#8220;Queridos irm\u00e3os e irm\u00e3s, bom dia! Vos sa\u00fado cordialmente: trabalhadores, empres\u00e1rios, autoridades, fam\u00edlias presentes, em particular o Arcebispo Dom Arrrigo Miglio e aqueles tr\u00eas de voc\u00eas que expressaram os vossos problemas, as vossas expectativas, as vossas esperan\u00e7as. Esta visita \u2013 como dizia \u2013 inicia justamente com voc\u00eas, que formam o mundo do trabalho. Com este [&hellip;]","og_url":"https:\/\/www.oarcanjo.net\/site\/a-intregra-do-discurso-do-papa-francisco-ao-mundo-do-trabalho-na-manha-deste-domingo-em-cagliari\/","og_site_name":"O Arcanjo no ar","article_publisher":"https:\/\/www.facebook.com\/OArcanjoNoAr\/","article_published_time":"2013-09-23T23:55:40+00:00","article_modified_time":"2013-09-23T23:56:40+00:00","og_image":[{"width":300,"height":300,"url":"https:\/\/www.oarcanjo.net\/site\/wp-content\/uploads\/logo-o-arcanjo-no-ar-facebook.png","type":"image\/png"}],"author":"editor","twitter_card":"summary_large_image","twitter_misc":{"Escrito por":"editor","Est. tempo de leitura":"6 minutos"},"schema":{"@context":"https:\/\/schema.org","@graph":[{"@type":"Article","@id":"https:\/\/www.oarcanjo.net\/site\/a-intregra-do-discurso-do-papa-francisco-ao-mundo-do-trabalho-na-manha-deste-domingo-em-cagliari\/#article","isPartOf":{"@id":"https:\/\/www.oarcanjo.net\/site\/a-intregra-do-discurso-do-papa-francisco-ao-mundo-do-trabalho-na-manha-deste-domingo-em-cagliari\/"},"author":{"name":"editor","@id":"https:\/\/www.oarcanjo.net\/site\/#\/schema\/person\/f7024d007863202483a31326673a0838"},"headline":"A \u00edntregra do discurso do Papa Francisco ao mundo do trabalho, na manh\u00e3 deste domingo em Cagliari","datePublished":"2013-09-23T23:55:40+00:00","dateModified":"2013-09-23T23:56:40+00:00","mainEntityOfPage":{"@id":"https:\/\/www.oarcanjo.net\/site\/a-intregra-do-discurso-do-papa-francisco-ao-mundo-do-trabalho-na-manha-deste-domingo-em-cagliari\/"},"wordCount":1270,"commentCount":0,"publisher":{"@id":"https:\/\/www.oarcanjo.net\/site\/#organization"},"keywords":["Cagliari","Papa Francisco","Trabalhadores"],"articleSection":["Not\u00edcias"],"inLanguage":"pt-BR","potentialAction":[{"@type":"CommentAction","name":"Comment","target":["https:\/\/www.oarcanjo.net\/site\/a-intregra-do-discurso-do-papa-francisco-ao-mundo-do-trabalho-na-manha-deste-domingo-em-cagliari\/#respond"]}]},{"@type":"WebPage","@id":"https:\/\/www.oarcanjo.net\/site\/a-intregra-do-discurso-do-papa-francisco-ao-mundo-do-trabalho-na-manha-deste-domingo-em-cagliari\/","url":"https:\/\/www.oarcanjo.net\/site\/a-intregra-do-discurso-do-papa-francisco-ao-mundo-do-trabalho-na-manha-deste-domingo-em-cagliari\/","name":"A \u00edntregra do discurso do Papa Francisco ao mundo do trabalho, na manh\u00e3 deste domingo em Cagliari - O Arcanjo no ar","isPartOf":{"@id":"https:\/\/www.oarcanjo.net\/site\/#website"},"datePublished":"2013-09-23T23:55:40+00:00","dateModified":"2013-09-23T23:56:40+00:00","breadcrumb":{"@id":"https:\/\/www.oarcanjo.net\/site\/a-intregra-do-discurso-do-papa-francisco-ao-mundo-do-trabalho-na-manha-deste-domingo-em-cagliari\/#breadcrumb"},"inLanguage":"pt-BR","potentialAction":[{"@type":"ReadAction","target":["https:\/\/www.oarcanjo.net\/site\/a-intregra-do-discurso-do-papa-francisco-ao-mundo-do-trabalho-na-manha-deste-domingo-em-cagliari\/"]}]},{"@type":"BreadcrumbList","@id":"https:\/\/www.oarcanjo.net\/site\/a-intregra-do-discurso-do-papa-francisco-ao-mundo-do-trabalho-na-manha-deste-domingo-em-cagliari\/#breadcrumb","itemListElement":[{"@type":"ListItem","position":1,"name":"In\u00edcio","item":"https:\/\/www.oarcanjo.net\/site\/"},{"@type":"ListItem","position":2,"name":"A \u00edntregra do discurso do Papa Francisco ao mundo do trabalho, na manh\u00e3 deste domingo em Cagliari"}]},{"@type":"WebSite","@id":"https:\/\/www.oarcanjo.net\/site\/#website","url":"https:\/\/www.oarcanjo.net\/site\/","name":"O Arcanjo no ar","description":"Site da Par\u00f3quia S\u00e3o Miguel Arcanjo (Arquidiocese de SP)","publisher":{"@id":"https:\/\/www.oarcanjo.net\/site\/#organization"},"potentialAction":[{"@type":"SearchAction","target":{"@type":"EntryPoint","urlTemplate":"https:\/\/www.oarcanjo.net\/site\/?s={search_term_string}"},"query-input":{"@type":"PropertyValueSpecification","valueRequired":true,"valueName":"search_term_string"}}],"inLanguage":"pt-BR"},{"@type":"Organization","@id":"https:\/\/www.oarcanjo.net\/site\/#organization","name":"Par\u00f3quia S\u00e3o Miguel Arcanjo","url":"https:\/\/www.oarcanjo.net\/site\/","logo":{"@type":"ImageObject","inLanguage":"pt-BR","@id":"https:\/\/www.oarcanjo.net\/site\/#\/schema\/logo\/image\/","url":"https:\/\/www.oarcanjo.net\/site\/wp-content\/uploads\/LogoOArcanjo.png","contentUrl":"https:\/\/www.oarcanjo.net\/site\/wp-content\/uploads\/LogoOArcanjo.png","width":319,"height":99,"caption":"Par\u00f3quia S\u00e3o Miguel Arcanjo"},"image":{"@id":"https:\/\/www.oarcanjo.net\/site\/#\/schema\/logo\/image\/"},"sameAs":["https:\/\/www.facebook.com\/OArcanjoNoAr\/"]},{"@type":"Person","@id":"https:\/\/www.oarcanjo.net\/site\/#\/schema\/person\/f7024d007863202483a31326673a0838","name":"editor","sameAs":["http:\/\/www.oarcanjo.net"]}]}},"publishpress_future_action":{"enabled":false,"date":"2026-05-10 08:18:42","action":"category","newStatus":"draft","terms":[],"taxonomy":"category"},"publishpress_future_workflow_manual_trigger":{"enabledWorkflows":[]},"_links":{"self":[{"href":"https:\/\/www.oarcanjo.net\/site\/wp-json\/wp\/v2\/posts\/23000"}],"collection":[{"href":"https:\/\/www.oarcanjo.net\/site\/wp-json\/wp\/v2\/posts"}],"about":[{"href":"https:\/\/www.oarcanjo.net\/site\/wp-json\/wp\/v2\/types\/post"}],"author":[{"embeddable":true,"href":"https:\/\/www.oarcanjo.net\/site\/wp-json\/wp\/v2\/users\/5"}],"replies":[{"embeddable":true,"href":"https:\/\/www.oarcanjo.net\/site\/wp-json\/wp\/v2\/comments?post=23000"}],"version-history":[{"count":0,"href":"https:\/\/www.oarcanjo.net\/site\/wp-json\/wp\/v2\/posts\/23000\/revisions"}],"wp:attachment":[{"href":"https:\/\/www.oarcanjo.net\/site\/wp-json\/wp\/v2\/media?parent=23000"}],"wp:term":[{"taxonomy":"category","embeddable":true,"href":"https:\/\/www.oarcanjo.net\/site\/wp-json\/wp\/v2\/categories?post=23000"},{"taxonomy":"post_tag","embeddable":true,"href":"https:\/\/www.oarcanjo.net\/site\/wp-json\/wp\/v2\/tags?post=23000"}],"curies":[{"name":"wp","href":"https:\/\/api.w.org\/{rel}","templated":true}]}}