
{"id":23003,"date":"2013-09-23T20:58:02","date_gmt":"2013-09-23T23:58:02","guid":{"rendered":"http:\/\/www.oarcanjo.net\/site\/?p=23003"},"modified":"2013-09-23T20:58:02","modified_gmt":"2013-09-23T23:58:02","slug":"o-papa-francisco-visita-o-santuario-de-nossa-senhora-de-bonaria-em-cagliari-na-sardenha","status":"publish","type":"post","link":"https:\/\/www.oarcanjo.net\/site\/o-papa-francisco-visita-o-santuario-de-nossa-senhora-de-bonaria-em-cagliari-na-sardenha\/","title":{"rendered":"O Papa Francisco visita o Santu\u00e1rio de Nossa Senhora de Bon\u00e1ria em Cagliari na Sardenha"},"content":{"rendered":"<p>Neste domingo dia 22 de setembro o Papa Francisco visitou a Diocese de Cagliari na ilha italiana da Sardenha, uma regi\u00e3o eclesi\u00e1stica com 622 par\u00f3quias e 1048 sacerdotes ao seu servi\u00e7o entre clero secular e regular. Ainda prestam a\u00ed servi\u00e7o 93 di\u00e1conos permanentes. O presidente desta regi\u00e3o eclesi\u00e1stica \u00e9 D. Arrigo Miglio, arcebispo de Cagliari, uma diocese que remonta aos in\u00edcios do cristianismo tendo come\u00e7ado a receber a mensagem evang\u00e9lica nos in\u00edcios do s\u00e9culo III quando, durante as persegui\u00e7\u00f5es aos crist\u00e3os, estes eram enviados para o exilio naquela ilha.<\/p>\n<p>Recorde-se que o Santo Padre comunicou esta sua inten\u00e7\u00e3o de ir a Cagliari na Audi\u00eancia Geral do dia 15 de Maio em que explicou a rela\u00e7\u00e3o de fraternidade entre aquele Santu\u00e1rio de Bon\u00e1ria e a sua cidade de Buenos Aires que deste tomou o nome ao momento da funda\u00e7\u00e3o da cidade. Antes do Papa Francisco outros tr\u00eas Pont\u00edfices visitaram a Sardenha e o Santu\u00e1rio de Bon\u00e1ria: Paulo VI em 1970, Jo\u00e3o Paulo II em 1985 e Bento XVI em 2008.<\/p>\n<p>A hist\u00f3ria da devo\u00e7\u00e3o a Nossa Senhora neste local est\u00e1 relacionada com uma imagem de Maria com o Menino Jesus no seu colo que foi recolhida por alguns frades na zona de Bon\u00e1ria (que significa bom ar). Esta encontrava-se dentro de uma caixa que fazia parte da mercadoria de um navio proveniente da Catalunha no ano 1370 e que ter\u00e1 sido atirada ao mar devido a uma grande tempestade. Segundo o relato da \u00e9poca, quando esta caixa com a imagem de Nossa Senhora caiu no mar a tempestade amainou. A devo\u00e7\u00e3o por esta imagem rapidamente se difundiu por toda a Sardenha, especialmente entre os marinheiros. O Santu\u00e1rio de Bon\u00e1ria \u00e9 constitu\u00eddo por uma igreja pequena do s\u00e9culo XIV tendo erigida a seu lado uma Bas\u00edlica datada de 1704 que passou a ser Pontif\u00edcia em 1926 por decis\u00e3o do Papa Pio XI.<\/p>\n<p>Nesta manh\u00e3 o Papa Francisco chegou ao aeroporto \u201cMario Mameli\u201d pelas 8.15h e encontrou-se primeiramente com os trabalhadores que o aguardavam no Largo Carlo Felice de Cagliari. (RS)<\/p>\n<p><em>Fonte: R\u00e1dio vaticano<\/em><\/p>\n<p>&nbsp;<\/p>\n<div id=\"themify_builder_content-23003\" data-postid=\"23003\" class=\"themify_builder_content themify_builder_content-23003 themify_builder themify_builder_front\">\n\t<\/div>\n<!-- \/themify_builder_content -->","protected":false},"excerpt":{"rendered":"<p>Neste domingo dia 22 de setembro o Papa Francisco visitou a Diocese de Cagliari na ilha italiana da Sardenha, uma regi\u00e3o eclesi\u00e1stica com 622 par\u00f3quias e 1048 sacerdotes ao seu servi\u00e7o entre clero secular e regular. Ainda prestam a\u00ed servi\u00e7o 93 di\u00e1conos permanentes. O presidente desta regi\u00e3o eclesi\u00e1stica \u00e9 D. Arrigo Miglio, arcebispo de Cagliari, [&hellip;]<\/p>\n","protected":false},"author":5,"featured_media":0,"comment_status":"open","ping_status":"open","sticky":false,"template":"","format":"standard","meta":{"ngg_post_thumbnail":0,"footnotes":""},"categories":[8],"tags":[2641,2433,2642,2643],"yoast_head":"<!-- This site is optimized with the Yoast SEO plugin v23.5 - https:\/\/yoast.com\/wordpress\/plugins\/seo\/ -->\n<title>O Papa Francisco visita o Santu\u00e1rio de Nossa Senhora de Bon\u00e1ria em Cagliari na Sardenha - O Arcanjo no ar<\/title>\n<meta name=\"robots\" content=\"index, follow, max-snippet:-1, max-image-preview:large, max-video-preview:-1\" \/>\n<link rel=\"canonical\" href=\"https:\/\/www.oarcanjo.net\/site\/o-papa-francisco-visita-o-santuario-de-nossa-senhora-de-bonaria-em-cagliari-na-sardenha\/\" \/>\n<meta property=\"og:locale\" content=\"pt_BR\" \/>\n<meta property=\"og:type\" content=\"article\" \/>\n<meta property=\"og:title\" content=\"O Papa Francisco visita o Santu\u00e1rio de Nossa Senhora de Bon\u00e1ria em Cagliari na Sardenha - O Arcanjo no ar\" \/>\n<meta property=\"og:description\" content=\"Neste domingo dia 22 de setembro o Papa Francisco visitou a Diocese de Cagliari na ilha italiana da Sardenha, uma regi\u00e3o eclesi\u00e1stica com 622 par\u00f3quias e 1048 sacerdotes ao seu servi\u00e7o entre clero secular e regular. Ainda prestam a\u00ed servi\u00e7o 93 di\u00e1conos permanentes. O presidente desta regi\u00e3o eclesi\u00e1stica \u00e9 D. Arrigo Miglio, arcebispo de Cagliari, [&hellip;]\" \/>\n<meta property=\"og:url\" content=\"https:\/\/www.oarcanjo.net\/site\/o-papa-francisco-visita-o-santuario-de-nossa-senhora-de-bonaria-em-cagliari-na-sardenha\/\" \/>\n<meta property=\"og:site_name\" content=\"O Arcanjo no ar\" \/>\n<meta property=\"article:publisher\" content=\"https:\/\/www.facebook.com\/OArcanjoNoAr\/\" \/>\n<meta property=\"article:published_time\" content=\"2013-09-23T23:58:02+00:00\" \/>\n<meta property=\"og:image\" content=\"https:\/\/www.oarcanjo.net\/site\/wp-content\/uploads\/logo-o-arcanjo-no-ar-facebook.png\" \/>\n\t<meta property=\"og:image:width\" content=\"300\" \/>\n\t<meta property=\"og:image:height\" content=\"300\" \/>\n\t<meta property=\"og:image:type\" content=\"image\/png\" \/>\n<meta name=\"author\" content=\"editor\" \/>\n<meta name=\"twitter:card\" content=\"summary_large_image\" \/>\n<meta name=\"twitter:label1\" content=\"Escrito por\" \/>\n\t<meta name=\"twitter:data1\" content=\"editor\" \/>\n\t<meta name=\"twitter:label2\" content=\"Est. tempo de leitura\" \/>\n\t<meta name=\"twitter:data2\" content=\"2 minutos\" \/>\n<script type=\"application\/ld+json\" class=\"yoast-schema-graph\">{\"@context\":\"https:\/\/schema.org\",\"@graph\":[{\"@type\":\"Article\",\"@id\":\"https:\/\/www.oarcanjo.net\/site\/o-papa-francisco-visita-o-santuario-de-nossa-senhora-de-bonaria-em-cagliari-na-sardenha\/#article\",\"isPartOf\":{\"@id\":\"https:\/\/www.oarcanjo.net\/site\/o-papa-francisco-visita-o-santuario-de-nossa-senhora-de-bonaria-em-cagliari-na-sardenha\/\"},\"author\":{\"name\":\"editor\",\"@id\":\"https:\/\/www.oarcanjo.net\/site\/#\/schema\/person\/f7024d007863202483a31326673a0838\"},\"headline\":\"O Papa Francisco visita o Santu\u00e1rio de Nossa Senhora de Bon\u00e1ria em Cagliari na Sardenha\",\"datePublished\":\"2013-09-23T23:58:02+00:00\",\"dateModified\":\"2013-09-23T23:58:02+00:00\",\"mainEntityOfPage\":{\"@id\":\"https:\/\/www.oarcanjo.net\/site\/o-papa-francisco-visita-o-santuario-de-nossa-senhora-de-bonaria-em-cagliari-na-sardenha\/\"},\"wordCount\":384,\"commentCount\":0,\"publisher\":{\"@id\":\"https:\/\/www.oarcanjo.net\/site\/#organization\"},\"keywords\":[\"Cagliari\",\"Papa Francisco\",\"Santu\u00e1rio de Nossa Senhora de Bon\u00e1ria\",\"Sardenha\"],\"articleSection\":[\"Not\u00edcias\"],\"inLanguage\":\"pt-BR\",\"potentialAction\":[{\"@type\":\"CommentAction\",\"name\":\"Comment\",\"target\":[\"https:\/\/www.oarcanjo.net\/site\/o-papa-francisco-visita-o-santuario-de-nossa-senhora-de-bonaria-em-cagliari-na-sardenha\/#respond\"]}]},{\"@type\":\"WebPage\",\"@id\":\"https:\/\/www.oarcanjo.net\/site\/o-papa-francisco-visita-o-santuario-de-nossa-senhora-de-bonaria-em-cagliari-na-sardenha\/\",\"url\":\"https:\/\/www.oarcanjo.net\/site\/o-papa-francisco-visita-o-santuario-de-nossa-senhora-de-bonaria-em-cagliari-na-sardenha\/\",\"name\":\"O Papa Francisco visita o Santu\u00e1rio de Nossa Senhora de Bon\u00e1ria em Cagliari na Sardenha - O Arcanjo no ar\",\"isPartOf\":{\"@id\":\"https:\/\/www.oarcanjo.net\/site\/#website\"},\"datePublished\":\"2013-09-23T23:58:02+00:00\",\"dateModified\":\"2013-09-23T23:58:02+00:00\",\"breadcrumb\":{\"@id\":\"https:\/\/www.oarcanjo.net\/site\/o-papa-francisco-visita-o-santuario-de-nossa-senhora-de-bonaria-em-cagliari-na-sardenha\/#breadcrumb\"},\"inLanguage\":\"pt-BR\",\"potentialAction\":[{\"@type\":\"ReadAction\",\"target\":[\"https:\/\/www.oarcanjo.net\/site\/o-papa-francisco-visita-o-santuario-de-nossa-senhora-de-bonaria-em-cagliari-na-sardenha\/\"]}]},{\"@type\":\"BreadcrumbList\",\"@id\":\"https:\/\/www.oarcanjo.net\/site\/o-papa-francisco-visita-o-santuario-de-nossa-senhora-de-bonaria-em-cagliari-na-sardenha\/#breadcrumb\",\"itemListElement\":[{\"@type\":\"ListItem\",\"position\":1,\"name\":\"In\u00edcio\",\"item\":\"https:\/\/www.oarcanjo.net\/site\/\"},{\"@type\":\"ListItem\",\"position\":2,\"name\":\"O Papa Francisco visita o Santu\u00e1rio de Nossa Senhora de Bon\u00e1ria em Cagliari na Sardenha\"}]},{\"@type\":\"WebSite\",\"@id\":\"https:\/\/www.oarcanjo.net\/site\/#website\",\"url\":\"https:\/\/www.oarcanjo.net\/site\/\",\"name\":\"O Arcanjo no ar\",\"description\":\"Site da Par\u00f3quia S\u00e3o Miguel Arcanjo (Arquidiocese de SP)\",\"publisher\":{\"@id\":\"https:\/\/www.oarcanjo.net\/site\/#organization\"},\"potentialAction\":[{\"@type\":\"SearchAction\",\"target\":{\"@type\":\"EntryPoint\",\"urlTemplate\":\"https:\/\/www.oarcanjo.net\/site\/?s={search_term_string}\"},\"query-input\":{\"@type\":\"PropertyValueSpecification\",\"valueRequired\":true,\"valueName\":\"search_term_string\"}}],\"inLanguage\":\"pt-BR\"},{\"@type\":\"Organization\",\"@id\":\"https:\/\/www.oarcanjo.net\/site\/#organization\",\"name\":\"Par\u00f3quia S\u00e3o Miguel Arcanjo\",\"url\":\"https:\/\/www.oarcanjo.net\/site\/\",\"logo\":{\"@type\":\"ImageObject\",\"inLanguage\":\"pt-BR\",\"@id\":\"https:\/\/www.oarcanjo.net\/site\/#\/schema\/logo\/image\/\",\"url\":\"https:\/\/www.oarcanjo.net\/site\/wp-content\/uploads\/LogoOArcanjo.png\",\"contentUrl\":\"https:\/\/www.oarcanjo.net\/site\/wp-content\/uploads\/LogoOArcanjo.png\",\"width\":319,\"height\":99,\"caption\":\"Par\u00f3quia S\u00e3o Miguel Arcanjo\"},\"image\":{\"@id\":\"https:\/\/www.oarcanjo.net\/site\/#\/schema\/logo\/image\/\"},\"sameAs\":[\"https:\/\/www.facebook.com\/OArcanjoNoAr\/\"]},{\"@type\":\"Person\",\"@id\":\"https:\/\/www.oarcanjo.net\/site\/#\/schema\/person\/f7024d007863202483a31326673a0838\",\"name\":\"editor\",\"sameAs\":[\"http:\/\/www.oarcanjo.net\"]}]}<\/script>\n<!-- \/ Yoast SEO plugin. -->","yoast_head_json":{"title":"O Papa Francisco visita o Santu\u00e1rio de Nossa Senhora de Bon\u00e1ria em Cagliari na Sardenha - O Arcanjo no ar","robots":{"index":"index","follow":"follow","max-snippet":"max-snippet:-1","max-image-preview":"max-image-preview:large","max-video-preview":"max-video-preview:-1"},"canonical":"https:\/\/www.oarcanjo.net\/site\/o-papa-francisco-visita-o-santuario-de-nossa-senhora-de-bonaria-em-cagliari-na-sardenha\/","og_locale":"pt_BR","og_type":"article","og_title":"O Papa Francisco visita o Santu\u00e1rio de Nossa Senhora de Bon\u00e1ria em Cagliari na Sardenha - O Arcanjo no ar","og_description":"Neste domingo dia 22 de setembro o Papa Francisco visitou a Diocese de Cagliari na ilha italiana da Sardenha, uma regi\u00e3o eclesi\u00e1stica com 622 par\u00f3quias e 1048 sacerdotes ao seu servi\u00e7o entre clero secular e regular. Ainda prestam a\u00ed servi\u00e7o 93 di\u00e1conos permanentes. O presidente desta regi\u00e3o eclesi\u00e1stica \u00e9 D. Arrigo Miglio, arcebispo de Cagliari, [&hellip;]","og_url":"https:\/\/www.oarcanjo.net\/site\/o-papa-francisco-visita-o-santuario-de-nossa-senhora-de-bonaria-em-cagliari-na-sardenha\/","og_site_name":"O Arcanjo no ar","article_publisher":"https:\/\/www.facebook.com\/OArcanjoNoAr\/","article_published_time":"2013-09-23T23:58:02+00:00","og_image":[{"width":300,"height":300,"url":"https:\/\/www.oarcanjo.net\/site\/wp-content\/uploads\/logo-o-arcanjo-no-ar-facebook.png","type":"image\/png"}],"author":"editor","twitter_card":"summary_large_image","twitter_misc":{"Escrito por":"editor","Est. tempo de leitura":"2 minutos"},"schema":{"@context":"https:\/\/schema.org","@graph":[{"@type":"Article","@id":"https:\/\/www.oarcanjo.net\/site\/o-papa-francisco-visita-o-santuario-de-nossa-senhora-de-bonaria-em-cagliari-na-sardenha\/#article","isPartOf":{"@id":"https:\/\/www.oarcanjo.net\/site\/o-papa-francisco-visita-o-santuario-de-nossa-senhora-de-bonaria-em-cagliari-na-sardenha\/"},"author":{"name":"editor","@id":"https:\/\/www.oarcanjo.net\/site\/#\/schema\/person\/f7024d007863202483a31326673a0838"},"headline":"O Papa Francisco visita o Santu\u00e1rio de Nossa Senhora de Bon\u00e1ria em Cagliari na Sardenha","datePublished":"2013-09-23T23:58:02+00:00","dateModified":"2013-09-23T23:58:02+00:00","mainEntityOfPage":{"@id":"https:\/\/www.oarcanjo.net\/site\/o-papa-francisco-visita-o-santuario-de-nossa-senhora-de-bonaria-em-cagliari-na-sardenha\/"},"wordCount":384,"commentCount":0,"publisher":{"@id":"https:\/\/www.oarcanjo.net\/site\/#organization"},"keywords":["Cagliari","Papa Francisco","Santu\u00e1rio de Nossa Senhora de Bon\u00e1ria","Sardenha"],"articleSection":["Not\u00edcias"],"inLanguage":"pt-BR","potentialAction":[{"@type":"CommentAction","name":"Comment","target":["https:\/\/www.oarcanjo.net\/site\/o-papa-francisco-visita-o-santuario-de-nossa-senhora-de-bonaria-em-cagliari-na-sardenha\/#respond"]}]},{"@type":"WebPage","@id":"https:\/\/www.oarcanjo.net\/site\/o-papa-francisco-visita-o-santuario-de-nossa-senhora-de-bonaria-em-cagliari-na-sardenha\/","url":"https:\/\/www.oarcanjo.net\/site\/o-papa-francisco-visita-o-santuario-de-nossa-senhora-de-bonaria-em-cagliari-na-sardenha\/","name":"O Papa Francisco visita o Santu\u00e1rio de Nossa Senhora de Bon\u00e1ria em Cagliari na Sardenha - O Arcanjo no ar","isPartOf":{"@id":"https:\/\/www.oarcanjo.net\/site\/#website"},"datePublished":"2013-09-23T23:58:02+00:00","dateModified":"2013-09-23T23:58:02+00:00","breadcrumb":{"@id":"https:\/\/www.oarcanjo.net\/site\/o-papa-francisco-visita-o-santuario-de-nossa-senhora-de-bonaria-em-cagliari-na-sardenha\/#breadcrumb"},"inLanguage":"pt-BR","potentialAction":[{"@type":"ReadAction","target":["https:\/\/www.oarcanjo.net\/site\/o-papa-francisco-visita-o-santuario-de-nossa-senhora-de-bonaria-em-cagliari-na-sardenha\/"]}]},{"@type":"BreadcrumbList","@id":"https:\/\/www.oarcanjo.net\/site\/o-papa-francisco-visita-o-santuario-de-nossa-senhora-de-bonaria-em-cagliari-na-sardenha\/#breadcrumb","itemListElement":[{"@type":"ListItem","position":1,"name":"In\u00edcio","item":"https:\/\/www.oarcanjo.net\/site\/"},{"@type":"ListItem","position":2,"name":"O Papa Francisco visita o Santu\u00e1rio de Nossa Senhora de Bon\u00e1ria em Cagliari na Sardenha"}]},{"@type":"WebSite","@id":"https:\/\/www.oarcanjo.net\/site\/#website","url":"https:\/\/www.oarcanjo.net\/site\/","name":"O Arcanjo no ar","description":"Site da Par\u00f3quia S\u00e3o Miguel Arcanjo (Arquidiocese de SP)","publisher":{"@id":"https:\/\/www.oarcanjo.net\/site\/#organization"},"potentialAction":[{"@type":"SearchAction","target":{"@type":"EntryPoint","urlTemplate":"https:\/\/www.oarcanjo.net\/site\/?s={search_term_string}"},"query-input":{"@type":"PropertyValueSpecification","valueRequired":true,"valueName":"search_term_string"}}],"inLanguage":"pt-BR"},{"@type":"Organization","@id":"https:\/\/www.oarcanjo.net\/site\/#organization","name":"Par\u00f3quia S\u00e3o Miguel Arcanjo","url":"https:\/\/www.oarcanjo.net\/site\/","logo":{"@type":"ImageObject","inLanguage":"pt-BR","@id":"https:\/\/www.oarcanjo.net\/site\/#\/schema\/logo\/image\/","url":"https:\/\/www.oarcanjo.net\/site\/wp-content\/uploads\/LogoOArcanjo.png","contentUrl":"https:\/\/www.oarcanjo.net\/site\/wp-content\/uploads\/LogoOArcanjo.png","width":319,"height":99,"caption":"Par\u00f3quia S\u00e3o Miguel Arcanjo"},"image":{"@id":"https:\/\/www.oarcanjo.net\/site\/#\/schema\/logo\/image\/"},"sameAs":["https:\/\/www.facebook.com\/OArcanjoNoAr\/"]},{"@type":"Person","@id":"https:\/\/www.oarcanjo.net\/site\/#\/schema\/person\/f7024d007863202483a31326673a0838","name":"editor","sameAs":["http:\/\/www.oarcanjo.net"]}]}},"publishpress_future_action":{"enabled":false,"date":"2026-05-10 09:33:37","action":"category","newStatus":"draft","terms":[],"taxonomy":"category"},"publishpress_future_workflow_manual_trigger":{"enabledWorkflows":[]},"_links":{"self":[{"href":"https:\/\/www.oarcanjo.net\/site\/wp-json\/wp\/v2\/posts\/23003"}],"collection":[{"href":"https:\/\/www.oarcanjo.net\/site\/wp-json\/wp\/v2\/posts"}],"about":[{"href":"https:\/\/www.oarcanjo.net\/site\/wp-json\/wp\/v2\/types\/post"}],"author":[{"embeddable":true,"href":"https:\/\/www.oarcanjo.net\/site\/wp-json\/wp\/v2\/users\/5"}],"replies":[{"embeddable":true,"href":"https:\/\/www.oarcanjo.net\/site\/wp-json\/wp\/v2\/comments?post=23003"}],"version-history":[{"count":0,"href":"https:\/\/www.oarcanjo.net\/site\/wp-json\/wp\/v2\/posts\/23003\/revisions"}],"wp:attachment":[{"href":"https:\/\/www.oarcanjo.net\/site\/wp-json\/wp\/v2\/media?parent=23003"}],"wp:term":[{"taxonomy":"category","embeddable":true,"href":"https:\/\/www.oarcanjo.net\/site\/wp-json\/wp\/v2\/categories?post=23003"},{"taxonomy":"post_tag","embeddable":true,"href":"https:\/\/www.oarcanjo.net\/site\/wp-json\/wp\/v2\/tags?post=23003"}],"curies":[{"name":"wp","href":"https:\/\/api.w.org\/{rel}","templated":true}]}}