
{"id":23008,"date":"2013-09-25T00:58:45","date_gmt":"2013-09-25T03:58:45","guid":{"rendered":"http:\/\/www.oarcanjo.net\/site\/?p=23008"},"modified":"2013-10-21T12:01:12","modified_gmt":"2013-10-21T14:01:12","slug":"dia-nacional-da-juventude-2013","status":"publish","type":"post","link":"https:\/\/www.oarcanjo.net\/site\/dia-nacional-da-juventude-2013\/","title":{"rendered":"Dia Nacional da Juventude 2013"},"content":{"rendered":"<p>O Setor Juventude da Arquidiocese de S\u00e3o Paulo convida todos a participar do Dia Nacional da Juventude &#8211; DNJ, dia <strong>20\/10, domingo, das 13h30 \u00e0s 17h<\/strong>. A programa\u00e7\u00e3o ser\u00e1 iniciada no P\u00e1tio do Col\u00e9gio. Haver\u00e1 apresenta\u00e7\u00f5es art\u00edsticas e reflex\u00f5es feitas a partir do tema do DNJ; peregrina\u00e7\u00e3o \u00e0 Catedral da S\u00e9 e Celebra\u00e7\u00e3o Eucar\u00edstica presidida cardeal dom Odilo Pedro Scherer, arcebispo metropolitano.<\/p>\n<p>O DNJ deste tem como tema: \u201cJuventude e Miss\u00e3o\u201d e o lema: \u201cJovem: levante-se, seja fermento!\u201d.<\/p>\n<p>A proposta do DNJ dar\u00e1 continuidade \u00e0s tem\u00e1ticas da JMJ Rio 2013, do \u201cAno da F\u00e9\u201d e da Campanha da Fraternidade deste ano, chamando a aten\u00e7\u00e3o para a forma\u00e7\u00e3o de disc\u00edpulos-mission\u00e1rios de Jesus Cristo em meio \u00e0 juventude.<\/p>\n<p>Em <a title=\"Carta\" href=\"http:\/\/www.arquidiocesedesaopaulo.org.br\/sites\/arquidiocesedesaopaulo.pucsp.br\/files\/DNJ%20-%202013%20-%20Carta-convite%20para%20p%C3%A1rocos%20administradores%20e%20vig%C3%A1rios%20paroquiais.pdf\" target=\"_blank\">carta <\/a>enviada aos P\u00e1rocos, Vig\u00e1rios e Administradores Paroquiais, dom Tarc\u00edsio Scaramussa, bispo auxiliar da arquidiocese de S\u00e3o Paulo e referencial para o Setor Juventude, pede a colabora\u00e7\u00e3o de todos na divulga\u00e7\u00e3o e que motivem os jovens a participar. Tamb\u00e9m diz que \u00e9 importante que os coordenadores de grupos de jovens e catequistas de crisma reflitam com os jovens o tema do DNJ.<\/p>\n<p>Sendo atividade permanente do Setor Juventude da CNBB, o DNJ \u00e9 um momento forte de celebra\u00e7\u00e3o, de sentido de perten\u00e7a dos jovens \u00e0 Igreja e de sua visibilidade na sociedade. Em todo o Brasil, in\u00fameras manifesta\u00e7\u00f5es ser\u00e3o promovidas atrav\u00e9s do Dia Nacional da Juventude.<\/p>\n<p><em>Mais informa\u00e7\u00f5es poder\u00e3o ser obtidas no <a title=\"Site\" href=\"http:\/\/www.setorjuventudesp.blogspot.com\/\" target=\"_blank\">site <\/a>do Setor Juventude de S\u00e3o Paulo ou no Secretariado Arquidiocesano de Pastoral, pelo fone: 11 &#8211; 3660-3700.<\/em><\/p>\n<p><a title=\"Cartaz\" href=\"http:\/\/www.oarcanjo.net\/site\/wp-content\/uploads\/cartaz-DNJ-set2013.jpg\" target=\"_blank\"><img loading=\"lazy\" decoding=\"async\" class=\"alignnone size-full wp-image-23009\" title=\"Dia Nacional da Juventude 2013\" src=\"http:\/\/www.oarcanjo.net\/site\/wp-content\/uploads\/cartaz-DNJ-set2013-thumb.jpg\" alt=\"Dia Nacional da Juventude 2013\" width=\"200\" height=\"283\" \/><\/a><\/p>\n<p><em>(Clique na imagem para ver o cartaz maior)<\/em><\/p>\n<div id=\"themify_builder_content-23008\" data-postid=\"23008\" class=\"themify_builder_content themify_builder_content-23008 themify_builder themify_builder_front\">\n\t<\/div>\n<!-- \/themify_builder_content -->","protected":false},"excerpt":{"rendered":"<p>O Setor Juventude da Arquidiocese de S\u00e3o Paulo convida todos a participar do Dia Nacional da Juventude &#8211; DNJ, dia 20\/10, domingo, das 13h30 \u00e0s 17h. A programa\u00e7\u00e3o ser\u00e1 iniciada no P\u00e1tio do Col\u00e9gio. Haver\u00e1 apresenta\u00e7\u00f5es art\u00edsticas e reflex\u00f5es feitas a partir do tema do DNJ; peregrina\u00e7\u00e3o \u00e0 Catedral da S\u00e9 e Celebra\u00e7\u00e3o Eucar\u00edstica presidida [&hellip;]<\/p>\n","protected":false},"author":5,"featured_media":0,"comment_status":"open","ping_status":"open","sticky":false,"template":"","format":"standard","meta":{"ngg_post_thumbnail":0,"footnotes":""},"categories":[8],"tags":[239,2289,1142,1143,2408,2644],"yoast_head":"<!-- This site is optimized with the Yoast SEO plugin v23.5 - https:\/\/yoast.com\/wordpress\/plugins\/seo\/ -->\n<title>Dia Nacional da Juventude 2013 - O Arcanjo no ar<\/title>\n<meta name=\"robots\" content=\"index, follow, max-snippet:-1, max-image-preview:large, max-video-preview:-1\" \/>\n<link rel=\"canonical\" href=\"https:\/\/www.oarcanjo.net\/site\/dia-nacional-da-juventude-2013\/\" \/>\n<meta property=\"og:locale\" content=\"pt_BR\" \/>\n<meta property=\"og:type\" content=\"article\" \/>\n<meta property=\"og:title\" content=\"Dia Nacional da Juventude 2013 - O Arcanjo no ar\" \/>\n<meta property=\"og:description\" content=\"O Setor Juventude da Arquidiocese de S\u00e3o Paulo convida todos a participar do Dia Nacional da Juventude &#8211; DNJ, dia 20\/10, domingo, das 13h30 \u00e0s 17h. A programa\u00e7\u00e3o ser\u00e1 iniciada no P\u00e1tio do Col\u00e9gio. Haver\u00e1 apresenta\u00e7\u00f5es art\u00edsticas e reflex\u00f5es feitas a partir do tema do DNJ; peregrina\u00e7\u00e3o \u00e0 Catedral da S\u00e9 e Celebra\u00e7\u00e3o Eucar\u00edstica presidida [&hellip;]\" \/>\n<meta property=\"og:url\" content=\"https:\/\/www.oarcanjo.net\/site\/dia-nacional-da-juventude-2013\/\" \/>\n<meta property=\"og:site_name\" content=\"O Arcanjo no ar\" \/>\n<meta property=\"article:publisher\" content=\"https:\/\/www.facebook.com\/OArcanjoNoAr\/\" \/>\n<meta property=\"article:published_time\" content=\"2013-09-25T03:58:45+00:00\" \/>\n<meta property=\"article:modified_time\" content=\"2013-10-21T14:01:12+00:00\" \/>\n<meta property=\"og:image\" content=\"http:\/\/www.oarcanjo.net\/site\/wp-content\/uploads\/cartaz-DNJ-set2013-thumb.jpg\" \/>\n<meta name=\"author\" content=\"editor\" \/>\n<meta name=\"twitter:card\" content=\"summary_large_image\" \/>\n<meta name=\"twitter:label1\" content=\"Escrito por\" \/>\n\t<meta name=\"twitter:data1\" content=\"editor\" \/>\n\t<meta name=\"twitter:label2\" content=\"Est. tempo de leitura\" \/>\n\t<meta name=\"twitter:data2\" content=\"1 minuto\" \/>\n<script type=\"application\/ld+json\" class=\"yoast-schema-graph\">{\"@context\":\"https:\/\/schema.org\",\"@graph\":[{\"@type\":\"Article\",\"@id\":\"https:\/\/www.oarcanjo.net\/site\/dia-nacional-da-juventude-2013\/#article\",\"isPartOf\":{\"@id\":\"https:\/\/www.oarcanjo.net\/site\/dia-nacional-da-juventude-2013\/\"},\"author\":{\"name\":\"editor\",\"@id\":\"https:\/\/www.oarcanjo.net\/site\/#\/schema\/person\/f7024d007863202483a31326673a0838\"},\"headline\":\"Dia Nacional da Juventude 2013\",\"datePublished\":\"2013-09-25T03:58:45+00:00\",\"dateModified\":\"2013-10-21T14:01:12+00:00\",\"mainEntityOfPage\":{\"@id\":\"https:\/\/www.oarcanjo.net\/site\/dia-nacional-da-juventude-2013\/\"},\"wordCount\":283,\"commentCount\":0,\"publisher\":{\"@id\":\"https:\/\/www.oarcanjo.net\/site\/#organization\"},\"image\":{\"@id\":\"https:\/\/www.oarcanjo.net\/site\/dia-nacional-da-juventude-2013\/#primaryimage\"},\"thumbnailUrl\":\"http:\/\/www.oarcanjo.net\/site\/wp-content\/uploads\/cartaz-DNJ-set2013-thumb.jpg\",\"keywords\":[\"Arquidiocese de S\u00e3o Paulo\",\"Cardeal Dom Odilo Pedro Scherer\",\"Dia Nacional da Juventude\",\"DNJ\",\"Dom Tarc\u00edsio Scaramussa\",\"Setor Juventude\"],\"articleSection\":[\"Not\u00edcias\"],\"inLanguage\":\"pt-BR\",\"potentialAction\":[{\"@type\":\"CommentAction\",\"name\":\"Comment\",\"target\":[\"https:\/\/www.oarcanjo.net\/site\/dia-nacional-da-juventude-2013\/#respond\"]}]},{\"@type\":\"WebPage\",\"@id\":\"https:\/\/www.oarcanjo.net\/site\/dia-nacional-da-juventude-2013\/\",\"url\":\"https:\/\/www.oarcanjo.net\/site\/dia-nacional-da-juventude-2013\/\",\"name\":\"Dia Nacional da Juventude 2013 - O Arcanjo no ar\",\"isPartOf\":{\"@id\":\"https:\/\/www.oarcanjo.net\/site\/#website\"},\"primaryImageOfPage\":{\"@id\":\"https:\/\/www.oarcanjo.net\/site\/dia-nacional-da-juventude-2013\/#primaryimage\"},\"image\":{\"@id\":\"https:\/\/www.oarcanjo.net\/site\/dia-nacional-da-juventude-2013\/#primaryimage\"},\"thumbnailUrl\":\"http:\/\/www.oarcanjo.net\/site\/wp-content\/uploads\/cartaz-DNJ-set2013-thumb.jpg\",\"datePublished\":\"2013-09-25T03:58:45+00:00\",\"dateModified\":\"2013-10-21T14:01:12+00:00\",\"breadcrumb\":{\"@id\":\"https:\/\/www.oarcanjo.net\/site\/dia-nacional-da-juventude-2013\/#breadcrumb\"},\"inLanguage\":\"pt-BR\",\"potentialAction\":[{\"@type\":\"ReadAction\",\"target\":[\"https:\/\/www.oarcanjo.net\/site\/dia-nacional-da-juventude-2013\/\"]}]},{\"@type\":\"ImageObject\",\"inLanguage\":\"pt-BR\",\"@id\":\"https:\/\/www.oarcanjo.net\/site\/dia-nacional-da-juventude-2013\/#primaryimage\",\"url\":\"https:\/\/www.oarcanjo.net\/site\/wp-content\/uploads\/cartaz-DNJ-set2013-thumb.jpg\",\"contentUrl\":\"https:\/\/www.oarcanjo.net\/site\/wp-content\/uploads\/cartaz-DNJ-set2013-thumb.jpg\",\"width\":\"200\",\"height\":\"283\",\"caption\":\"Dia Nacional da Juventude 2013\"},{\"@type\":\"BreadcrumbList\",\"@id\":\"https:\/\/www.oarcanjo.net\/site\/dia-nacional-da-juventude-2013\/#breadcrumb\",\"itemListElement\":[{\"@type\":\"ListItem\",\"position\":1,\"name\":\"In\u00edcio\",\"item\":\"https:\/\/www.oarcanjo.net\/site\/\"},{\"@type\":\"ListItem\",\"position\":2,\"name\":\"Dia Nacional da Juventude 2013\"}]},{\"@type\":\"WebSite\",\"@id\":\"https:\/\/www.oarcanjo.net\/site\/#website\",\"url\":\"https:\/\/www.oarcanjo.net\/site\/\",\"name\":\"O Arcanjo no ar\",\"description\":\"Site da Par\u00f3quia S\u00e3o Miguel Arcanjo (Arquidiocese de SP)\",\"publisher\":{\"@id\":\"https:\/\/www.oarcanjo.net\/site\/#organization\"},\"potentialAction\":[{\"@type\":\"SearchAction\",\"target\":{\"@type\":\"EntryPoint\",\"urlTemplate\":\"https:\/\/www.oarcanjo.net\/site\/?s={search_term_string}\"},\"query-input\":{\"@type\":\"PropertyValueSpecification\",\"valueRequired\":true,\"valueName\":\"search_term_string\"}}],\"inLanguage\":\"pt-BR\"},{\"@type\":\"Organization\",\"@id\":\"https:\/\/www.oarcanjo.net\/site\/#organization\",\"name\":\"Par\u00f3quia S\u00e3o Miguel Arcanjo\",\"url\":\"https:\/\/www.oarcanjo.net\/site\/\",\"logo\":{\"@type\":\"ImageObject\",\"inLanguage\":\"pt-BR\",\"@id\":\"https:\/\/www.oarcanjo.net\/site\/#\/schema\/logo\/image\/\",\"url\":\"https:\/\/www.oarcanjo.net\/site\/wp-content\/uploads\/LogoOArcanjo.png\",\"contentUrl\":\"https:\/\/www.oarcanjo.net\/site\/wp-content\/uploads\/LogoOArcanjo.png\",\"width\":319,\"height\":99,\"caption\":\"Par\u00f3quia S\u00e3o Miguel Arcanjo\"},\"image\":{\"@id\":\"https:\/\/www.oarcanjo.net\/site\/#\/schema\/logo\/image\/\"},\"sameAs\":[\"https:\/\/www.facebook.com\/OArcanjoNoAr\/\"]},{\"@type\":\"Person\",\"@id\":\"https:\/\/www.oarcanjo.net\/site\/#\/schema\/person\/f7024d007863202483a31326673a0838\",\"name\":\"editor\",\"sameAs\":[\"http:\/\/www.oarcanjo.net\"]}]}<\/script>\n<!-- \/ Yoast SEO plugin. -->","yoast_head_json":{"title":"Dia Nacional da Juventude 2013 - O Arcanjo no ar","robots":{"index":"index","follow":"follow","max-snippet":"max-snippet:-1","max-image-preview":"max-image-preview:large","max-video-preview":"max-video-preview:-1"},"canonical":"https:\/\/www.oarcanjo.net\/site\/dia-nacional-da-juventude-2013\/","og_locale":"pt_BR","og_type":"article","og_title":"Dia Nacional da Juventude 2013 - O Arcanjo no ar","og_description":"O Setor Juventude da Arquidiocese de S\u00e3o Paulo convida todos a participar do Dia Nacional da Juventude &#8211; DNJ, dia 20\/10, domingo, das 13h30 \u00e0s 17h. A programa\u00e7\u00e3o ser\u00e1 iniciada no P\u00e1tio do Col\u00e9gio. Haver\u00e1 apresenta\u00e7\u00f5es art\u00edsticas e reflex\u00f5es feitas a partir do tema do DNJ; peregrina\u00e7\u00e3o \u00e0 Catedral da S\u00e9 e Celebra\u00e7\u00e3o Eucar\u00edstica presidida [&hellip;]","og_url":"https:\/\/www.oarcanjo.net\/site\/dia-nacional-da-juventude-2013\/","og_site_name":"O Arcanjo no ar","article_publisher":"https:\/\/www.facebook.com\/OArcanjoNoAr\/","article_published_time":"2013-09-25T03:58:45+00:00","article_modified_time":"2013-10-21T14:01:12+00:00","og_image":[{"url":"http:\/\/www.oarcanjo.net\/site\/wp-content\/uploads\/cartaz-DNJ-set2013-thumb.jpg"}],"author":"editor","twitter_card":"summary_large_image","twitter_misc":{"Escrito por":"editor","Est. tempo de leitura":"1 minuto"},"schema":{"@context":"https:\/\/schema.org","@graph":[{"@type":"Article","@id":"https:\/\/www.oarcanjo.net\/site\/dia-nacional-da-juventude-2013\/#article","isPartOf":{"@id":"https:\/\/www.oarcanjo.net\/site\/dia-nacional-da-juventude-2013\/"},"author":{"name":"editor","@id":"https:\/\/www.oarcanjo.net\/site\/#\/schema\/person\/f7024d007863202483a31326673a0838"},"headline":"Dia Nacional da Juventude 2013","datePublished":"2013-09-25T03:58:45+00:00","dateModified":"2013-10-21T14:01:12+00:00","mainEntityOfPage":{"@id":"https:\/\/www.oarcanjo.net\/site\/dia-nacional-da-juventude-2013\/"},"wordCount":283,"commentCount":0,"publisher":{"@id":"https:\/\/www.oarcanjo.net\/site\/#organization"},"image":{"@id":"https:\/\/www.oarcanjo.net\/site\/dia-nacional-da-juventude-2013\/#primaryimage"},"thumbnailUrl":"http:\/\/www.oarcanjo.net\/site\/wp-content\/uploads\/cartaz-DNJ-set2013-thumb.jpg","keywords":["Arquidiocese de S\u00e3o Paulo","Cardeal Dom Odilo Pedro Scherer","Dia Nacional da Juventude","DNJ","Dom Tarc\u00edsio Scaramussa","Setor Juventude"],"articleSection":["Not\u00edcias"],"inLanguage":"pt-BR","potentialAction":[{"@type":"CommentAction","name":"Comment","target":["https:\/\/www.oarcanjo.net\/site\/dia-nacional-da-juventude-2013\/#respond"]}]},{"@type":"WebPage","@id":"https:\/\/www.oarcanjo.net\/site\/dia-nacional-da-juventude-2013\/","url":"https:\/\/www.oarcanjo.net\/site\/dia-nacional-da-juventude-2013\/","name":"Dia Nacional da Juventude 2013 - O Arcanjo no ar","isPartOf":{"@id":"https:\/\/www.oarcanjo.net\/site\/#website"},"primaryImageOfPage":{"@id":"https:\/\/www.oarcanjo.net\/site\/dia-nacional-da-juventude-2013\/#primaryimage"},"image":{"@id":"https:\/\/www.oarcanjo.net\/site\/dia-nacional-da-juventude-2013\/#primaryimage"},"thumbnailUrl":"http:\/\/www.oarcanjo.net\/site\/wp-content\/uploads\/cartaz-DNJ-set2013-thumb.jpg","datePublished":"2013-09-25T03:58:45+00:00","dateModified":"2013-10-21T14:01:12+00:00","breadcrumb":{"@id":"https:\/\/www.oarcanjo.net\/site\/dia-nacional-da-juventude-2013\/#breadcrumb"},"inLanguage":"pt-BR","potentialAction":[{"@type":"ReadAction","target":["https:\/\/www.oarcanjo.net\/site\/dia-nacional-da-juventude-2013\/"]}]},{"@type":"ImageObject","inLanguage":"pt-BR","@id":"https:\/\/www.oarcanjo.net\/site\/dia-nacional-da-juventude-2013\/#primaryimage","url":"https:\/\/www.oarcanjo.net\/site\/wp-content\/uploads\/cartaz-DNJ-set2013-thumb.jpg","contentUrl":"https:\/\/www.oarcanjo.net\/site\/wp-content\/uploads\/cartaz-DNJ-set2013-thumb.jpg","width":"200","height":"283","caption":"Dia Nacional da Juventude 2013"},{"@type":"BreadcrumbList","@id":"https:\/\/www.oarcanjo.net\/site\/dia-nacional-da-juventude-2013\/#breadcrumb","itemListElement":[{"@type":"ListItem","position":1,"name":"In\u00edcio","item":"https:\/\/www.oarcanjo.net\/site\/"},{"@type":"ListItem","position":2,"name":"Dia Nacional da Juventude 2013"}]},{"@type":"WebSite","@id":"https:\/\/www.oarcanjo.net\/site\/#website","url":"https:\/\/www.oarcanjo.net\/site\/","name":"O Arcanjo no ar","description":"Site da Par\u00f3quia S\u00e3o Miguel Arcanjo (Arquidiocese de SP)","publisher":{"@id":"https:\/\/www.oarcanjo.net\/site\/#organization"},"potentialAction":[{"@type":"SearchAction","target":{"@type":"EntryPoint","urlTemplate":"https:\/\/www.oarcanjo.net\/site\/?s={search_term_string}"},"query-input":{"@type":"PropertyValueSpecification","valueRequired":true,"valueName":"search_term_string"}}],"inLanguage":"pt-BR"},{"@type":"Organization","@id":"https:\/\/www.oarcanjo.net\/site\/#organization","name":"Par\u00f3quia S\u00e3o Miguel Arcanjo","url":"https:\/\/www.oarcanjo.net\/site\/","logo":{"@type":"ImageObject","inLanguage":"pt-BR","@id":"https:\/\/www.oarcanjo.net\/site\/#\/schema\/logo\/image\/","url":"https:\/\/www.oarcanjo.net\/site\/wp-content\/uploads\/LogoOArcanjo.png","contentUrl":"https:\/\/www.oarcanjo.net\/site\/wp-content\/uploads\/LogoOArcanjo.png","width":319,"height":99,"caption":"Par\u00f3quia S\u00e3o Miguel Arcanjo"},"image":{"@id":"https:\/\/www.oarcanjo.net\/site\/#\/schema\/logo\/image\/"},"sameAs":["https:\/\/www.facebook.com\/OArcanjoNoAr\/"]},{"@type":"Person","@id":"https:\/\/www.oarcanjo.net\/site\/#\/schema\/person\/f7024d007863202483a31326673a0838","name":"editor","sameAs":["http:\/\/www.oarcanjo.net"]}]}},"publishpress_future_action":{"enabled":false,"date":"2026-05-10 11:01:38","action":"category","newStatus":"draft","terms":[],"taxonomy":"category"},"publishpress_future_workflow_manual_trigger":{"enabledWorkflows":[]},"_links":{"self":[{"href":"https:\/\/www.oarcanjo.net\/site\/wp-json\/wp\/v2\/posts\/23008"}],"collection":[{"href":"https:\/\/www.oarcanjo.net\/site\/wp-json\/wp\/v2\/posts"}],"about":[{"href":"https:\/\/www.oarcanjo.net\/site\/wp-json\/wp\/v2\/types\/post"}],"author":[{"embeddable":true,"href":"https:\/\/www.oarcanjo.net\/site\/wp-json\/wp\/v2\/users\/5"}],"replies":[{"embeddable":true,"href":"https:\/\/www.oarcanjo.net\/site\/wp-json\/wp\/v2\/comments?post=23008"}],"version-history":[{"count":0,"href":"https:\/\/www.oarcanjo.net\/site\/wp-json\/wp\/v2\/posts\/23008\/revisions"}],"wp:attachment":[{"href":"https:\/\/www.oarcanjo.net\/site\/wp-json\/wp\/v2\/media?parent=23008"}],"wp:term":[{"taxonomy":"category","embeddable":true,"href":"https:\/\/www.oarcanjo.net\/site\/wp-json\/wp\/v2\/categories?post=23008"},{"taxonomy":"post_tag","embeddable":true,"href":"https:\/\/www.oarcanjo.net\/site\/wp-json\/wp\/v2\/tags?post=23008"}],"curies":[{"name":"wp","href":"https:\/\/api.w.org\/{rel}","templated":true}]}}