
{"id":23074,"date":"2013-09-29T11:45:42","date_gmt":"2013-09-29T14:45:42","guid":{"rendered":"http:\/\/www.oarcanjo.net\/site\/?p=23074"},"modified":"2013-09-29T11:45:42","modified_gmt":"2013-09-29T14:45:42","slug":"papa-francisco-um-pecador-perdoado","status":"publish","type":"post","link":"https:\/\/www.oarcanjo.net\/site\/papa-francisco-um-pecador-perdoado\/","title":{"rendered":"Papa Francisco: um pecador perdoado"},"content":{"rendered":"<p><em>Maria Clara Lucchetti Bingemer<\/em><\/p>\n<p>Quem leu a longa entrevista concedida pelo Papa Francisco, publicada ao mesmo tempo em v\u00e1rias revistas da Companhia de Jesus, teve a gra\u00e7a de saborear as palavras de um homem aut\u00eantico e apaixonado por sua miss\u00e3o.<\/p>\n<p>Cada um e cada uma ter\u00e1 tido suas prefer\u00eancias ao longo da entrevista, ter\u00e1 gostado mais deste ou daquele trecho, ter\u00e1 se sentido tocado por uma ou outra afirma\u00e7\u00e3o do Pont\u00edfice. Aqui gostaria de comentar um trecho espec\u00edfico que me tocou muito de perto.<\/p>\n<p>Perguntado por sua identidade e pela autoconcep\u00e7\u00e3o que tem de si pr\u00f3prio com a frase: \u201cQuem \u00e9 Jorge Mario Bergoglio?\u201d, o Papa respondeu: \u201cEu sou um pecador. Esta \u00e9 a melhor defini\u00e7\u00e3o. E n\u00e3o \u00e9 um modo de dizer, uma figura de linguagem. Sou um pecador.\u201d N\u00e3o deixa de ser surpreendente um homem a quem todos chamam de Sua Santidade ter a coragem e a humildade de definir-se pelo pecado que compartilha com todo o resto da humanidade.<\/p>\n<p>E continuou na mesma linha: \u201cSou um pecador para quem o Senhor olhou. Sou algu\u00e9m que \u00e9 olhado pelo Senhor. A minha divisa, Miserando atque eligendo, senti-a sempre como muito verdadeira para mim.\u201d A\u00ed o Papa Francisco avan\u00e7a, com a simplicidade que lhe \u00e9 caracter\u00edstica, para o cora\u00e7\u00e3o do que \u00e9 a vida crist\u00e3. Ser um pecador que se sabe perdoado, que se sabe vivo pela miseric\u00f3rdia do Senhor, que \u00e9 sempre maior do que o pecado que possa desviar-nos do bem que desejamos e conduzir-nos ao mal que n\u00e3o queremos.<\/p>\n<p>Fala a\u00ed o Papa, certamente, por\u00e9m mais ainda o jesu\u00edta, formado na escola dos Exerc\u00edcios de Santo In\u00e1cio.  Pois \u00e9  exatamente o que esta experi\u00eancia espiritual provoca e estimula no exercitante: apalpar toda a extens\u00e3o do pr\u00f3prio pecado e sentir que este n\u00e3o lhe tira a vida, nem a capacidade de amar. Mas pela miseric\u00f3rdia de Deus, que o olha com compaix\u00e3o e perd\u00e3o, \u00e9 chamado a ser servidor do Reino e da miss\u00e3o de Cristo.<\/p>\n<p>Depois, com extrema candura, o Papa narrou sua voca\u00e7\u00e3o. O desejo estava ali, latente, no jovem argentino descendente de imigrantes italianos do Piemonte.  Queria algo mais.  At\u00e9 que o Senhor o olhou nos olhos enquanto ele estava atr\u00e1s de sua banca de impostos, agarrado ao dinheiro como Mateus, o publicano. Descreve com humor e vivacidade sua resist\u00eancia. Agarrado ao dinheiro que dizia ser seu, repetia interiormente: \u201cN\u00e3o, n\u00e3o eu. N\u00e3o posso deixar esse dinheiro que \u00e9 meu\u201d.<\/p>\n<p>\u00c9 claro que o dinheiro n\u00e3o precisa ser simplesmente o que denominamos vil metal. Pode ser mil coisas mais: prest\u00edgio, poder, arrog\u00e2ncia, soberba.  Mas sempre, sempre, ser\u00e1 um apego que trava nossa caminhada e a totalidade de nossa entrega ao Senhor e ao servi\u00e7o do Reino. Francisco sentiu essa resist\u00eancia, fruto do seu pecado. E sentiu mais ainda a for\u00e7a da miseric\u00f3rdia do Senhor, que o olhou e venceu seu medo e apego. E assim come\u00e7ou sua vida na Companhia de Jesus, que o levou por muitos caminhos at\u00e9 o Vaticano.<\/p>\n<p>\u00c9 fant\u00e1stico, por\u00e9m, perceber que o mesmo foi sentido por Francisco ao ser eleito Papa e perguntado se aceitava a elei\u00e7\u00e3o.  Respondeu: \u201cSou pecador, mas confiante na miseric\u00f3rdia e na paci\u00eancia infinitas de Nosso Senhor Jesus Cristo, confundido e em esp\u00edrito de penit\u00eancia, aceito.\u201d<\/p>\n<p>Agora n\u00e3o havia mais a resist\u00eancia prim\u00e1ria dos tempos da juventude.  A entrega da vida j\u00e1 fora feita.  Mas como se trata de uma entrega que nunca termina de ser feita, Francisco teve que responder mais uma vez ao Senhor, entre surpreendido e algo temeroso. Aceitava porque sabia que a miseric\u00f3rdia divina \u00e9 maior do que o pecado que constitui nossa mais profunda identidade.<\/p>\n<p>E, por isso, somos pecadores, mas pecadores perdoados.  N\u00e3o pecadores condenados, pecadores torturados por uma culpa intermin\u00e1vel que nos angustia e envenena. Pecadores que sentem paz e alegria ao ver que o Senhor supera nosso pecado com uma superabundante miseric\u00f3rdia.<\/p>\n<p>Aos que se perguntam qual o segredo da perene e serena alegria do papa Francisco, que seduz e encanta jovens e anci\u00e3os, crian\u00e7as e adultos, a\u00ed est\u00e1: a consci\u00eancia real\u00edstica de ser pecador, mas um pecador perdoado, que experimentou a for\u00e7a da miseric\u00f3rdia do Senhor que o olhou com amor e o chamou a seu servi\u00e7o. Assim, n\u00e3o h\u00e1 lugar para medo, mas apenas para uma entrega sempre maior e mais plena.<\/p>\n<div id=\"themify_builder_content-23074\" data-postid=\"23074\" class=\"themify_builder_content themify_builder_content-23074 themify_builder themify_builder_front\">\n\t<\/div>\n<!-- \/themify_builder_content -->","protected":false},"excerpt":{"rendered":"<p>Maria Clara Lucchetti Bingemer Quem leu a longa entrevista concedida pelo Papa Francisco, publicada ao mesmo tempo em v\u00e1rias revistas da Companhia de Jesus, teve a gra\u00e7a de saborear as palavras de um homem aut\u00eantico e apaixonado por sua miss\u00e3o. Cada um e cada uma ter\u00e1 tido suas prefer\u00eancias ao longo da entrevista, ter\u00e1 gostado [&hellip;]<\/p>\n","protected":false},"author":5,"featured_media":0,"comment_status":"open","ping_status":"open","sticky":false,"template":"","format":"standard","meta":{"ngg_post_thumbnail":0,"footnotes":""},"categories":[9],"tags":[824,2650,2425,248,2433,457,456],"yoast_head":"<!-- This site is optimized with the Yoast SEO plugin v23.5 - https:\/\/yoast.com\/wordpress\/plugins\/seo\/ -->\n<title>Papa Francisco: um pecador perdoado - O Arcanjo no ar<\/title>\n<meta name=\"robots\" content=\"index, follow, max-snippet:-1, max-image-preview:large, max-video-preview:-1\" \/>\n<link rel=\"canonical\" href=\"https:\/\/www.oarcanjo.net\/site\/papa-francisco-um-pecador-perdoado\/\" \/>\n<meta property=\"og:locale\" content=\"pt_BR\" \/>\n<meta property=\"og:type\" content=\"article\" \/>\n<meta property=\"og:title\" content=\"Papa Francisco: um pecador perdoado - O Arcanjo no ar\" \/>\n<meta property=\"og:description\" content=\"Maria Clara Lucchetti Bingemer Quem leu a longa entrevista concedida pelo Papa Francisco, publicada ao mesmo tempo em v\u00e1rias revistas da Companhia de Jesus, teve a gra\u00e7a de saborear as palavras de um homem aut\u00eantico e apaixonado por sua miss\u00e3o. Cada um e cada uma ter\u00e1 tido suas prefer\u00eancias ao longo da entrevista, ter\u00e1 gostado [&hellip;]\" \/>\n<meta property=\"og:url\" content=\"https:\/\/www.oarcanjo.net\/site\/papa-francisco-um-pecador-perdoado\/\" \/>\n<meta property=\"og:site_name\" content=\"O Arcanjo no ar\" \/>\n<meta property=\"article:publisher\" content=\"https:\/\/www.facebook.com\/OArcanjoNoAr\/\" \/>\n<meta property=\"article:published_time\" content=\"2013-09-29T14:45:42+00:00\" \/>\n<meta property=\"og:image\" content=\"https:\/\/www.oarcanjo.net\/site\/wp-content\/uploads\/logo-o-arcanjo-no-ar-facebook.png\" \/>\n\t<meta property=\"og:image:width\" content=\"300\" \/>\n\t<meta property=\"og:image:height\" content=\"300\" \/>\n\t<meta property=\"og:image:type\" content=\"image\/png\" \/>\n<meta name=\"author\" content=\"editor\" \/>\n<meta name=\"twitter:card\" content=\"summary_large_image\" \/>\n<meta name=\"twitter:label1\" content=\"Escrito por\" \/>\n\t<meta name=\"twitter:data1\" content=\"editor\" \/>\n\t<meta name=\"twitter:label2\" content=\"Est. tempo de leitura\" \/>\n\t<meta name=\"twitter:data2\" content=\"4 minutos\" \/>\n<script type=\"application\/ld+json\" class=\"yoast-schema-graph\">{\"@context\":\"https:\/\/schema.org\",\"@graph\":[{\"@type\":\"Article\",\"@id\":\"https:\/\/www.oarcanjo.net\/site\/papa-francisco-um-pecador-perdoado\/#article\",\"isPartOf\":{\"@id\":\"https:\/\/www.oarcanjo.net\/site\/papa-francisco-um-pecador-perdoado\/\"},\"author\":{\"name\":\"editor\",\"@id\":\"https:\/\/www.oarcanjo.net\/site\/#\/schema\/person\/f7024d007863202483a31326673a0838\"},\"headline\":\"Papa Francisco: um pecador perdoado\",\"datePublished\":\"2013-09-29T14:45:42+00:00\",\"dateModified\":\"2013-09-29T14:45:42+00:00\",\"mainEntityOfPage\":{\"@id\":\"https:\/\/www.oarcanjo.net\/site\/papa-francisco-um-pecador-perdoado\/\"},\"wordCount\":776,\"commentCount\":0,\"publisher\":{\"@id\":\"https:\/\/www.oarcanjo.net\/site\/#organization\"},\"keywords\":[\"humanidade\",\"Humano\",\"Jorge M\u00e1rio Bergoglio\",\"miseric\u00f3rdia\",\"Papa Francisco\",\"perd\u00e3o\",\"reconcilia\u00e7\u00e3o\"],\"articleSection\":[\"Reflex\u00f5es\"],\"inLanguage\":\"pt-BR\",\"potentialAction\":[{\"@type\":\"CommentAction\",\"name\":\"Comment\",\"target\":[\"https:\/\/www.oarcanjo.net\/site\/papa-francisco-um-pecador-perdoado\/#respond\"]}]},{\"@type\":\"WebPage\",\"@id\":\"https:\/\/www.oarcanjo.net\/site\/papa-francisco-um-pecador-perdoado\/\",\"url\":\"https:\/\/www.oarcanjo.net\/site\/papa-francisco-um-pecador-perdoado\/\",\"name\":\"Papa Francisco: um pecador perdoado - O Arcanjo no ar\",\"isPartOf\":{\"@id\":\"https:\/\/www.oarcanjo.net\/site\/#website\"},\"datePublished\":\"2013-09-29T14:45:42+00:00\",\"dateModified\":\"2013-09-29T14:45:42+00:00\",\"breadcrumb\":{\"@id\":\"https:\/\/www.oarcanjo.net\/site\/papa-francisco-um-pecador-perdoado\/#breadcrumb\"},\"inLanguage\":\"pt-BR\",\"potentialAction\":[{\"@type\":\"ReadAction\",\"target\":[\"https:\/\/www.oarcanjo.net\/site\/papa-francisco-um-pecador-perdoado\/\"]}]},{\"@type\":\"BreadcrumbList\",\"@id\":\"https:\/\/www.oarcanjo.net\/site\/papa-francisco-um-pecador-perdoado\/#breadcrumb\",\"itemListElement\":[{\"@type\":\"ListItem\",\"position\":1,\"name\":\"In\u00edcio\",\"item\":\"https:\/\/www.oarcanjo.net\/site\/\"},{\"@type\":\"ListItem\",\"position\":2,\"name\":\"Papa Francisco: um pecador perdoado\"}]},{\"@type\":\"WebSite\",\"@id\":\"https:\/\/www.oarcanjo.net\/site\/#website\",\"url\":\"https:\/\/www.oarcanjo.net\/site\/\",\"name\":\"O Arcanjo no ar\",\"description\":\"Site da Par\u00f3quia S\u00e3o Miguel Arcanjo (Arquidiocese de SP)\",\"publisher\":{\"@id\":\"https:\/\/www.oarcanjo.net\/site\/#organization\"},\"potentialAction\":[{\"@type\":\"SearchAction\",\"target\":{\"@type\":\"EntryPoint\",\"urlTemplate\":\"https:\/\/www.oarcanjo.net\/site\/?s={search_term_string}\"},\"query-input\":{\"@type\":\"PropertyValueSpecification\",\"valueRequired\":true,\"valueName\":\"search_term_string\"}}],\"inLanguage\":\"pt-BR\"},{\"@type\":\"Organization\",\"@id\":\"https:\/\/www.oarcanjo.net\/site\/#organization\",\"name\":\"Par\u00f3quia S\u00e3o Miguel Arcanjo\",\"url\":\"https:\/\/www.oarcanjo.net\/site\/\",\"logo\":{\"@type\":\"ImageObject\",\"inLanguage\":\"pt-BR\",\"@id\":\"https:\/\/www.oarcanjo.net\/site\/#\/schema\/logo\/image\/\",\"url\":\"https:\/\/www.oarcanjo.net\/site\/wp-content\/uploads\/LogoOArcanjo.png\",\"contentUrl\":\"https:\/\/www.oarcanjo.net\/site\/wp-content\/uploads\/LogoOArcanjo.png\",\"width\":319,\"height\":99,\"caption\":\"Par\u00f3quia S\u00e3o Miguel Arcanjo\"},\"image\":{\"@id\":\"https:\/\/www.oarcanjo.net\/site\/#\/schema\/logo\/image\/\"},\"sameAs\":[\"https:\/\/www.facebook.com\/OArcanjoNoAr\/\"]},{\"@type\":\"Person\",\"@id\":\"https:\/\/www.oarcanjo.net\/site\/#\/schema\/person\/f7024d007863202483a31326673a0838\",\"name\":\"editor\",\"sameAs\":[\"http:\/\/www.oarcanjo.net\"]}]}<\/script>\n<!-- \/ Yoast SEO plugin. -->","yoast_head_json":{"title":"Papa Francisco: um pecador perdoado - O Arcanjo no ar","robots":{"index":"index","follow":"follow","max-snippet":"max-snippet:-1","max-image-preview":"max-image-preview:large","max-video-preview":"max-video-preview:-1"},"canonical":"https:\/\/www.oarcanjo.net\/site\/papa-francisco-um-pecador-perdoado\/","og_locale":"pt_BR","og_type":"article","og_title":"Papa Francisco: um pecador perdoado - O Arcanjo no ar","og_description":"Maria Clara Lucchetti Bingemer Quem leu a longa entrevista concedida pelo Papa Francisco, publicada ao mesmo tempo em v\u00e1rias revistas da Companhia de Jesus, teve a gra\u00e7a de saborear as palavras de um homem aut\u00eantico e apaixonado por sua miss\u00e3o. Cada um e cada uma ter\u00e1 tido suas prefer\u00eancias ao longo da entrevista, ter\u00e1 gostado [&hellip;]","og_url":"https:\/\/www.oarcanjo.net\/site\/papa-francisco-um-pecador-perdoado\/","og_site_name":"O Arcanjo no ar","article_publisher":"https:\/\/www.facebook.com\/OArcanjoNoAr\/","article_published_time":"2013-09-29T14:45:42+00:00","og_image":[{"width":300,"height":300,"url":"https:\/\/www.oarcanjo.net\/site\/wp-content\/uploads\/logo-o-arcanjo-no-ar-facebook.png","type":"image\/png"}],"author":"editor","twitter_card":"summary_large_image","twitter_misc":{"Escrito por":"editor","Est. tempo de leitura":"4 minutos"},"schema":{"@context":"https:\/\/schema.org","@graph":[{"@type":"Article","@id":"https:\/\/www.oarcanjo.net\/site\/papa-francisco-um-pecador-perdoado\/#article","isPartOf":{"@id":"https:\/\/www.oarcanjo.net\/site\/papa-francisco-um-pecador-perdoado\/"},"author":{"name":"editor","@id":"https:\/\/www.oarcanjo.net\/site\/#\/schema\/person\/f7024d007863202483a31326673a0838"},"headline":"Papa Francisco: um pecador perdoado","datePublished":"2013-09-29T14:45:42+00:00","dateModified":"2013-09-29T14:45:42+00:00","mainEntityOfPage":{"@id":"https:\/\/www.oarcanjo.net\/site\/papa-francisco-um-pecador-perdoado\/"},"wordCount":776,"commentCount":0,"publisher":{"@id":"https:\/\/www.oarcanjo.net\/site\/#organization"},"keywords":["humanidade","Humano","Jorge M\u00e1rio Bergoglio","miseric\u00f3rdia","Papa Francisco","perd\u00e3o","reconcilia\u00e7\u00e3o"],"articleSection":["Reflex\u00f5es"],"inLanguage":"pt-BR","potentialAction":[{"@type":"CommentAction","name":"Comment","target":["https:\/\/www.oarcanjo.net\/site\/papa-francisco-um-pecador-perdoado\/#respond"]}]},{"@type":"WebPage","@id":"https:\/\/www.oarcanjo.net\/site\/papa-francisco-um-pecador-perdoado\/","url":"https:\/\/www.oarcanjo.net\/site\/papa-francisco-um-pecador-perdoado\/","name":"Papa Francisco: um pecador perdoado - O Arcanjo no ar","isPartOf":{"@id":"https:\/\/www.oarcanjo.net\/site\/#website"},"datePublished":"2013-09-29T14:45:42+00:00","dateModified":"2013-09-29T14:45:42+00:00","breadcrumb":{"@id":"https:\/\/www.oarcanjo.net\/site\/papa-francisco-um-pecador-perdoado\/#breadcrumb"},"inLanguage":"pt-BR","potentialAction":[{"@type":"ReadAction","target":["https:\/\/www.oarcanjo.net\/site\/papa-francisco-um-pecador-perdoado\/"]}]},{"@type":"BreadcrumbList","@id":"https:\/\/www.oarcanjo.net\/site\/papa-francisco-um-pecador-perdoado\/#breadcrumb","itemListElement":[{"@type":"ListItem","position":1,"name":"In\u00edcio","item":"https:\/\/www.oarcanjo.net\/site\/"},{"@type":"ListItem","position":2,"name":"Papa Francisco: um pecador perdoado"}]},{"@type":"WebSite","@id":"https:\/\/www.oarcanjo.net\/site\/#website","url":"https:\/\/www.oarcanjo.net\/site\/","name":"O Arcanjo no ar","description":"Site da Par\u00f3quia S\u00e3o Miguel Arcanjo (Arquidiocese de SP)","publisher":{"@id":"https:\/\/www.oarcanjo.net\/site\/#organization"},"potentialAction":[{"@type":"SearchAction","target":{"@type":"EntryPoint","urlTemplate":"https:\/\/www.oarcanjo.net\/site\/?s={search_term_string}"},"query-input":{"@type":"PropertyValueSpecification","valueRequired":true,"valueName":"search_term_string"}}],"inLanguage":"pt-BR"},{"@type":"Organization","@id":"https:\/\/www.oarcanjo.net\/site\/#organization","name":"Par\u00f3quia S\u00e3o Miguel Arcanjo","url":"https:\/\/www.oarcanjo.net\/site\/","logo":{"@type":"ImageObject","inLanguage":"pt-BR","@id":"https:\/\/www.oarcanjo.net\/site\/#\/schema\/logo\/image\/","url":"https:\/\/www.oarcanjo.net\/site\/wp-content\/uploads\/LogoOArcanjo.png","contentUrl":"https:\/\/www.oarcanjo.net\/site\/wp-content\/uploads\/LogoOArcanjo.png","width":319,"height":99,"caption":"Par\u00f3quia S\u00e3o Miguel Arcanjo"},"image":{"@id":"https:\/\/www.oarcanjo.net\/site\/#\/schema\/logo\/image\/"},"sameAs":["https:\/\/www.facebook.com\/OArcanjoNoAr\/"]},{"@type":"Person","@id":"https:\/\/www.oarcanjo.net\/site\/#\/schema\/person\/f7024d007863202483a31326673a0838","name":"editor","sameAs":["http:\/\/www.oarcanjo.net"]}]}},"publishpress_future_action":{"enabled":false,"date":"2026-05-09 02:54:37","action":"category","newStatus":"draft","terms":[],"taxonomy":"category"},"publishpress_future_workflow_manual_trigger":{"enabledWorkflows":[]},"_links":{"self":[{"href":"https:\/\/www.oarcanjo.net\/site\/wp-json\/wp\/v2\/posts\/23074"}],"collection":[{"href":"https:\/\/www.oarcanjo.net\/site\/wp-json\/wp\/v2\/posts"}],"about":[{"href":"https:\/\/www.oarcanjo.net\/site\/wp-json\/wp\/v2\/types\/post"}],"author":[{"embeddable":true,"href":"https:\/\/www.oarcanjo.net\/site\/wp-json\/wp\/v2\/users\/5"}],"replies":[{"embeddable":true,"href":"https:\/\/www.oarcanjo.net\/site\/wp-json\/wp\/v2\/comments?post=23074"}],"version-history":[{"count":0,"href":"https:\/\/www.oarcanjo.net\/site\/wp-json\/wp\/v2\/posts\/23074\/revisions"}],"wp:attachment":[{"href":"https:\/\/www.oarcanjo.net\/site\/wp-json\/wp\/v2\/media?parent=23074"}],"wp:term":[{"taxonomy":"category","embeddable":true,"href":"https:\/\/www.oarcanjo.net\/site\/wp-json\/wp\/v2\/categories?post=23074"},{"taxonomy":"post_tag","embeddable":true,"href":"https:\/\/www.oarcanjo.net\/site\/wp-json\/wp\/v2\/tags?post=23074"}],"curies":[{"name":"wp","href":"https:\/\/api.w.org\/{rel}","templated":true}]}}