
{"id":2311,"date":"2009-03-08T10:03:23","date_gmt":"2009-03-08T13:03:23","guid":{"rendered":"http:\/\/www.oarcanjo.net\/site\/?p=2311"},"modified":"2009-03-10T10:04:10","modified_gmt":"2009-03-10T13:04:10","slug":"dia-internacional-da-mulher","status":"publish","type":"post","link":"https:\/\/www.oarcanjo.net\/site\/dia-internacional-da-mulher\/","title":{"rendered":"Dia Internacional da Mulher"},"content":{"rendered":"<p>Tarcisio Marques Mesquita<\/p>\n<p>Dia 8 de mar\u00e7o, Dia Internacional da Mulher. A mulher, criada \u00e0 imagem e semelhan\u00e7a de Deus, no decorrer de mil\u00eanios, tem sido v\u00edtima de estruturas opressoras que distanciam n\u00e3o somente o feminino, mas todo g\u00eanero humano, de melhores e intensos dias de paz. Nada mais global do que comemorar, por meio da festa do feminino, a liberta\u00e7\u00e3o do masculino, que se desviou da raz\u00e3o do seu pr\u00f3prio g\u00eanero, e que, por decreto da natureza, existe em interdepend\u00eancia com a feminilidade. O masculino sem a pot\u00eancia feminina torna-se fraco, menos que metade do que \u00e9 um ser humano completo. Masculino sem feminino \u00e9 como bateria sem um dos p\u00f3los, bot\u00e3o sem casa e Igreja sem f\u00e9.<\/p>\n<p>Dia Internacional da Mulher tamb\u00e9m \u00e9 momento de aperceber-se que o deplor\u00e1vel autoritarismo machista n\u00e3o \u00e9 algo que somente se vincule ao pr\u00f3prio g\u00eanero masculino. Infelizmente, s\u00e3o muitas as mulheres que ainda se consideram beneficiadas pelo preconceito sexual, que as interpreta fracas e necessitadas de tutela e freio, carentes de serem subjugadas e guiadas como cegas. Nesta data, vislumbra-se a chance de um passo importante e irrevog\u00e1vel de conquista dos diretos da mulher que, por decorr\u00eancia, torna-se tamb\u00e9m ato de conquista do melhor prazer para ambos os g\u00eaneros, desdobrando-se em outras conquistas que englobam, tamb\u00e9m, a ecologia, a economia e o processo por uma sociedade mais justa e saud\u00e1vel, ou seja, solid\u00e1ria e pac\u00edfica.<\/p>\n<p>A labuta da mulher pelo reconhecimento de fato de sua dignidade e a preserva\u00e7\u00e3o de seus direitos, em outras palavras, tem conduzido muito mais que seu pr\u00f3prio g\u00eanero a um processo libertador. A cada conquista feminina, o homem se dignifica, distanciando-se do mal do machismo, que tamb\u00e9m deplora a masculinidade e a coexist\u00eancia fundamental de ambos os g\u00eaneros. Na liberta\u00e7\u00e3o feminina, a salva\u00e7\u00e3o do homem do si mesmo pervertido, que, por s\u00e9culos infindos, foi transformando a mulher de companheira em objeto de uso e descarga. Invariavelmente, mulher liberta \u00e9 homem tamb\u00e9m liberto; ambos libertos, humanidade posta no caminho certeiro do saud\u00e1vel, justo e pacificador. Uma mulher liberta traz para a conviv\u00eancia humana o reencontrar-se de toda a humanidade consigo mesma. Definitivamente, o Dia Internacional da Mulher \u00e9 o ensaio para a chegada tardia do Ano Internacional Permanente da Humanidade.<\/p>\n<div id=\"themify_builder_content-2311\" data-postid=\"2311\" class=\"themify_builder_content themify_builder_content-2311 themify_builder themify_builder_front\">\n\t<\/div>\n<!-- \/themify_builder_content -->","protected":false},"excerpt":{"rendered":"<p>Tarcisio Marques Mesquita Dia 8 de mar\u00e7o, Dia Internacional da Mulher. A mulher, criada \u00e0 imagem e semelhan\u00e7a de Deus, no decorrer de mil\u00eanios, tem sido v\u00edtima de estruturas opressoras que distanciam n\u00e3o somente o feminino, mas todo g\u00eanero humano, de melhores e intensos dias de paz. Nada mais global do que comemorar, por meio [&hellip;]<\/p>\n","protected":false},"author":5,"featured_media":0,"comment_status":"open","ping_status":"open","sticky":false,"template":"","format":"standard","meta":{"ngg_post_thumbnail":0,"footnotes":""},"categories":[9],"tags":[299,307],"yoast_head":"<!-- This site is optimized with the Yoast SEO plugin v23.5 - https:\/\/yoast.com\/wordpress\/plugins\/seo\/ -->\n<title>Dia Internacional da Mulher - O Arcanjo no ar<\/title>\n<meta name=\"robots\" content=\"index, follow, max-snippet:-1, max-image-preview:large, max-video-preview:-1\" \/>\n<link rel=\"canonical\" href=\"https:\/\/www.oarcanjo.net\/site\/dia-internacional-da-mulher\/\" \/>\n<meta property=\"og:locale\" content=\"pt_BR\" \/>\n<meta property=\"og:type\" content=\"article\" \/>\n<meta property=\"og:title\" content=\"Dia Internacional da Mulher - O Arcanjo no ar\" \/>\n<meta property=\"og:description\" content=\"Tarcisio Marques Mesquita Dia 8 de mar\u00e7o, Dia Internacional da Mulher. A mulher, criada \u00e0 imagem e semelhan\u00e7a de Deus, no decorrer de mil\u00eanios, tem sido v\u00edtima de estruturas opressoras que distanciam n\u00e3o somente o feminino, mas todo g\u00eanero humano, de melhores e intensos dias de paz. Nada mais global do que comemorar, por meio [&hellip;]\" \/>\n<meta property=\"og:url\" content=\"https:\/\/www.oarcanjo.net\/site\/dia-internacional-da-mulher\/\" \/>\n<meta property=\"og:site_name\" content=\"O Arcanjo no ar\" \/>\n<meta property=\"article:publisher\" content=\"https:\/\/www.facebook.com\/OArcanjoNoAr\/\" \/>\n<meta property=\"article:published_time\" content=\"2009-03-08T13:03:23+00:00\" \/>\n<meta property=\"article:modified_time\" content=\"2009-03-10T13:04:10+00:00\" \/>\n<meta property=\"og:image\" content=\"https:\/\/www.oarcanjo.net\/site\/wp-content\/uploads\/logo-o-arcanjo-no-ar-facebook.png\" \/>\n\t<meta property=\"og:image:width\" content=\"300\" \/>\n\t<meta property=\"og:image:height\" content=\"300\" \/>\n\t<meta property=\"og:image:type\" content=\"image\/png\" \/>\n<meta name=\"author\" content=\"editor\" \/>\n<meta name=\"twitter:card\" content=\"summary_large_image\" \/>\n<meta name=\"twitter:label1\" content=\"Escrito por\" \/>\n\t<meta name=\"twitter:data1\" content=\"editor\" \/>\n\t<meta name=\"twitter:label2\" content=\"Est. tempo de leitura\" \/>\n\t<meta name=\"twitter:data2\" content=\"2 minutos\" \/>\n<script type=\"application\/ld+json\" class=\"yoast-schema-graph\">{\"@context\":\"https:\/\/schema.org\",\"@graph\":[{\"@type\":\"Article\",\"@id\":\"https:\/\/www.oarcanjo.net\/site\/dia-internacional-da-mulher\/#article\",\"isPartOf\":{\"@id\":\"https:\/\/www.oarcanjo.net\/site\/dia-internacional-da-mulher\/\"},\"author\":{\"name\":\"editor\",\"@id\":\"https:\/\/www.oarcanjo.net\/site\/#\/schema\/person\/f7024d007863202483a31326673a0838\"},\"headline\":\"Dia Internacional da Mulher\",\"datePublished\":\"2009-03-08T13:03:23+00:00\",\"dateModified\":\"2009-03-10T13:04:10+00:00\",\"mainEntityOfPage\":{\"@id\":\"https:\/\/www.oarcanjo.net\/site\/dia-internacional-da-mulher\/\"},\"wordCount\":408,\"commentCount\":0,\"publisher\":{\"@id\":\"https:\/\/www.oarcanjo.net\/site\/#organization\"},\"keywords\":[\"dia internacional da mulher\",\"mulher\"],\"articleSection\":[\"Reflex\u00f5es\"],\"inLanguage\":\"pt-BR\",\"potentialAction\":[{\"@type\":\"CommentAction\",\"name\":\"Comment\",\"target\":[\"https:\/\/www.oarcanjo.net\/site\/dia-internacional-da-mulher\/#respond\"]}]},{\"@type\":\"WebPage\",\"@id\":\"https:\/\/www.oarcanjo.net\/site\/dia-internacional-da-mulher\/\",\"url\":\"https:\/\/www.oarcanjo.net\/site\/dia-internacional-da-mulher\/\",\"name\":\"Dia Internacional da Mulher - O Arcanjo no ar\",\"isPartOf\":{\"@id\":\"https:\/\/www.oarcanjo.net\/site\/#website\"},\"datePublished\":\"2009-03-08T13:03:23+00:00\",\"dateModified\":\"2009-03-10T13:04:10+00:00\",\"breadcrumb\":{\"@id\":\"https:\/\/www.oarcanjo.net\/site\/dia-internacional-da-mulher\/#breadcrumb\"},\"inLanguage\":\"pt-BR\",\"potentialAction\":[{\"@type\":\"ReadAction\",\"target\":[\"https:\/\/www.oarcanjo.net\/site\/dia-internacional-da-mulher\/\"]}]},{\"@type\":\"BreadcrumbList\",\"@id\":\"https:\/\/www.oarcanjo.net\/site\/dia-internacional-da-mulher\/#breadcrumb\",\"itemListElement\":[{\"@type\":\"ListItem\",\"position\":1,\"name\":\"In\u00edcio\",\"item\":\"https:\/\/www.oarcanjo.net\/site\/\"},{\"@type\":\"ListItem\",\"position\":2,\"name\":\"Dia Internacional da Mulher\"}]},{\"@type\":\"WebSite\",\"@id\":\"https:\/\/www.oarcanjo.net\/site\/#website\",\"url\":\"https:\/\/www.oarcanjo.net\/site\/\",\"name\":\"O Arcanjo no ar\",\"description\":\"Site da Par\u00f3quia S\u00e3o Miguel Arcanjo (Arquidiocese de SP)\",\"publisher\":{\"@id\":\"https:\/\/www.oarcanjo.net\/site\/#organization\"},\"potentialAction\":[{\"@type\":\"SearchAction\",\"target\":{\"@type\":\"EntryPoint\",\"urlTemplate\":\"https:\/\/www.oarcanjo.net\/site\/?s={search_term_string}\"},\"query-input\":{\"@type\":\"PropertyValueSpecification\",\"valueRequired\":true,\"valueName\":\"search_term_string\"}}],\"inLanguage\":\"pt-BR\"},{\"@type\":\"Organization\",\"@id\":\"https:\/\/www.oarcanjo.net\/site\/#organization\",\"name\":\"Par\u00f3quia S\u00e3o Miguel Arcanjo\",\"url\":\"https:\/\/www.oarcanjo.net\/site\/\",\"logo\":{\"@type\":\"ImageObject\",\"inLanguage\":\"pt-BR\",\"@id\":\"https:\/\/www.oarcanjo.net\/site\/#\/schema\/logo\/image\/\",\"url\":\"https:\/\/www.oarcanjo.net\/site\/wp-content\/uploads\/LogoOArcanjo.png\",\"contentUrl\":\"https:\/\/www.oarcanjo.net\/site\/wp-content\/uploads\/LogoOArcanjo.png\",\"width\":319,\"height\":99,\"caption\":\"Par\u00f3quia S\u00e3o Miguel Arcanjo\"},\"image\":{\"@id\":\"https:\/\/www.oarcanjo.net\/site\/#\/schema\/logo\/image\/\"},\"sameAs\":[\"https:\/\/www.facebook.com\/OArcanjoNoAr\/\"]},{\"@type\":\"Person\",\"@id\":\"https:\/\/www.oarcanjo.net\/site\/#\/schema\/person\/f7024d007863202483a31326673a0838\",\"name\":\"editor\",\"sameAs\":[\"http:\/\/www.oarcanjo.net\"]}]}<\/script>\n<!-- \/ Yoast SEO plugin. -->","yoast_head_json":{"title":"Dia Internacional da Mulher - O Arcanjo no ar","robots":{"index":"index","follow":"follow","max-snippet":"max-snippet:-1","max-image-preview":"max-image-preview:large","max-video-preview":"max-video-preview:-1"},"canonical":"https:\/\/www.oarcanjo.net\/site\/dia-internacional-da-mulher\/","og_locale":"pt_BR","og_type":"article","og_title":"Dia Internacional da Mulher - O Arcanjo no ar","og_description":"Tarcisio Marques Mesquita Dia 8 de mar\u00e7o, Dia Internacional da Mulher. A mulher, criada \u00e0 imagem e semelhan\u00e7a de Deus, no decorrer de mil\u00eanios, tem sido v\u00edtima de estruturas opressoras que distanciam n\u00e3o somente o feminino, mas todo g\u00eanero humano, de melhores e intensos dias de paz. Nada mais global do que comemorar, por meio [&hellip;]","og_url":"https:\/\/www.oarcanjo.net\/site\/dia-internacional-da-mulher\/","og_site_name":"O Arcanjo no ar","article_publisher":"https:\/\/www.facebook.com\/OArcanjoNoAr\/","article_published_time":"2009-03-08T13:03:23+00:00","article_modified_time":"2009-03-10T13:04:10+00:00","og_image":[{"width":300,"height":300,"url":"https:\/\/www.oarcanjo.net\/site\/wp-content\/uploads\/logo-o-arcanjo-no-ar-facebook.png","type":"image\/png"}],"author":"editor","twitter_card":"summary_large_image","twitter_misc":{"Escrito por":"editor","Est. tempo de leitura":"2 minutos"},"schema":{"@context":"https:\/\/schema.org","@graph":[{"@type":"Article","@id":"https:\/\/www.oarcanjo.net\/site\/dia-internacional-da-mulher\/#article","isPartOf":{"@id":"https:\/\/www.oarcanjo.net\/site\/dia-internacional-da-mulher\/"},"author":{"name":"editor","@id":"https:\/\/www.oarcanjo.net\/site\/#\/schema\/person\/f7024d007863202483a31326673a0838"},"headline":"Dia Internacional da Mulher","datePublished":"2009-03-08T13:03:23+00:00","dateModified":"2009-03-10T13:04:10+00:00","mainEntityOfPage":{"@id":"https:\/\/www.oarcanjo.net\/site\/dia-internacional-da-mulher\/"},"wordCount":408,"commentCount":0,"publisher":{"@id":"https:\/\/www.oarcanjo.net\/site\/#organization"},"keywords":["dia internacional da mulher","mulher"],"articleSection":["Reflex\u00f5es"],"inLanguage":"pt-BR","potentialAction":[{"@type":"CommentAction","name":"Comment","target":["https:\/\/www.oarcanjo.net\/site\/dia-internacional-da-mulher\/#respond"]}]},{"@type":"WebPage","@id":"https:\/\/www.oarcanjo.net\/site\/dia-internacional-da-mulher\/","url":"https:\/\/www.oarcanjo.net\/site\/dia-internacional-da-mulher\/","name":"Dia Internacional da Mulher - O Arcanjo no ar","isPartOf":{"@id":"https:\/\/www.oarcanjo.net\/site\/#website"},"datePublished":"2009-03-08T13:03:23+00:00","dateModified":"2009-03-10T13:04:10+00:00","breadcrumb":{"@id":"https:\/\/www.oarcanjo.net\/site\/dia-internacional-da-mulher\/#breadcrumb"},"inLanguage":"pt-BR","potentialAction":[{"@type":"ReadAction","target":["https:\/\/www.oarcanjo.net\/site\/dia-internacional-da-mulher\/"]}]},{"@type":"BreadcrumbList","@id":"https:\/\/www.oarcanjo.net\/site\/dia-internacional-da-mulher\/#breadcrumb","itemListElement":[{"@type":"ListItem","position":1,"name":"In\u00edcio","item":"https:\/\/www.oarcanjo.net\/site\/"},{"@type":"ListItem","position":2,"name":"Dia Internacional da Mulher"}]},{"@type":"WebSite","@id":"https:\/\/www.oarcanjo.net\/site\/#website","url":"https:\/\/www.oarcanjo.net\/site\/","name":"O Arcanjo no ar","description":"Site da Par\u00f3quia S\u00e3o Miguel Arcanjo (Arquidiocese de SP)","publisher":{"@id":"https:\/\/www.oarcanjo.net\/site\/#organization"},"potentialAction":[{"@type":"SearchAction","target":{"@type":"EntryPoint","urlTemplate":"https:\/\/www.oarcanjo.net\/site\/?s={search_term_string}"},"query-input":{"@type":"PropertyValueSpecification","valueRequired":true,"valueName":"search_term_string"}}],"inLanguage":"pt-BR"},{"@type":"Organization","@id":"https:\/\/www.oarcanjo.net\/site\/#organization","name":"Par\u00f3quia S\u00e3o Miguel Arcanjo","url":"https:\/\/www.oarcanjo.net\/site\/","logo":{"@type":"ImageObject","inLanguage":"pt-BR","@id":"https:\/\/www.oarcanjo.net\/site\/#\/schema\/logo\/image\/","url":"https:\/\/www.oarcanjo.net\/site\/wp-content\/uploads\/LogoOArcanjo.png","contentUrl":"https:\/\/www.oarcanjo.net\/site\/wp-content\/uploads\/LogoOArcanjo.png","width":319,"height":99,"caption":"Par\u00f3quia S\u00e3o Miguel Arcanjo"},"image":{"@id":"https:\/\/www.oarcanjo.net\/site\/#\/schema\/logo\/image\/"},"sameAs":["https:\/\/www.facebook.com\/OArcanjoNoAr\/"]},{"@type":"Person","@id":"https:\/\/www.oarcanjo.net\/site\/#\/schema\/person\/f7024d007863202483a31326673a0838","name":"editor","sameAs":["http:\/\/www.oarcanjo.net"]}]}},"publishpress_future_action":{"enabled":false,"date":"2026-05-07 18:46:09","action":"category","newStatus":"draft","terms":[],"taxonomy":"category"},"publishpress_future_workflow_manual_trigger":{"enabledWorkflows":[]},"_links":{"self":[{"href":"https:\/\/www.oarcanjo.net\/site\/wp-json\/wp\/v2\/posts\/2311"}],"collection":[{"href":"https:\/\/www.oarcanjo.net\/site\/wp-json\/wp\/v2\/posts"}],"about":[{"href":"https:\/\/www.oarcanjo.net\/site\/wp-json\/wp\/v2\/types\/post"}],"author":[{"embeddable":true,"href":"https:\/\/www.oarcanjo.net\/site\/wp-json\/wp\/v2\/users\/5"}],"replies":[{"embeddable":true,"href":"https:\/\/www.oarcanjo.net\/site\/wp-json\/wp\/v2\/comments?post=2311"}],"version-history":[{"count":0,"href":"https:\/\/www.oarcanjo.net\/site\/wp-json\/wp\/v2\/posts\/2311\/revisions"}],"wp:attachment":[{"href":"https:\/\/www.oarcanjo.net\/site\/wp-json\/wp\/v2\/media?parent=2311"}],"wp:term":[{"taxonomy":"category","embeddable":true,"href":"https:\/\/www.oarcanjo.net\/site\/wp-json\/wp\/v2\/categories?post=2311"},{"taxonomy":"post_tag","embeddable":true,"href":"https:\/\/www.oarcanjo.net\/site\/wp-json\/wp\/v2\/tags?post=2311"}],"curies":[{"name":"wp","href":"https:\/\/api.w.org\/{rel}","templated":true}]}}