
{"id":23112,"date":"2013-09-30T15:39:59","date_gmt":"2013-09-30T18:39:59","guid":{"rendered":"http:\/\/www.oarcanjo.net\/site\/?p=23112"},"modified":"2013-09-30T15:39:59","modified_gmt":"2013-09-30T18:39:59","slug":"a-vida-vale","status":"publish","type":"post","link":"https:\/\/www.oarcanjo.net\/site\/a-vida-vale\/","title":{"rendered":"A vida vale!"},"content":{"rendered":"<p>Neste in\u00edcio de outubro, celebramos no Brasil a Semana Nacional pela vida, culminando com o Dia do Nascituro, comemorado no dia 8 de outubro. Vale a pena acolher, valorizar, proteger e dignificar a vida!<\/p>\n<p>Come\u00e7ando pelo ambiente em que vivemos, damo-nos conta da import\u00e2ncia de todo ser vivente no complexo e delicado sistema da natureza que nos abriga e sustenta. De muitas maneiras, o ambiente da vida \u00e9 agredido e a conseq\u00fc\u00eancia \u00e9 a perda de capacidade do ambiente para bem hospedar a vida.<\/p>\n<p>Ainda h\u00e1 poucos dias, divulgavam-se novos dados alarmantes sobre o aquecimento global e o aumento m\u00e9dio da temperatura do planeta Terra, que pode chegar a quase 5 graus cent\u00edgrados nos pr\u00f3ximos 50 anos! E confirmava-se um dado que j\u00e1 era conhecido: o principal agente da degrada\u00e7\u00e3o do ambiente da vida \u00e9 o pr\u00f3prio homem, com suas rela\u00e7\u00f5es e interven\u00e7\u00f5es inadequadas na natureza.<\/p>\n<p>A Semana Nacional pela Vida \u00e9, sobretudo, uma proposta para valorizar mais a vida humana. S\u00e3o impressionantes a banaliza\u00e7\u00e3o da viol\u00eancia e as agress\u00f5es \u00e0 vida humana! Fere-se e mata-se uma pessoa com muita facilidade! A sa\u00fade p\u00fablica no Brasil est\u00e1 na UTI e grande parte da popula\u00e7\u00e3o n\u00e3o tem acesso aos cuidados essenciais da sa\u00fade. Muitos brasileiros ficam abandonados a si mesmos na doen\u00e7a e na velhice!<\/p>\n<p>A vida e a dignidade humana s\u00e3o aviltadas tamb\u00e9m no trabalho semi-escravo, na guerra, no tr\u00e1fico de pessoas para a explora\u00e7\u00e3o sexual e na escravid\u00e3o das drogas. Passar pelas \u201ccracol\u00e2ndias\u201d e pelas \u201cruas do sexo\u201d nas metr\u00f3poles brasileiras chega a ser deprimente e revoltante! Quem disse que s\u00e3o coisas de obscuros tempos do passado?!<\/p>\n<p>A vida tamb\u00e9m \u00e9 aviltada nas condi\u00e7\u00f5es de pobreza e mis\u00e9ria, que continuam a existir apesar de tudo! Como pode uma cidade como S\u00e3o Paulo continuar a conviver diariamente com cerca de 15 mil \u201cmoradores de rua\u201d, sem que, aparentemente, nada seja feito para ajudar esses irm\u00e3os a embarcarem novamente no trem da hist\u00f3ria?<\/p>\n<p>Parte triste dessas agress\u00f5es \u00e0 vida humana continua sendo o aborto provocado, que alcan\u00e7a centenas de milhares de casos cada ano! E, de maneira espantosa, pretende-se legalizar o aborto para \u201csalvar vidas\u201d, at\u00e9 mesmo como se isso fosse um direito humano! Matar seres humanos inocentes e indefesos seria um direito humano?! Ao se pensar na valoriza\u00e7\u00e3o e no apre\u00e7o pela pr\u00f3pria vida, tamb\u00e9m n\u00e3o se pode deixar de ter apre\u00e7o pela vida do outro!<\/p>\n<p>Por isso, o dia 8 de outubro \u00e9 comemorado no Brasil, por iniciativa da CNBB, como o \u201cDia do Nascituro\u201d. Aquele ser humanos que ainda n\u00e3o nasceu, mas j\u00e1 vive no seio da m\u00e3e, merece todo o respeito pela sua dignidade e pelo seu direito mais elementar, que \u00e9 o direito a viver e de n\u00e3o ser suprimido por vontade de outrem.<\/p>\n<p>No Congresso Nacional tramita h\u00e1 quase 6 anos o projeto de lei do Estatuto do Nascituro, mediante o qual se reconhece que o feto e o beb\u00ea, que se prepara para vir ao mundo j\u00e1 tem direitos a serem reconhecidos e respeitados. Oxal\u00e1 esse Projeto de Lei seja aprovado; seria um avan\u00e7o civilizat\u00f3rio no Brasil!<\/p>\n<p>A vida \u00e9 sempre um bem; o desprezo e o vilip\u00eandio \u00e0 vida s\u00e3o sinais de perda de humanidade. A vida vale mais que qualquer outro bem!<\/p>\n<p><em>Cardeal Odilo Pedro Scherer<\/em><br \/>\n<em>Arcebispo de S\u00e3o Paulo<\/em><br \/>\n<em><a title=\"@DomOdiloScherer\" href=\"http:\/\/twitter.com\/DomOdiloScherer\" target=\"_blank\">@DomOdiloScherer<\/a><\/em><\/p>\n<div id=\"themify_builder_content-23112\" data-postid=\"23112\" class=\"themify_builder_content themify_builder_content-23112 themify_builder themify_builder_front\">\n\t<\/div>\n<!-- \/themify_builder_content -->","protected":false},"excerpt":{"rendered":"<p>Neste in\u00edcio de outubro, celebramos no Brasil a Semana Nacional pela vida, culminando com o Dia do Nascituro, comemorado no dia 8 de outubro. Vale a pena acolher, valorizar, proteger e dignificar a vida! Come\u00e7ando pelo ambiente em que vivemos, damo-nos conta da import\u00e2ncia de todo ser vivente no complexo e delicado sistema da natureza [&hellip;]<\/p>\n","protected":false},"author":5,"featured_media":0,"comment_status":"open","ping_status":"open","sticky":false,"template":"","format":"standard","meta":{"ngg_post_thumbnail":0,"footnotes":""},"categories":[9],"tags":[377,2657,2658,62],"yoast_head":"<!-- This site is optimized with the Yoast SEO plugin v23.5 - https:\/\/yoast.com\/wordpress\/plugins\/seo\/ -->\n<title>A vida vale! - O Arcanjo no ar<\/title>\n<meta name=\"robots\" content=\"index, follow, max-snippet:-1, max-image-preview:large, max-video-preview:-1\" \/>\n<link rel=\"canonical\" href=\"https:\/\/www.oarcanjo.net\/site\/a-vida-vale\/\" \/>\n<meta property=\"og:locale\" content=\"pt_BR\" \/>\n<meta property=\"og:type\" content=\"article\" \/>\n<meta property=\"og:title\" content=\"A vida vale! - O Arcanjo no ar\" \/>\n<meta property=\"og:description\" content=\"Neste in\u00edcio de outubro, celebramos no Brasil a Semana Nacional pela vida, culminando com o Dia do Nascituro, comemorado no dia 8 de outubro. Vale a pena acolher, valorizar, proteger e dignificar a vida! Come\u00e7ando pelo ambiente em que vivemos, damo-nos conta da import\u00e2ncia de todo ser vivente no complexo e delicado sistema da natureza [&hellip;]\" \/>\n<meta property=\"og:url\" content=\"https:\/\/www.oarcanjo.net\/site\/a-vida-vale\/\" \/>\n<meta property=\"og:site_name\" content=\"O Arcanjo no ar\" \/>\n<meta property=\"article:publisher\" content=\"https:\/\/www.facebook.com\/OArcanjoNoAr\/\" \/>\n<meta property=\"article:published_time\" content=\"2013-09-30T18:39:59+00:00\" \/>\n<meta property=\"og:image\" content=\"https:\/\/www.oarcanjo.net\/site\/wp-content\/uploads\/logo-o-arcanjo-no-ar-facebook.png\" \/>\n\t<meta property=\"og:image:width\" content=\"300\" \/>\n\t<meta property=\"og:image:height\" content=\"300\" \/>\n\t<meta property=\"og:image:type\" content=\"image\/png\" \/>\n<meta name=\"author\" content=\"editor\" \/>\n<meta name=\"twitter:card\" content=\"summary_large_image\" \/>\n<meta name=\"twitter:label1\" content=\"Escrito por\" \/>\n\t<meta name=\"twitter:data1\" content=\"editor\" \/>\n\t<meta name=\"twitter:label2\" content=\"Est. tempo de leitura\" \/>\n\t<meta name=\"twitter:data2\" content=\"3 minutos\" \/>\n<script type=\"application\/ld+json\" class=\"yoast-schema-graph\">{\"@context\":\"https:\/\/schema.org\",\"@graph\":[{\"@type\":\"Article\",\"@id\":\"https:\/\/www.oarcanjo.net\/site\/a-vida-vale\/#article\",\"isPartOf\":{\"@id\":\"https:\/\/www.oarcanjo.net\/site\/a-vida-vale\/\"},\"author\":{\"name\":\"editor\",\"@id\":\"https:\/\/www.oarcanjo.net\/site\/#\/schema\/person\/f7024d007863202483a31326673a0838\"},\"headline\":\"A vida vale!\",\"datePublished\":\"2013-09-30T18:39:59+00:00\",\"dateModified\":\"2013-09-30T18:39:59+00:00\",\"mainEntityOfPage\":{\"@id\":\"https:\/\/www.oarcanjo.net\/site\/a-vida-vale\/\"},\"wordCount\":586,\"commentCount\":0,\"publisher\":{\"@id\":\"https:\/\/www.oarcanjo.net\/site\/#organization\"},\"keywords\":[\"dignidade humana\",\"Estatuto do Nascituro\",\"Semana Nacional pela vida\",\"vida\"],\"articleSection\":[\"Reflex\u00f5es\"],\"inLanguage\":\"pt-BR\",\"potentialAction\":[{\"@type\":\"CommentAction\",\"name\":\"Comment\",\"target\":[\"https:\/\/www.oarcanjo.net\/site\/a-vida-vale\/#respond\"]}]},{\"@type\":\"WebPage\",\"@id\":\"https:\/\/www.oarcanjo.net\/site\/a-vida-vale\/\",\"url\":\"https:\/\/www.oarcanjo.net\/site\/a-vida-vale\/\",\"name\":\"A vida vale! - O Arcanjo no ar\",\"isPartOf\":{\"@id\":\"https:\/\/www.oarcanjo.net\/site\/#website\"},\"datePublished\":\"2013-09-30T18:39:59+00:00\",\"dateModified\":\"2013-09-30T18:39:59+00:00\",\"breadcrumb\":{\"@id\":\"https:\/\/www.oarcanjo.net\/site\/a-vida-vale\/#breadcrumb\"},\"inLanguage\":\"pt-BR\",\"potentialAction\":[{\"@type\":\"ReadAction\",\"target\":[\"https:\/\/www.oarcanjo.net\/site\/a-vida-vale\/\"]}]},{\"@type\":\"BreadcrumbList\",\"@id\":\"https:\/\/www.oarcanjo.net\/site\/a-vida-vale\/#breadcrumb\",\"itemListElement\":[{\"@type\":\"ListItem\",\"position\":1,\"name\":\"In\u00edcio\",\"item\":\"https:\/\/www.oarcanjo.net\/site\/\"},{\"@type\":\"ListItem\",\"position\":2,\"name\":\"A vida vale!\"}]},{\"@type\":\"WebSite\",\"@id\":\"https:\/\/www.oarcanjo.net\/site\/#website\",\"url\":\"https:\/\/www.oarcanjo.net\/site\/\",\"name\":\"O Arcanjo no ar\",\"description\":\"Site da Par\u00f3quia S\u00e3o Miguel Arcanjo (Arquidiocese de SP)\",\"publisher\":{\"@id\":\"https:\/\/www.oarcanjo.net\/site\/#organization\"},\"potentialAction\":[{\"@type\":\"SearchAction\",\"target\":{\"@type\":\"EntryPoint\",\"urlTemplate\":\"https:\/\/www.oarcanjo.net\/site\/?s={search_term_string}\"},\"query-input\":{\"@type\":\"PropertyValueSpecification\",\"valueRequired\":true,\"valueName\":\"search_term_string\"}}],\"inLanguage\":\"pt-BR\"},{\"@type\":\"Organization\",\"@id\":\"https:\/\/www.oarcanjo.net\/site\/#organization\",\"name\":\"Par\u00f3quia S\u00e3o Miguel Arcanjo\",\"url\":\"https:\/\/www.oarcanjo.net\/site\/\",\"logo\":{\"@type\":\"ImageObject\",\"inLanguage\":\"pt-BR\",\"@id\":\"https:\/\/www.oarcanjo.net\/site\/#\/schema\/logo\/image\/\",\"url\":\"https:\/\/www.oarcanjo.net\/site\/wp-content\/uploads\/LogoOArcanjo.png\",\"contentUrl\":\"https:\/\/www.oarcanjo.net\/site\/wp-content\/uploads\/LogoOArcanjo.png\",\"width\":319,\"height\":99,\"caption\":\"Par\u00f3quia S\u00e3o Miguel Arcanjo\"},\"image\":{\"@id\":\"https:\/\/www.oarcanjo.net\/site\/#\/schema\/logo\/image\/\"},\"sameAs\":[\"https:\/\/www.facebook.com\/OArcanjoNoAr\/\"]},{\"@type\":\"Person\",\"@id\":\"https:\/\/www.oarcanjo.net\/site\/#\/schema\/person\/f7024d007863202483a31326673a0838\",\"name\":\"editor\",\"sameAs\":[\"http:\/\/www.oarcanjo.net\"]}]}<\/script>\n<!-- \/ Yoast SEO plugin. -->","yoast_head_json":{"title":"A vida vale! - O Arcanjo no ar","robots":{"index":"index","follow":"follow","max-snippet":"max-snippet:-1","max-image-preview":"max-image-preview:large","max-video-preview":"max-video-preview:-1"},"canonical":"https:\/\/www.oarcanjo.net\/site\/a-vida-vale\/","og_locale":"pt_BR","og_type":"article","og_title":"A vida vale! - O Arcanjo no ar","og_description":"Neste in\u00edcio de outubro, celebramos no Brasil a Semana Nacional pela vida, culminando com o Dia do Nascituro, comemorado no dia 8 de outubro. Vale a pena acolher, valorizar, proteger e dignificar a vida! Come\u00e7ando pelo ambiente em que vivemos, damo-nos conta da import\u00e2ncia de todo ser vivente no complexo e delicado sistema da natureza [&hellip;]","og_url":"https:\/\/www.oarcanjo.net\/site\/a-vida-vale\/","og_site_name":"O Arcanjo no ar","article_publisher":"https:\/\/www.facebook.com\/OArcanjoNoAr\/","article_published_time":"2013-09-30T18:39:59+00:00","og_image":[{"width":300,"height":300,"url":"https:\/\/www.oarcanjo.net\/site\/wp-content\/uploads\/logo-o-arcanjo-no-ar-facebook.png","type":"image\/png"}],"author":"editor","twitter_card":"summary_large_image","twitter_misc":{"Escrito por":"editor","Est. tempo de leitura":"3 minutos"},"schema":{"@context":"https:\/\/schema.org","@graph":[{"@type":"Article","@id":"https:\/\/www.oarcanjo.net\/site\/a-vida-vale\/#article","isPartOf":{"@id":"https:\/\/www.oarcanjo.net\/site\/a-vida-vale\/"},"author":{"name":"editor","@id":"https:\/\/www.oarcanjo.net\/site\/#\/schema\/person\/f7024d007863202483a31326673a0838"},"headline":"A vida vale!","datePublished":"2013-09-30T18:39:59+00:00","dateModified":"2013-09-30T18:39:59+00:00","mainEntityOfPage":{"@id":"https:\/\/www.oarcanjo.net\/site\/a-vida-vale\/"},"wordCount":586,"commentCount":0,"publisher":{"@id":"https:\/\/www.oarcanjo.net\/site\/#organization"},"keywords":["dignidade humana","Estatuto do Nascituro","Semana Nacional pela vida","vida"],"articleSection":["Reflex\u00f5es"],"inLanguage":"pt-BR","potentialAction":[{"@type":"CommentAction","name":"Comment","target":["https:\/\/www.oarcanjo.net\/site\/a-vida-vale\/#respond"]}]},{"@type":"WebPage","@id":"https:\/\/www.oarcanjo.net\/site\/a-vida-vale\/","url":"https:\/\/www.oarcanjo.net\/site\/a-vida-vale\/","name":"A vida vale! - O Arcanjo no ar","isPartOf":{"@id":"https:\/\/www.oarcanjo.net\/site\/#website"},"datePublished":"2013-09-30T18:39:59+00:00","dateModified":"2013-09-30T18:39:59+00:00","breadcrumb":{"@id":"https:\/\/www.oarcanjo.net\/site\/a-vida-vale\/#breadcrumb"},"inLanguage":"pt-BR","potentialAction":[{"@type":"ReadAction","target":["https:\/\/www.oarcanjo.net\/site\/a-vida-vale\/"]}]},{"@type":"BreadcrumbList","@id":"https:\/\/www.oarcanjo.net\/site\/a-vida-vale\/#breadcrumb","itemListElement":[{"@type":"ListItem","position":1,"name":"In\u00edcio","item":"https:\/\/www.oarcanjo.net\/site\/"},{"@type":"ListItem","position":2,"name":"A vida vale!"}]},{"@type":"WebSite","@id":"https:\/\/www.oarcanjo.net\/site\/#website","url":"https:\/\/www.oarcanjo.net\/site\/","name":"O Arcanjo no ar","description":"Site da Par\u00f3quia S\u00e3o Miguel Arcanjo (Arquidiocese de SP)","publisher":{"@id":"https:\/\/www.oarcanjo.net\/site\/#organization"},"potentialAction":[{"@type":"SearchAction","target":{"@type":"EntryPoint","urlTemplate":"https:\/\/www.oarcanjo.net\/site\/?s={search_term_string}"},"query-input":{"@type":"PropertyValueSpecification","valueRequired":true,"valueName":"search_term_string"}}],"inLanguage":"pt-BR"},{"@type":"Organization","@id":"https:\/\/www.oarcanjo.net\/site\/#organization","name":"Par\u00f3quia S\u00e3o Miguel Arcanjo","url":"https:\/\/www.oarcanjo.net\/site\/","logo":{"@type":"ImageObject","inLanguage":"pt-BR","@id":"https:\/\/www.oarcanjo.net\/site\/#\/schema\/logo\/image\/","url":"https:\/\/www.oarcanjo.net\/site\/wp-content\/uploads\/LogoOArcanjo.png","contentUrl":"https:\/\/www.oarcanjo.net\/site\/wp-content\/uploads\/LogoOArcanjo.png","width":319,"height":99,"caption":"Par\u00f3quia S\u00e3o Miguel Arcanjo"},"image":{"@id":"https:\/\/www.oarcanjo.net\/site\/#\/schema\/logo\/image\/"},"sameAs":["https:\/\/www.facebook.com\/OArcanjoNoAr\/"]},{"@type":"Person","@id":"https:\/\/www.oarcanjo.net\/site\/#\/schema\/person\/f7024d007863202483a31326673a0838","name":"editor","sameAs":["http:\/\/www.oarcanjo.net"]}]}},"publishpress_future_action":{"enabled":false,"date":"2026-05-09 04:22:44","action":"category","newStatus":"draft","terms":[],"taxonomy":"category"},"publishpress_future_workflow_manual_trigger":{"enabledWorkflows":[]},"_links":{"self":[{"href":"https:\/\/www.oarcanjo.net\/site\/wp-json\/wp\/v2\/posts\/23112"}],"collection":[{"href":"https:\/\/www.oarcanjo.net\/site\/wp-json\/wp\/v2\/posts"}],"about":[{"href":"https:\/\/www.oarcanjo.net\/site\/wp-json\/wp\/v2\/types\/post"}],"author":[{"embeddable":true,"href":"https:\/\/www.oarcanjo.net\/site\/wp-json\/wp\/v2\/users\/5"}],"replies":[{"embeddable":true,"href":"https:\/\/www.oarcanjo.net\/site\/wp-json\/wp\/v2\/comments?post=23112"}],"version-history":[{"count":0,"href":"https:\/\/www.oarcanjo.net\/site\/wp-json\/wp\/v2\/posts\/23112\/revisions"}],"wp:attachment":[{"href":"https:\/\/www.oarcanjo.net\/site\/wp-json\/wp\/v2\/media?parent=23112"}],"wp:term":[{"taxonomy":"category","embeddable":true,"href":"https:\/\/www.oarcanjo.net\/site\/wp-json\/wp\/v2\/categories?post=23112"},{"taxonomy":"post_tag","embeddable":true,"href":"https:\/\/www.oarcanjo.net\/site\/wp-json\/wp\/v2\/tags?post=23112"}],"curies":[{"name":"wp","href":"https:\/\/api.w.org\/{rel}","templated":true}]}}