
{"id":23124,"date":"2013-09-30T22:14:49","date_gmt":"2013-10-01T01:14:49","guid":{"rendered":"http:\/\/www.oarcanjo.net\/site\/?p=23124"},"modified":"2013-10-05T14:53:23","modified_gmt":"2013-10-05T17:53:23","slug":"23124","status":"publish","type":"post","link":"https:\/\/www.oarcanjo.net\/site\/23124\/","title":{"rendered":"Festa de S\u00e3o Miguel Arcanjo &#8211; noite"},"content":{"rendered":"<p style=\"text-align: justify;\">Na missa das 18hs, presidida por Dom Cl\u00e1udio Hummes e concelebrada pelo Pe J\u00falio Lancellotti,\u00a0a hom\u00edlia\u00a0sobre a par\u00e1bola do Senhor Jesus sobre o rico,\u00a0 o pobre\u00a0L\u00e1zaro e a vida eterna.\u00a0A igreja mostrando o caminho. Por oportuno, chegaram moradores de rua e tamb\u00e9m aqueles acolhidos pela Casa de Ora\u00e7\u00e3o do Povo da Rua, da Miss\u00e3o Bel\u00e9m, que deram um grande abra\u00e7o do Arcebispo em\u00e9rito de S\u00e3o Paulo. No final da missa, o Pe Julio pediu e Dom Cl\u00e1udio aceitou levar cartas da Comunidade S\u00e3o Miguel e da Pastoral do Povo da Rua\u00a0ao Papa Francisco.<\/p>\n<p style=\"text-align: justify;\">Nas barraquinhas, da festa de S\u00e3o Miguel, a alegria daqueles que servem e dos que s\u00e3o servidos.<\/p>\n<p style=\"text-align: justify;\">Acesse tamb\u00e9m os v\u00eddeos da missa presidida por\u00a0Dom Cl\u00e1udio Hummes<\/p>\n<p style=\"text-align: justify;\"><a href=\"http:\/\/www.oarcanjo.net\/site\/index.php\/destaque\/video-d-claudio-hummes-preside-missa-da-festa-de-sao-miguel\/\">http:\/\/www.oarcanjo.net\/site\/index.php\/destaque\/video-d-claudio-hummes-preside-missa-da-festa-de-sao-miguel\/<\/a><\/p>\n<p style=\"text-align: justify;\">Vejam as fotos da celebra\u00e7\u00e3o e das barraquinhas da festa<\/p>\n<p style=\"text-align: justify;\">ngg_shortcode_0_placeholder<\/p>\n<div id=\"themify_builder_content-23124\" data-postid=\"23124\" class=\"themify_builder_content themify_builder_content-23124 themify_builder themify_builder_front\">\n\t<\/div>\n<!-- \/themify_builder_content -->","protected":false},"excerpt":{"rendered":"<p>Na missa das 18hs, presidida por Dom Cl\u00e1udio Hummes e concelebrada pelo Pe J\u00falio Lancellotti,\u00a0a hom\u00edlia\u00a0sobre a par\u00e1bola do Senhor Jesus sobre o rico,\u00a0 o pobre\u00a0L\u00e1zaro e a vida eterna.\u00a0A igreja mostrando o caminho. Por oportuno, chegaram moradores de rua e tamb\u00e9m aqueles acolhidos pela Casa de Ora\u00e7\u00e3o do Povo da Rua, da Miss\u00e3o Bel\u00e9m, [&hellip;]<\/p>\n","protected":false},"author":10,"featured_media":0,"comment_status":"open","ping_status":"open","sticky":false,"template":"","format":"standard","meta":{"ngg_post_thumbnail":0,"footnotes":""},"categories":[8],"tags":[],"yoast_head":"<!-- This site is optimized with the Yoast SEO plugin v23.5 - https:\/\/yoast.com\/wordpress\/plugins\/seo\/ -->\n<title>Festa de S\u00e3o Miguel Arcanjo - noite - O Arcanjo no ar<\/title>\n<meta name=\"robots\" content=\"index, follow, max-snippet:-1, max-image-preview:large, max-video-preview:-1\" \/>\n<link rel=\"canonical\" href=\"https:\/\/www.oarcanjo.net\/site\/23124\/\" \/>\n<meta property=\"og:locale\" content=\"pt_BR\" \/>\n<meta property=\"og:type\" content=\"article\" \/>\n<meta property=\"og:title\" content=\"Festa de S\u00e3o Miguel Arcanjo - noite - O Arcanjo no ar\" \/>\n<meta property=\"og:description\" content=\"Na missa das 18hs, presidida por Dom Cl\u00e1udio Hummes e concelebrada pelo Pe J\u00falio Lancellotti,\u00a0a hom\u00edlia\u00a0sobre a par\u00e1bola do Senhor Jesus sobre o rico,\u00a0 o pobre\u00a0L\u00e1zaro e a vida eterna.\u00a0A igreja mostrando o caminho. Por oportuno, chegaram moradores de rua e tamb\u00e9m aqueles acolhidos pela Casa de Ora\u00e7\u00e3o do Povo da Rua, da Miss\u00e3o Bel\u00e9m, [&hellip;]\" \/>\n<meta property=\"og:url\" content=\"https:\/\/www.oarcanjo.net\/site\/23124\/\" \/>\n<meta property=\"og:site_name\" content=\"O Arcanjo no ar\" \/>\n<meta property=\"article:publisher\" content=\"https:\/\/www.facebook.com\/OArcanjoNoAr\/\" \/>\n<meta property=\"article:published_time\" content=\"2013-10-01T01:14:49+00:00\" \/>\n<meta property=\"article:modified_time\" content=\"2013-10-05T17:53:23+00:00\" \/>\n<meta property=\"og:image\" content=\"https:\/\/www.oarcanjo.net\/site\/wp-content\/uploads\/logo-o-arcanjo-no-ar-facebook.png\" \/>\n\t<meta property=\"og:image:width\" content=\"300\" \/>\n\t<meta property=\"og:image:height\" content=\"300\" \/>\n\t<meta property=\"og:image:type\" content=\"image\/png\" \/>\n<meta name=\"author\" content=\"carlos\" \/>\n<meta name=\"twitter:card\" content=\"summary_large_image\" \/>\n<meta name=\"twitter:label1\" content=\"Escrito por\" \/>\n\t<meta name=\"twitter:data1\" content=\"carlos\" \/>\n\t<meta name=\"twitter:label2\" content=\"Est. tempo de leitura\" \/>\n\t<meta name=\"twitter:data2\" content=\"1 minuto\" \/>\n<script type=\"application\/ld+json\" class=\"yoast-schema-graph\">{\"@context\":\"https:\/\/schema.org\",\"@graph\":[{\"@type\":\"Article\",\"@id\":\"https:\/\/www.oarcanjo.net\/site\/23124\/#article\",\"isPartOf\":{\"@id\":\"https:\/\/www.oarcanjo.net\/site\/23124\/\"},\"author\":{\"name\":\"carlos\",\"@id\":\"https:\/\/www.oarcanjo.net\/site\/#\/schema\/person\/f7870e710d8c8c30673de3a0ac2e451d\"},\"headline\":\"Festa de S\u00e3o Miguel Arcanjo &#8211; noite\",\"datePublished\":\"2013-10-01T01:14:49+00:00\",\"dateModified\":\"2013-10-05T17:53:23+00:00\",\"mainEntityOfPage\":{\"@id\":\"https:\/\/www.oarcanjo.net\/site\/23124\/\"},\"wordCount\":175,\"commentCount\":4,\"publisher\":{\"@id\":\"https:\/\/www.oarcanjo.net\/site\/#organization\"},\"articleSection\":[\"Not\u00edcias\"],\"inLanguage\":\"pt-BR\",\"potentialAction\":[{\"@type\":\"CommentAction\",\"name\":\"Comment\",\"target\":[\"https:\/\/www.oarcanjo.net\/site\/23124\/#respond\"]}]},{\"@type\":\"WebPage\",\"@id\":\"https:\/\/www.oarcanjo.net\/site\/23124\/\",\"url\":\"https:\/\/www.oarcanjo.net\/site\/23124\/\",\"name\":\"Festa de S\u00e3o Miguel Arcanjo - noite - O Arcanjo no ar\",\"isPartOf\":{\"@id\":\"https:\/\/www.oarcanjo.net\/site\/#website\"},\"datePublished\":\"2013-10-01T01:14:49+00:00\",\"dateModified\":\"2013-10-05T17:53:23+00:00\",\"breadcrumb\":{\"@id\":\"https:\/\/www.oarcanjo.net\/site\/23124\/#breadcrumb\"},\"inLanguage\":\"pt-BR\",\"potentialAction\":[{\"@type\":\"ReadAction\",\"target\":[\"https:\/\/www.oarcanjo.net\/site\/23124\/\"]}]},{\"@type\":\"BreadcrumbList\",\"@id\":\"https:\/\/www.oarcanjo.net\/site\/23124\/#breadcrumb\",\"itemListElement\":[{\"@type\":\"ListItem\",\"position\":1,\"name\":\"In\u00edcio\",\"item\":\"https:\/\/www.oarcanjo.net\/site\/\"},{\"@type\":\"ListItem\",\"position\":2,\"name\":\"Festa de S\u00e3o Miguel Arcanjo &#8211; noite\"}]},{\"@type\":\"WebSite\",\"@id\":\"https:\/\/www.oarcanjo.net\/site\/#website\",\"url\":\"https:\/\/www.oarcanjo.net\/site\/\",\"name\":\"O Arcanjo no ar\",\"description\":\"Site da Par\u00f3quia S\u00e3o Miguel Arcanjo (Arquidiocese de SP)\",\"publisher\":{\"@id\":\"https:\/\/www.oarcanjo.net\/site\/#organization\"},\"potentialAction\":[{\"@type\":\"SearchAction\",\"target\":{\"@type\":\"EntryPoint\",\"urlTemplate\":\"https:\/\/www.oarcanjo.net\/site\/?s={search_term_string}\"},\"query-input\":{\"@type\":\"PropertyValueSpecification\",\"valueRequired\":true,\"valueName\":\"search_term_string\"}}],\"inLanguage\":\"pt-BR\"},{\"@type\":\"Organization\",\"@id\":\"https:\/\/www.oarcanjo.net\/site\/#organization\",\"name\":\"Par\u00f3quia S\u00e3o Miguel Arcanjo\",\"url\":\"https:\/\/www.oarcanjo.net\/site\/\",\"logo\":{\"@type\":\"ImageObject\",\"inLanguage\":\"pt-BR\",\"@id\":\"https:\/\/www.oarcanjo.net\/site\/#\/schema\/logo\/image\/\",\"url\":\"https:\/\/www.oarcanjo.net\/site\/wp-content\/uploads\/LogoOArcanjo.png\",\"contentUrl\":\"https:\/\/www.oarcanjo.net\/site\/wp-content\/uploads\/LogoOArcanjo.png\",\"width\":319,\"height\":99,\"caption\":\"Par\u00f3quia S\u00e3o Miguel Arcanjo\"},\"image\":{\"@id\":\"https:\/\/www.oarcanjo.net\/site\/#\/schema\/logo\/image\/\"},\"sameAs\":[\"https:\/\/www.facebook.com\/OArcanjoNoAr\/\"]},{\"@type\":\"Person\",\"@id\":\"https:\/\/www.oarcanjo.net\/site\/#\/schema\/person\/f7870e710d8c8c30673de3a0ac2e451d\",\"name\":\"carlos\"}]}<\/script>\n<!-- \/ Yoast SEO plugin. -->","yoast_head_json":{"title":"Festa de S\u00e3o Miguel Arcanjo - noite - O Arcanjo no ar","robots":{"index":"index","follow":"follow","max-snippet":"max-snippet:-1","max-image-preview":"max-image-preview:large","max-video-preview":"max-video-preview:-1"},"canonical":"https:\/\/www.oarcanjo.net\/site\/23124\/","og_locale":"pt_BR","og_type":"article","og_title":"Festa de S\u00e3o Miguel Arcanjo - noite - O Arcanjo no ar","og_description":"Na missa das 18hs, presidida por Dom Cl\u00e1udio Hummes e concelebrada pelo Pe J\u00falio Lancellotti,\u00a0a hom\u00edlia\u00a0sobre a par\u00e1bola do Senhor Jesus sobre o rico,\u00a0 o pobre\u00a0L\u00e1zaro e a vida eterna.\u00a0A igreja mostrando o caminho. Por oportuno, chegaram moradores de rua e tamb\u00e9m aqueles acolhidos pela Casa de Ora\u00e7\u00e3o do Povo da Rua, da Miss\u00e3o Bel\u00e9m, [&hellip;]","og_url":"https:\/\/www.oarcanjo.net\/site\/23124\/","og_site_name":"O Arcanjo no ar","article_publisher":"https:\/\/www.facebook.com\/OArcanjoNoAr\/","article_published_time":"2013-10-01T01:14:49+00:00","article_modified_time":"2013-10-05T17:53:23+00:00","og_image":[{"width":300,"height":300,"url":"https:\/\/www.oarcanjo.net\/site\/wp-content\/uploads\/logo-o-arcanjo-no-ar-facebook.png","type":"image\/png"}],"author":"carlos","twitter_card":"summary_large_image","twitter_misc":{"Escrito por":"carlos","Est. tempo de leitura":"1 minuto"},"schema":{"@context":"https:\/\/schema.org","@graph":[{"@type":"Article","@id":"https:\/\/www.oarcanjo.net\/site\/23124\/#article","isPartOf":{"@id":"https:\/\/www.oarcanjo.net\/site\/23124\/"},"author":{"name":"carlos","@id":"https:\/\/www.oarcanjo.net\/site\/#\/schema\/person\/f7870e710d8c8c30673de3a0ac2e451d"},"headline":"Festa de S\u00e3o Miguel Arcanjo &#8211; noite","datePublished":"2013-10-01T01:14:49+00:00","dateModified":"2013-10-05T17:53:23+00:00","mainEntityOfPage":{"@id":"https:\/\/www.oarcanjo.net\/site\/23124\/"},"wordCount":175,"commentCount":4,"publisher":{"@id":"https:\/\/www.oarcanjo.net\/site\/#organization"},"articleSection":["Not\u00edcias"],"inLanguage":"pt-BR","potentialAction":[{"@type":"CommentAction","name":"Comment","target":["https:\/\/www.oarcanjo.net\/site\/23124\/#respond"]}]},{"@type":"WebPage","@id":"https:\/\/www.oarcanjo.net\/site\/23124\/","url":"https:\/\/www.oarcanjo.net\/site\/23124\/","name":"Festa de S\u00e3o Miguel Arcanjo - noite - O Arcanjo no ar","isPartOf":{"@id":"https:\/\/www.oarcanjo.net\/site\/#website"},"datePublished":"2013-10-01T01:14:49+00:00","dateModified":"2013-10-05T17:53:23+00:00","breadcrumb":{"@id":"https:\/\/www.oarcanjo.net\/site\/23124\/#breadcrumb"},"inLanguage":"pt-BR","potentialAction":[{"@type":"ReadAction","target":["https:\/\/www.oarcanjo.net\/site\/23124\/"]}]},{"@type":"BreadcrumbList","@id":"https:\/\/www.oarcanjo.net\/site\/23124\/#breadcrumb","itemListElement":[{"@type":"ListItem","position":1,"name":"In\u00edcio","item":"https:\/\/www.oarcanjo.net\/site\/"},{"@type":"ListItem","position":2,"name":"Festa de S\u00e3o Miguel Arcanjo &#8211; noite"}]},{"@type":"WebSite","@id":"https:\/\/www.oarcanjo.net\/site\/#website","url":"https:\/\/www.oarcanjo.net\/site\/","name":"O Arcanjo no ar","description":"Site da Par\u00f3quia S\u00e3o Miguel Arcanjo (Arquidiocese de SP)","publisher":{"@id":"https:\/\/www.oarcanjo.net\/site\/#organization"},"potentialAction":[{"@type":"SearchAction","target":{"@type":"EntryPoint","urlTemplate":"https:\/\/www.oarcanjo.net\/site\/?s={search_term_string}"},"query-input":{"@type":"PropertyValueSpecification","valueRequired":true,"valueName":"search_term_string"}}],"inLanguage":"pt-BR"},{"@type":"Organization","@id":"https:\/\/www.oarcanjo.net\/site\/#organization","name":"Par\u00f3quia S\u00e3o Miguel Arcanjo","url":"https:\/\/www.oarcanjo.net\/site\/","logo":{"@type":"ImageObject","inLanguage":"pt-BR","@id":"https:\/\/www.oarcanjo.net\/site\/#\/schema\/logo\/image\/","url":"https:\/\/www.oarcanjo.net\/site\/wp-content\/uploads\/LogoOArcanjo.png","contentUrl":"https:\/\/www.oarcanjo.net\/site\/wp-content\/uploads\/LogoOArcanjo.png","width":319,"height":99,"caption":"Par\u00f3quia S\u00e3o Miguel Arcanjo"},"image":{"@id":"https:\/\/www.oarcanjo.net\/site\/#\/schema\/logo\/image\/"},"sameAs":["https:\/\/www.facebook.com\/OArcanjoNoAr\/"]},{"@type":"Person","@id":"https:\/\/www.oarcanjo.net\/site\/#\/schema\/person\/f7870e710d8c8c30673de3a0ac2e451d","name":"carlos"}]}},"publishpress_future_action":{"enabled":false,"date":"2026-05-07 09:56:15","action":"category","newStatus":"draft","terms":[],"taxonomy":"category"},"publishpress_future_workflow_manual_trigger":{"enabledWorkflows":[]},"_links":{"self":[{"href":"https:\/\/www.oarcanjo.net\/site\/wp-json\/wp\/v2\/posts\/23124"}],"collection":[{"href":"https:\/\/www.oarcanjo.net\/site\/wp-json\/wp\/v2\/posts"}],"about":[{"href":"https:\/\/www.oarcanjo.net\/site\/wp-json\/wp\/v2\/types\/post"}],"author":[{"embeddable":true,"href":"https:\/\/www.oarcanjo.net\/site\/wp-json\/wp\/v2\/users\/10"}],"replies":[{"embeddable":true,"href":"https:\/\/www.oarcanjo.net\/site\/wp-json\/wp\/v2\/comments?post=23124"}],"version-history":[{"count":0,"href":"https:\/\/www.oarcanjo.net\/site\/wp-json\/wp\/v2\/posts\/23124\/revisions"}],"wp:attachment":[{"href":"https:\/\/www.oarcanjo.net\/site\/wp-json\/wp\/v2\/media?parent=23124"}],"wp:term":[{"taxonomy":"category","embeddable":true,"href":"https:\/\/www.oarcanjo.net\/site\/wp-json\/wp\/v2\/categories?post=23124"},{"taxonomy":"post_tag","embeddable":true,"href":"https:\/\/www.oarcanjo.net\/site\/wp-json\/wp\/v2\/tags?post=23124"}],"curies":[{"name":"wp","href":"https:\/\/api.w.org\/{rel}","templated":true}]}}