
{"id":23138,"date":"2013-10-02T16:02:43","date_gmt":"2013-10-02T19:02:43","guid":{"rendered":"http:\/\/www.oarcanjo.net\/site\/?p=23138"},"modified":"2013-10-02T16:02:43","modified_gmt":"2013-10-02T19:02:43","slug":"pastoral-da-crianca-colabora-para-a-melhoria-da-saude-infantil-no-brasil","status":"publish","type":"post","link":"https:\/\/www.oarcanjo.net\/site\/pastoral-da-crianca-colabora-para-a-melhoria-da-saude-infantil-no-brasil\/","title":{"rendered":"Pastoral da Crian\u00e7a colabora para a melhoria da sa\u00fade infantil no Brasil"},"content":{"rendered":"<p>Uma queda de 77% na taxa de mortalidade de crian\u00e7as menores de 5 anos do Brasil em apenas duas d\u00e9cadas foi um dos destaques do relat\u00f3rio da Unicef, divulgado no dia 13 de setembro de 2013. A taxa brasileira caiu de 62 para 14 por mil nascidos vivos entre 1990 e 2012.<\/p>\n<p>O pa\u00eds apresenta uma das quedas mais significativas entre 196 na\u00e7\u00f5es monitoradas, e ocupa a 7\u00aa posi\u00e7\u00e3o no ranking mundial. O relat\u00f3rio ainda indica a redu\u00e7\u00e3o da mortalidade em outras duas faixas et\u00e1rias: para crian\u00e7as menores de 1 ano, a queda foi de 75% e para o per\u00edodo neonatal, nos primeiros 28 dias de vida, o \u00edndice caiu 68%.<\/p>\n<p>Dados divulgados pelo Minist\u00e9rio da Sa\u00fade apontam que a regi\u00e3o nordeste foi a que registrou maior queda na mortalidade de crian\u00e7as at\u00e9 5 anos: 77,5%. Entre os estados que se destacam na redu\u00e7\u00e3o est\u00e3o Alagoas, Cear\u00e1 e Para\u00edba.<\/p>\n<p><img loading=\"lazy\" decoding=\"async\" class=\"alignnone size-full wp-image-23139\" title=\"Pastoral da Crian\u00e7a\" src=\"http:\/\/www.oarcanjo.net\/site\/wp-content\/uploads\/foto-pastoral-da-crianca-relatorio-unicef.jpg\" alt=\"Pastoral da Crian\u00e7a\" width=\"600\" height=\"399\" srcset=\"https:\/\/www.oarcanjo.net\/site\/wp-content\/uploads\/foto-pastoral-da-crianca-relatorio-unicef.jpg 600w, https:\/\/www.oarcanjo.net\/site\/wp-content\/uploads\/foto-pastoral-da-crianca-relatorio-unicef-300x199.jpg 300w\" sizes=\"(max-width: 600px) 100vw, 600px\" \/><\/p>\n<p><strong>Contribui\u00e7\u00e3o da Pastoral da Crian\u00e7a<\/strong><\/p>\n<p>As a\u00e7\u00f5es preventivas de sa\u00fade e nutri\u00e7\u00e3o das crian\u00e7as pobres realizadas pelos volunt\u00e1rios da Pastoral da Crian\u00e7a est\u00e3o entre os principais programas e iniciativas que contribu\u00edram para melhorar a sa\u00fade infantil no Brasil, nas \u00faltimas tr\u00eas d\u00e9cadas. O reconhecimento \u00e9 confirmado no artigo \u201cSa\u00fade de m\u00e3es e crian\u00e7as no Brasil: progressos e desafios\u201d, do professor Cesar G. Victora, da Universidade Federal de Pelotas (RS) e outros autores, que integra a s\u00e9rie Sa\u00fade no Brasil, publicada online pela revista The Lancet.<\/p>\n<p>A sa\u00fade e a nutri\u00e7\u00e3o das crian\u00e7as brasileiras melhoraram rapidamente a partir dos anos 1980, avalia o estudo. Al\u00e9m do crescimento econ\u00f4mico, urbaniza\u00e7\u00e3o e evolu\u00e7\u00e3o para o sistema de sa\u00fade \u00fanico, contribu\u00edram para elevar os indicadores nesta \u00e1rea os programas voltados para a sa\u00fade materna e nutri\u00e7\u00e3o infantil. A primeira Meta do Mil\u00eanio (redu\u00e7\u00e3o pela metade do n\u00famero de crian\u00e7as subnutridas entre 1990 e 2015) j\u00e1 foi alcan\u00e7ada. A Meta n\u00famero quatro (redu\u00e7\u00e3o de dois ter\u00e7os dos coeficientes de mortalidade de crian\u00e7as menores de 5 anos) provavelmente ser\u00e1 alcan\u00e7ada dentro de dois anos, de acordo com os autores.<\/p>\n<p>Segundo o artigo, entre mais de 50 programas e iniciativas para melhorar a sa\u00fade infantil, sua fonte de dados aponta que os melhores efeitos foram atribu\u00eddos \u201ca programas espec\u00edficos (promo\u00e7\u00e3o de imuniza\u00e7\u00e3o, amamenta\u00e7\u00e3o e alojamento conjunto) e a melhorias no acesso aos cuidados preventivos e curativos de sa\u00fade, incluindo o SUS, o Programa de Agentes Comunit\u00e1rios de Sa\u00fade e a Pastoral da Crian\u00e7a.\u201d<\/p>\n<p>Para o gestor de rela\u00e7\u00f5es institucionais da Pastoral da Crian\u00e7a, Cl\u00f3vis Boufler, este \u00e9 mais um reconhecimento ao trabalho realizado pelo organismo e seus volunt\u00e1rios. Em sua miss\u00e3o de promover o desenvolvimento integral das crian\u00e7as pobres, da concep\u00e7\u00e3o aos seis anos de idade, a Pastoral da Crian\u00e7a vem alcan\u00e7ado resultados concretos. \u201cA mortalidade infantil, entre as crian\u00e7as acompanhadas pela Pastoral da Crian\u00e7a, \u00e9 de 9,5 \u00f3bitos no primeiro ano de vida para cada mil nascidos vivos, muito abaixo da taxa nacional divulgada pelos \u00f3rg\u00e3os oficiais\u201d, observa Boufleur.<\/p>\n<p><em>Fonte: Pastoral da Crian\u00e7a \/ CNBB<\/em><br \/>\n<em>Imagem: Pastoral da Crian\u00e7a<\/em><\/p>\n<div id=\"themify_builder_content-23138\" data-postid=\"23138\" class=\"themify_builder_content themify_builder_content-23138 themify_builder themify_builder_front\">\n\t<\/div>\n<!-- \/themify_builder_content -->","protected":false},"excerpt":{"rendered":"<p>Uma queda de 77% na taxa de mortalidade de crian\u00e7as menores de 5 anos do Brasil em apenas duas d\u00e9cadas foi um dos destaques do relat\u00f3rio da Unicef, divulgado no dia 13 de setembro de 2013. A taxa brasileira caiu de 62 para 14 por mil nascidos vivos entre 1990 e 2012. O pa\u00eds apresenta [&hellip;]<\/p>\n","protected":false},"author":5,"featured_media":0,"comment_status":"open","ping_status":"open","sticky":false,"template":"","format":"standard","meta":{"ngg_post_thumbnail":0,"footnotes":""},"categories":[8],"tags":[125,1152,2664,295,2665,2666,1235],"yoast_head":"<!-- This site is optimized with the Yoast SEO plugin v23.5 - https:\/\/yoast.com\/wordpress\/plugins\/seo\/ -->\n<title>Pastoral da Crian\u00e7a colabora para a melhoria da sa\u00fade infantil no Brasil - O Arcanjo no ar<\/title>\n<meta name=\"robots\" content=\"index, follow, max-snippet:-1, max-image-preview:large, max-video-preview:-1\" \/>\n<link rel=\"canonical\" href=\"https:\/\/www.oarcanjo.net\/site\/pastoral-da-crianca-colabora-para-a-melhoria-da-saude-infantil-no-brasil\/\" \/>\n<meta property=\"og:locale\" content=\"pt_BR\" \/>\n<meta property=\"og:type\" content=\"article\" \/>\n<meta property=\"og:title\" content=\"Pastoral da Crian\u00e7a colabora para a melhoria da sa\u00fade infantil no Brasil - O Arcanjo no ar\" \/>\n<meta property=\"og:description\" content=\"Uma queda de 77% na taxa de mortalidade de crian\u00e7as menores de 5 anos do Brasil em apenas duas d\u00e9cadas foi um dos destaques do relat\u00f3rio da Unicef, divulgado no dia 13 de setembro de 2013. A taxa brasileira caiu de 62 para 14 por mil nascidos vivos entre 1990 e 2012. O pa\u00eds apresenta [&hellip;]\" \/>\n<meta property=\"og:url\" content=\"https:\/\/www.oarcanjo.net\/site\/pastoral-da-crianca-colabora-para-a-melhoria-da-saude-infantil-no-brasil\/\" \/>\n<meta property=\"og:site_name\" content=\"O Arcanjo no ar\" \/>\n<meta property=\"article:publisher\" content=\"https:\/\/www.facebook.com\/OArcanjoNoAr\/\" \/>\n<meta property=\"article:published_time\" content=\"2013-10-02T19:02:43+00:00\" \/>\n<meta property=\"og:image\" content=\"http:\/\/www.oarcanjo.net\/site\/wp-content\/uploads\/foto-pastoral-da-crianca-relatorio-unicef.jpg\" \/>\n<meta name=\"author\" content=\"editor\" \/>\n<meta name=\"twitter:card\" content=\"summary_large_image\" \/>\n<meta name=\"twitter:label1\" content=\"Escrito por\" \/>\n\t<meta name=\"twitter:data1\" content=\"editor\" \/>\n\t<meta name=\"twitter:label2\" content=\"Est. tempo de leitura\" \/>\n\t<meta name=\"twitter:data2\" content=\"3 minutos\" \/>\n<script type=\"application\/ld+json\" class=\"yoast-schema-graph\">{\"@context\":\"https:\/\/schema.org\",\"@graph\":[{\"@type\":\"Article\",\"@id\":\"https:\/\/www.oarcanjo.net\/site\/pastoral-da-crianca-colabora-para-a-melhoria-da-saude-infantil-no-brasil\/#article\",\"isPartOf\":{\"@id\":\"https:\/\/www.oarcanjo.net\/site\/pastoral-da-crianca-colabora-para-a-melhoria-da-saude-infantil-no-brasil\/\"},\"author\":{\"name\":\"editor\",\"@id\":\"https:\/\/www.oarcanjo.net\/site\/#\/schema\/person\/f7024d007863202483a31326673a0838\"},\"headline\":\"Pastoral da Crian\u00e7a colabora para a melhoria da sa\u00fade infantil no Brasil\",\"datePublished\":\"2013-10-02T19:02:43+00:00\",\"dateModified\":\"2013-10-02T19:02:43+00:00\",\"mainEntityOfPage\":{\"@id\":\"https:\/\/www.oarcanjo.net\/site\/pastoral-da-crianca-colabora-para-a-melhoria-da-saude-infantil-no-brasil\/\"},\"wordCount\":561,\"commentCount\":0,\"publisher\":{\"@id\":\"https:\/\/www.oarcanjo.net\/site\/#organization\"},\"image\":{\"@id\":\"https:\/\/www.oarcanjo.net\/site\/pastoral-da-crianca-colabora-para-a-melhoria-da-saude-infantil-no-brasil\/#primaryimage\"},\"thumbnailUrl\":\"http:\/\/www.oarcanjo.net\/site\/wp-content\/uploads\/foto-pastoral-da-crianca-relatorio-unicef.jpg\",\"keywords\":[\"crian\u00e7as\",\"inf\u00e2ncia\",\"Minist\u00e9rio da Sa\u00fade\",\"Pastoral da Crian\u00e7a\",\"Relat\u00f3rio\",\"Taxa de mortalidade\",\"Unicef\"],\"articleSection\":[\"Not\u00edcias\"],\"inLanguage\":\"pt-BR\",\"potentialAction\":[{\"@type\":\"CommentAction\",\"name\":\"Comment\",\"target\":[\"https:\/\/www.oarcanjo.net\/site\/pastoral-da-crianca-colabora-para-a-melhoria-da-saude-infantil-no-brasil\/#respond\"]}]},{\"@type\":\"WebPage\",\"@id\":\"https:\/\/www.oarcanjo.net\/site\/pastoral-da-crianca-colabora-para-a-melhoria-da-saude-infantil-no-brasil\/\",\"url\":\"https:\/\/www.oarcanjo.net\/site\/pastoral-da-crianca-colabora-para-a-melhoria-da-saude-infantil-no-brasil\/\",\"name\":\"Pastoral da Crian\u00e7a colabora para a melhoria da sa\u00fade infantil no Brasil - O Arcanjo no ar\",\"isPartOf\":{\"@id\":\"https:\/\/www.oarcanjo.net\/site\/#website\"},\"primaryImageOfPage\":{\"@id\":\"https:\/\/www.oarcanjo.net\/site\/pastoral-da-crianca-colabora-para-a-melhoria-da-saude-infantil-no-brasil\/#primaryimage\"},\"image\":{\"@id\":\"https:\/\/www.oarcanjo.net\/site\/pastoral-da-crianca-colabora-para-a-melhoria-da-saude-infantil-no-brasil\/#primaryimage\"},\"thumbnailUrl\":\"http:\/\/www.oarcanjo.net\/site\/wp-content\/uploads\/foto-pastoral-da-crianca-relatorio-unicef.jpg\",\"datePublished\":\"2013-10-02T19:02:43+00:00\",\"dateModified\":\"2013-10-02T19:02:43+00:00\",\"breadcrumb\":{\"@id\":\"https:\/\/www.oarcanjo.net\/site\/pastoral-da-crianca-colabora-para-a-melhoria-da-saude-infantil-no-brasil\/#breadcrumb\"},\"inLanguage\":\"pt-BR\",\"potentialAction\":[{\"@type\":\"ReadAction\",\"target\":[\"https:\/\/www.oarcanjo.net\/site\/pastoral-da-crianca-colabora-para-a-melhoria-da-saude-infantil-no-brasil\/\"]}]},{\"@type\":\"ImageObject\",\"inLanguage\":\"pt-BR\",\"@id\":\"https:\/\/www.oarcanjo.net\/site\/pastoral-da-crianca-colabora-para-a-melhoria-da-saude-infantil-no-brasil\/#primaryimage\",\"url\":\"https:\/\/www.oarcanjo.net\/site\/wp-content\/uploads\/foto-pastoral-da-crianca-relatorio-unicef.jpg\",\"contentUrl\":\"https:\/\/www.oarcanjo.net\/site\/wp-content\/uploads\/foto-pastoral-da-crianca-relatorio-unicef.jpg\",\"width\":\"600\",\"height\":\"399\",\"caption\":\"Pastoral da Crian\u00e7a\"},{\"@type\":\"BreadcrumbList\",\"@id\":\"https:\/\/www.oarcanjo.net\/site\/pastoral-da-crianca-colabora-para-a-melhoria-da-saude-infantil-no-brasil\/#breadcrumb\",\"itemListElement\":[{\"@type\":\"ListItem\",\"position\":1,\"name\":\"In\u00edcio\",\"item\":\"https:\/\/www.oarcanjo.net\/site\/\"},{\"@type\":\"ListItem\",\"position\":2,\"name\":\"Pastoral da Crian\u00e7a colabora para a melhoria da sa\u00fade infantil no Brasil\"}]},{\"@type\":\"WebSite\",\"@id\":\"https:\/\/www.oarcanjo.net\/site\/#website\",\"url\":\"https:\/\/www.oarcanjo.net\/site\/\",\"name\":\"O Arcanjo no ar\",\"description\":\"Site da Par\u00f3quia S\u00e3o Miguel Arcanjo (Arquidiocese de SP)\",\"publisher\":{\"@id\":\"https:\/\/www.oarcanjo.net\/site\/#organization\"},\"potentialAction\":[{\"@type\":\"SearchAction\",\"target\":{\"@type\":\"EntryPoint\",\"urlTemplate\":\"https:\/\/www.oarcanjo.net\/site\/?s={search_term_string}\"},\"query-input\":{\"@type\":\"PropertyValueSpecification\",\"valueRequired\":true,\"valueName\":\"search_term_string\"}}],\"inLanguage\":\"pt-BR\"},{\"@type\":\"Organization\",\"@id\":\"https:\/\/www.oarcanjo.net\/site\/#organization\",\"name\":\"Par\u00f3quia S\u00e3o Miguel Arcanjo\",\"url\":\"https:\/\/www.oarcanjo.net\/site\/\",\"logo\":{\"@type\":\"ImageObject\",\"inLanguage\":\"pt-BR\",\"@id\":\"https:\/\/www.oarcanjo.net\/site\/#\/schema\/logo\/image\/\",\"url\":\"https:\/\/www.oarcanjo.net\/site\/wp-content\/uploads\/LogoOArcanjo.png\",\"contentUrl\":\"https:\/\/www.oarcanjo.net\/site\/wp-content\/uploads\/LogoOArcanjo.png\",\"width\":319,\"height\":99,\"caption\":\"Par\u00f3quia S\u00e3o Miguel Arcanjo\"},\"image\":{\"@id\":\"https:\/\/www.oarcanjo.net\/site\/#\/schema\/logo\/image\/\"},\"sameAs\":[\"https:\/\/www.facebook.com\/OArcanjoNoAr\/\"]},{\"@type\":\"Person\",\"@id\":\"https:\/\/www.oarcanjo.net\/site\/#\/schema\/person\/f7024d007863202483a31326673a0838\",\"name\":\"editor\",\"sameAs\":[\"http:\/\/www.oarcanjo.net\"]}]}<\/script>\n<!-- \/ Yoast SEO plugin. -->","yoast_head_json":{"title":"Pastoral da Crian\u00e7a colabora para a melhoria da sa\u00fade infantil no Brasil - O Arcanjo no ar","robots":{"index":"index","follow":"follow","max-snippet":"max-snippet:-1","max-image-preview":"max-image-preview:large","max-video-preview":"max-video-preview:-1"},"canonical":"https:\/\/www.oarcanjo.net\/site\/pastoral-da-crianca-colabora-para-a-melhoria-da-saude-infantil-no-brasil\/","og_locale":"pt_BR","og_type":"article","og_title":"Pastoral da Crian\u00e7a colabora para a melhoria da sa\u00fade infantil no Brasil - O Arcanjo no ar","og_description":"Uma queda de 77% na taxa de mortalidade de crian\u00e7as menores de 5 anos do Brasil em apenas duas d\u00e9cadas foi um dos destaques do relat\u00f3rio da Unicef, divulgado no dia 13 de setembro de 2013. A taxa brasileira caiu de 62 para 14 por mil nascidos vivos entre 1990 e 2012. O pa\u00eds apresenta [&hellip;]","og_url":"https:\/\/www.oarcanjo.net\/site\/pastoral-da-crianca-colabora-para-a-melhoria-da-saude-infantil-no-brasil\/","og_site_name":"O Arcanjo no ar","article_publisher":"https:\/\/www.facebook.com\/OArcanjoNoAr\/","article_published_time":"2013-10-02T19:02:43+00:00","og_image":[{"url":"http:\/\/www.oarcanjo.net\/site\/wp-content\/uploads\/foto-pastoral-da-crianca-relatorio-unicef.jpg"}],"author":"editor","twitter_card":"summary_large_image","twitter_misc":{"Escrito por":"editor","Est. tempo de leitura":"3 minutos"},"schema":{"@context":"https:\/\/schema.org","@graph":[{"@type":"Article","@id":"https:\/\/www.oarcanjo.net\/site\/pastoral-da-crianca-colabora-para-a-melhoria-da-saude-infantil-no-brasil\/#article","isPartOf":{"@id":"https:\/\/www.oarcanjo.net\/site\/pastoral-da-crianca-colabora-para-a-melhoria-da-saude-infantil-no-brasil\/"},"author":{"name":"editor","@id":"https:\/\/www.oarcanjo.net\/site\/#\/schema\/person\/f7024d007863202483a31326673a0838"},"headline":"Pastoral da Crian\u00e7a colabora para a melhoria da sa\u00fade infantil no Brasil","datePublished":"2013-10-02T19:02:43+00:00","dateModified":"2013-10-02T19:02:43+00:00","mainEntityOfPage":{"@id":"https:\/\/www.oarcanjo.net\/site\/pastoral-da-crianca-colabora-para-a-melhoria-da-saude-infantil-no-brasil\/"},"wordCount":561,"commentCount":0,"publisher":{"@id":"https:\/\/www.oarcanjo.net\/site\/#organization"},"image":{"@id":"https:\/\/www.oarcanjo.net\/site\/pastoral-da-crianca-colabora-para-a-melhoria-da-saude-infantil-no-brasil\/#primaryimage"},"thumbnailUrl":"http:\/\/www.oarcanjo.net\/site\/wp-content\/uploads\/foto-pastoral-da-crianca-relatorio-unicef.jpg","keywords":["crian\u00e7as","inf\u00e2ncia","Minist\u00e9rio da Sa\u00fade","Pastoral da Crian\u00e7a","Relat\u00f3rio","Taxa de mortalidade","Unicef"],"articleSection":["Not\u00edcias"],"inLanguage":"pt-BR","potentialAction":[{"@type":"CommentAction","name":"Comment","target":["https:\/\/www.oarcanjo.net\/site\/pastoral-da-crianca-colabora-para-a-melhoria-da-saude-infantil-no-brasil\/#respond"]}]},{"@type":"WebPage","@id":"https:\/\/www.oarcanjo.net\/site\/pastoral-da-crianca-colabora-para-a-melhoria-da-saude-infantil-no-brasil\/","url":"https:\/\/www.oarcanjo.net\/site\/pastoral-da-crianca-colabora-para-a-melhoria-da-saude-infantil-no-brasil\/","name":"Pastoral da Crian\u00e7a colabora para a melhoria da sa\u00fade infantil no Brasil - O Arcanjo no ar","isPartOf":{"@id":"https:\/\/www.oarcanjo.net\/site\/#website"},"primaryImageOfPage":{"@id":"https:\/\/www.oarcanjo.net\/site\/pastoral-da-crianca-colabora-para-a-melhoria-da-saude-infantil-no-brasil\/#primaryimage"},"image":{"@id":"https:\/\/www.oarcanjo.net\/site\/pastoral-da-crianca-colabora-para-a-melhoria-da-saude-infantil-no-brasil\/#primaryimage"},"thumbnailUrl":"http:\/\/www.oarcanjo.net\/site\/wp-content\/uploads\/foto-pastoral-da-crianca-relatorio-unicef.jpg","datePublished":"2013-10-02T19:02:43+00:00","dateModified":"2013-10-02T19:02:43+00:00","breadcrumb":{"@id":"https:\/\/www.oarcanjo.net\/site\/pastoral-da-crianca-colabora-para-a-melhoria-da-saude-infantil-no-brasil\/#breadcrumb"},"inLanguage":"pt-BR","potentialAction":[{"@type":"ReadAction","target":["https:\/\/www.oarcanjo.net\/site\/pastoral-da-crianca-colabora-para-a-melhoria-da-saude-infantil-no-brasil\/"]}]},{"@type":"ImageObject","inLanguage":"pt-BR","@id":"https:\/\/www.oarcanjo.net\/site\/pastoral-da-crianca-colabora-para-a-melhoria-da-saude-infantil-no-brasil\/#primaryimage","url":"https:\/\/www.oarcanjo.net\/site\/wp-content\/uploads\/foto-pastoral-da-crianca-relatorio-unicef.jpg","contentUrl":"https:\/\/www.oarcanjo.net\/site\/wp-content\/uploads\/foto-pastoral-da-crianca-relatorio-unicef.jpg","width":"600","height":"399","caption":"Pastoral da Crian\u00e7a"},{"@type":"BreadcrumbList","@id":"https:\/\/www.oarcanjo.net\/site\/pastoral-da-crianca-colabora-para-a-melhoria-da-saude-infantil-no-brasil\/#breadcrumb","itemListElement":[{"@type":"ListItem","position":1,"name":"In\u00edcio","item":"https:\/\/www.oarcanjo.net\/site\/"},{"@type":"ListItem","position":2,"name":"Pastoral da Crian\u00e7a colabora para a melhoria da sa\u00fade infantil no Brasil"}]},{"@type":"WebSite","@id":"https:\/\/www.oarcanjo.net\/site\/#website","url":"https:\/\/www.oarcanjo.net\/site\/","name":"O Arcanjo no ar","description":"Site da Par\u00f3quia S\u00e3o Miguel Arcanjo (Arquidiocese de SP)","publisher":{"@id":"https:\/\/www.oarcanjo.net\/site\/#organization"},"potentialAction":[{"@type":"SearchAction","target":{"@type":"EntryPoint","urlTemplate":"https:\/\/www.oarcanjo.net\/site\/?s={search_term_string}"},"query-input":{"@type":"PropertyValueSpecification","valueRequired":true,"valueName":"search_term_string"}}],"inLanguage":"pt-BR"},{"@type":"Organization","@id":"https:\/\/www.oarcanjo.net\/site\/#organization","name":"Par\u00f3quia S\u00e3o Miguel Arcanjo","url":"https:\/\/www.oarcanjo.net\/site\/","logo":{"@type":"ImageObject","inLanguage":"pt-BR","@id":"https:\/\/www.oarcanjo.net\/site\/#\/schema\/logo\/image\/","url":"https:\/\/www.oarcanjo.net\/site\/wp-content\/uploads\/LogoOArcanjo.png","contentUrl":"https:\/\/www.oarcanjo.net\/site\/wp-content\/uploads\/LogoOArcanjo.png","width":319,"height":99,"caption":"Par\u00f3quia S\u00e3o Miguel Arcanjo"},"image":{"@id":"https:\/\/www.oarcanjo.net\/site\/#\/schema\/logo\/image\/"},"sameAs":["https:\/\/www.facebook.com\/OArcanjoNoAr\/"]},{"@type":"Person","@id":"https:\/\/www.oarcanjo.net\/site\/#\/schema\/person\/f7024d007863202483a31326673a0838","name":"editor","sameAs":["http:\/\/www.oarcanjo.net"]}]}},"publishpress_future_action":{"enabled":false,"date":"2026-05-07 09:56:40","action":"category","newStatus":"draft","terms":[],"taxonomy":"category"},"publishpress_future_workflow_manual_trigger":{"enabledWorkflows":[]},"_links":{"self":[{"href":"https:\/\/www.oarcanjo.net\/site\/wp-json\/wp\/v2\/posts\/23138"}],"collection":[{"href":"https:\/\/www.oarcanjo.net\/site\/wp-json\/wp\/v2\/posts"}],"about":[{"href":"https:\/\/www.oarcanjo.net\/site\/wp-json\/wp\/v2\/types\/post"}],"author":[{"embeddable":true,"href":"https:\/\/www.oarcanjo.net\/site\/wp-json\/wp\/v2\/users\/5"}],"replies":[{"embeddable":true,"href":"https:\/\/www.oarcanjo.net\/site\/wp-json\/wp\/v2\/comments?post=23138"}],"version-history":[{"count":0,"href":"https:\/\/www.oarcanjo.net\/site\/wp-json\/wp\/v2\/posts\/23138\/revisions"}],"wp:attachment":[{"href":"https:\/\/www.oarcanjo.net\/site\/wp-json\/wp\/v2\/media?parent=23138"}],"wp:term":[{"taxonomy":"category","embeddable":true,"href":"https:\/\/www.oarcanjo.net\/site\/wp-json\/wp\/v2\/categories?post=23138"},{"taxonomy":"post_tag","embeddable":true,"href":"https:\/\/www.oarcanjo.net\/site\/wp-json\/wp\/v2\/tags?post=23138"}],"curies":[{"name":"wp","href":"https:\/\/api.w.org\/{rel}","templated":true}]}}