
{"id":23142,"date":"2013-10-02T16:24:22","date_gmt":"2013-10-02T19:24:22","guid":{"rendered":"http:\/\/www.oarcanjo.net\/site\/?p=23142"},"modified":"2013-10-02T16:27:28","modified_gmt":"2013-10-02T19:27:28","slug":"videos-resumo-dos-compromissos-da-5-semana-social-brasileira-em-video","status":"publish","type":"post","link":"https:\/\/www.oarcanjo.net\/site\/videos-resumo-dos-compromissos-da-5-semana-social-brasileira-em-video\/","title":{"rendered":"V\u00cdDEOS: Resumo dos compromissos da 5\u00aa Semana Social Brasileira em v\u00eddeo"},"content":{"rendered":"<p>A coordena\u00e7\u00e3o da 5\u00aa Semana Social Brasileira (SSB) produziu um v\u00eddeo em que apresenta um resumo da Assembleia realizada nos dias 2 a 5 de setembro, em Bras\u00edlia (DF), quando foi redigida a Carta de Compromissos da SSB. O objetivo \u00e9 promover a reprodu\u00e7\u00e3o das discuss\u00f5es e propostas nas comunidades de todo o pa\u00eds, avan\u00e7ando na conquista das demandas apontadas pelos movimentos.<\/p>\n<p>A 5\u00aa Semana Social \u00e9 uma promo\u00e7\u00e3o da CNBB, por meio da Comiss\u00e3o Episcopal para o Servi\u00e7o da Caridade Justi\u00e7a e Paz. Trata-se de um processo iniciado em 2011, que analisou a realidade brasileira e global, escutou os clamores populares e celebrou a caminhada dos movimentos sociais e das igrejas, na defesa e na promo\u00e7\u00e3o da vida. A Carta Compromisso re\u00fane as propostas dos dez grupos de trabalho tem\u00e1ticos debatidos durante o evento em dire\u00e7\u00e3o ao compromisso para a \u201crefunda\u00e7\u00e3o de um Estado de inclus\u00e3o e de igualdade social\u201d, fundamentado na \u201cdemocracia direta, participativa e representativa\u201d.<\/p>\n<p><strong>Assista a \u00edntegra do v\u00eddeo com os compromissos:<\/strong><\/p>\n<p><iframe loading=\"lazy\" width=\"600\" height=\"450\" src=\"\/\/www.youtube.com\/embed\/idEkzjQZmKY?rel=0\" frameborder=\"0\" allowfullscreen><\/iframe><\/p>\n<p><a href=\"http:\/\/www.semanasocialbrasileira.org.br\/post\/2979\" target=\"_blank\" title=\"Carta de Compromissos da SSB\" alt=\"Carta de Compromissos da SSB\">Leia aqui<\/a> a \u00edntegra da Carta Compromisso.<\/p>\n<p><strong>Veja tamb\u00e9m alguns depoimentos:<\/strong><\/p>\n<p><strong>Cardeal Raymundo Damasceno Assis \u2013 Presidente da CNBB<\/strong><br \/>\n<iframe loading=\"lazy\" width=\"600\" height=\"450\" src=\"\/\/www.youtube.com\/embed\/5biBbXNhJg4?rel=0\" frameborder=\"0\" allowfullscreen><\/iframe><\/p>\n<p><strong>Hildete Emanuele &#8211; Pastoral da Juventude<\/strong><br \/>\n<iframe loading=\"lazy\" width=\"600\" height=\"450\" src=\"\/\/www.youtube.com\/embed\/hzjhhHUaZyo?rel=0\" frameborder=\"0\" allowfullscreen><\/iframe><\/p>\n<p><strong>Ant\u00f4nio Apinaj\u00e9 \u2013 Ind\u00edgena<\/strong><br \/>\n<iframe loading=\"lazy\" width=\"600\" height=\"450\" src=\"\/\/www.youtube.com\/embed\/TzperXJWp4E?rel=0\" frameborder=\"0\" allowfullscreen><\/iframe><\/p>\n<p><strong>Neuza Mafra \u2013 C\u00e1ritas<\/strong><br \/>\n<iframe loading=\"lazy\" width=\"600\" height=\"450\" src=\"\/\/www.youtube.com\/embed\/5jOSN1T_lpw?rel=0\" frameborder=\"0\" allowfullscreen><\/iframe><\/p>\n<p><strong>Cecilia Iorio \u2013 CAFOD<\/strong><br \/>\n<iframe loading=\"lazy\" width=\"600\" height=\"450\" src=\"\/\/www.youtube.com\/embed\/w6LSPAYgg5o?rel=0\" frameborder=\"0\" allowfullscreen><\/iframe><\/p>\n<p><strong>Marinete Morais \u2013 Pastoral Afro-Brasileira<\/strong><br \/>\n<iframe loading=\"lazy\" width=\"600\" height=\"450\" src=\"\/\/www.youtube.com\/embed\/tzfUj6JGuwY?rel=0\" frameborder=\"0\" allowfullscreen><\/iframe><\/p>\n<p><em>Fonte: CNBB<\/em><\/p>\n<div id=\"themify_builder_content-23142\" data-postid=\"23142\" class=\"themify_builder_content themify_builder_content-23142 themify_builder themify_builder_front\">\n\t<\/div>\n<!-- \/themify_builder_content -->","protected":false},"excerpt":{"rendered":"<p>A coordena\u00e7\u00e3o da 5\u00aa Semana Social Brasileira (SSB) produziu um v\u00eddeo em que apresenta um resumo da Assembleia realizada nos dias 2 a 5 de setembro, em Bras\u00edlia (DF), quando foi redigida a Carta de Compromissos da SSB. O objetivo \u00e9 promover a reprodu\u00e7\u00e3o das discuss\u00f5es e propostas nas comunidades de todo o pa\u00eds, avan\u00e7ando [&hellip;]<\/p>\n","protected":false},"author":5,"featured_media":0,"comment_status":"open","ping_status":"open","sticky":false,"template":"","format":"standard","meta":{"ngg_post_thumbnail":0,"footnotes":""},"categories":[477,8,280],"tags":[2667,2569,2668,2669],"yoast_head":"<!-- This site is optimized with the Yoast SEO plugin v23.5 - https:\/\/yoast.com\/wordpress\/plugins\/seo\/ -->\n<title>V\u00cdDEOS: Resumo dos compromissos da 5\u00aa Semana Social Brasileira em v\u00eddeo - O Arcanjo no ar<\/title>\n<meta name=\"robots\" content=\"index, follow, max-snippet:-1, max-image-preview:large, max-video-preview:-1\" \/>\n<link rel=\"canonical\" href=\"https:\/\/www.oarcanjo.net\/site\/videos-resumo-dos-compromissos-da-5-semana-social-brasileira-em-video\/\" \/>\n<meta property=\"og:locale\" content=\"pt_BR\" \/>\n<meta property=\"og:type\" content=\"article\" \/>\n<meta property=\"og:title\" content=\"V\u00cdDEOS: Resumo dos compromissos da 5\u00aa Semana Social Brasileira em v\u00eddeo - O Arcanjo no ar\" \/>\n<meta property=\"og:description\" content=\"A coordena\u00e7\u00e3o da 5\u00aa Semana Social Brasileira (SSB) produziu um v\u00eddeo em que apresenta um resumo da Assembleia realizada nos dias 2 a 5 de setembro, em Bras\u00edlia (DF), quando foi redigida a Carta de Compromissos da SSB. O objetivo \u00e9 promover a reprodu\u00e7\u00e3o das discuss\u00f5es e propostas nas comunidades de todo o pa\u00eds, avan\u00e7ando [&hellip;]\" \/>\n<meta property=\"og:url\" content=\"https:\/\/www.oarcanjo.net\/site\/videos-resumo-dos-compromissos-da-5-semana-social-brasileira-em-video\/\" \/>\n<meta property=\"og:site_name\" content=\"O Arcanjo no ar\" \/>\n<meta property=\"article:publisher\" content=\"https:\/\/www.facebook.com\/OArcanjoNoAr\/\" \/>\n<meta property=\"article:published_time\" content=\"2013-10-02T19:24:22+00:00\" \/>\n<meta property=\"article:modified_time\" content=\"2013-10-02T19:27:28+00:00\" \/>\n<meta property=\"og:image\" content=\"https:\/\/www.oarcanjo.net\/site\/wp-content\/uploads\/logo-o-arcanjo-no-ar-facebook.png\" \/>\n\t<meta property=\"og:image:width\" content=\"300\" \/>\n\t<meta property=\"og:image:height\" content=\"300\" \/>\n\t<meta property=\"og:image:type\" content=\"image\/png\" \/>\n<meta name=\"author\" content=\"editor\" \/>\n<meta name=\"twitter:card\" content=\"summary_large_image\" \/>\n<meta name=\"twitter:label1\" content=\"Escrito por\" \/>\n\t<meta name=\"twitter:data1\" content=\"editor\" \/>\n\t<meta name=\"twitter:label2\" content=\"Est. tempo de leitura\" \/>\n\t<meta name=\"twitter:data2\" content=\"1 minuto\" \/>\n<script type=\"application\/ld+json\" class=\"yoast-schema-graph\">{\"@context\":\"https:\/\/schema.org\",\"@graph\":[{\"@type\":\"Article\",\"@id\":\"https:\/\/www.oarcanjo.net\/site\/videos-resumo-dos-compromissos-da-5-semana-social-brasileira-em-video\/#article\",\"isPartOf\":{\"@id\":\"https:\/\/www.oarcanjo.net\/site\/videos-resumo-dos-compromissos-da-5-semana-social-brasileira-em-video\/\"},\"author\":{\"name\":\"editor\",\"@id\":\"https:\/\/www.oarcanjo.net\/site\/#\/schema\/person\/f7024d007863202483a31326673a0838\"},\"headline\":\"V\u00cdDEOS: Resumo dos compromissos da 5\u00aa Semana Social Brasileira em v\u00eddeo\",\"datePublished\":\"2013-10-02T19:24:22+00:00\",\"dateModified\":\"2013-10-02T19:27:28+00:00\",\"mainEntityOfPage\":{\"@id\":\"https:\/\/www.oarcanjo.net\/site\/videos-resumo-dos-compromissos-da-5-semana-social-brasileira-em-video\/\"},\"wordCount\":232,\"commentCount\":0,\"publisher\":{\"@id\":\"https:\/\/www.oarcanjo.net\/site\/#organization\"},\"keywords\":[\"5\u00aa Semana Social Brasileira em v\u00eddeo\",\"Cardeal Raymundo Damasceno Assis\",\"Carta de Compromissos\",\"Comiss\u00e3o Episcopal para o Servi\u00e7o da Caridade Justi\u00e7a e Paz\"],\"articleSection\":[\"Eventos\",\"Not\u00edcias\",\"V\u00eddeos\"],\"inLanguage\":\"pt-BR\",\"potentialAction\":[{\"@type\":\"CommentAction\",\"name\":\"Comment\",\"target\":[\"https:\/\/www.oarcanjo.net\/site\/videos-resumo-dos-compromissos-da-5-semana-social-brasileira-em-video\/#respond\"]}]},{\"@type\":\"WebPage\",\"@id\":\"https:\/\/www.oarcanjo.net\/site\/videos-resumo-dos-compromissos-da-5-semana-social-brasileira-em-video\/\",\"url\":\"https:\/\/www.oarcanjo.net\/site\/videos-resumo-dos-compromissos-da-5-semana-social-brasileira-em-video\/\",\"name\":\"V\u00cdDEOS: Resumo dos compromissos da 5\u00aa Semana Social Brasileira em v\u00eddeo - O Arcanjo no ar\",\"isPartOf\":{\"@id\":\"https:\/\/www.oarcanjo.net\/site\/#website\"},\"datePublished\":\"2013-10-02T19:24:22+00:00\",\"dateModified\":\"2013-10-02T19:27:28+00:00\",\"breadcrumb\":{\"@id\":\"https:\/\/www.oarcanjo.net\/site\/videos-resumo-dos-compromissos-da-5-semana-social-brasileira-em-video\/#breadcrumb\"},\"inLanguage\":\"pt-BR\",\"potentialAction\":[{\"@type\":\"ReadAction\",\"target\":[\"https:\/\/www.oarcanjo.net\/site\/videos-resumo-dos-compromissos-da-5-semana-social-brasileira-em-video\/\"]}]},{\"@type\":\"BreadcrumbList\",\"@id\":\"https:\/\/www.oarcanjo.net\/site\/videos-resumo-dos-compromissos-da-5-semana-social-brasileira-em-video\/#breadcrumb\",\"itemListElement\":[{\"@type\":\"ListItem\",\"position\":1,\"name\":\"In\u00edcio\",\"item\":\"https:\/\/www.oarcanjo.net\/site\/\"},{\"@type\":\"ListItem\",\"position\":2,\"name\":\"V\u00cdDEOS: Resumo dos compromissos da 5\u00aa Semana Social Brasileira em v\u00eddeo\"}]},{\"@type\":\"WebSite\",\"@id\":\"https:\/\/www.oarcanjo.net\/site\/#website\",\"url\":\"https:\/\/www.oarcanjo.net\/site\/\",\"name\":\"O Arcanjo no ar\",\"description\":\"Site da Par\u00f3quia S\u00e3o Miguel Arcanjo (Arquidiocese de SP)\",\"publisher\":{\"@id\":\"https:\/\/www.oarcanjo.net\/site\/#organization\"},\"potentialAction\":[{\"@type\":\"SearchAction\",\"target\":{\"@type\":\"EntryPoint\",\"urlTemplate\":\"https:\/\/www.oarcanjo.net\/site\/?s={search_term_string}\"},\"query-input\":{\"@type\":\"PropertyValueSpecification\",\"valueRequired\":true,\"valueName\":\"search_term_string\"}}],\"inLanguage\":\"pt-BR\"},{\"@type\":\"Organization\",\"@id\":\"https:\/\/www.oarcanjo.net\/site\/#organization\",\"name\":\"Par\u00f3quia S\u00e3o Miguel Arcanjo\",\"url\":\"https:\/\/www.oarcanjo.net\/site\/\",\"logo\":{\"@type\":\"ImageObject\",\"inLanguage\":\"pt-BR\",\"@id\":\"https:\/\/www.oarcanjo.net\/site\/#\/schema\/logo\/image\/\",\"url\":\"https:\/\/www.oarcanjo.net\/site\/wp-content\/uploads\/LogoOArcanjo.png\",\"contentUrl\":\"https:\/\/www.oarcanjo.net\/site\/wp-content\/uploads\/LogoOArcanjo.png\",\"width\":319,\"height\":99,\"caption\":\"Par\u00f3quia S\u00e3o Miguel Arcanjo\"},\"image\":{\"@id\":\"https:\/\/www.oarcanjo.net\/site\/#\/schema\/logo\/image\/\"},\"sameAs\":[\"https:\/\/www.facebook.com\/OArcanjoNoAr\/\"]},{\"@type\":\"Person\",\"@id\":\"https:\/\/www.oarcanjo.net\/site\/#\/schema\/person\/f7024d007863202483a31326673a0838\",\"name\":\"editor\",\"sameAs\":[\"http:\/\/www.oarcanjo.net\"]}]}<\/script>\n<!-- \/ Yoast SEO plugin. -->","yoast_head_json":{"title":"V\u00cdDEOS: Resumo dos compromissos da 5\u00aa Semana Social Brasileira em v\u00eddeo - O Arcanjo no ar","robots":{"index":"index","follow":"follow","max-snippet":"max-snippet:-1","max-image-preview":"max-image-preview:large","max-video-preview":"max-video-preview:-1"},"canonical":"https:\/\/www.oarcanjo.net\/site\/videos-resumo-dos-compromissos-da-5-semana-social-brasileira-em-video\/","og_locale":"pt_BR","og_type":"article","og_title":"V\u00cdDEOS: Resumo dos compromissos da 5\u00aa Semana Social Brasileira em v\u00eddeo - O Arcanjo no ar","og_description":"A coordena\u00e7\u00e3o da 5\u00aa Semana Social Brasileira (SSB) produziu um v\u00eddeo em que apresenta um resumo da Assembleia realizada nos dias 2 a 5 de setembro, em Bras\u00edlia (DF), quando foi redigida a Carta de Compromissos da SSB. O objetivo \u00e9 promover a reprodu\u00e7\u00e3o das discuss\u00f5es e propostas nas comunidades de todo o pa\u00eds, avan\u00e7ando [&hellip;]","og_url":"https:\/\/www.oarcanjo.net\/site\/videos-resumo-dos-compromissos-da-5-semana-social-brasileira-em-video\/","og_site_name":"O Arcanjo no ar","article_publisher":"https:\/\/www.facebook.com\/OArcanjoNoAr\/","article_published_time":"2013-10-02T19:24:22+00:00","article_modified_time":"2013-10-02T19:27:28+00:00","og_image":[{"width":300,"height":300,"url":"https:\/\/www.oarcanjo.net\/site\/wp-content\/uploads\/logo-o-arcanjo-no-ar-facebook.png","type":"image\/png"}],"author":"editor","twitter_card":"summary_large_image","twitter_misc":{"Escrito por":"editor","Est. tempo de leitura":"1 minuto"},"schema":{"@context":"https:\/\/schema.org","@graph":[{"@type":"Article","@id":"https:\/\/www.oarcanjo.net\/site\/videos-resumo-dos-compromissos-da-5-semana-social-brasileira-em-video\/#article","isPartOf":{"@id":"https:\/\/www.oarcanjo.net\/site\/videos-resumo-dos-compromissos-da-5-semana-social-brasileira-em-video\/"},"author":{"name":"editor","@id":"https:\/\/www.oarcanjo.net\/site\/#\/schema\/person\/f7024d007863202483a31326673a0838"},"headline":"V\u00cdDEOS: Resumo dos compromissos da 5\u00aa Semana Social Brasileira em v\u00eddeo","datePublished":"2013-10-02T19:24:22+00:00","dateModified":"2013-10-02T19:27:28+00:00","mainEntityOfPage":{"@id":"https:\/\/www.oarcanjo.net\/site\/videos-resumo-dos-compromissos-da-5-semana-social-brasileira-em-video\/"},"wordCount":232,"commentCount":0,"publisher":{"@id":"https:\/\/www.oarcanjo.net\/site\/#organization"},"keywords":["5\u00aa Semana Social Brasileira em v\u00eddeo","Cardeal Raymundo Damasceno Assis","Carta de Compromissos","Comiss\u00e3o Episcopal para o Servi\u00e7o da Caridade Justi\u00e7a e Paz"],"articleSection":["Eventos","Not\u00edcias","V\u00eddeos"],"inLanguage":"pt-BR","potentialAction":[{"@type":"CommentAction","name":"Comment","target":["https:\/\/www.oarcanjo.net\/site\/videos-resumo-dos-compromissos-da-5-semana-social-brasileira-em-video\/#respond"]}]},{"@type":"WebPage","@id":"https:\/\/www.oarcanjo.net\/site\/videos-resumo-dos-compromissos-da-5-semana-social-brasileira-em-video\/","url":"https:\/\/www.oarcanjo.net\/site\/videos-resumo-dos-compromissos-da-5-semana-social-brasileira-em-video\/","name":"V\u00cdDEOS: Resumo dos compromissos da 5\u00aa Semana Social Brasileira em v\u00eddeo - O Arcanjo no ar","isPartOf":{"@id":"https:\/\/www.oarcanjo.net\/site\/#website"},"datePublished":"2013-10-02T19:24:22+00:00","dateModified":"2013-10-02T19:27:28+00:00","breadcrumb":{"@id":"https:\/\/www.oarcanjo.net\/site\/videos-resumo-dos-compromissos-da-5-semana-social-brasileira-em-video\/#breadcrumb"},"inLanguage":"pt-BR","potentialAction":[{"@type":"ReadAction","target":["https:\/\/www.oarcanjo.net\/site\/videos-resumo-dos-compromissos-da-5-semana-social-brasileira-em-video\/"]}]},{"@type":"BreadcrumbList","@id":"https:\/\/www.oarcanjo.net\/site\/videos-resumo-dos-compromissos-da-5-semana-social-brasileira-em-video\/#breadcrumb","itemListElement":[{"@type":"ListItem","position":1,"name":"In\u00edcio","item":"https:\/\/www.oarcanjo.net\/site\/"},{"@type":"ListItem","position":2,"name":"V\u00cdDEOS: Resumo dos compromissos da 5\u00aa Semana Social Brasileira em v\u00eddeo"}]},{"@type":"WebSite","@id":"https:\/\/www.oarcanjo.net\/site\/#website","url":"https:\/\/www.oarcanjo.net\/site\/","name":"O Arcanjo no ar","description":"Site da Par\u00f3quia S\u00e3o Miguel Arcanjo (Arquidiocese de SP)","publisher":{"@id":"https:\/\/www.oarcanjo.net\/site\/#organization"},"potentialAction":[{"@type":"SearchAction","target":{"@type":"EntryPoint","urlTemplate":"https:\/\/www.oarcanjo.net\/site\/?s={search_term_string}"},"query-input":{"@type":"PropertyValueSpecification","valueRequired":true,"valueName":"search_term_string"}}],"inLanguage":"pt-BR"},{"@type":"Organization","@id":"https:\/\/www.oarcanjo.net\/site\/#organization","name":"Par\u00f3quia S\u00e3o Miguel Arcanjo","url":"https:\/\/www.oarcanjo.net\/site\/","logo":{"@type":"ImageObject","inLanguage":"pt-BR","@id":"https:\/\/www.oarcanjo.net\/site\/#\/schema\/logo\/image\/","url":"https:\/\/www.oarcanjo.net\/site\/wp-content\/uploads\/LogoOArcanjo.png","contentUrl":"https:\/\/www.oarcanjo.net\/site\/wp-content\/uploads\/LogoOArcanjo.png","width":319,"height":99,"caption":"Par\u00f3quia S\u00e3o Miguel Arcanjo"},"image":{"@id":"https:\/\/www.oarcanjo.net\/site\/#\/schema\/logo\/image\/"},"sameAs":["https:\/\/www.facebook.com\/OArcanjoNoAr\/"]},{"@type":"Person","@id":"https:\/\/www.oarcanjo.net\/site\/#\/schema\/person\/f7024d007863202483a31326673a0838","name":"editor","sameAs":["http:\/\/www.oarcanjo.net"]}]}},"publishpress_future_action":{"enabled":false,"date":"2026-05-07 06:30:34","action":"category","newStatus":"draft","terms":[],"taxonomy":"category"},"publishpress_future_workflow_manual_trigger":{"enabledWorkflows":[]},"_links":{"self":[{"href":"https:\/\/www.oarcanjo.net\/site\/wp-json\/wp\/v2\/posts\/23142"}],"collection":[{"href":"https:\/\/www.oarcanjo.net\/site\/wp-json\/wp\/v2\/posts"}],"about":[{"href":"https:\/\/www.oarcanjo.net\/site\/wp-json\/wp\/v2\/types\/post"}],"author":[{"embeddable":true,"href":"https:\/\/www.oarcanjo.net\/site\/wp-json\/wp\/v2\/users\/5"}],"replies":[{"embeddable":true,"href":"https:\/\/www.oarcanjo.net\/site\/wp-json\/wp\/v2\/comments?post=23142"}],"version-history":[{"count":0,"href":"https:\/\/www.oarcanjo.net\/site\/wp-json\/wp\/v2\/posts\/23142\/revisions"}],"wp:attachment":[{"href":"https:\/\/www.oarcanjo.net\/site\/wp-json\/wp\/v2\/media?parent=23142"}],"wp:term":[{"taxonomy":"category","embeddable":true,"href":"https:\/\/www.oarcanjo.net\/site\/wp-json\/wp\/v2\/categories?post=23142"},{"taxonomy":"post_tag","embeddable":true,"href":"https:\/\/www.oarcanjo.net\/site\/wp-json\/wp\/v2\/tags?post=23142"}],"curies":[{"name":"wp","href":"https:\/\/api.w.org\/{rel}","templated":true}]}}