
{"id":23147,"date":"2013-10-03T10:33:24","date_gmt":"2013-10-03T13:33:24","guid":{"rendered":"http:\/\/www.oarcanjo.net\/site\/?p=23147"},"modified":"2013-10-03T10:33:24","modified_gmt":"2013-10-03T13:33:24","slug":"papa-lamenta-tragedia-ocorrida-hoje-em-lampedusa-sul-da-italia","status":"publish","type":"post","link":"https:\/\/www.oarcanjo.net\/site\/papa-lamenta-tragedia-ocorrida-hoje-em-lampedusa-sul-da-italia\/","title":{"rendered":"Papa lamenta trag\u00e9dia ocorrida hoje em Lampedusa, sul da It\u00e1lia"},"content":{"rendered":"<p>O papa Francisco disse ser uma vergonha a trag\u00e9dia na ilha de Lampedusa, que matou pelo menos 90 migrantes, hoje pela manh\u00e3.  \u201cN\u00e3o posso n\u00e3o recordar com grande dor as numerosas v\u00edtimas do tr\u00e1gico naufr\u00e1gio ocorrido hoje, no largo de Lampedusa. Vem-me a palavra \u2018vergonha\u2019\u201d, disse o papa, que solicitou ora\u00e7\u00f5es por quem perdeu a vida. Francisco  pediu, ainda, a uni\u00e3o de esfor\u00e7os para que trag\u00e9dias semelhantes n\u00e3o se repitam. \u201cSomente uma colabora\u00e7\u00e3o firme de todos pode ajudar a preveni-las\u201d, afirmou. <\/p>\n<p>Segundo informa\u00e7\u00f5es da R\u00e1dio Vaticano, a embarca\u00e7\u00e3o, que incendiou e naufragou, tinha cerca de 500 refugiados, entre eles 30 crian\u00e7as, provindos da Eritr\u00e9ia e da Som\u00e1lia.<\/p>\n<p>O pronunciamento do papa ocorreu ao final da audi\u00eancia, no Vaticano, com participantes do Congresso Organizado para comemorar os 50 anos da Enc\u00edclica <em>Pacem in terris<\/em>, promulgada pelo beato Jo\u00e3o XXIII, em abril de 1963. <\/p>\n<p>Para Francisco, trag\u00e9dias como as de Lampedusa acontecem porque o mundo ainda tem o mesmo esp\u00edrito que predominava na \u00e9poca em que a enc\u00edclica foi publicada. \u201cNo final de 1962, a humanidade se encontrou \u00e0 beira de um conflito at\u00f4mico mundial, e o papa fez um dram\u00e1tico apelo de paz. O di\u00e1logo que ent\u00e3o os blocos antagonistas empreenderam com muita dificuldade levou, durante o pontificado de Jo\u00e3o Paulo II, \u00e0 supera\u00e7\u00e3o daquela fase. As sementes lan\u00e7adas pelo beato Jo\u00e3o XXIII deram frutos. Todavia, n\u00e3o obstante a queda de muros e barreiras, o mundo continua a necessitar de paz e o chamado da <em>Pacem in terris<\/em> permanece fortemente atual\u201d, explicou.<\/p>\n<p>No discurso, o papa questionou se a sociedade compreendeu a li\u00e7\u00e3o da enc\u00edclica, se as palavras justi\u00e7a e solidariedade est\u00e3o somente no dicion\u00e1rio ou se todos trabalham para que  elas se tornem realidade. \u201cA enc\u00edclica do beato Jo\u00e3o XXIII nos recorda claramente que se n\u00e3o trabalharmos por uma sociedade mais justa e solid\u00e1ria e se n\u00e3o superarmos ego\u00edsmos e individualismos, n\u00e3o poder\u00e3o existir paz e harmonia verdadeiras\u201d, ressaltou.<\/p>\n<p><em>Fonte: CNBB<\/em><\/p>\n<div id=\"themify_builder_content-23147\" data-postid=\"23147\" class=\"themify_builder_content themify_builder_content-23147 themify_builder themify_builder_front\">\n\t<\/div>\n<!-- \/themify_builder_content -->","protected":false},"excerpt":{"rendered":"<p>O papa Francisco disse ser uma vergonha a trag\u00e9dia na ilha de Lampedusa, que matou pelo menos 90 migrantes, hoje pela manh\u00e3. \u201cN\u00e3o posso n\u00e3o recordar com grande dor as numerosas v\u00edtimas do tr\u00e1gico naufr\u00e1gio ocorrido hoje, no largo de Lampedusa. Vem-me a palavra \u2018vergonha\u2019\u201d, disse o papa, que solicitou ora\u00e7\u00f5es por quem perdeu a [&hellip;]<\/p>\n","protected":false},"author":5,"featured_media":0,"comment_status":"open","ping_status":"open","sticky":false,"template":"","format":"standard","meta":{"ngg_post_thumbnail":0,"footnotes":""},"categories":[8],"tags":[2673,2670,2536,2671,2672,133],"yoast_head":"<!-- This site is optimized with the Yoast SEO plugin v23.5 - https:\/\/yoast.com\/wordpress\/plugins\/seo\/ -->\n<title>Papa lamenta trag\u00e9dia ocorrida hoje em Lampedusa, sul da It\u00e1lia - O Arcanjo no ar<\/title>\n<meta name=\"robots\" content=\"index, follow, max-snippet:-1, max-image-preview:large, max-video-preview:-1\" \/>\n<link rel=\"canonical\" href=\"https:\/\/www.oarcanjo.net\/site\/papa-lamenta-tragedia-ocorrida-hoje-em-lampedusa-sul-da-italia\/\" \/>\n<meta property=\"og:locale\" content=\"pt_BR\" \/>\n<meta property=\"og:type\" content=\"article\" \/>\n<meta property=\"og:title\" content=\"Papa lamenta trag\u00e9dia ocorrida hoje em Lampedusa, sul da It\u00e1lia - O Arcanjo no ar\" \/>\n<meta property=\"og:description\" content=\"O papa Francisco disse ser uma vergonha a trag\u00e9dia na ilha de Lampedusa, que matou pelo menos 90 migrantes, hoje pela manh\u00e3. \u201cN\u00e3o posso n\u00e3o recordar com grande dor as numerosas v\u00edtimas do tr\u00e1gico naufr\u00e1gio ocorrido hoje, no largo de Lampedusa. Vem-me a palavra \u2018vergonha\u2019\u201d, disse o papa, que solicitou ora\u00e7\u00f5es por quem perdeu a [&hellip;]\" \/>\n<meta property=\"og:url\" content=\"https:\/\/www.oarcanjo.net\/site\/papa-lamenta-tragedia-ocorrida-hoje-em-lampedusa-sul-da-italia\/\" \/>\n<meta property=\"og:site_name\" content=\"O Arcanjo no ar\" \/>\n<meta property=\"article:publisher\" content=\"https:\/\/www.facebook.com\/OArcanjoNoAr\/\" \/>\n<meta property=\"article:published_time\" content=\"2013-10-03T13:33:24+00:00\" \/>\n<meta property=\"og:image\" content=\"https:\/\/www.oarcanjo.net\/site\/wp-content\/uploads\/logo-o-arcanjo-no-ar-facebook.png\" \/>\n\t<meta property=\"og:image:width\" content=\"300\" \/>\n\t<meta property=\"og:image:height\" content=\"300\" \/>\n\t<meta property=\"og:image:type\" content=\"image\/png\" \/>\n<meta name=\"author\" content=\"editor\" \/>\n<meta name=\"twitter:card\" content=\"summary_large_image\" \/>\n<meta name=\"twitter:label1\" content=\"Escrito por\" \/>\n\t<meta name=\"twitter:data1\" content=\"editor\" \/>\n\t<meta name=\"twitter:label2\" content=\"Est. tempo de leitura\" \/>\n\t<meta name=\"twitter:data2\" content=\"2 minutos\" \/>\n<script type=\"application\/ld+json\" class=\"yoast-schema-graph\">{\"@context\":\"https:\/\/schema.org\",\"@graph\":[{\"@type\":\"Article\",\"@id\":\"https:\/\/www.oarcanjo.net\/site\/papa-lamenta-tragedia-ocorrida-hoje-em-lampedusa-sul-da-italia\/#article\",\"isPartOf\":{\"@id\":\"https:\/\/www.oarcanjo.net\/site\/papa-lamenta-tragedia-ocorrida-hoje-em-lampedusa-sul-da-italia\/\"},\"author\":{\"name\":\"editor\",\"@id\":\"https:\/\/www.oarcanjo.net\/site\/#\/schema\/person\/f7024d007863202483a31326673a0838\"},\"headline\":\"Papa lamenta trag\u00e9dia ocorrida hoje em Lampedusa, sul da It\u00e1lia\",\"datePublished\":\"2013-10-03T13:33:24+00:00\",\"dateModified\":\"2013-10-03T13:33:24+00:00\",\"mainEntityOfPage\":{\"@id\":\"https:\/\/www.oarcanjo.net\/site\/papa-lamenta-tragedia-ocorrida-hoje-em-lampedusa-sul-da-italia\/\"},\"wordCount\":371,\"commentCount\":0,\"publisher\":{\"@id\":\"https:\/\/www.oarcanjo.net\/site\/#organization\"},\"keywords\":[\"Beato Jo\u00e3o XXIII\",\"It\u00e1lia\",\"Lampedusa\",\"Naufr\u00e1gio\",\"Pacem in terris\",\"trag\u00e9dia\"],\"articleSection\":[\"Not\u00edcias\"],\"inLanguage\":\"pt-BR\",\"potentialAction\":[{\"@type\":\"CommentAction\",\"name\":\"Comment\",\"target\":[\"https:\/\/www.oarcanjo.net\/site\/papa-lamenta-tragedia-ocorrida-hoje-em-lampedusa-sul-da-italia\/#respond\"]}]},{\"@type\":\"WebPage\",\"@id\":\"https:\/\/www.oarcanjo.net\/site\/papa-lamenta-tragedia-ocorrida-hoje-em-lampedusa-sul-da-italia\/\",\"url\":\"https:\/\/www.oarcanjo.net\/site\/papa-lamenta-tragedia-ocorrida-hoje-em-lampedusa-sul-da-italia\/\",\"name\":\"Papa lamenta trag\u00e9dia ocorrida hoje em Lampedusa, sul da It\u00e1lia - O Arcanjo no ar\",\"isPartOf\":{\"@id\":\"https:\/\/www.oarcanjo.net\/site\/#website\"},\"datePublished\":\"2013-10-03T13:33:24+00:00\",\"dateModified\":\"2013-10-03T13:33:24+00:00\",\"breadcrumb\":{\"@id\":\"https:\/\/www.oarcanjo.net\/site\/papa-lamenta-tragedia-ocorrida-hoje-em-lampedusa-sul-da-italia\/#breadcrumb\"},\"inLanguage\":\"pt-BR\",\"potentialAction\":[{\"@type\":\"ReadAction\",\"target\":[\"https:\/\/www.oarcanjo.net\/site\/papa-lamenta-tragedia-ocorrida-hoje-em-lampedusa-sul-da-italia\/\"]}]},{\"@type\":\"BreadcrumbList\",\"@id\":\"https:\/\/www.oarcanjo.net\/site\/papa-lamenta-tragedia-ocorrida-hoje-em-lampedusa-sul-da-italia\/#breadcrumb\",\"itemListElement\":[{\"@type\":\"ListItem\",\"position\":1,\"name\":\"In\u00edcio\",\"item\":\"https:\/\/www.oarcanjo.net\/site\/\"},{\"@type\":\"ListItem\",\"position\":2,\"name\":\"Papa lamenta trag\u00e9dia ocorrida hoje em Lampedusa, sul da It\u00e1lia\"}]},{\"@type\":\"WebSite\",\"@id\":\"https:\/\/www.oarcanjo.net\/site\/#website\",\"url\":\"https:\/\/www.oarcanjo.net\/site\/\",\"name\":\"O Arcanjo no ar\",\"description\":\"Site da Par\u00f3quia S\u00e3o Miguel Arcanjo (Arquidiocese de SP)\",\"publisher\":{\"@id\":\"https:\/\/www.oarcanjo.net\/site\/#organization\"},\"potentialAction\":[{\"@type\":\"SearchAction\",\"target\":{\"@type\":\"EntryPoint\",\"urlTemplate\":\"https:\/\/www.oarcanjo.net\/site\/?s={search_term_string}\"},\"query-input\":{\"@type\":\"PropertyValueSpecification\",\"valueRequired\":true,\"valueName\":\"search_term_string\"}}],\"inLanguage\":\"pt-BR\"},{\"@type\":\"Organization\",\"@id\":\"https:\/\/www.oarcanjo.net\/site\/#organization\",\"name\":\"Par\u00f3quia S\u00e3o Miguel Arcanjo\",\"url\":\"https:\/\/www.oarcanjo.net\/site\/\",\"logo\":{\"@type\":\"ImageObject\",\"inLanguage\":\"pt-BR\",\"@id\":\"https:\/\/www.oarcanjo.net\/site\/#\/schema\/logo\/image\/\",\"url\":\"https:\/\/www.oarcanjo.net\/site\/wp-content\/uploads\/LogoOArcanjo.png\",\"contentUrl\":\"https:\/\/www.oarcanjo.net\/site\/wp-content\/uploads\/LogoOArcanjo.png\",\"width\":319,\"height\":99,\"caption\":\"Par\u00f3quia S\u00e3o Miguel Arcanjo\"},\"image\":{\"@id\":\"https:\/\/www.oarcanjo.net\/site\/#\/schema\/logo\/image\/\"},\"sameAs\":[\"https:\/\/www.facebook.com\/OArcanjoNoAr\/\"]},{\"@type\":\"Person\",\"@id\":\"https:\/\/www.oarcanjo.net\/site\/#\/schema\/person\/f7024d007863202483a31326673a0838\",\"name\":\"editor\",\"sameAs\":[\"http:\/\/www.oarcanjo.net\"]}]}<\/script>\n<!-- \/ Yoast SEO plugin. -->","yoast_head_json":{"title":"Papa lamenta trag\u00e9dia ocorrida hoje em Lampedusa, sul da It\u00e1lia - O Arcanjo no ar","robots":{"index":"index","follow":"follow","max-snippet":"max-snippet:-1","max-image-preview":"max-image-preview:large","max-video-preview":"max-video-preview:-1"},"canonical":"https:\/\/www.oarcanjo.net\/site\/papa-lamenta-tragedia-ocorrida-hoje-em-lampedusa-sul-da-italia\/","og_locale":"pt_BR","og_type":"article","og_title":"Papa lamenta trag\u00e9dia ocorrida hoje em Lampedusa, sul da It\u00e1lia - O Arcanjo no ar","og_description":"O papa Francisco disse ser uma vergonha a trag\u00e9dia na ilha de Lampedusa, que matou pelo menos 90 migrantes, hoje pela manh\u00e3. \u201cN\u00e3o posso n\u00e3o recordar com grande dor as numerosas v\u00edtimas do tr\u00e1gico naufr\u00e1gio ocorrido hoje, no largo de Lampedusa. Vem-me a palavra \u2018vergonha\u2019\u201d, disse o papa, que solicitou ora\u00e7\u00f5es por quem perdeu a [&hellip;]","og_url":"https:\/\/www.oarcanjo.net\/site\/papa-lamenta-tragedia-ocorrida-hoje-em-lampedusa-sul-da-italia\/","og_site_name":"O Arcanjo no ar","article_publisher":"https:\/\/www.facebook.com\/OArcanjoNoAr\/","article_published_time":"2013-10-03T13:33:24+00:00","og_image":[{"width":300,"height":300,"url":"https:\/\/www.oarcanjo.net\/site\/wp-content\/uploads\/logo-o-arcanjo-no-ar-facebook.png","type":"image\/png"}],"author":"editor","twitter_card":"summary_large_image","twitter_misc":{"Escrito por":"editor","Est. tempo de leitura":"2 minutos"},"schema":{"@context":"https:\/\/schema.org","@graph":[{"@type":"Article","@id":"https:\/\/www.oarcanjo.net\/site\/papa-lamenta-tragedia-ocorrida-hoje-em-lampedusa-sul-da-italia\/#article","isPartOf":{"@id":"https:\/\/www.oarcanjo.net\/site\/papa-lamenta-tragedia-ocorrida-hoje-em-lampedusa-sul-da-italia\/"},"author":{"name":"editor","@id":"https:\/\/www.oarcanjo.net\/site\/#\/schema\/person\/f7024d007863202483a31326673a0838"},"headline":"Papa lamenta trag\u00e9dia ocorrida hoje em Lampedusa, sul da It\u00e1lia","datePublished":"2013-10-03T13:33:24+00:00","dateModified":"2013-10-03T13:33:24+00:00","mainEntityOfPage":{"@id":"https:\/\/www.oarcanjo.net\/site\/papa-lamenta-tragedia-ocorrida-hoje-em-lampedusa-sul-da-italia\/"},"wordCount":371,"commentCount":0,"publisher":{"@id":"https:\/\/www.oarcanjo.net\/site\/#organization"},"keywords":["Beato Jo\u00e3o XXIII","It\u00e1lia","Lampedusa","Naufr\u00e1gio","Pacem in terris","trag\u00e9dia"],"articleSection":["Not\u00edcias"],"inLanguage":"pt-BR","potentialAction":[{"@type":"CommentAction","name":"Comment","target":["https:\/\/www.oarcanjo.net\/site\/papa-lamenta-tragedia-ocorrida-hoje-em-lampedusa-sul-da-italia\/#respond"]}]},{"@type":"WebPage","@id":"https:\/\/www.oarcanjo.net\/site\/papa-lamenta-tragedia-ocorrida-hoje-em-lampedusa-sul-da-italia\/","url":"https:\/\/www.oarcanjo.net\/site\/papa-lamenta-tragedia-ocorrida-hoje-em-lampedusa-sul-da-italia\/","name":"Papa lamenta trag\u00e9dia ocorrida hoje em Lampedusa, sul da It\u00e1lia - O Arcanjo no ar","isPartOf":{"@id":"https:\/\/www.oarcanjo.net\/site\/#website"},"datePublished":"2013-10-03T13:33:24+00:00","dateModified":"2013-10-03T13:33:24+00:00","breadcrumb":{"@id":"https:\/\/www.oarcanjo.net\/site\/papa-lamenta-tragedia-ocorrida-hoje-em-lampedusa-sul-da-italia\/#breadcrumb"},"inLanguage":"pt-BR","potentialAction":[{"@type":"ReadAction","target":["https:\/\/www.oarcanjo.net\/site\/papa-lamenta-tragedia-ocorrida-hoje-em-lampedusa-sul-da-italia\/"]}]},{"@type":"BreadcrumbList","@id":"https:\/\/www.oarcanjo.net\/site\/papa-lamenta-tragedia-ocorrida-hoje-em-lampedusa-sul-da-italia\/#breadcrumb","itemListElement":[{"@type":"ListItem","position":1,"name":"In\u00edcio","item":"https:\/\/www.oarcanjo.net\/site\/"},{"@type":"ListItem","position":2,"name":"Papa lamenta trag\u00e9dia ocorrida hoje em Lampedusa, sul da It\u00e1lia"}]},{"@type":"WebSite","@id":"https:\/\/www.oarcanjo.net\/site\/#website","url":"https:\/\/www.oarcanjo.net\/site\/","name":"O Arcanjo no ar","description":"Site da Par\u00f3quia S\u00e3o Miguel Arcanjo (Arquidiocese de SP)","publisher":{"@id":"https:\/\/www.oarcanjo.net\/site\/#organization"},"potentialAction":[{"@type":"SearchAction","target":{"@type":"EntryPoint","urlTemplate":"https:\/\/www.oarcanjo.net\/site\/?s={search_term_string}"},"query-input":{"@type":"PropertyValueSpecification","valueRequired":true,"valueName":"search_term_string"}}],"inLanguage":"pt-BR"},{"@type":"Organization","@id":"https:\/\/www.oarcanjo.net\/site\/#organization","name":"Par\u00f3quia S\u00e3o Miguel Arcanjo","url":"https:\/\/www.oarcanjo.net\/site\/","logo":{"@type":"ImageObject","inLanguage":"pt-BR","@id":"https:\/\/www.oarcanjo.net\/site\/#\/schema\/logo\/image\/","url":"https:\/\/www.oarcanjo.net\/site\/wp-content\/uploads\/LogoOArcanjo.png","contentUrl":"https:\/\/www.oarcanjo.net\/site\/wp-content\/uploads\/LogoOArcanjo.png","width":319,"height":99,"caption":"Par\u00f3quia S\u00e3o Miguel Arcanjo"},"image":{"@id":"https:\/\/www.oarcanjo.net\/site\/#\/schema\/logo\/image\/"},"sameAs":["https:\/\/www.facebook.com\/OArcanjoNoAr\/"]},{"@type":"Person","@id":"https:\/\/www.oarcanjo.net\/site\/#\/schema\/person\/f7024d007863202483a31326673a0838","name":"editor","sameAs":["http:\/\/www.oarcanjo.net"]}]}},"publishpress_future_action":{"enabled":false,"date":"2026-05-07 08:08:54","action":"category","newStatus":"draft","terms":[],"taxonomy":"category"},"publishpress_future_workflow_manual_trigger":{"enabledWorkflows":[]},"_links":{"self":[{"href":"https:\/\/www.oarcanjo.net\/site\/wp-json\/wp\/v2\/posts\/23147"}],"collection":[{"href":"https:\/\/www.oarcanjo.net\/site\/wp-json\/wp\/v2\/posts"}],"about":[{"href":"https:\/\/www.oarcanjo.net\/site\/wp-json\/wp\/v2\/types\/post"}],"author":[{"embeddable":true,"href":"https:\/\/www.oarcanjo.net\/site\/wp-json\/wp\/v2\/users\/5"}],"replies":[{"embeddable":true,"href":"https:\/\/www.oarcanjo.net\/site\/wp-json\/wp\/v2\/comments?post=23147"}],"version-history":[{"count":0,"href":"https:\/\/www.oarcanjo.net\/site\/wp-json\/wp\/v2\/posts\/23147\/revisions"}],"wp:attachment":[{"href":"https:\/\/www.oarcanjo.net\/site\/wp-json\/wp\/v2\/media?parent=23147"}],"wp:term":[{"taxonomy":"category","embeddable":true,"href":"https:\/\/www.oarcanjo.net\/site\/wp-json\/wp\/v2\/categories?post=23147"},{"taxonomy":"post_tag","embeddable":true,"href":"https:\/\/www.oarcanjo.net\/site\/wp-json\/wp\/v2\/tags?post=23147"}],"curies":[{"name":"wp","href":"https:\/\/api.w.org\/{rel}","templated":true}]}}