
{"id":2317,"date":"2009-03-12T23:07:27","date_gmt":"2009-03-13T02:07:27","guid":{"rendered":"http:\/\/www.oarcanjo.net\/site\/?p=2317"},"modified":"2009-03-12T23:07:27","modified_gmt":"2009-03-13T02:07:27","slug":"dom-helder-camara-profeta-brasileiro","status":"publish","type":"post","link":"https:\/\/www.oarcanjo.net\/site\/dom-helder-camara-profeta-brasileiro\/","title":{"rendered":"Dom Helder C\u00e2mara: profeta brasileiro"},"content":{"rendered":"<p>Maria Clara Lucchetti Bingemer<\/p>\n<p>Arcebispo vermelho, bispo comunista, santo, m\u00edstico, poeta, profeta &#8211; de tudo isso e muito mais foi chamado Dom Helder C\u00e2mara. Amigo de Paulo VI e do cardeal Eugenio Salles, inovador e criativo, ao<br \/>\nmesmo tempo em que obediente e d\u00f3cil a Igreja Cat\u00f3lica da qual era pastor, Dom Helder \u00e9 certamente uma figura \u00edmpar do s\u00e9culo que passou.<\/p>\n<p>Brasileiro ilustre, sem d\u00favida, esse magro cearense que era fiel a Igreja e ao mesmo tempo dialogava com o mundo com toda a tranq\u00fcilidade e intimidade. Conhecido no Brasil e no exterior, admirado por uns e odiado por outros, Dom Helder em seu centen\u00e1rio de nascimento, celebrado neste ano, n\u00e3o deixa de instigar nossas consci\u00eancias e provocar admira\u00e7\u00e3o. Imposs\u00edvel n\u00e3o tomar posi\u00e7\u00e3o diante de sua pessoa e sua vida.<\/p>\n<p>Quando, em 20 de abril de 1952, aquele fr\u00e1gil sacerdote nordestino foi nomeado bispo escolheu como lema do seu minist\u00e9rio episcopal &#8220;IN MANUS TUAS&#8221;. Provavelmente intu\u00eda, mas n\u00e3o sabia que era ao mesmo tempo uma profecia e um programa de vida. As tr\u00eas palavras latinas queriam significar sua entrega confiante nas m\u00e3os de Deus, seu \u00fanico Senhor. Essa entrega levou-o longe pelos caminhos de um servi\u00e7o criativo e prof\u00e9tico ao povo de Deus, pelo qual pagou seu pre\u00e7o, mas que desempenhou alegre at\u00e9 o fim.<\/p>\n<p>No dia 7 de fevereiro completaram-se cem anos do nascimento de Dom Helder C\u00e2mara, cearense de Fortaleza e d\u00e9cimo primeiro filho de fam\u00edlia simples, numerosa e bem constitu\u00edda. Desde pequeno,  brincava de padre, armando altares e oficiando missas em casa. Ao comunicar a seu pai, afastado da Igreja, seu desejo de abra\u00e7ar a voca\u00e7\u00e3o sacerdotal,  o jovem Helder ouviu palavras que nunca esqueceu: &#8220;Meu filho, voc\u00ea sabe o que \u00e9 ser padre? Padre e ego\u00edsmo nunca podem andar juntos. O padre tem que se gastar, se deixar devorar&#8221;.<\/p>\n<p>A vida no semin\u00e1rio e os estudos do jovem Helder foram marcados pela firmeza vocacional e o brilho intelectual. Ordenado aos 22 anos, antes da idade m\u00ednima requerida para tal e com licen\u00e7a especial da Santa S\u00e9, Pe. Helder reuniu desde o principio qualidades raras em uma mesma pessoa: intelig\u00eancia, cultura e lideran\u00e7a incontest\u00e1veis ao lado de um imenso amor e dedica\u00e7\u00e3o integral aos mais pobres.<\/p>\n<p>Ao mesmo tempo em que organizava reuni\u00f5es com lavadeiras e oper\u00e1rias e assessorava a Juventude Oper\u00e1ria Brasileira (JOC), escrevia artigos em revistas, planejava a catequese a n\u00edvel estadual e assumia cargos p\u00fablicos na secretaria de educa\u00e7\u00e3o do Ceara. A habilidade pol\u00edtica foi uma constante em sua vida, assim como a naturalidade que desde sempre teve frente aos meios de comunica\u00e7\u00e3o, sendo uma das primeiras personalidades eclesi\u00e1sticas brasileiras a aparecer constantemente na televis\u00e3o. Quem \u00e9 da minha gera\u00e7\u00e3o certamente n\u00e3o esquecera sua figura de olhos vivos e penetrantes conclamando o pa\u00eds a solidariedade quando estourou o a\u00e7ude de Or\u00f3s, causando situa\u00e7\u00e3o de calamidade para a popula\u00e7\u00e3o nordestina. Parece ouvir ainda sua voz de caracter\u00edstico sotaque nordestino: Or\u00f3s precisa de n\u00f3s.<\/p>\n<p>A sagra\u00e7\u00e3o episcopal multiplicou \u00e0 en\u00e9sima potencia a personalidade fulgurante do nordestino magro e franzino, vestido com uma eterna batina bege. Sua criatividade e capacidade de trabalho inventavam e implantavam sem cessar novas coisas na Igreja do Brasil. Deve-se a Dom Helder quase todas as iniciativas pioneiras em termos eclesiais que o pa\u00eds conheceu durante o s\u00e9culo XX, entre elas a cria\u00e7\u00e3o da Confer\u00eancia Nacional dos Bispos do Brasil, da qual foi fundador e secret\u00e1rio geral.<\/p>\n<p>Ao mesmo tempo, no Rio de Janeiro onde era bispo auxiliar, criava a Cruzada S\u00e3o Sebasti\u00e3o, conjunto habitacional situado no cora\u00e7\u00e3o do Leblon, bairro mais chique da cidade. Tamb\u00e9m se deve a sua iniciativa o Banco da Provid\u00eancia, \u00f3rg\u00e3o que existe at\u00e9 os dias de hoje e que atende os pobres da diocese do Rio de Janeiro a v\u00e1rios n\u00edveis.<\/p>\n<p>No plano internacional, Dom Helder n\u00e3o teve m\u00e3os a medir diante dos m\u00faltiplos convites que recebia e atendia. Enchia audit\u00f3rios e pra\u00e7as em Paris, Sidney, Londres, levando at\u00e9 o abastado primeiro mundo a quase sempre ignorada realidade sofrida e oprimida dos pobres brasileiros. Sua presen\u00e7a fez o pa\u00eds e a Igreja conhecidos e respeitados em outras latitudes.<\/p>\n<p>A partir de 1964 o governo militar criou um r\u00edgido sistema de censura nos meios de comunica\u00e7\u00e3o brasileiros. Pretendia assim calar as vozes daqueles que defendiam os direitos humanos e denunciavam a barb\u00e1rie perpetrada pelas torturas nos por\u00f5es da ditadura. Dom Helder foi confinado a um penoso ostracismo. Sobre ele n\u00e3o se falava ou noticiava. Seu acesso \u00e0 m\u00eddia fechou-se. Ele, perplexo com as acusa\u00e7\u00f5es de comunista que lhe faziam, cunhou uma frase que ficou famosa: Quando ajudo os pobres dizem que sou santo. Quando pergunto sobre as causas da pobreza, me chamam de comunista.<\/p>\n<p>Dom Helder foi reduzido a uma progressiva invisibilidade. Ficou praticamente restrito \u00e0 atua\u00e7\u00e3o intra-eclesial onde incansavelmente continuou trabalhando. Desde Recife, sua sede episcopal a partir de 1964, foi respons\u00e1vel por um dos mais bem sucedidos focos de resist\u00eancia ao regime militar.<\/p>\n<p>Homem universal, parece n\u00e3o existir um s\u00f3 campo de atividade que Dom Helder n\u00e3o tenha tocado, vivido, atuado. Recebeu in\u00fameras homenagens e t\u00edtulos pelo mundo afora: de cidad\u00e3o honor\u00e1rio, de \u201cdoutor honoris causa\u201d. Poeta e m\u00edstico ardente, desde seu pequeno quarto no Recife levantava-se durante a madrugada para renovar seu lema de bispo: \u201cIn manus tuas\u201d. A entrega incondicional a Deus e a seu povo expressava-se em belos poemas e livros que receberam tradu\u00e7\u00f5es em v\u00e1rios idiomas. Escreveu sobre a paz, a cidade e o desafio da pastoral urbana, sobre a justi\u00e7a, sobre a Igreja que nascia das chamadas minoras abraamicas. Organizou espet\u00e1culos no Maracan\u00e3 sobre os sete pecados capitais, a paix\u00e3o de Cristo. Gravou discos onde declamava poemas em honra de Nossa Senhora- Mariama, na Missa dos Quilombos composta por Milton Nascimento e Dom Pedro Casaldaliga.<\/p>\n<p>Nas incurs\u00f5es na calada da noite, olhando o c\u00e9u do Recife coalhado de estrelas, sua alma se expandia em louvor e adora\u00e7\u00e3o. Ali estava seu segredo. Ali estava a for\u00e7a da marca indel\u00e9vel que deixou por onde passou. In manus tuas. Nas m\u00e3os de seu Senhor, a alma do bispo descansava e cobrava for\u00e7as para um novo amanhecer. Hoje, celebrando cem anos de seu nascimento, o Brasil agradece, comovido. E invoca sua prote\u00e7\u00e3o para estes tempos t\u00e3o diferentes e igualmente complexos.<\/p>\n<div id=\"themify_builder_content-2317\" data-postid=\"2317\" class=\"themify_builder_content themify_builder_content-2317 themify_builder themify_builder_front\">\n\t<\/div>\n<!-- \/themify_builder_content -->","protected":false},"excerpt":{"rendered":"<p>Maria Clara Lucchetti Bingemer Arcebispo vermelho, bispo comunista, santo, m\u00edstico, poeta, profeta &#8211; de tudo isso e muito mais foi chamado Dom Helder C\u00e2mara. Amigo de Paulo VI e do cardeal Eugenio Salles, inovador e criativo, ao mesmo tempo em que obediente e d\u00f3cil a Igreja Cat\u00f3lica da qual era pastor, Dom Helder \u00e9 certamente [&hellip;]<\/p>\n","protected":false},"author":5,"featured_media":0,"comment_status":"open","ping_status":"open","sticky":false,"template":"","format":"standard","meta":{"ngg_post_thumbnail":0,"footnotes":""},"categories":[192],"tags":[328,210,187],"yoast_head":"<!-- This site is optimized with the Yoast SEO plugin v23.5 - https:\/\/yoast.com\/wordpress\/plugins\/seo\/ -->\n<title>Dom Helder C\u00e2mara: profeta brasileiro - O Arcanjo no ar<\/title>\n<meta name=\"robots\" content=\"index, follow, max-snippet:-1, max-image-preview:large, max-video-preview:-1\" \/>\n<link rel=\"canonical\" href=\"https:\/\/www.oarcanjo.net\/site\/dom-helder-camara-profeta-brasileiro\/\" \/>\n<meta property=\"og:locale\" content=\"pt_BR\" \/>\n<meta property=\"og:type\" content=\"article\" \/>\n<meta property=\"og:title\" content=\"Dom Helder C\u00e2mara: profeta brasileiro - O Arcanjo no ar\" \/>\n<meta property=\"og:description\" content=\"Maria Clara Lucchetti Bingemer Arcebispo vermelho, bispo comunista, santo, m\u00edstico, poeta, profeta &#8211; de tudo isso e muito mais foi chamado Dom Helder C\u00e2mara. Amigo de Paulo VI e do cardeal Eugenio Salles, inovador e criativo, ao mesmo tempo em que obediente e d\u00f3cil a Igreja Cat\u00f3lica da qual era pastor, Dom Helder \u00e9 certamente [&hellip;]\" \/>\n<meta property=\"og:url\" content=\"https:\/\/www.oarcanjo.net\/site\/dom-helder-camara-profeta-brasileiro\/\" \/>\n<meta property=\"og:site_name\" content=\"O Arcanjo no ar\" \/>\n<meta property=\"article:publisher\" content=\"https:\/\/www.facebook.com\/OArcanjoNoAr\/\" \/>\n<meta property=\"article:published_time\" content=\"2009-03-13T02:07:27+00:00\" \/>\n<meta property=\"og:image\" content=\"https:\/\/www.oarcanjo.net\/site\/wp-content\/uploads\/logo-o-arcanjo-no-ar-facebook.png\" \/>\n\t<meta property=\"og:image:width\" content=\"300\" \/>\n\t<meta property=\"og:image:height\" content=\"300\" \/>\n\t<meta property=\"og:image:type\" content=\"image\/png\" \/>\n<meta name=\"author\" content=\"editor\" \/>\n<meta name=\"twitter:card\" content=\"summary_large_image\" \/>\n<meta name=\"twitter:label1\" content=\"Escrito por\" \/>\n\t<meta name=\"twitter:data1\" content=\"editor\" \/>\n\t<meta name=\"twitter:label2\" content=\"Est. tempo de leitura\" \/>\n\t<meta name=\"twitter:data2\" content=\"6 minutos\" \/>\n<script type=\"application\/ld+json\" class=\"yoast-schema-graph\">{\"@context\":\"https:\/\/schema.org\",\"@graph\":[{\"@type\":\"Article\",\"@id\":\"https:\/\/www.oarcanjo.net\/site\/dom-helder-camara-profeta-brasileiro\/#article\",\"isPartOf\":{\"@id\":\"https:\/\/www.oarcanjo.net\/site\/dom-helder-camara-profeta-brasileiro\/\"},\"author\":{\"name\":\"editor\",\"@id\":\"https:\/\/www.oarcanjo.net\/site\/#\/schema\/person\/f7024d007863202483a31326673a0838\"},\"headline\":\"Dom Helder C\u00e2mara: profeta brasileiro\",\"datePublished\":\"2009-03-13T02:07:27+00:00\",\"dateModified\":\"2009-03-13T02:07:27+00:00\",\"mainEntityOfPage\":{\"@id\":\"https:\/\/www.oarcanjo.net\/site\/dom-helder-camara-profeta-brasileiro\/\"},\"wordCount\":1140,\"commentCount\":0,\"publisher\":{\"@id\":\"https:\/\/www.oarcanjo.net\/site\/#organization\"},\"keywords\":[\"bispo\",\"Dom Helder Camara\",\"profeta\"],\"articleSection\":[\"D. Helder C\u00e2mara\"],\"inLanguage\":\"pt-BR\",\"potentialAction\":[{\"@type\":\"CommentAction\",\"name\":\"Comment\",\"target\":[\"https:\/\/www.oarcanjo.net\/site\/dom-helder-camara-profeta-brasileiro\/#respond\"]}]},{\"@type\":\"WebPage\",\"@id\":\"https:\/\/www.oarcanjo.net\/site\/dom-helder-camara-profeta-brasileiro\/\",\"url\":\"https:\/\/www.oarcanjo.net\/site\/dom-helder-camara-profeta-brasileiro\/\",\"name\":\"Dom Helder C\u00e2mara: profeta brasileiro - O Arcanjo no ar\",\"isPartOf\":{\"@id\":\"https:\/\/www.oarcanjo.net\/site\/#website\"},\"datePublished\":\"2009-03-13T02:07:27+00:00\",\"dateModified\":\"2009-03-13T02:07:27+00:00\",\"breadcrumb\":{\"@id\":\"https:\/\/www.oarcanjo.net\/site\/dom-helder-camara-profeta-brasileiro\/#breadcrumb\"},\"inLanguage\":\"pt-BR\",\"potentialAction\":[{\"@type\":\"ReadAction\",\"target\":[\"https:\/\/www.oarcanjo.net\/site\/dom-helder-camara-profeta-brasileiro\/\"]}]},{\"@type\":\"BreadcrumbList\",\"@id\":\"https:\/\/www.oarcanjo.net\/site\/dom-helder-camara-profeta-brasileiro\/#breadcrumb\",\"itemListElement\":[{\"@type\":\"ListItem\",\"position\":1,\"name\":\"In\u00edcio\",\"item\":\"https:\/\/www.oarcanjo.net\/site\/\"},{\"@type\":\"ListItem\",\"position\":2,\"name\":\"Dom Helder C\u00e2mara: profeta brasileiro\"}]},{\"@type\":\"WebSite\",\"@id\":\"https:\/\/www.oarcanjo.net\/site\/#website\",\"url\":\"https:\/\/www.oarcanjo.net\/site\/\",\"name\":\"O Arcanjo no ar\",\"description\":\"Site da Par\u00f3quia S\u00e3o Miguel Arcanjo (Arquidiocese de SP)\",\"publisher\":{\"@id\":\"https:\/\/www.oarcanjo.net\/site\/#organization\"},\"potentialAction\":[{\"@type\":\"SearchAction\",\"target\":{\"@type\":\"EntryPoint\",\"urlTemplate\":\"https:\/\/www.oarcanjo.net\/site\/?s={search_term_string}\"},\"query-input\":{\"@type\":\"PropertyValueSpecification\",\"valueRequired\":true,\"valueName\":\"search_term_string\"}}],\"inLanguage\":\"pt-BR\"},{\"@type\":\"Organization\",\"@id\":\"https:\/\/www.oarcanjo.net\/site\/#organization\",\"name\":\"Par\u00f3quia S\u00e3o Miguel Arcanjo\",\"url\":\"https:\/\/www.oarcanjo.net\/site\/\",\"logo\":{\"@type\":\"ImageObject\",\"inLanguage\":\"pt-BR\",\"@id\":\"https:\/\/www.oarcanjo.net\/site\/#\/schema\/logo\/image\/\",\"url\":\"https:\/\/www.oarcanjo.net\/site\/wp-content\/uploads\/LogoOArcanjo.png\",\"contentUrl\":\"https:\/\/www.oarcanjo.net\/site\/wp-content\/uploads\/LogoOArcanjo.png\",\"width\":319,\"height\":99,\"caption\":\"Par\u00f3quia S\u00e3o Miguel Arcanjo\"},\"image\":{\"@id\":\"https:\/\/www.oarcanjo.net\/site\/#\/schema\/logo\/image\/\"},\"sameAs\":[\"https:\/\/www.facebook.com\/OArcanjoNoAr\/\"]},{\"@type\":\"Person\",\"@id\":\"https:\/\/www.oarcanjo.net\/site\/#\/schema\/person\/f7024d007863202483a31326673a0838\",\"name\":\"editor\",\"sameAs\":[\"http:\/\/www.oarcanjo.net\"]}]}<\/script>\n<!-- \/ Yoast SEO plugin. -->","yoast_head_json":{"title":"Dom Helder C\u00e2mara: profeta brasileiro - O Arcanjo no ar","robots":{"index":"index","follow":"follow","max-snippet":"max-snippet:-1","max-image-preview":"max-image-preview:large","max-video-preview":"max-video-preview:-1"},"canonical":"https:\/\/www.oarcanjo.net\/site\/dom-helder-camara-profeta-brasileiro\/","og_locale":"pt_BR","og_type":"article","og_title":"Dom Helder C\u00e2mara: profeta brasileiro - O Arcanjo no ar","og_description":"Maria Clara Lucchetti Bingemer Arcebispo vermelho, bispo comunista, santo, m\u00edstico, poeta, profeta &#8211; de tudo isso e muito mais foi chamado Dom Helder C\u00e2mara. Amigo de Paulo VI e do cardeal Eugenio Salles, inovador e criativo, ao mesmo tempo em que obediente e d\u00f3cil a Igreja Cat\u00f3lica da qual era pastor, Dom Helder \u00e9 certamente [&hellip;]","og_url":"https:\/\/www.oarcanjo.net\/site\/dom-helder-camara-profeta-brasileiro\/","og_site_name":"O Arcanjo no ar","article_publisher":"https:\/\/www.facebook.com\/OArcanjoNoAr\/","article_published_time":"2009-03-13T02:07:27+00:00","og_image":[{"width":300,"height":300,"url":"https:\/\/www.oarcanjo.net\/site\/wp-content\/uploads\/logo-o-arcanjo-no-ar-facebook.png","type":"image\/png"}],"author":"editor","twitter_card":"summary_large_image","twitter_misc":{"Escrito por":"editor","Est. tempo de leitura":"6 minutos"},"schema":{"@context":"https:\/\/schema.org","@graph":[{"@type":"Article","@id":"https:\/\/www.oarcanjo.net\/site\/dom-helder-camara-profeta-brasileiro\/#article","isPartOf":{"@id":"https:\/\/www.oarcanjo.net\/site\/dom-helder-camara-profeta-brasileiro\/"},"author":{"name":"editor","@id":"https:\/\/www.oarcanjo.net\/site\/#\/schema\/person\/f7024d007863202483a31326673a0838"},"headline":"Dom Helder C\u00e2mara: profeta brasileiro","datePublished":"2009-03-13T02:07:27+00:00","dateModified":"2009-03-13T02:07:27+00:00","mainEntityOfPage":{"@id":"https:\/\/www.oarcanjo.net\/site\/dom-helder-camara-profeta-brasileiro\/"},"wordCount":1140,"commentCount":0,"publisher":{"@id":"https:\/\/www.oarcanjo.net\/site\/#organization"},"keywords":["bispo","Dom Helder Camara","profeta"],"articleSection":["D. Helder C\u00e2mara"],"inLanguage":"pt-BR","potentialAction":[{"@type":"CommentAction","name":"Comment","target":["https:\/\/www.oarcanjo.net\/site\/dom-helder-camara-profeta-brasileiro\/#respond"]}]},{"@type":"WebPage","@id":"https:\/\/www.oarcanjo.net\/site\/dom-helder-camara-profeta-brasileiro\/","url":"https:\/\/www.oarcanjo.net\/site\/dom-helder-camara-profeta-brasileiro\/","name":"Dom Helder C\u00e2mara: profeta brasileiro - O Arcanjo no ar","isPartOf":{"@id":"https:\/\/www.oarcanjo.net\/site\/#website"},"datePublished":"2009-03-13T02:07:27+00:00","dateModified":"2009-03-13T02:07:27+00:00","breadcrumb":{"@id":"https:\/\/www.oarcanjo.net\/site\/dom-helder-camara-profeta-brasileiro\/#breadcrumb"},"inLanguage":"pt-BR","potentialAction":[{"@type":"ReadAction","target":["https:\/\/www.oarcanjo.net\/site\/dom-helder-camara-profeta-brasileiro\/"]}]},{"@type":"BreadcrumbList","@id":"https:\/\/www.oarcanjo.net\/site\/dom-helder-camara-profeta-brasileiro\/#breadcrumb","itemListElement":[{"@type":"ListItem","position":1,"name":"In\u00edcio","item":"https:\/\/www.oarcanjo.net\/site\/"},{"@type":"ListItem","position":2,"name":"Dom Helder C\u00e2mara: profeta brasileiro"}]},{"@type":"WebSite","@id":"https:\/\/www.oarcanjo.net\/site\/#website","url":"https:\/\/www.oarcanjo.net\/site\/","name":"O Arcanjo no ar","description":"Site da Par\u00f3quia S\u00e3o Miguel Arcanjo (Arquidiocese de SP)","publisher":{"@id":"https:\/\/www.oarcanjo.net\/site\/#organization"},"potentialAction":[{"@type":"SearchAction","target":{"@type":"EntryPoint","urlTemplate":"https:\/\/www.oarcanjo.net\/site\/?s={search_term_string}"},"query-input":{"@type":"PropertyValueSpecification","valueRequired":true,"valueName":"search_term_string"}}],"inLanguage":"pt-BR"},{"@type":"Organization","@id":"https:\/\/www.oarcanjo.net\/site\/#organization","name":"Par\u00f3quia S\u00e3o Miguel Arcanjo","url":"https:\/\/www.oarcanjo.net\/site\/","logo":{"@type":"ImageObject","inLanguage":"pt-BR","@id":"https:\/\/www.oarcanjo.net\/site\/#\/schema\/logo\/image\/","url":"https:\/\/www.oarcanjo.net\/site\/wp-content\/uploads\/LogoOArcanjo.png","contentUrl":"https:\/\/www.oarcanjo.net\/site\/wp-content\/uploads\/LogoOArcanjo.png","width":319,"height":99,"caption":"Par\u00f3quia S\u00e3o Miguel Arcanjo"},"image":{"@id":"https:\/\/www.oarcanjo.net\/site\/#\/schema\/logo\/image\/"},"sameAs":["https:\/\/www.facebook.com\/OArcanjoNoAr\/"]},{"@type":"Person","@id":"https:\/\/www.oarcanjo.net\/site\/#\/schema\/person\/f7024d007863202483a31326673a0838","name":"editor","sameAs":["http:\/\/www.oarcanjo.net"]}]}},"publishpress_future_action":{"enabled":false,"date":"2026-05-07 08:34:49","action":"category","newStatus":"draft","terms":[],"taxonomy":"category"},"publishpress_future_workflow_manual_trigger":{"enabledWorkflows":[]},"_links":{"self":[{"href":"https:\/\/www.oarcanjo.net\/site\/wp-json\/wp\/v2\/posts\/2317"}],"collection":[{"href":"https:\/\/www.oarcanjo.net\/site\/wp-json\/wp\/v2\/posts"}],"about":[{"href":"https:\/\/www.oarcanjo.net\/site\/wp-json\/wp\/v2\/types\/post"}],"author":[{"embeddable":true,"href":"https:\/\/www.oarcanjo.net\/site\/wp-json\/wp\/v2\/users\/5"}],"replies":[{"embeddable":true,"href":"https:\/\/www.oarcanjo.net\/site\/wp-json\/wp\/v2\/comments?post=2317"}],"version-history":[{"count":0,"href":"https:\/\/www.oarcanjo.net\/site\/wp-json\/wp\/v2\/posts\/2317\/revisions"}],"wp:attachment":[{"href":"https:\/\/www.oarcanjo.net\/site\/wp-json\/wp\/v2\/media?parent=2317"}],"wp:term":[{"taxonomy":"category","embeddable":true,"href":"https:\/\/www.oarcanjo.net\/site\/wp-json\/wp\/v2\/categories?post=2317"},{"taxonomy":"post_tag","embeddable":true,"href":"https:\/\/www.oarcanjo.net\/site\/wp-json\/wp\/v2\/tags?post=2317"}],"curies":[{"name":"wp","href":"https:\/\/api.w.org\/{rel}","templated":true}]}}