
{"id":23171,"date":"2013-10-08T15:15:46","date_gmt":"2013-10-08T18:15:46","guid":{"rendered":"http:\/\/www.oarcanjo.net\/site\/?p=23171"},"modified":"2013-10-07T12:08:47","modified_gmt":"2013-10-07T15:08:47","slug":"crescer-na-fe-levando-a-as-periferias","status":"publish","type":"post","link":"https:\/\/www.oarcanjo.net\/site\/crescer-na-fe-levando-a-as-periferias\/","title":{"rendered":"Crescer na F\u00e9, levando-a \u00e0s &#8220;periferias&#8221;"},"content":{"rendered":"<p>O Papa Francisco, em sua mensagem para o <a title=\"Mensagem do Papa Francisco para o Dia Mundial das Miss\u00f5es 2013\" href=\"http:\/\/www.regiaobelem.org.br\/blog\/noticias\/mensagem-do-papa-francisco-para-o-dia-mundial-das-missoes-2013\/\" target=\"_blank\">Dia Mundial das Miss\u00f5es<\/a> deste ano de 2013, prop\u00f4s sua reflex\u00e3o, relacionando essa comemora\u00e7\u00e3o anual com a conclus\u00e3o do Ano da F\u00e9. Ele recorda que a f\u00e9 \u201c\u00e9 um dom precioso de Deus\u201d. O pr\u00f3prio Deus toma a iniciativa de nos procurar \u201cquer entrar em rela\u00e7\u00e3o conosco, para nos fazer participantes da sua pr\u00f3pria vida e encher plenamente a nossa vida de significado, tornando-a melhor e mais bela. Deus nos ama!\u201d. Ao mesmo tempo, a f\u00e9 requer uma resposta de nossa parte, uma resposta dada na liberdade: \u201ca f\u00e9 pede para ser acolhida, ou seja, pede a nossa resposta pessoal, a coragem de nos confiarmos a Deus e vivermos o seu amor, agradecidos pela sua infinita miseric\u00f3rdia\u201d.<\/p>\n<p>Contudo, esse \u201cdom precioso\u201d n\u00e3o \u00e9 oferecido a algumas pessoas reservadamente, \u201ctodos deveriam poder experimentar a alegria de se sentirem amados por Deus, a alegria da salva\u00e7\u00e3o\u201d. Esse dom n\u00e3o \u00e9 para que cada pessoa o guarde para si, mas, uma vez que o acolheu, precisa partilh\u00e1-lo: \u201cse o quisermos conservar apenas para n\u00f3s mesmos, tornamo-nos crist\u00e3os isolados, est\u00e9reis e debilitados\u201d. O disc\u00edpulo de Cristo \u00e9 igualmente seu mission\u00e1rio; \u00e9 um disc\u00edpulo mission\u00e1rio. \u201cO an\u00fancio do Evangelho \u00e9 um dever que brota do pr\u00f3prio ser disc\u00edpulo de Cristo e um compromisso constante que anima toda a vida da Igreja\u201d.<\/p>\n<p>E continua o Papa: \u201cToda a comunidade \u00e9 \u00abadulta\u00bb, quando professa a f\u00e9, celebra-a com alegria na liturgia, vive a caridade e anuncia sem cessar a Palavra de Deus, saindo do pr\u00f3prio recinto para <em>lev\u00e1-la at\u00e9 \u00e0s \u00abperiferias\u00bb<\/em>, sobretudo a quem ainda n\u00e3o teve a oportunidade de conhecer Cristo\u201d. Apenas celebrar a f\u00e9 que professamos \u00e9 pouco para o crist\u00e3o; \u00e9 preciso igualmente viver a f\u00e9, manifestando-a na caridade (cf. Tg 2,14-28). Professar a f\u00e9, celebrar a f\u00e9, praticar a f\u00e9, esse \u00e9 o nosso ideal. Mas, lembremo-nos: \u201ca solidez da nossa f\u00e9, a n\u00edvel pessoal e comunit\u00e1rio, mede-se tamb\u00e9m pela capacidade de a comunicarmos a outros, de a espalharmos, de a vivermos na caridade, de a testemunharmos a quantos nos encontram e partilham conosco o caminho da vida\u201d.<\/p>\n<p>Feita essa introdu\u00e7\u00e3o \u00e0 Mensagem do Papa, convido voc\u00ea a medit\u00e1-la inteiramente; ela \u00e9 facilmente encontrada na p\u00e1gina do Vaticano: <a title=\"www.vatican.va\" href=\"http:\/\/www.vatican.va\/\" target=\"_blank\">www.vatican.va<\/a>, no subt\u00edtulo <em>Mensagens.<\/em> Isso nos ajudar\u00e1 a renovar nosso ardor mission\u00e1rio, pois \u201ca miss\u00e3o renova a Igreja, revigora a sua f\u00e9 e identidade, d\u00e1-lhe novo entusiasmo e novas motiva\u00e7\u00f5es. \u00c9 dando a f\u00e9 que ela se fortalece\u201d (Jo\u00e3o Paulo II, <em>Redemptoris Missio, 2<\/em>).<\/p>\n<p><em>+ Edmar Peron,<br \/>\n<\/em><em>Bispo Auxiliar da Arquidiocese de S\u00e3o Paulo<br \/>\n<\/em><em>Vig\u00e1rio Episcopal para a Regi\u00e3o Bel\u00e9m<\/em><\/p>\n<div id=\"themify_builder_content-23171\" data-postid=\"23171\" class=\"themify_builder_content themify_builder_content-23171 themify_builder themify_builder_front\">\n\t<\/div>\n<!-- \/themify_builder_content -->","protected":false},"excerpt":{"rendered":"<p>O Papa Francisco, em sua mensagem para o Dia Mundial das Miss\u00f5es deste ano de 2013, prop\u00f4s sua reflex\u00e3o, relacionando essa comemora\u00e7\u00e3o anual com a conclus\u00e3o do Ano da F\u00e9. Ele recorda que a f\u00e9 \u201c\u00e9 um dom precioso de Deus\u201d. O pr\u00f3prio Deus toma a iniciativa de nos procurar \u201cquer entrar em rela\u00e7\u00e3o conosco, [&hellip;]<\/p>\n","protected":false},"author":5,"featured_media":0,"comment_status":"open","ping_status":"open","sticky":false,"template":"","format":"standard","meta":{"ngg_post_thumbnail":0,"footnotes":""},"categories":[9],"tags":[559,2679,441,248,2680],"yoast_head":"<!-- This site is optimized with the Yoast SEO plugin v23.5 - https:\/\/yoast.com\/wordpress\/plugins\/seo\/ -->\n<title>Crescer na F\u00e9, levando-a \u00e0s &quot;periferias&quot; - O Arcanjo no ar<\/title>\n<meta name=\"robots\" content=\"index, follow, max-snippet:-1, max-image-preview:large, max-video-preview:-1\" \/>\n<link rel=\"canonical\" href=\"https:\/\/www.oarcanjo.net\/site\/crescer-na-fe-levando-a-as-periferias\/\" \/>\n<meta property=\"og:locale\" content=\"pt_BR\" \/>\n<meta property=\"og:type\" content=\"article\" \/>\n<meta property=\"og:title\" content=\"Crescer na F\u00e9, levando-a \u00e0s &quot;periferias&quot; - O Arcanjo no ar\" \/>\n<meta property=\"og:description\" content=\"O Papa Francisco, em sua mensagem para o Dia Mundial das Miss\u00f5es deste ano de 2013, prop\u00f4s sua reflex\u00e3o, relacionando essa comemora\u00e7\u00e3o anual com a conclus\u00e3o do Ano da F\u00e9. Ele recorda que a f\u00e9 \u201c\u00e9 um dom precioso de Deus\u201d. O pr\u00f3prio Deus toma a iniciativa de nos procurar \u201cquer entrar em rela\u00e7\u00e3o conosco, [&hellip;]\" \/>\n<meta property=\"og:url\" content=\"https:\/\/www.oarcanjo.net\/site\/crescer-na-fe-levando-a-as-periferias\/\" \/>\n<meta property=\"og:site_name\" content=\"O Arcanjo no ar\" \/>\n<meta property=\"article:publisher\" content=\"https:\/\/www.facebook.com\/OArcanjoNoAr\/\" \/>\n<meta property=\"article:published_time\" content=\"2013-10-08T18:15:46+00:00\" \/>\n<meta property=\"article:modified_time\" content=\"2013-10-07T15:08:47+00:00\" \/>\n<meta property=\"og:image\" content=\"https:\/\/www.oarcanjo.net\/site\/wp-content\/uploads\/logo-o-arcanjo-no-ar-facebook.png\" \/>\n\t<meta property=\"og:image:width\" content=\"300\" \/>\n\t<meta property=\"og:image:height\" content=\"300\" \/>\n\t<meta property=\"og:image:type\" content=\"image\/png\" \/>\n<meta name=\"author\" content=\"editor\" \/>\n<meta name=\"twitter:card\" content=\"summary_large_image\" \/>\n<meta name=\"twitter:label1\" content=\"Escrito por\" \/>\n\t<meta name=\"twitter:data1\" content=\"editor\" \/>\n\t<meta name=\"twitter:label2\" content=\"Est. tempo de leitura\" \/>\n\t<meta name=\"twitter:data2\" content=\"2 minutos\" \/>\n<script type=\"application\/ld+json\" class=\"yoast-schema-graph\">{\"@context\":\"https:\/\/schema.org\",\"@graph\":[{\"@type\":\"Article\",\"@id\":\"https:\/\/www.oarcanjo.net\/site\/crescer-na-fe-levando-a-as-periferias\/#article\",\"isPartOf\":{\"@id\":\"https:\/\/www.oarcanjo.net\/site\/crescer-na-fe-levando-a-as-periferias\/\"},\"author\":{\"name\":\"editor\",\"@id\":\"https:\/\/www.oarcanjo.net\/site\/#\/schema\/person\/f7024d007863202483a31326673a0838\"},\"headline\":\"Crescer na F\u00e9, levando-a \u00e0s &#8220;periferias&#8221;\",\"datePublished\":\"2013-10-08T18:15:46+00:00\",\"dateModified\":\"2013-10-07T15:08:47+00:00\",\"mainEntityOfPage\":{\"@id\":\"https:\/\/www.oarcanjo.net\/site\/crescer-na-fe-levando-a-as-periferias\/\"},\"wordCount\":468,\"commentCount\":0,\"publisher\":{\"@id\":\"https:\/\/www.oarcanjo.net\/site\/#organization\"},\"keywords\":[\"acolhida\",\"Dia Mundial das Miss\u00f5es\",\"f\u00e9\",\"miseric\u00f3rdia\",\"Testemunhar\"],\"articleSection\":[\"Reflex\u00f5es\"],\"inLanguage\":\"pt-BR\",\"potentialAction\":[{\"@type\":\"CommentAction\",\"name\":\"Comment\",\"target\":[\"https:\/\/www.oarcanjo.net\/site\/crescer-na-fe-levando-a-as-periferias\/#respond\"]}]},{\"@type\":\"WebPage\",\"@id\":\"https:\/\/www.oarcanjo.net\/site\/crescer-na-fe-levando-a-as-periferias\/\",\"url\":\"https:\/\/www.oarcanjo.net\/site\/crescer-na-fe-levando-a-as-periferias\/\",\"name\":\"Crescer na F\u00e9, levando-a \u00e0s \\\"periferias\\\" - O Arcanjo no ar\",\"isPartOf\":{\"@id\":\"https:\/\/www.oarcanjo.net\/site\/#website\"},\"datePublished\":\"2013-10-08T18:15:46+00:00\",\"dateModified\":\"2013-10-07T15:08:47+00:00\",\"breadcrumb\":{\"@id\":\"https:\/\/www.oarcanjo.net\/site\/crescer-na-fe-levando-a-as-periferias\/#breadcrumb\"},\"inLanguage\":\"pt-BR\",\"potentialAction\":[{\"@type\":\"ReadAction\",\"target\":[\"https:\/\/www.oarcanjo.net\/site\/crescer-na-fe-levando-a-as-periferias\/\"]}]},{\"@type\":\"BreadcrumbList\",\"@id\":\"https:\/\/www.oarcanjo.net\/site\/crescer-na-fe-levando-a-as-periferias\/#breadcrumb\",\"itemListElement\":[{\"@type\":\"ListItem\",\"position\":1,\"name\":\"In\u00edcio\",\"item\":\"https:\/\/www.oarcanjo.net\/site\/\"},{\"@type\":\"ListItem\",\"position\":2,\"name\":\"Crescer na F\u00e9, levando-a \u00e0s &#8220;periferias&#8221;\"}]},{\"@type\":\"WebSite\",\"@id\":\"https:\/\/www.oarcanjo.net\/site\/#website\",\"url\":\"https:\/\/www.oarcanjo.net\/site\/\",\"name\":\"O Arcanjo no ar\",\"description\":\"Site da Par\u00f3quia S\u00e3o Miguel Arcanjo (Arquidiocese de SP)\",\"publisher\":{\"@id\":\"https:\/\/www.oarcanjo.net\/site\/#organization\"},\"potentialAction\":[{\"@type\":\"SearchAction\",\"target\":{\"@type\":\"EntryPoint\",\"urlTemplate\":\"https:\/\/www.oarcanjo.net\/site\/?s={search_term_string}\"},\"query-input\":{\"@type\":\"PropertyValueSpecification\",\"valueRequired\":true,\"valueName\":\"search_term_string\"}}],\"inLanguage\":\"pt-BR\"},{\"@type\":\"Organization\",\"@id\":\"https:\/\/www.oarcanjo.net\/site\/#organization\",\"name\":\"Par\u00f3quia S\u00e3o Miguel Arcanjo\",\"url\":\"https:\/\/www.oarcanjo.net\/site\/\",\"logo\":{\"@type\":\"ImageObject\",\"inLanguage\":\"pt-BR\",\"@id\":\"https:\/\/www.oarcanjo.net\/site\/#\/schema\/logo\/image\/\",\"url\":\"https:\/\/www.oarcanjo.net\/site\/wp-content\/uploads\/LogoOArcanjo.png\",\"contentUrl\":\"https:\/\/www.oarcanjo.net\/site\/wp-content\/uploads\/LogoOArcanjo.png\",\"width\":319,\"height\":99,\"caption\":\"Par\u00f3quia S\u00e3o Miguel Arcanjo\"},\"image\":{\"@id\":\"https:\/\/www.oarcanjo.net\/site\/#\/schema\/logo\/image\/\"},\"sameAs\":[\"https:\/\/www.facebook.com\/OArcanjoNoAr\/\"]},{\"@type\":\"Person\",\"@id\":\"https:\/\/www.oarcanjo.net\/site\/#\/schema\/person\/f7024d007863202483a31326673a0838\",\"name\":\"editor\",\"sameAs\":[\"http:\/\/www.oarcanjo.net\"]}]}<\/script>\n<!-- \/ Yoast SEO plugin. -->","yoast_head_json":{"title":"Crescer na F\u00e9, levando-a \u00e0s \"periferias\" - O Arcanjo no ar","robots":{"index":"index","follow":"follow","max-snippet":"max-snippet:-1","max-image-preview":"max-image-preview:large","max-video-preview":"max-video-preview:-1"},"canonical":"https:\/\/www.oarcanjo.net\/site\/crescer-na-fe-levando-a-as-periferias\/","og_locale":"pt_BR","og_type":"article","og_title":"Crescer na F\u00e9, levando-a \u00e0s \"periferias\" - O Arcanjo no ar","og_description":"O Papa Francisco, em sua mensagem para o Dia Mundial das Miss\u00f5es deste ano de 2013, prop\u00f4s sua reflex\u00e3o, relacionando essa comemora\u00e7\u00e3o anual com a conclus\u00e3o do Ano da F\u00e9. Ele recorda que a f\u00e9 \u201c\u00e9 um dom precioso de Deus\u201d. O pr\u00f3prio Deus toma a iniciativa de nos procurar \u201cquer entrar em rela\u00e7\u00e3o conosco, [&hellip;]","og_url":"https:\/\/www.oarcanjo.net\/site\/crescer-na-fe-levando-a-as-periferias\/","og_site_name":"O Arcanjo no ar","article_publisher":"https:\/\/www.facebook.com\/OArcanjoNoAr\/","article_published_time":"2013-10-08T18:15:46+00:00","article_modified_time":"2013-10-07T15:08:47+00:00","og_image":[{"width":300,"height":300,"url":"https:\/\/www.oarcanjo.net\/site\/wp-content\/uploads\/logo-o-arcanjo-no-ar-facebook.png","type":"image\/png"}],"author":"editor","twitter_card":"summary_large_image","twitter_misc":{"Escrito por":"editor","Est. tempo de leitura":"2 minutos"},"schema":{"@context":"https:\/\/schema.org","@graph":[{"@type":"Article","@id":"https:\/\/www.oarcanjo.net\/site\/crescer-na-fe-levando-a-as-periferias\/#article","isPartOf":{"@id":"https:\/\/www.oarcanjo.net\/site\/crescer-na-fe-levando-a-as-periferias\/"},"author":{"name":"editor","@id":"https:\/\/www.oarcanjo.net\/site\/#\/schema\/person\/f7024d007863202483a31326673a0838"},"headline":"Crescer na F\u00e9, levando-a \u00e0s &#8220;periferias&#8221;","datePublished":"2013-10-08T18:15:46+00:00","dateModified":"2013-10-07T15:08:47+00:00","mainEntityOfPage":{"@id":"https:\/\/www.oarcanjo.net\/site\/crescer-na-fe-levando-a-as-periferias\/"},"wordCount":468,"commentCount":0,"publisher":{"@id":"https:\/\/www.oarcanjo.net\/site\/#organization"},"keywords":["acolhida","Dia Mundial das Miss\u00f5es","f\u00e9","miseric\u00f3rdia","Testemunhar"],"articleSection":["Reflex\u00f5es"],"inLanguage":"pt-BR","potentialAction":[{"@type":"CommentAction","name":"Comment","target":["https:\/\/www.oarcanjo.net\/site\/crescer-na-fe-levando-a-as-periferias\/#respond"]}]},{"@type":"WebPage","@id":"https:\/\/www.oarcanjo.net\/site\/crescer-na-fe-levando-a-as-periferias\/","url":"https:\/\/www.oarcanjo.net\/site\/crescer-na-fe-levando-a-as-periferias\/","name":"Crescer na F\u00e9, levando-a \u00e0s \"periferias\" - O Arcanjo no ar","isPartOf":{"@id":"https:\/\/www.oarcanjo.net\/site\/#website"},"datePublished":"2013-10-08T18:15:46+00:00","dateModified":"2013-10-07T15:08:47+00:00","breadcrumb":{"@id":"https:\/\/www.oarcanjo.net\/site\/crescer-na-fe-levando-a-as-periferias\/#breadcrumb"},"inLanguage":"pt-BR","potentialAction":[{"@type":"ReadAction","target":["https:\/\/www.oarcanjo.net\/site\/crescer-na-fe-levando-a-as-periferias\/"]}]},{"@type":"BreadcrumbList","@id":"https:\/\/www.oarcanjo.net\/site\/crescer-na-fe-levando-a-as-periferias\/#breadcrumb","itemListElement":[{"@type":"ListItem","position":1,"name":"In\u00edcio","item":"https:\/\/www.oarcanjo.net\/site\/"},{"@type":"ListItem","position":2,"name":"Crescer na F\u00e9, levando-a \u00e0s &#8220;periferias&#8221;"}]},{"@type":"WebSite","@id":"https:\/\/www.oarcanjo.net\/site\/#website","url":"https:\/\/www.oarcanjo.net\/site\/","name":"O Arcanjo no ar","description":"Site da Par\u00f3quia S\u00e3o Miguel Arcanjo (Arquidiocese de SP)","publisher":{"@id":"https:\/\/www.oarcanjo.net\/site\/#organization"},"potentialAction":[{"@type":"SearchAction","target":{"@type":"EntryPoint","urlTemplate":"https:\/\/www.oarcanjo.net\/site\/?s={search_term_string}"},"query-input":{"@type":"PropertyValueSpecification","valueRequired":true,"valueName":"search_term_string"}}],"inLanguage":"pt-BR"},{"@type":"Organization","@id":"https:\/\/www.oarcanjo.net\/site\/#organization","name":"Par\u00f3quia S\u00e3o Miguel Arcanjo","url":"https:\/\/www.oarcanjo.net\/site\/","logo":{"@type":"ImageObject","inLanguage":"pt-BR","@id":"https:\/\/www.oarcanjo.net\/site\/#\/schema\/logo\/image\/","url":"https:\/\/www.oarcanjo.net\/site\/wp-content\/uploads\/LogoOArcanjo.png","contentUrl":"https:\/\/www.oarcanjo.net\/site\/wp-content\/uploads\/LogoOArcanjo.png","width":319,"height":99,"caption":"Par\u00f3quia S\u00e3o Miguel Arcanjo"},"image":{"@id":"https:\/\/www.oarcanjo.net\/site\/#\/schema\/logo\/image\/"},"sameAs":["https:\/\/www.facebook.com\/OArcanjoNoAr\/"]},{"@type":"Person","@id":"https:\/\/www.oarcanjo.net\/site\/#\/schema\/person\/f7024d007863202483a31326673a0838","name":"editor","sameAs":["http:\/\/www.oarcanjo.net"]}]}},"publishpress_future_action":{"enabled":false,"date":"2026-05-09 02:54:37","action":"category","newStatus":"draft","terms":[],"taxonomy":"category"},"publishpress_future_workflow_manual_trigger":{"enabledWorkflows":[]},"_links":{"self":[{"href":"https:\/\/www.oarcanjo.net\/site\/wp-json\/wp\/v2\/posts\/23171"}],"collection":[{"href":"https:\/\/www.oarcanjo.net\/site\/wp-json\/wp\/v2\/posts"}],"about":[{"href":"https:\/\/www.oarcanjo.net\/site\/wp-json\/wp\/v2\/types\/post"}],"author":[{"embeddable":true,"href":"https:\/\/www.oarcanjo.net\/site\/wp-json\/wp\/v2\/users\/5"}],"replies":[{"embeddable":true,"href":"https:\/\/www.oarcanjo.net\/site\/wp-json\/wp\/v2\/comments?post=23171"}],"version-history":[{"count":0,"href":"https:\/\/www.oarcanjo.net\/site\/wp-json\/wp\/v2\/posts\/23171\/revisions"}],"wp:attachment":[{"href":"https:\/\/www.oarcanjo.net\/site\/wp-json\/wp\/v2\/media?parent=23171"}],"wp:term":[{"taxonomy":"category","embeddable":true,"href":"https:\/\/www.oarcanjo.net\/site\/wp-json\/wp\/v2\/categories?post=23171"},{"taxonomy":"post_tag","embeddable":true,"href":"https:\/\/www.oarcanjo.net\/site\/wp-json\/wp\/v2\/tags?post=23171"}],"curies":[{"name":"wp","href":"https:\/\/api.w.org\/{rel}","templated":true}]}}