
{"id":23174,"date":"2013-10-07T12:13:24","date_gmt":"2013-10-07T15:13:24","guid":{"rendered":"http:\/\/www.oarcanjo.net\/site\/?p=23174"},"modified":"2013-10-07T12:13:24","modified_gmt":"2013-10-07T15:13:24","slug":"sob-o-signo-de-francisco","status":"publish","type":"post","link":"https:\/\/www.oarcanjo.net\/site\/sob-o-signo-de-francisco\/","title":{"rendered":"Sob o signo de Francisco"},"content":{"rendered":"<p><em>Dom Dem\u00e9trio Valentini<\/em><\/p>\n<p>Foi muito movimentada a semana. Os oito cardeais, membros do agora \u201cconselho permanente\u201d do Papa, se reuniram com ele durante tr\u00eas dias. Em seguida, o Papa Francisco se sentiu na obriga\u00e7\u00e3o de visitar Assis, a terra do primeiro Francisco. E precedendo a estes epis\u00f3dios todos, saiu a nova entrevista, desta vez concedida a um ateu professo, diretor do jornal italiano La Repubblica.Diante deste contexto, parece clara a advert\u00eancia do Evangelho sobre os \u201csinais dos tempos\u201d. Se somos capazes de pressentir a chuva, como n\u00e3o perceber que em Roma est\u00e1 se armando um tempo, sujeito a rel\u00e2mpagos e trovoadas, prometendo bem mais que uma chuva passageira.<\/p>\n<p>Pelos sinais emitidos, aos poucos o Papa Francisco, com firmeza e convic\u00e7\u00e3o, vai direcionando suas propostas de mudan\u00e7as, que prometem ser urgentes e amplas. A come\u00e7ar pela decis\u00e3o de dar perenidade ao \u201cconselho de consultores\u201d. Antes de sua primeira reuni\u00e3o, este \u201cConselho\u201d foi elevado \u00e0 categoria de \u00f3rg\u00e3o permanente, com a finalidade de assessorar o Papa no governo da Igreja.<\/p>\n<p>Para entender o alcance desta medida, \u00e9 bom relacion\u00e1-la com o tempo de Paulo VI, logo ap\u00f3s o Conc\u00edlio. Eram insistentes as recomenda\u00e7\u00f5es, no sentido de que o Papa criasse um \u201cconselho de cardeais\u201d, para ajud\u00e1-lo a implementar as orienta\u00e7\u00f5es do Conc\u00edlio. Mas Paulo VI, por sua natural timidez, n\u00e3o criou este \u201cconselho\u201d. Agora o Papa Francisco, por clara decis\u00e3o tomada e publicada nestes dias, criou esta nova inst\u00e2ncia do governo eclesial, dando-lhe car\u00e1ter definitivo, com possibilidade de agregar outras incumb\u00eancias, e com o n\u00famero dos seus componentes podendo ser adaptado de acordo com as circunst\u00e2ncias.<\/p>\n<p>Com isto, o Papa Francisco tem agora o instrumento para acionar as iniciativas que ele julgar oportunas. Algumas delas, de certa maneira, j\u00e1 foram confidenciadas. Entre elas, sua disposi\u00e7\u00e3o de abrir o di\u00e1logo com a modernidade. Era a grande inten\u00e7\u00e3o do Conc\u00edlio Vaticano II. Cinq\u00fcenta anos depois, esta disposi\u00e7\u00e3o parece tomar forma concreta. Assim se expressa o Papa, de maneira clara e incisiva, diante de um interlocutor ateu:<\/p>\n<p>\u201cOs padres conciliares sabiam que abrir-se \u00e0 cultura moderna significava ecumenismo religioso e di\u00e1logo com os n\u00e3o-crentes. Desde ent\u00e3o foi feito muito pouco nesta dire\u00e7\u00e3o. Tenho a humildade e a ambi\u00e7\u00e3o de querer faz\u00ea-lo\u201d. Portanto, ele decidiu levar em frente o Conc\u00edlio, que permanece refer\u00eancia indiscut\u00edvel para a Igreja em nosso tempo.<\/p>\n<p>Outra grande empreitada do Papa \u00e9 abrir a Igreja para que ela perceba os problemas da humanidade, e os assuma de maneira solid\u00e1ria. Depois de comentar a situa\u00e7\u00e3o em que vivem hoje os jovens, sem trabalho e sem futuro, e o abandono em que se encontram as pessoas idosas, ele afirma claramente que este problema precisa ser assumido pela Igreja: \u201cIsto \u00e9 o problema mais urgente que a Igreja tem pela frente.\u201d<\/p>\n<p>Portanto, o Papa quer uma Igreja aberta aos problemas que hoje a humanidade enfrenta. Esta decis\u00e3o do Papa leva a outra, agora definida claramente. Diz respeito \u00e0 C\u00faria Romana. Reconhecendo seus muitos valores, aponta o problema principal de que ela padece. No dizer do Papa, a C\u00faria Romana \u00e9 muito \u201cvaticano-c\u00eantrica\u201d&#8230; \u201cv\u00ea e cuida dos interesses do Vaticano&#8230;e descuida do mundo que nos circunda\u201d. \u00c9 uma an\u00e1lise pesada que o Papa faz da C\u00faria Romana. Diante disto, assume uma posi\u00e7\u00e3o corajosa e firme, dizendo textualmente: \u201cN\u00e3o compartilho com esta vis\u00e3o, e farei tudo para mud\u00e1-la\u201d.<\/p>\n<p>Assim, v\u00e3o ficando claros os prop\u00f3sitos renovadores do Papa Francisco. Ele se mostra muito disposto a lev\u00e1-los em frente, conforme revelou para o jornalista Eug\u00eanio Scalfari: \u201cfarei o que for poss\u00edvel para cumprir o mandato que me foi confiado\u201d.<\/p>\n<div id=\"themify_builder_content-23174\" data-postid=\"23174\" class=\"themify_builder_content themify_builder_content-23174 themify_builder themify_builder_front\">\n\t<\/div>\n<!-- \/themify_builder_content -->","protected":false},"excerpt":{"rendered":"<p>Dom Dem\u00e9trio Valentini Foi muito movimentada a semana. Os oito cardeais, membros do agora \u201cconselho permanente\u201d do Papa, se reuniram com ele durante tr\u00eas dias. Em seguida, o Papa Francisco se sentiu na obriga\u00e7\u00e3o de visitar Assis, a terra do primeiro Francisco. E precedendo a estes epis\u00f3dios todos, saiu a nova entrevista, desta vez concedida [&hellip;]<\/p>\n","protected":false},"author":5,"featured_media":0,"comment_status":"open","ping_status":"open","sticky":false,"template":"","format":"standard","meta":{"ngg_post_thumbnail":0,"footnotes":""},"categories":[9],"tags":[505,2677,2462,719,2433,891],"yoast_head":"<!-- This site is optimized with the Yoast SEO plugin v23.5 - https:\/\/yoast.com\/wordpress\/plugins\/seo\/ -->\n<title>Sob o signo de Francisco - O Arcanjo no ar<\/title>\n<meta name=\"robots\" content=\"index, follow, max-snippet:-1, max-image-preview:large, max-video-preview:-1\" \/>\n<link rel=\"canonical\" href=\"https:\/\/www.oarcanjo.net\/site\/sob-o-signo-de-francisco\/\" \/>\n<meta property=\"og:locale\" content=\"pt_BR\" \/>\n<meta property=\"og:type\" content=\"article\" \/>\n<meta property=\"og:title\" content=\"Sob o signo de Francisco - O Arcanjo no ar\" \/>\n<meta property=\"og:description\" content=\"Dom Dem\u00e9trio Valentini Foi muito movimentada a semana. Os oito cardeais, membros do agora \u201cconselho permanente\u201d do Papa, se reuniram com ele durante tr\u00eas dias. Em seguida, o Papa Francisco se sentiu na obriga\u00e7\u00e3o de visitar Assis, a terra do primeiro Francisco. E precedendo a estes epis\u00f3dios todos, saiu a nova entrevista, desta vez concedida [&hellip;]\" \/>\n<meta property=\"og:url\" content=\"https:\/\/www.oarcanjo.net\/site\/sob-o-signo-de-francisco\/\" \/>\n<meta property=\"og:site_name\" content=\"O Arcanjo no ar\" \/>\n<meta property=\"article:publisher\" content=\"https:\/\/www.facebook.com\/OArcanjoNoAr\/\" \/>\n<meta property=\"article:published_time\" content=\"2013-10-07T15:13:24+00:00\" \/>\n<meta property=\"og:image\" content=\"https:\/\/www.oarcanjo.net\/site\/wp-content\/uploads\/logo-o-arcanjo-no-ar-facebook.png\" \/>\n\t<meta property=\"og:image:width\" content=\"300\" \/>\n\t<meta property=\"og:image:height\" content=\"300\" \/>\n\t<meta property=\"og:image:type\" content=\"image\/png\" \/>\n<meta name=\"author\" content=\"editor\" \/>\n<meta name=\"twitter:card\" content=\"summary_large_image\" \/>\n<meta name=\"twitter:label1\" content=\"Escrito por\" \/>\n\t<meta name=\"twitter:data1\" content=\"editor\" \/>\n\t<meta name=\"twitter:label2\" content=\"Est. tempo de leitura\" \/>\n\t<meta name=\"twitter:data2\" content=\"3 minutos\" \/>\n<script type=\"application\/ld+json\" class=\"yoast-schema-graph\">{\"@context\":\"https:\/\/schema.org\",\"@graph\":[{\"@type\":\"Article\",\"@id\":\"https:\/\/www.oarcanjo.net\/site\/sob-o-signo-de-francisco\/#article\",\"isPartOf\":{\"@id\":\"https:\/\/www.oarcanjo.net\/site\/sob-o-signo-de-francisco\/\"},\"author\":{\"name\":\"editor\",\"@id\":\"https:\/\/www.oarcanjo.net\/site\/#\/schema\/person\/f7024d007863202483a31326673a0838\"},\"headline\":\"Sob o signo de Francisco\",\"datePublished\":\"2013-10-07T15:13:24+00:00\",\"dateModified\":\"2013-10-07T15:13:24+00:00\",\"mainEntityOfPage\":{\"@id\":\"https:\/\/www.oarcanjo.net\/site\/sob-o-signo-de-francisco\/\"},\"wordCount\":648,\"commentCount\":1,\"publisher\":{\"@id\":\"https:\/\/www.oarcanjo.net\/site\/#organization\"},\"keywords\":[\"Conc\u00edlio Vaticano II\",\"Conselho de Cardeais\",\"C\u00faria Romana\",\"mudan\u00e7a\",\"Papa Francisco\",\"Paulo VI\"],\"articleSection\":[\"Reflex\u00f5es\"],\"inLanguage\":\"pt-BR\",\"potentialAction\":[{\"@type\":\"CommentAction\",\"name\":\"Comment\",\"target\":[\"https:\/\/www.oarcanjo.net\/site\/sob-o-signo-de-francisco\/#respond\"]}]},{\"@type\":\"WebPage\",\"@id\":\"https:\/\/www.oarcanjo.net\/site\/sob-o-signo-de-francisco\/\",\"url\":\"https:\/\/www.oarcanjo.net\/site\/sob-o-signo-de-francisco\/\",\"name\":\"Sob o signo de Francisco - O Arcanjo no ar\",\"isPartOf\":{\"@id\":\"https:\/\/www.oarcanjo.net\/site\/#website\"},\"datePublished\":\"2013-10-07T15:13:24+00:00\",\"dateModified\":\"2013-10-07T15:13:24+00:00\",\"breadcrumb\":{\"@id\":\"https:\/\/www.oarcanjo.net\/site\/sob-o-signo-de-francisco\/#breadcrumb\"},\"inLanguage\":\"pt-BR\",\"potentialAction\":[{\"@type\":\"ReadAction\",\"target\":[\"https:\/\/www.oarcanjo.net\/site\/sob-o-signo-de-francisco\/\"]}]},{\"@type\":\"BreadcrumbList\",\"@id\":\"https:\/\/www.oarcanjo.net\/site\/sob-o-signo-de-francisco\/#breadcrumb\",\"itemListElement\":[{\"@type\":\"ListItem\",\"position\":1,\"name\":\"In\u00edcio\",\"item\":\"https:\/\/www.oarcanjo.net\/site\/\"},{\"@type\":\"ListItem\",\"position\":2,\"name\":\"Sob o signo de Francisco\"}]},{\"@type\":\"WebSite\",\"@id\":\"https:\/\/www.oarcanjo.net\/site\/#website\",\"url\":\"https:\/\/www.oarcanjo.net\/site\/\",\"name\":\"O Arcanjo no ar\",\"description\":\"Site da Par\u00f3quia S\u00e3o Miguel Arcanjo (Arquidiocese de SP)\",\"publisher\":{\"@id\":\"https:\/\/www.oarcanjo.net\/site\/#organization\"},\"potentialAction\":[{\"@type\":\"SearchAction\",\"target\":{\"@type\":\"EntryPoint\",\"urlTemplate\":\"https:\/\/www.oarcanjo.net\/site\/?s={search_term_string}\"},\"query-input\":{\"@type\":\"PropertyValueSpecification\",\"valueRequired\":true,\"valueName\":\"search_term_string\"}}],\"inLanguage\":\"pt-BR\"},{\"@type\":\"Organization\",\"@id\":\"https:\/\/www.oarcanjo.net\/site\/#organization\",\"name\":\"Par\u00f3quia S\u00e3o Miguel Arcanjo\",\"url\":\"https:\/\/www.oarcanjo.net\/site\/\",\"logo\":{\"@type\":\"ImageObject\",\"inLanguage\":\"pt-BR\",\"@id\":\"https:\/\/www.oarcanjo.net\/site\/#\/schema\/logo\/image\/\",\"url\":\"https:\/\/www.oarcanjo.net\/site\/wp-content\/uploads\/LogoOArcanjo.png\",\"contentUrl\":\"https:\/\/www.oarcanjo.net\/site\/wp-content\/uploads\/LogoOArcanjo.png\",\"width\":319,\"height\":99,\"caption\":\"Par\u00f3quia S\u00e3o Miguel Arcanjo\"},\"image\":{\"@id\":\"https:\/\/www.oarcanjo.net\/site\/#\/schema\/logo\/image\/\"},\"sameAs\":[\"https:\/\/www.facebook.com\/OArcanjoNoAr\/\"]},{\"@type\":\"Person\",\"@id\":\"https:\/\/www.oarcanjo.net\/site\/#\/schema\/person\/f7024d007863202483a31326673a0838\",\"name\":\"editor\",\"sameAs\":[\"http:\/\/www.oarcanjo.net\"]}]}<\/script>\n<!-- \/ Yoast SEO plugin. -->","yoast_head_json":{"title":"Sob o signo de Francisco - O Arcanjo no ar","robots":{"index":"index","follow":"follow","max-snippet":"max-snippet:-1","max-image-preview":"max-image-preview:large","max-video-preview":"max-video-preview:-1"},"canonical":"https:\/\/www.oarcanjo.net\/site\/sob-o-signo-de-francisco\/","og_locale":"pt_BR","og_type":"article","og_title":"Sob o signo de Francisco - O Arcanjo no ar","og_description":"Dom Dem\u00e9trio Valentini Foi muito movimentada a semana. Os oito cardeais, membros do agora \u201cconselho permanente\u201d do Papa, se reuniram com ele durante tr\u00eas dias. Em seguida, o Papa Francisco se sentiu na obriga\u00e7\u00e3o de visitar Assis, a terra do primeiro Francisco. E precedendo a estes epis\u00f3dios todos, saiu a nova entrevista, desta vez concedida [&hellip;]","og_url":"https:\/\/www.oarcanjo.net\/site\/sob-o-signo-de-francisco\/","og_site_name":"O Arcanjo no ar","article_publisher":"https:\/\/www.facebook.com\/OArcanjoNoAr\/","article_published_time":"2013-10-07T15:13:24+00:00","og_image":[{"width":300,"height":300,"url":"https:\/\/www.oarcanjo.net\/site\/wp-content\/uploads\/logo-o-arcanjo-no-ar-facebook.png","type":"image\/png"}],"author":"editor","twitter_card":"summary_large_image","twitter_misc":{"Escrito por":"editor","Est. tempo de leitura":"3 minutos"},"schema":{"@context":"https:\/\/schema.org","@graph":[{"@type":"Article","@id":"https:\/\/www.oarcanjo.net\/site\/sob-o-signo-de-francisco\/#article","isPartOf":{"@id":"https:\/\/www.oarcanjo.net\/site\/sob-o-signo-de-francisco\/"},"author":{"name":"editor","@id":"https:\/\/www.oarcanjo.net\/site\/#\/schema\/person\/f7024d007863202483a31326673a0838"},"headline":"Sob o signo de Francisco","datePublished":"2013-10-07T15:13:24+00:00","dateModified":"2013-10-07T15:13:24+00:00","mainEntityOfPage":{"@id":"https:\/\/www.oarcanjo.net\/site\/sob-o-signo-de-francisco\/"},"wordCount":648,"commentCount":1,"publisher":{"@id":"https:\/\/www.oarcanjo.net\/site\/#organization"},"keywords":["Conc\u00edlio Vaticano II","Conselho de Cardeais","C\u00faria Romana","mudan\u00e7a","Papa Francisco","Paulo VI"],"articleSection":["Reflex\u00f5es"],"inLanguage":"pt-BR","potentialAction":[{"@type":"CommentAction","name":"Comment","target":["https:\/\/www.oarcanjo.net\/site\/sob-o-signo-de-francisco\/#respond"]}]},{"@type":"WebPage","@id":"https:\/\/www.oarcanjo.net\/site\/sob-o-signo-de-francisco\/","url":"https:\/\/www.oarcanjo.net\/site\/sob-o-signo-de-francisco\/","name":"Sob o signo de Francisco - O Arcanjo no ar","isPartOf":{"@id":"https:\/\/www.oarcanjo.net\/site\/#website"},"datePublished":"2013-10-07T15:13:24+00:00","dateModified":"2013-10-07T15:13:24+00:00","breadcrumb":{"@id":"https:\/\/www.oarcanjo.net\/site\/sob-o-signo-de-francisco\/#breadcrumb"},"inLanguage":"pt-BR","potentialAction":[{"@type":"ReadAction","target":["https:\/\/www.oarcanjo.net\/site\/sob-o-signo-de-francisco\/"]}]},{"@type":"BreadcrumbList","@id":"https:\/\/www.oarcanjo.net\/site\/sob-o-signo-de-francisco\/#breadcrumb","itemListElement":[{"@type":"ListItem","position":1,"name":"In\u00edcio","item":"https:\/\/www.oarcanjo.net\/site\/"},{"@type":"ListItem","position":2,"name":"Sob o signo de Francisco"}]},{"@type":"WebSite","@id":"https:\/\/www.oarcanjo.net\/site\/#website","url":"https:\/\/www.oarcanjo.net\/site\/","name":"O Arcanjo no ar","description":"Site da Par\u00f3quia S\u00e3o Miguel Arcanjo (Arquidiocese de SP)","publisher":{"@id":"https:\/\/www.oarcanjo.net\/site\/#organization"},"potentialAction":[{"@type":"SearchAction","target":{"@type":"EntryPoint","urlTemplate":"https:\/\/www.oarcanjo.net\/site\/?s={search_term_string}"},"query-input":{"@type":"PropertyValueSpecification","valueRequired":true,"valueName":"search_term_string"}}],"inLanguage":"pt-BR"},{"@type":"Organization","@id":"https:\/\/www.oarcanjo.net\/site\/#organization","name":"Par\u00f3quia S\u00e3o Miguel Arcanjo","url":"https:\/\/www.oarcanjo.net\/site\/","logo":{"@type":"ImageObject","inLanguage":"pt-BR","@id":"https:\/\/www.oarcanjo.net\/site\/#\/schema\/logo\/image\/","url":"https:\/\/www.oarcanjo.net\/site\/wp-content\/uploads\/LogoOArcanjo.png","contentUrl":"https:\/\/www.oarcanjo.net\/site\/wp-content\/uploads\/LogoOArcanjo.png","width":319,"height":99,"caption":"Par\u00f3quia S\u00e3o Miguel Arcanjo"},"image":{"@id":"https:\/\/www.oarcanjo.net\/site\/#\/schema\/logo\/image\/"},"sameAs":["https:\/\/www.facebook.com\/OArcanjoNoAr\/"]},{"@type":"Person","@id":"https:\/\/www.oarcanjo.net\/site\/#\/schema\/person\/f7024d007863202483a31326673a0838","name":"editor","sameAs":["http:\/\/www.oarcanjo.net"]}]}},"publishpress_future_action":{"enabled":false,"date":"2026-05-09 02:54:37","action":"category","newStatus":"draft","terms":[],"taxonomy":"category"},"publishpress_future_workflow_manual_trigger":{"enabledWorkflows":[]},"_links":{"self":[{"href":"https:\/\/www.oarcanjo.net\/site\/wp-json\/wp\/v2\/posts\/23174"}],"collection":[{"href":"https:\/\/www.oarcanjo.net\/site\/wp-json\/wp\/v2\/posts"}],"about":[{"href":"https:\/\/www.oarcanjo.net\/site\/wp-json\/wp\/v2\/types\/post"}],"author":[{"embeddable":true,"href":"https:\/\/www.oarcanjo.net\/site\/wp-json\/wp\/v2\/users\/5"}],"replies":[{"embeddable":true,"href":"https:\/\/www.oarcanjo.net\/site\/wp-json\/wp\/v2\/comments?post=23174"}],"version-history":[{"count":0,"href":"https:\/\/www.oarcanjo.net\/site\/wp-json\/wp\/v2\/posts\/23174\/revisions"}],"wp:attachment":[{"href":"https:\/\/www.oarcanjo.net\/site\/wp-json\/wp\/v2\/media?parent=23174"}],"wp:term":[{"taxonomy":"category","embeddable":true,"href":"https:\/\/www.oarcanjo.net\/site\/wp-json\/wp\/v2\/categories?post=23174"},{"taxonomy":"post_tag","embeddable":true,"href":"https:\/\/www.oarcanjo.net\/site\/wp-json\/wp\/v2\/tags?post=23174"}],"curies":[{"name":"wp","href":"https:\/\/api.w.org\/{rel}","templated":true}]}}