
{"id":23177,"date":"2013-10-05T12:34:32","date_gmt":"2013-10-05T15:34:32","guid":{"rendered":"http:\/\/www.oarcanjo.net\/site\/?p=23177"},"modified":"2013-10-07T13:52:13","modified_gmt":"2013-10-07T16:52:13","slug":"papa-francisco-em-assis-o-espirito-do-mundo-e-a-lepra-e-o-cancer-da-igreja-e-da-sociedade","status":"publish","type":"post","link":"https:\/\/www.oarcanjo.net\/site\/papa-francisco-em-assis-o-espirito-do-mundo-e-a-lepra-e-o-cancer-da-igreja-e-da-sociedade\/","title":{"rendered":"Papa Francisco em Assis: &#8220;O esp\u00edrito do mundo \u00e9 a lepra e o c\u00e2ncer da Igreja e da sociedade&#8221;"},"content":{"rendered":"<p>Nesta sexta-feira, 4 de outubro, o papa Francisco realizou visita a Assis, cidade de S\u00e3o Francisco. Ele chegou antes do hor\u00e1rio previsto e sua primeira atividade foi um encontro comovente com os doentes e as crian\u00e7as com defici\u00eancia na igreja do Instituto Ser\u00e1fico.<\/p>\n<p>\u201cAqui, Jesus est\u00e1 escondido nesses jovens, nessas crian\u00e7as, nessas pessoas. No altar, adoramos a Carne de Jesus. Neles, encontramos as chagas de Cristo \u2013 que precisam ser ouvidas talvez n\u00e3o tanto nos jornais, como not\u00edcias&#8230; Esta \u00e9 uma escuta que dura um, dois, tr\u00eas dias. Devem ser ouvidas por aqueles que se dizem crist\u00e3os. O crist\u00e3o adora e busca Jesus e sabe reconhecer as suas chagas. A Carne de Jesus s\u00e3o as suas chagas nessas pessoas\u201d, disse o papa, num discurso improvisado.<\/p>\n<p>Em seguida, Francisco seguiu para o Santu\u00e1rio de S\u00e3o Dami\u00e3o, onde foi acolhido pelo ministro-geral da Ordem Franciscana dos Frades Menores, frei Fr. Michael Perry, e pela comunidade do Convento. Dali, seguiu para a sede episcopal, onde realizou uma visita hist\u00f3rica \u2013 a primeira de um pont\u00edfice em 800 anos. No bispado, encontra-se a Sala da Espolia\u00e7\u00e3o, onde S\u00e3o Francisco renunciou aos bens paternos para consagrar-se a Deus. Nesta sala, o papa reuniu-se com um grupo de pessoas assistidas pelas oito Caritas diocesanas.<\/p>\n<p>Em seu discurso, Francisco recordou o luto em toda a It\u00e1lia, neste dia, por conta da tr\u00e1gico naufr\u00e1gio em Lampedusa. \u201cHoje, \u00e9 um dia de l\u00e1grimas. \u00c9 o esp\u00edrito do mundo que faz essas coisas\u201d, explicou o papa, que usou palavras fortes para quem se deixa levar por este esp\u00edrito: \u201c\u00c9 realmente rid\u00edculo que um crist\u00e3o verdadeiro, que um padre, uma freira, um bispo, um cardeal, um papa, queiram percorrer esta estrada do mundo, \u00e9 uma atitude homicida. O mundano mata, mata a alma, as pessoas, mata a Igreja. Hoje, aqui, pe\u00e7amos a gra\u00e7a para todos os crist\u00e3os. Que o Senhor nos d\u00ea a coragem de nos espoliar do esp\u00edrito do mundo, que \u00e9 a lepra e o c\u00e2ncer da sociedade, \u00e9 o c\u00e2ncer da revela\u00e7\u00e3o de Deus. O esp\u00edrito do mundo \u00e9 o inimigo de Jesus&#8221;, disse.<\/p>\n<p><strong>Missa<\/strong><\/p>\n<p>Em seguida,  Francisco presidiu a missa na pra\u00e7a de S\u00e3o Francisco. Antes, o papa desceu \u00e0 cripta da bas\u00edlica e acompanhado por frades das quatro ordens franciscanas, levou tr\u00eas rosas brancas ao t\u00famulo de S\u00e3o Francisco, diante do qual se ajoelhou e rezou por alguns minutos. Participou da celebra\u00e7\u00e3o o primeiro-ministro italiano, Enrico Letta, com quem Francisco conversou amigavelmente.<\/p>\n<p>\u201cPaz e Bem!\u201d, come\u00e7ou o papa em sua homilia. Em primeiro lugar, frisou que o caminho de Francisco para Cristo come\u00e7ou do olhar de Jesus na cruz. \u201cO santo se deixou olhar por Ele no momento em que deu a vida por n\u00f3s e nos atraiu para Ele. Naquele instante, Jesus n\u00e3o tinha os olhos fechados, mas bem abertos: um olhar que lhe falou ao cora\u00e7\u00e3o\u201d.<\/p>\n<p>:\u201cQuem se deixa olhar por Jesus crucificado fica recriado, torna-se uma nova criatura. E daqui tudo come\u00e7a: \u00e9 a experi\u00eancia da Gra\u00e7a que transforma, de sermos amados sem m\u00e9rito algum, at\u00e9 sendo pecadores\u201d, prosseguiu.<\/p>\n<p>O papa recordou que quem segue a Cristo recebe a verdadeira paz. \u201cA paz franciscana n\u00e3o \u00e9 um sentimento piegas, n\u00e3o \u00e9 uma esp\u00e9cie de harmonia pante\u00edsta com as energias do cosmos&#8230; Tamb\u00e9m isto n\u00e3o \u00e9 franciscano, mas uma ideia que alguns formaram. A paz de S\u00e3o Francisco \u00e9 a de Cristo, \u00e9 a de quem assume o seu mandamento: Amai-vos uns aos outros, como Eu vos amei. E este jugo n\u00e3o se pode levar com arrog\u00e2ncia, presun\u00e7\u00e3o, orgulho, mas apenas com mansid\u00e3o e humildade de cora\u00e7\u00e3o&#8221;, ressalvou o pont\u00edfice, pedindo a S\u00e3o Francisco que nos ensine a ser \u00abinstrumentos da paz\u00bb\u201d.<\/p>\n<p>No final da missa, houve a cerim\u00f4nia tradicional da oferta do azeite para a l\u00e2mpada votiva. Depois de almo\u00e7ar com os pobres assistidos pela Caritas e visitar o quarto de S\u00e3o Francisco, papa Francisco continuou sua peregrina\u00e7\u00e3o em Assis: realizou um encontro com o clero, a venera\u00e7\u00e3o do corpo de Santa Clara, a ora\u00e7\u00e3o diante da cruz de S\u00e3o Dami\u00e3o, a visita \u00e0 porci\u00fancula da bas\u00edlica de Santa Maria dos Anjos, o encontro com os jovens, a visita \u00e0 cabana de S\u00e3o Francisco.<\/p>\n<p><em>Fonte: CNBB<\/em><\/p>\n<div id=\"themify_builder_content-23177\" data-postid=\"23177\" class=\"themify_builder_content themify_builder_content-23177 themify_builder themify_builder_front\">\n\t<\/div>\n<!-- \/themify_builder_content -->","protected":false},"excerpt":{"rendered":"<p>Nesta sexta-feira, 4 de outubro, o papa Francisco realizou visita a Assis, cidade de S\u00e3o Francisco. Ele chegou antes do hor\u00e1rio previsto e sua primeira atividade foi um encontro comovente com os doentes e as crian\u00e7as com defici\u00eancia na igreja do Instituto Ser\u00e1fico. \u201cAqui, Jesus est\u00e1 escondido nesses jovens, nessas crian\u00e7as, nessas pessoas. No altar, [&hellip;]<\/p>\n","protected":false},"author":5,"featured_media":0,"comment_status":"open","ping_status":"open","sticky":false,"template":"","format":"standard","meta":{"ngg_post_thumbnail":0,"footnotes":""},"categories":[8],"tags":[2681,90,2682,2536,1169,2433,31],"yoast_head":"<!-- This site is optimized with the Yoast SEO plugin v23.5 - https:\/\/yoast.com\/wordpress\/plugins\/seo\/ -->\n<title>Papa Francisco em Assis: &quot;O esp\u00edrito do mundo \u00e9 a lepra e o c\u00e2ncer da Igreja e da sociedade&quot; - O Arcanjo no ar<\/title>\n<meta name=\"robots\" content=\"index, follow, max-snippet:-1, max-image-preview:large, max-video-preview:-1\" \/>\n<link rel=\"canonical\" href=\"https:\/\/www.oarcanjo.net\/site\/papa-francisco-em-assis-o-espirito-do-mundo-e-a-lepra-e-o-cancer-da-igreja-e-da-sociedade\/\" \/>\n<meta property=\"og:locale\" content=\"pt_BR\" \/>\n<meta property=\"og:type\" content=\"article\" \/>\n<meta property=\"og:title\" content=\"Papa Francisco em Assis: &quot;O esp\u00edrito do mundo \u00e9 a lepra e o c\u00e2ncer da Igreja e da sociedade&quot; - O Arcanjo no ar\" \/>\n<meta property=\"og:description\" content=\"Nesta sexta-feira, 4 de outubro, o papa Francisco realizou visita a Assis, cidade de S\u00e3o Francisco. Ele chegou antes do hor\u00e1rio previsto e sua primeira atividade foi um encontro comovente com os doentes e as crian\u00e7as com defici\u00eancia na igreja do Instituto Ser\u00e1fico. \u201cAqui, Jesus est\u00e1 escondido nesses jovens, nessas crian\u00e7as, nessas pessoas. No altar, [&hellip;]\" \/>\n<meta property=\"og:url\" content=\"https:\/\/www.oarcanjo.net\/site\/papa-francisco-em-assis-o-espirito-do-mundo-e-a-lepra-e-o-cancer-da-igreja-e-da-sociedade\/\" \/>\n<meta property=\"og:site_name\" content=\"O Arcanjo no ar\" \/>\n<meta property=\"article:publisher\" content=\"https:\/\/www.facebook.com\/OArcanjoNoAr\/\" \/>\n<meta property=\"article:published_time\" content=\"2013-10-05T15:34:32+00:00\" \/>\n<meta property=\"article:modified_time\" content=\"2013-10-07T16:52:13+00:00\" \/>\n<meta property=\"og:image\" content=\"https:\/\/www.oarcanjo.net\/site\/wp-content\/uploads\/logo-o-arcanjo-no-ar-facebook.png\" \/>\n\t<meta property=\"og:image:width\" content=\"300\" \/>\n\t<meta property=\"og:image:height\" content=\"300\" \/>\n\t<meta property=\"og:image:type\" content=\"image\/png\" \/>\n<meta name=\"author\" content=\"editor\" \/>\n<meta name=\"twitter:card\" content=\"summary_large_image\" \/>\n<meta name=\"twitter:label1\" content=\"Escrito por\" \/>\n\t<meta name=\"twitter:data1\" content=\"editor\" \/>\n\t<meta name=\"twitter:label2\" content=\"Est. tempo de leitura\" \/>\n\t<meta name=\"twitter:data2\" content=\"4 minutos\" \/>\n<script type=\"application\/ld+json\" class=\"yoast-schema-graph\">{\"@context\":\"https:\/\/schema.org\",\"@graph\":[{\"@type\":\"Article\",\"@id\":\"https:\/\/www.oarcanjo.net\/site\/papa-francisco-em-assis-o-espirito-do-mundo-e-a-lepra-e-o-cancer-da-igreja-e-da-sociedade\/#article\",\"isPartOf\":{\"@id\":\"https:\/\/www.oarcanjo.net\/site\/papa-francisco-em-assis-o-espirito-do-mundo-e-a-lepra-e-o-cancer-da-igreja-e-da-sociedade\/\"},\"author\":{\"name\":\"editor\",\"@id\":\"https:\/\/www.oarcanjo.net\/site\/#\/schema\/person\/f7024d007863202483a31326673a0838\"},\"headline\":\"Papa Francisco em Assis: &#8220;O esp\u00edrito do mundo \u00e9 a lepra e o c\u00e2ncer da Igreja e da sociedade&#8221;\",\"datePublished\":\"2013-10-05T15:34:32+00:00\",\"dateModified\":\"2013-10-07T16:52:13+00:00\",\"mainEntityOfPage\":{\"@id\":\"https:\/\/www.oarcanjo.net\/site\/papa-francisco-em-assis-o-espirito-do-mundo-e-a-lepra-e-o-cancer-da-igreja-e-da-sociedade\/\"},\"wordCount\":769,\"commentCount\":1,\"publisher\":{\"@id\":\"https:\/\/www.oarcanjo.net\/site\/#organization\"},\"keywords\":[\"C\u00e2ncer\",\"C\u00e1ritas\",\"Carne de Jesus\",\"Lampedusa\",\"lepra\",\"Papa Francisco\",\"s\u00e3o francisco\"],\"articleSection\":[\"Not\u00edcias\"],\"inLanguage\":\"pt-BR\",\"potentialAction\":[{\"@type\":\"CommentAction\",\"name\":\"Comment\",\"target\":[\"https:\/\/www.oarcanjo.net\/site\/papa-francisco-em-assis-o-espirito-do-mundo-e-a-lepra-e-o-cancer-da-igreja-e-da-sociedade\/#respond\"]}]},{\"@type\":\"WebPage\",\"@id\":\"https:\/\/www.oarcanjo.net\/site\/papa-francisco-em-assis-o-espirito-do-mundo-e-a-lepra-e-o-cancer-da-igreja-e-da-sociedade\/\",\"url\":\"https:\/\/www.oarcanjo.net\/site\/papa-francisco-em-assis-o-espirito-do-mundo-e-a-lepra-e-o-cancer-da-igreja-e-da-sociedade\/\",\"name\":\"Papa Francisco em Assis: \\\"O esp\u00edrito do mundo \u00e9 a lepra e o c\u00e2ncer da Igreja e da sociedade\\\" - O Arcanjo no ar\",\"isPartOf\":{\"@id\":\"https:\/\/www.oarcanjo.net\/site\/#website\"},\"datePublished\":\"2013-10-05T15:34:32+00:00\",\"dateModified\":\"2013-10-07T16:52:13+00:00\",\"breadcrumb\":{\"@id\":\"https:\/\/www.oarcanjo.net\/site\/papa-francisco-em-assis-o-espirito-do-mundo-e-a-lepra-e-o-cancer-da-igreja-e-da-sociedade\/#breadcrumb\"},\"inLanguage\":\"pt-BR\",\"potentialAction\":[{\"@type\":\"ReadAction\",\"target\":[\"https:\/\/www.oarcanjo.net\/site\/papa-francisco-em-assis-o-espirito-do-mundo-e-a-lepra-e-o-cancer-da-igreja-e-da-sociedade\/\"]}]},{\"@type\":\"BreadcrumbList\",\"@id\":\"https:\/\/www.oarcanjo.net\/site\/papa-francisco-em-assis-o-espirito-do-mundo-e-a-lepra-e-o-cancer-da-igreja-e-da-sociedade\/#breadcrumb\",\"itemListElement\":[{\"@type\":\"ListItem\",\"position\":1,\"name\":\"In\u00edcio\",\"item\":\"https:\/\/www.oarcanjo.net\/site\/\"},{\"@type\":\"ListItem\",\"position\":2,\"name\":\"Papa Francisco em Assis: &#8220;O esp\u00edrito do mundo \u00e9 a lepra e o c\u00e2ncer da Igreja e da sociedade&#8221;\"}]},{\"@type\":\"WebSite\",\"@id\":\"https:\/\/www.oarcanjo.net\/site\/#website\",\"url\":\"https:\/\/www.oarcanjo.net\/site\/\",\"name\":\"O Arcanjo no ar\",\"description\":\"Site da Par\u00f3quia S\u00e3o Miguel Arcanjo (Arquidiocese de SP)\",\"publisher\":{\"@id\":\"https:\/\/www.oarcanjo.net\/site\/#organization\"},\"potentialAction\":[{\"@type\":\"SearchAction\",\"target\":{\"@type\":\"EntryPoint\",\"urlTemplate\":\"https:\/\/www.oarcanjo.net\/site\/?s={search_term_string}\"},\"query-input\":{\"@type\":\"PropertyValueSpecification\",\"valueRequired\":true,\"valueName\":\"search_term_string\"}}],\"inLanguage\":\"pt-BR\"},{\"@type\":\"Organization\",\"@id\":\"https:\/\/www.oarcanjo.net\/site\/#organization\",\"name\":\"Par\u00f3quia S\u00e3o Miguel Arcanjo\",\"url\":\"https:\/\/www.oarcanjo.net\/site\/\",\"logo\":{\"@type\":\"ImageObject\",\"inLanguage\":\"pt-BR\",\"@id\":\"https:\/\/www.oarcanjo.net\/site\/#\/schema\/logo\/image\/\",\"url\":\"https:\/\/www.oarcanjo.net\/site\/wp-content\/uploads\/LogoOArcanjo.png\",\"contentUrl\":\"https:\/\/www.oarcanjo.net\/site\/wp-content\/uploads\/LogoOArcanjo.png\",\"width\":319,\"height\":99,\"caption\":\"Par\u00f3quia S\u00e3o Miguel Arcanjo\"},\"image\":{\"@id\":\"https:\/\/www.oarcanjo.net\/site\/#\/schema\/logo\/image\/\"},\"sameAs\":[\"https:\/\/www.facebook.com\/OArcanjoNoAr\/\"]},{\"@type\":\"Person\",\"@id\":\"https:\/\/www.oarcanjo.net\/site\/#\/schema\/person\/f7024d007863202483a31326673a0838\",\"name\":\"editor\",\"sameAs\":[\"http:\/\/www.oarcanjo.net\"]}]}<\/script>\n<!-- \/ Yoast SEO plugin. -->","yoast_head_json":{"title":"Papa Francisco em Assis: \"O esp\u00edrito do mundo \u00e9 a lepra e o c\u00e2ncer da Igreja e da sociedade\" - O Arcanjo no ar","robots":{"index":"index","follow":"follow","max-snippet":"max-snippet:-1","max-image-preview":"max-image-preview:large","max-video-preview":"max-video-preview:-1"},"canonical":"https:\/\/www.oarcanjo.net\/site\/papa-francisco-em-assis-o-espirito-do-mundo-e-a-lepra-e-o-cancer-da-igreja-e-da-sociedade\/","og_locale":"pt_BR","og_type":"article","og_title":"Papa Francisco em Assis: \"O esp\u00edrito do mundo \u00e9 a lepra e o c\u00e2ncer da Igreja e da sociedade\" - O Arcanjo no ar","og_description":"Nesta sexta-feira, 4 de outubro, o papa Francisco realizou visita a Assis, cidade de S\u00e3o Francisco. Ele chegou antes do hor\u00e1rio previsto e sua primeira atividade foi um encontro comovente com os doentes e as crian\u00e7as com defici\u00eancia na igreja do Instituto Ser\u00e1fico. \u201cAqui, Jesus est\u00e1 escondido nesses jovens, nessas crian\u00e7as, nessas pessoas. No altar, [&hellip;]","og_url":"https:\/\/www.oarcanjo.net\/site\/papa-francisco-em-assis-o-espirito-do-mundo-e-a-lepra-e-o-cancer-da-igreja-e-da-sociedade\/","og_site_name":"O Arcanjo no ar","article_publisher":"https:\/\/www.facebook.com\/OArcanjoNoAr\/","article_published_time":"2013-10-05T15:34:32+00:00","article_modified_time":"2013-10-07T16:52:13+00:00","og_image":[{"width":300,"height":300,"url":"https:\/\/www.oarcanjo.net\/site\/wp-content\/uploads\/logo-o-arcanjo-no-ar-facebook.png","type":"image\/png"}],"author":"editor","twitter_card":"summary_large_image","twitter_misc":{"Escrito por":"editor","Est. tempo de leitura":"4 minutos"},"schema":{"@context":"https:\/\/schema.org","@graph":[{"@type":"Article","@id":"https:\/\/www.oarcanjo.net\/site\/papa-francisco-em-assis-o-espirito-do-mundo-e-a-lepra-e-o-cancer-da-igreja-e-da-sociedade\/#article","isPartOf":{"@id":"https:\/\/www.oarcanjo.net\/site\/papa-francisco-em-assis-o-espirito-do-mundo-e-a-lepra-e-o-cancer-da-igreja-e-da-sociedade\/"},"author":{"name":"editor","@id":"https:\/\/www.oarcanjo.net\/site\/#\/schema\/person\/f7024d007863202483a31326673a0838"},"headline":"Papa Francisco em Assis: &#8220;O esp\u00edrito do mundo \u00e9 a lepra e o c\u00e2ncer da Igreja e da sociedade&#8221;","datePublished":"2013-10-05T15:34:32+00:00","dateModified":"2013-10-07T16:52:13+00:00","mainEntityOfPage":{"@id":"https:\/\/www.oarcanjo.net\/site\/papa-francisco-em-assis-o-espirito-do-mundo-e-a-lepra-e-o-cancer-da-igreja-e-da-sociedade\/"},"wordCount":769,"commentCount":1,"publisher":{"@id":"https:\/\/www.oarcanjo.net\/site\/#organization"},"keywords":["C\u00e2ncer","C\u00e1ritas","Carne de Jesus","Lampedusa","lepra","Papa Francisco","s\u00e3o francisco"],"articleSection":["Not\u00edcias"],"inLanguage":"pt-BR","potentialAction":[{"@type":"CommentAction","name":"Comment","target":["https:\/\/www.oarcanjo.net\/site\/papa-francisco-em-assis-o-espirito-do-mundo-e-a-lepra-e-o-cancer-da-igreja-e-da-sociedade\/#respond"]}]},{"@type":"WebPage","@id":"https:\/\/www.oarcanjo.net\/site\/papa-francisco-em-assis-o-espirito-do-mundo-e-a-lepra-e-o-cancer-da-igreja-e-da-sociedade\/","url":"https:\/\/www.oarcanjo.net\/site\/papa-francisco-em-assis-o-espirito-do-mundo-e-a-lepra-e-o-cancer-da-igreja-e-da-sociedade\/","name":"Papa Francisco em Assis: \"O esp\u00edrito do mundo \u00e9 a lepra e o c\u00e2ncer da Igreja e da sociedade\" - O Arcanjo no ar","isPartOf":{"@id":"https:\/\/www.oarcanjo.net\/site\/#website"},"datePublished":"2013-10-05T15:34:32+00:00","dateModified":"2013-10-07T16:52:13+00:00","breadcrumb":{"@id":"https:\/\/www.oarcanjo.net\/site\/papa-francisco-em-assis-o-espirito-do-mundo-e-a-lepra-e-o-cancer-da-igreja-e-da-sociedade\/#breadcrumb"},"inLanguage":"pt-BR","potentialAction":[{"@type":"ReadAction","target":["https:\/\/www.oarcanjo.net\/site\/papa-francisco-em-assis-o-espirito-do-mundo-e-a-lepra-e-o-cancer-da-igreja-e-da-sociedade\/"]}]},{"@type":"BreadcrumbList","@id":"https:\/\/www.oarcanjo.net\/site\/papa-francisco-em-assis-o-espirito-do-mundo-e-a-lepra-e-o-cancer-da-igreja-e-da-sociedade\/#breadcrumb","itemListElement":[{"@type":"ListItem","position":1,"name":"In\u00edcio","item":"https:\/\/www.oarcanjo.net\/site\/"},{"@type":"ListItem","position":2,"name":"Papa Francisco em Assis: &#8220;O esp\u00edrito do mundo \u00e9 a lepra e o c\u00e2ncer da Igreja e da sociedade&#8221;"}]},{"@type":"WebSite","@id":"https:\/\/www.oarcanjo.net\/site\/#website","url":"https:\/\/www.oarcanjo.net\/site\/","name":"O Arcanjo no ar","description":"Site da Par\u00f3quia S\u00e3o Miguel Arcanjo (Arquidiocese de SP)","publisher":{"@id":"https:\/\/www.oarcanjo.net\/site\/#organization"},"potentialAction":[{"@type":"SearchAction","target":{"@type":"EntryPoint","urlTemplate":"https:\/\/www.oarcanjo.net\/site\/?s={search_term_string}"},"query-input":{"@type":"PropertyValueSpecification","valueRequired":true,"valueName":"search_term_string"}}],"inLanguage":"pt-BR"},{"@type":"Organization","@id":"https:\/\/www.oarcanjo.net\/site\/#organization","name":"Par\u00f3quia S\u00e3o Miguel Arcanjo","url":"https:\/\/www.oarcanjo.net\/site\/","logo":{"@type":"ImageObject","inLanguage":"pt-BR","@id":"https:\/\/www.oarcanjo.net\/site\/#\/schema\/logo\/image\/","url":"https:\/\/www.oarcanjo.net\/site\/wp-content\/uploads\/LogoOArcanjo.png","contentUrl":"https:\/\/www.oarcanjo.net\/site\/wp-content\/uploads\/LogoOArcanjo.png","width":319,"height":99,"caption":"Par\u00f3quia S\u00e3o Miguel Arcanjo"},"image":{"@id":"https:\/\/www.oarcanjo.net\/site\/#\/schema\/logo\/image\/"},"sameAs":["https:\/\/www.facebook.com\/OArcanjoNoAr\/"]},{"@type":"Person","@id":"https:\/\/www.oarcanjo.net\/site\/#\/schema\/person\/f7024d007863202483a31326673a0838","name":"editor","sameAs":["http:\/\/www.oarcanjo.net"]}]}},"publishpress_future_action":{"enabled":false,"date":"2026-05-07 10:08:22","action":"category","newStatus":"draft","terms":[],"taxonomy":"category"},"publishpress_future_workflow_manual_trigger":{"enabledWorkflows":[]},"_links":{"self":[{"href":"https:\/\/www.oarcanjo.net\/site\/wp-json\/wp\/v2\/posts\/23177"}],"collection":[{"href":"https:\/\/www.oarcanjo.net\/site\/wp-json\/wp\/v2\/posts"}],"about":[{"href":"https:\/\/www.oarcanjo.net\/site\/wp-json\/wp\/v2\/types\/post"}],"author":[{"embeddable":true,"href":"https:\/\/www.oarcanjo.net\/site\/wp-json\/wp\/v2\/users\/5"}],"replies":[{"embeddable":true,"href":"https:\/\/www.oarcanjo.net\/site\/wp-json\/wp\/v2\/comments?post=23177"}],"version-history":[{"count":0,"href":"https:\/\/www.oarcanjo.net\/site\/wp-json\/wp\/v2\/posts\/23177\/revisions"}],"wp:attachment":[{"href":"https:\/\/www.oarcanjo.net\/site\/wp-json\/wp\/v2\/media?parent=23177"}],"wp:term":[{"taxonomy":"category","embeddable":true,"href":"https:\/\/www.oarcanjo.net\/site\/wp-json\/wp\/v2\/categories?post=23177"},{"taxonomy":"post_tag","embeddable":true,"href":"https:\/\/www.oarcanjo.net\/site\/wp-json\/wp\/v2\/tags?post=23177"}],"curies":[{"name":"wp","href":"https:\/\/api.w.org\/{rel}","templated":true}]}}