
{"id":23195,"date":"2013-10-08T20:10:56","date_gmt":"2013-10-08T23:10:56","guid":{"rendered":"http:\/\/www.oarcanjo.net\/site\/?p=23195"},"modified":"2013-10-08T20:12:56","modified_gmt":"2013-10-08T23:12:56","slug":"outubro-missionario","status":"publish","type":"post","link":"https:\/\/www.oarcanjo.net\/site\/outubro-missionario\/","title":{"rendered":"Outubro mission\u00e1rio"},"content":{"rendered":"<p>Estamos em pleno m\u00eas de outubro, \u201cm\u00eas das miss\u00f5es\u201d para a Igreja. Muitas iniciativas, por toda parte, recordam-nos que somos um povo mission\u00e1rio, chamado a viver \u201cem estado permanente de miss\u00e3o\u201d.<\/p>\n<p>O papa Francisco, no final da Jornada Mundial da Juventude do Rio, enviou os jovens para serem mission\u00e1rios do Evangelho no meio do mundo. \u201cIde, sem medo, para servir!\u201d, foi com essas tr\u00eas palavras que fez o envio de mais de 3 milh\u00f5es de mission\u00e1rios para os quatro cantos do mundo.<\/p>\n<p>O crist\u00e3o, disc\u00edpulo de Jesus Cristo, n\u00e3o pode perder de vista o mandato mission\u00e1rio feito por Jesus na origem da Igreja: \u201cIde, pregai o Evangelho a toda criatura\u201d (cf. Mc 16,15). Essa ordem de Cristo n\u00e3o cessou de valer, nem pode ser ignorada: somos um \u201cpovo em miss\u00e3o\u201d. Temos uma boa not\u00edcia para anunciar a todos; muitos ainda n\u00e3o a conhecem e tamb\u00e9m t\u00eam o direito de se alegrar com a \u201cBoa Nova da salva\u00e7\u00e3o\u201d.<\/p>\n<p>A vida do crist\u00e3o \u00e9 uma constante resposta a esse \u201cide\u201d, de Jesus, que tamb\u00e9m prometeu: \u201cEu estarei convosco todos os dias, at\u00e9 o fim dos tempos\u201d (cf. Mt 28,20). E o Papa encorajou os jovens: \u201cIde, sem medo!\u201d Sim, apesar de a Mensagem ser bela e de grande esperan\u00e7a, ela \u00e9 tamb\u00e9m desafiadora e chama \u00e0 convers\u00e3o.<\/p>\n<p>Ela vai muitas vezes contra a l\u00f3gica e as tend\u00eancias dominantes do ambiente circunstante. Por isso, os disc\u00edpulos mission\u00e1rios podem ser tentados de medo e de des\u00e2nimo, sobretudo diante das cruzes, ren\u00fancias e mart\u00edrios a que est\u00e3o expostos. A supera\u00e7\u00e3o do medo vem da certeza de que ele os acompanha e tamb\u00e9m j\u00e1 passou por isso: \u201cO Reino de Deus sofre viol\u00eancia e s\u00f3 os corajosos o alcan\u00e7am\u201d (cf. Mt 11,12).<\/p>\n<p>O medo pode tomar jeito de respeito humano, acomoda\u00e7\u00e3o ou des\u00e2nimo. A vida crist\u00e3 sem brilho e ardor \u00e9 como fogueira apagada, que n\u00e3o atrai nem comunica mais calor; pior que isso, tende a virar apenas cinza&#8230; A Igreja mission\u00e1ria precisa recobrar o ardor da f\u00e9 e a chama da esperan\u00e7a; foi assim que os santos e os m\u00e1rtires tornaram-se os maiores mission\u00e1rios, que continuam a atrair para Jesus Cristo mesmo depois de terem deixado este mundo. O \u201cmedo\u201d leva a desprezar e ocultar o dom recebido; foi isso que fez o \u201cservo mau e pregui\u00e7oso\u201d do Evangelho; ao responder ao seu senhor que lhe pedia contas da moeda emprestada, ele alegou: \u201cTive medo do senhor e escondi na terra o talento que me confiaste\u201d (cf. Mt 25, 25-26).<\/p>\n<p>O an\u00fancio do Evangelho do Reino de Deus \u00e9 um grande servi\u00e7o prestado ao pr\u00f3ximo, quer considerado individualmente, quer comunitariamente. O servi\u00e7o ao pr\u00f3ximo lembra o que fez Jesus: \u201cVeio para servir, e n\u00e3o para ser servido\u201d (cf. Mt 20,28). H\u00e1 muitos modos de se colocar a servi\u00e7o do pr\u00f3ximo. O an\u00fancio claro do Evangelho \u00e9 um servi\u00e7o inestim\u00e1vel aos outros; quem acende uma luz e ilumina o caminho da sociedade com a sabedoria da Palavra de Deus est\u00e1 oferecendo a coisa mais importante do mundo.<\/p>\n<p>Neste m\u00eas mission\u00e1rio, no qual tamb\u00e9m recordamos Nossa Senhora do Ros\u00e1rio, aprendamos dela a nos colocar a servi\u00e7o de todos. Ela, sem medo, disse: \u201cEis-me aqui, eu sou a serva do Senhor\u201d (cf. Lc 1,38). Em sua disposi\u00e7\u00e3o para acolher, sem medo, o convite para servir a Deus e a humanidade, ela deu ao mundo o Salvador&#8230; Nossa Senhora interceda pela Igreja mission\u00e1ria!<\/p>\n<p><em>Cardeal Odilo Pedro Scherer<\/em><br \/>\n<em>Arcebispo de S\u00e3o Paulo<\/em><br \/>\n<em><a title=\"@DomOdiloScherer\" href=\"http:\/\/twitter.com\/DomOdiloScherer\" target=\"_blank\">@DomOdiloScherer<\/a><\/em><\/p>\n<div id=\"themify_builder_content-23195\" data-postid=\"23195\" class=\"themify_builder_content themify_builder_content-23195 themify_builder themify_builder_front\">\n\t<\/div>\n<!-- \/themify_builder_content -->","protected":false},"excerpt":{"rendered":"<p>Estamos em pleno m\u00eas de outubro, \u201cm\u00eas das miss\u00f5es\u201d para a Igreja. Muitas iniciativas, por toda parte, recordam-nos que somos um povo mission\u00e1rio, chamado a viver \u201cem estado permanente de miss\u00e3o\u201d. O papa Francisco, no final da Jornada Mundial da Juventude do Rio, enviou os jovens para serem mission\u00e1rios do Evangelho no meio do mundo. [&hellip;]<\/p>\n","protected":false},"author":5,"featured_media":0,"comment_status":"open","ping_status":"open","sticky":false,"template":"","format":"standard","meta":{"ngg_post_thumbnail":0,"footnotes":""},"categories":[9],"tags":[1728,498,1150,2433,799],"yoast_head":"<!-- This site is optimized with the Yoast SEO plugin v23.5 - https:\/\/yoast.com\/wordpress\/plugins\/seo\/ -->\n<title>Outubro mission\u00e1rio - O Arcanjo no ar<\/title>\n<meta name=\"robots\" content=\"index, follow, max-snippet:-1, max-image-preview:large, max-video-preview:-1\" \/>\n<link rel=\"canonical\" href=\"https:\/\/www.oarcanjo.net\/site\/outubro-missionario\/\" \/>\n<meta property=\"og:locale\" content=\"pt_BR\" \/>\n<meta property=\"og:type\" content=\"article\" \/>\n<meta property=\"og:title\" content=\"Outubro mission\u00e1rio - O Arcanjo no ar\" \/>\n<meta property=\"og:description\" content=\"Estamos em pleno m\u00eas de outubro, \u201cm\u00eas das miss\u00f5es\u201d para a Igreja. Muitas iniciativas, por toda parte, recordam-nos que somos um povo mission\u00e1rio, chamado a viver \u201cem estado permanente de miss\u00e3o\u201d. O papa Francisco, no final da Jornada Mundial da Juventude do Rio, enviou os jovens para serem mission\u00e1rios do Evangelho no meio do mundo. [&hellip;]\" \/>\n<meta property=\"og:url\" content=\"https:\/\/www.oarcanjo.net\/site\/outubro-missionario\/\" \/>\n<meta property=\"og:site_name\" content=\"O Arcanjo no ar\" \/>\n<meta property=\"article:publisher\" content=\"https:\/\/www.facebook.com\/OArcanjoNoAr\/\" \/>\n<meta property=\"article:published_time\" content=\"2013-10-08T23:10:56+00:00\" \/>\n<meta property=\"article:modified_time\" content=\"2013-10-08T23:12:56+00:00\" \/>\n<meta property=\"og:image\" content=\"https:\/\/www.oarcanjo.net\/site\/wp-content\/uploads\/logo-o-arcanjo-no-ar-facebook.png\" \/>\n\t<meta property=\"og:image:width\" content=\"300\" \/>\n\t<meta property=\"og:image:height\" content=\"300\" \/>\n\t<meta property=\"og:image:type\" content=\"image\/png\" \/>\n<meta name=\"author\" content=\"editor\" \/>\n<meta name=\"twitter:card\" content=\"summary_large_image\" \/>\n<meta name=\"twitter:label1\" content=\"Escrito por\" \/>\n\t<meta name=\"twitter:data1\" content=\"editor\" \/>\n\t<meta name=\"twitter:label2\" content=\"Est. tempo de leitura\" \/>\n\t<meta name=\"twitter:data2\" content=\"3 minutos\" \/>\n<script type=\"application\/ld+json\" class=\"yoast-schema-graph\">{\"@context\":\"https:\/\/schema.org\",\"@graph\":[{\"@type\":\"Article\",\"@id\":\"https:\/\/www.oarcanjo.net\/site\/outubro-missionario\/#article\",\"isPartOf\":{\"@id\":\"https:\/\/www.oarcanjo.net\/site\/outubro-missionario\/\"},\"author\":{\"name\":\"editor\",\"@id\":\"https:\/\/www.oarcanjo.net\/site\/#\/schema\/person\/f7024d007863202483a31326673a0838\"},\"headline\":\"Outubro mission\u00e1rio\",\"datePublished\":\"2013-10-08T23:10:56+00:00\",\"dateModified\":\"2013-10-08T23:12:56+00:00\",\"mainEntityOfPage\":{\"@id\":\"https:\/\/www.oarcanjo.net\/site\/outubro-missionario\/\"},\"wordCount\":627,\"commentCount\":2,\"publisher\":{\"@id\":\"https:\/\/www.oarcanjo.net\/site\/#organization\"},\"keywords\":[\"m\u00eas das miss\u00f5es\",\"miss\u00e3o\",\"Nossa Senhora do Ros\u00e1rio\",\"Papa Francisco\",\"servi\u00e7o\"],\"articleSection\":[\"Reflex\u00f5es\"],\"inLanguage\":\"pt-BR\",\"potentialAction\":[{\"@type\":\"CommentAction\",\"name\":\"Comment\",\"target\":[\"https:\/\/www.oarcanjo.net\/site\/outubro-missionario\/#respond\"]}]},{\"@type\":\"WebPage\",\"@id\":\"https:\/\/www.oarcanjo.net\/site\/outubro-missionario\/\",\"url\":\"https:\/\/www.oarcanjo.net\/site\/outubro-missionario\/\",\"name\":\"Outubro mission\u00e1rio - O Arcanjo no ar\",\"isPartOf\":{\"@id\":\"https:\/\/www.oarcanjo.net\/site\/#website\"},\"datePublished\":\"2013-10-08T23:10:56+00:00\",\"dateModified\":\"2013-10-08T23:12:56+00:00\",\"breadcrumb\":{\"@id\":\"https:\/\/www.oarcanjo.net\/site\/outubro-missionario\/#breadcrumb\"},\"inLanguage\":\"pt-BR\",\"potentialAction\":[{\"@type\":\"ReadAction\",\"target\":[\"https:\/\/www.oarcanjo.net\/site\/outubro-missionario\/\"]}]},{\"@type\":\"BreadcrumbList\",\"@id\":\"https:\/\/www.oarcanjo.net\/site\/outubro-missionario\/#breadcrumb\",\"itemListElement\":[{\"@type\":\"ListItem\",\"position\":1,\"name\":\"In\u00edcio\",\"item\":\"https:\/\/www.oarcanjo.net\/site\/\"},{\"@type\":\"ListItem\",\"position\":2,\"name\":\"Outubro mission\u00e1rio\"}]},{\"@type\":\"WebSite\",\"@id\":\"https:\/\/www.oarcanjo.net\/site\/#website\",\"url\":\"https:\/\/www.oarcanjo.net\/site\/\",\"name\":\"O Arcanjo no ar\",\"description\":\"Site da Par\u00f3quia S\u00e3o Miguel Arcanjo (Arquidiocese de SP)\",\"publisher\":{\"@id\":\"https:\/\/www.oarcanjo.net\/site\/#organization\"},\"potentialAction\":[{\"@type\":\"SearchAction\",\"target\":{\"@type\":\"EntryPoint\",\"urlTemplate\":\"https:\/\/www.oarcanjo.net\/site\/?s={search_term_string}\"},\"query-input\":{\"@type\":\"PropertyValueSpecification\",\"valueRequired\":true,\"valueName\":\"search_term_string\"}}],\"inLanguage\":\"pt-BR\"},{\"@type\":\"Organization\",\"@id\":\"https:\/\/www.oarcanjo.net\/site\/#organization\",\"name\":\"Par\u00f3quia S\u00e3o Miguel Arcanjo\",\"url\":\"https:\/\/www.oarcanjo.net\/site\/\",\"logo\":{\"@type\":\"ImageObject\",\"inLanguage\":\"pt-BR\",\"@id\":\"https:\/\/www.oarcanjo.net\/site\/#\/schema\/logo\/image\/\",\"url\":\"https:\/\/www.oarcanjo.net\/site\/wp-content\/uploads\/LogoOArcanjo.png\",\"contentUrl\":\"https:\/\/www.oarcanjo.net\/site\/wp-content\/uploads\/LogoOArcanjo.png\",\"width\":319,\"height\":99,\"caption\":\"Par\u00f3quia S\u00e3o Miguel Arcanjo\"},\"image\":{\"@id\":\"https:\/\/www.oarcanjo.net\/site\/#\/schema\/logo\/image\/\"},\"sameAs\":[\"https:\/\/www.facebook.com\/OArcanjoNoAr\/\"]},{\"@type\":\"Person\",\"@id\":\"https:\/\/www.oarcanjo.net\/site\/#\/schema\/person\/f7024d007863202483a31326673a0838\",\"name\":\"editor\",\"sameAs\":[\"http:\/\/www.oarcanjo.net\"]}]}<\/script>\n<!-- \/ Yoast SEO plugin. -->","yoast_head_json":{"title":"Outubro mission\u00e1rio - O Arcanjo no ar","robots":{"index":"index","follow":"follow","max-snippet":"max-snippet:-1","max-image-preview":"max-image-preview:large","max-video-preview":"max-video-preview:-1"},"canonical":"https:\/\/www.oarcanjo.net\/site\/outubro-missionario\/","og_locale":"pt_BR","og_type":"article","og_title":"Outubro mission\u00e1rio - O Arcanjo no ar","og_description":"Estamos em pleno m\u00eas de outubro, \u201cm\u00eas das miss\u00f5es\u201d para a Igreja. Muitas iniciativas, por toda parte, recordam-nos que somos um povo mission\u00e1rio, chamado a viver \u201cem estado permanente de miss\u00e3o\u201d. O papa Francisco, no final da Jornada Mundial da Juventude do Rio, enviou os jovens para serem mission\u00e1rios do Evangelho no meio do mundo. [&hellip;]","og_url":"https:\/\/www.oarcanjo.net\/site\/outubro-missionario\/","og_site_name":"O Arcanjo no ar","article_publisher":"https:\/\/www.facebook.com\/OArcanjoNoAr\/","article_published_time":"2013-10-08T23:10:56+00:00","article_modified_time":"2013-10-08T23:12:56+00:00","og_image":[{"width":300,"height":300,"url":"https:\/\/www.oarcanjo.net\/site\/wp-content\/uploads\/logo-o-arcanjo-no-ar-facebook.png","type":"image\/png"}],"author":"editor","twitter_card":"summary_large_image","twitter_misc":{"Escrito por":"editor","Est. tempo de leitura":"3 minutos"},"schema":{"@context":"https:\/\/schema.org","@graph":[{"@type":"Article","@id":"https:\/\/www.oarcanjo.net\/site\/outubro-missionario\/#article","isPartOf":{"@id":"https:\/\/www.oarcanjo.net\/site\/outubro-missionario\/"},"author":{"name":"editor","@id":"https:\/\/www.oarcanjo.net\/site\/#\/schema\/person\/f7024d007863202483a31326673a0838"},"headline":"Outubro mission\u00e1rio","datePublished":"2013-10-08T23:10:56+00:00","dateModified":"2013-10-08T23:12:56+00:00","mainEntityOfPage":{"@id":"https:\/\/www.oarcanjo.net\/site\/outubro-missionario\/"},"wordCount":627,"commentCount":2,"publisher":{"@id":"https:\/\/www.oarcanjo.net\/site\/#organization"},"keywords":["m\u00eas das miss\u00f5es","miss\u00e3o","Nossa Senhora do Ros\u00e1rio","Papa Francisco","servi\u00e7o"],"articleSection":["Reflex\u00f5es"],"inLanguage":"pt-BR","potentialAction":[{"@type":"CommentAction","name":"Comment","target":["https:\/\/www.oarcanjo.net\/site\/outubro-missionario\/#respond"]}]},{"@type":"WebPage","@id":"https:\/\/www.oarcanjo.net\/site\/outubro-missionario\/","url":"https:\/\/www.oarcanjo.net\/site\/outubro-missionario\/","name":"Outubro mission\u00e1rio - O Arcanjo no ar","isPartOf":{"@id":"https:\/\/www.oarcanjo.net\/site\/#website"},"datePublished":"2013-10-08T23:10:56+00:00","dateModified":"2013-10-08T23:12:56+00:00","breadcrumb":{"@id":"https:\/\/www.oarcanjo.net\/site\/outubro-missionario\/#breadcrumb"},"inLanguage":"pt-BR","potentialAction":[{"@type":"ReadAction","target":["https:\/\/www.oarcanjo.net\/site\/outubro-missionario\/"]}]},{"@type":"BreadcrumbList","@id":"https:\/\/www.oarcanjo.net\/site\/outubro-missionario\/#breadcrumb","itemListElement":[{"@type":"ListItem","position":1,"name":"In\u00edcio","item":"https:\/\/www.oarcanjo.net\/site\/"},{"@type":"ListItem","position":2,"name":"Outubro mission\u00e1rio"}]},{"@type":"WebSite","@id":"https:\/\/www.oarcanjo.net\/site\/#website","url":"https:\/\/www.oarcanjo.net\/site\/","name":"O Arcanjo no ar","description":"Site da Par\u00f3quia S\u00e3o Miguel Arcanjo (Arquidiocese de SP)","publisher":{"@id":"https:\/\/www.oarcanjo.net\/site\/#organization"},"potentialAction":[{"@type":"SearchAction","target":{"@type":"EntryPoint","urlTemplate":"https:\/\/www.oarcanjo.net\/site\/?s={search_term_string}"},"query-input":{"@type":"PropertyValueSpecification","valueRequired":true,"valueName":"search_term_string"}}],"inLanguage":"pt-BR"},{"@type":"Organization","@id":"https:\/\/www.oarcanjo.net\/site\/#organization","name":"Par\u00f3quia S\u00e3o Miguel Arcanjo","url":"https:\/\/www.oarcanjo.net\/site\/","logo":{"@type":"ImageObject","inLanguage":"pt-BR","@id":"https:\/\/www.oarcanjo.net\/site\/#\/schema\/logo\/image\/","url":"https:\/\/www.oarcanjo.net\/site\/wp-content\/uploads\/LogoOArcanjo.png","contentUrl":"https:\/\/www.oarcanjo.net\/site\/wp-content\/uploads\/LogoOArcanjo.png","width":319,"height":99,"caption":"Par\u00f3quia S\u00e3o Miguel Arcanjo"},"image":{"@id":"https:\/\/www.oarcanjo.net\/site\/#\/schema\/logo\/image\/"},"sameAs":["https:\/\/www.facebook.com\/OArcanjoNoAr\/"]},{"@type":"Person","@id":"https:\/\/www.oarcanjo.net\/site\/#\/schema\/person\/f7024d007863202483a31326673a0838","name":"editor","sameAs":["http:\/\/www.oarcanjo.net"]}]}},"publishpress_future_action":{"enabled":false,"date":"2026-05-09 01:51:06","action":"category","newStatus":"draft","terms":[],"taxonomy":"category"},"publishpress_future_workflow_manual_trigger":{"enabledWorkflows":[]},"_links":{"self":[{"href":"https:\/\/www.oarcanjo.net\/site\/wp-json\/wp\/v2\/posts\/23195"}],"collection":[{"href":"https:\/\/www.oarcanjo.net\/site\/wp-json\/wp\/v2\/posts"}],"about":[{"href":"https:\/\/www.oarcanjo.net\/site\/wp-json\/wp\/v2\/types\/post"}],"author":[{"embeddable":true,"href":"https:\/\/www.oarcanjo.net\/site\/wp-json\/wp\/v2\/users\/5"}],"replies":[{"embeddable":true,"href":"https:\/\/www.oarcanjo.net\/site\/wp-json\/wp\/v2\/comments?post=23195"}],"version-history":[{"count":0,"href":"https:\/\/www.oarcanjo.net\/site\/wp-json\/wp\/v2\/posts\/23195\/revisions"}],"wp:attachment":[{"href":"https:\/\/www.oarcanjo.net\/site\/wp-json\/wp\/v2\/media?parent=23195"}],"wp:term":[{"taxonomy":"category","embeddable":true,"href":"https:\/\/www.oarcanjo.net\/site\/wp-json\/wp\/v2\/categories?post=23195"},{"taxonomy":"post_tag","embeddable":true,"href":"https:\/\/www.oarcanjo.net\/site\/wp-json\/wp\/v2\/tags?post=23195"}],"curies":[{"name":"wp","href":"https:\/\/api.w.org\/{rel}","templated":true}]}}