
{"id":23227,"date":"2013-10-15T10:05:42","date_gmt":"2013-10-15T13:05:42","guid":{"rendered":"http:\/\/www.oarcanjo.net\/site\/?p=23227"},"modified":"2013-10-14T17:00:33","modified_gmt":"2013-10-14T20:00:33","slug":"crescer-na-fe-caminhando-a-luz-do-concilio-vaticano-ii","status":"publish","type":"post","link":"https:\/\/www.oarcanjo.net\/site\/crescer-na-fe-caminhando-a-luz-do-concilio-vaticano-ii\/","title":{"rendered":"Crescer na F\u00e9, caminhando \u00e0 luz do Conc\u00edlio Vaticano II"},"content":{"rendered":"<p><em>+ Edmar Peron*<\/em><\/p>\n<p><strong>\u201cAlegra-se a M\u00e3e Igreja<\/strong>, porque, por singular dom da Provid\u00eancia divina, amanheceu o dia t\u00e3o ansiosamente esperado em que solenemente se inaugura o Conc\u00edlio Ecum\u00eanico Vaticano II, aqui, junto do t\u00famulo de S\u00e3o Pedro, com a prote\u00e7\u00e3o da Sant\u00edssima Virgem\u201d. Com essas palavras, o Papa Jo\u00e3o XXIII dava in\u00edcio ao evento que marcaria para sempre a vida da Igreja: o Conc\u00edlio Ecum\u00eanico Vaticano II. Era o dia 11 de outubro de 1962, e o Papa tinha convic\u00e7\u00e3o de que o Conc\u00edlio por ele convocado e que naquele momento tinha in\u00edcio, n\u00e3o era obra sua, mas uma a\u00e7\u00e3o de Deus, inspirada pelo Esp\u00edrito Santo.<\/p>\n<p>A alegria enchia tamb\u00e9m o cora\u00e7\u00e3o do Papa Paulo VI \u2013 sucessor do Papa \u201cBom\u201d, Jo\u00e3o XXIII \u2013 ao promulgar o primeiro fruto conciliar, a Constitui\u00e7\u00e3o <em>Sacrosanctum Concilium, <\/em>sobre a Sagrada Liturgia, no dia 04 de dezembro de 1963: \u201cExulta o nosso esp\u00edrito com este resultado. Vemos que se respeitou a escala dos valores e dos deveres: Deus em primeiro lugar; a ora\u00e7\u00e3o, a nossa obriga\u00e7\u00e3o primeira; a Liturgia, fonte primeira da vida divina que nos \u00e9 comunicada, primeira escola de nossa vida espiritual, primeiro dom que podemos oferecer ao povo crist\u00e3o que junto a n\u00f3s cr\u00ea e ora; o primeiro convite dirigido ao mundo para que solte a sua l\u00edngua muda em ora\u00e7\u00e3o feliz e aut\u00eantica e sinta a inef\u00e1vel for\u00e7a regeneradora, ao cantar conosco os divinos louvores e as esperan\u00e7as humanas, por Cristo, Senhor nosso e no Esp\u00edrito Santo\u201d.<\/p>\n<p>Contudo, recentemente, o Papa Francisco, em homilia, recordava que o Conc\u00edlio Vaticano II, \u201cbonita obra do Esp\u00edrito Santo\u201d, ainda sofre resist\u00eancia. N\u00e3o bastam as comemora\u00e7\u00f5es, pois, transcorridos cinquenta anos, ainda n\u00e3o \u201cfizemos tudo o que nos disse o Esp\u00edrito Santo no Conc\u00edlio\u201d; nos preocupamos, sobretudo, que o Conc\u00edlio \u201cn\u00e3o incomode. N\u00e3o queremos mudar. Ali\u00e1s: h\u00e1 vozes que gostariam de voltar para tr\u00e1s. Isto chama-se ser teimoso, chama-se querer domesticar o Esp\u00edrito Santo, chama-se tornar-se insensatos e lentos de cora\u00e7\u00e3o\u201d, conforme o texto dos Atos dos Ap\u00f3stolos, 7,51\u20138,1a, proclamado na liturgia daquele dia 16 de abril.<\/p>\n<p>Desse modo, reconhe\u00e7amos que o Conc\u00edlio, tendo conclu\u00eddo os seus trabalhos no dia 8 de dezembro de 1965, tem muito ainda para ser acolhido, assumido e colocado em pr\u00e1tica. Agora, \u00e9 a nossa vez, irm\u00e3os e irm\u00e3s!<\/p>\n<p><em>*Bispo Auxiliar da Arquidiocese de S\u00e3o Paulo<br \/>\n<\/em><em>Vig\u00e1rio Episcopal para a Regi\u00e3o Bel\u00e9m<\/em><\/p>\n<div id=\"themify_builder_content-23227\" data-postid=\"23227\" class=\"themify_builder_content themify_builder_content-23227 themify_builder themify_builder_front\">\n\t<\/div>\n<!-- \/themify_builder_content -->","protected":false},"excerpt":{"rendered":"<p>+ Edmar Peron* \u201cAlegra-se a M\u00e3e Igreja, porque, por singular dom da Provid\u00eancia divina, amanheceu o dia t\u00e3o ansiosamente esperado em que solenemente se inaugura o Conc\u00edlio Ecum\u00eanico Vaticano II, aqui, junto do t\u00famulo de S\u00e3o Pedro, com a prote\u00e7\u00e3o da Sant\u00edssima Virgem\u201d. Com essas palavras, o Papa Jo\u00e3o XXIII dava in\u00edcio ao evento que [&hellip;]<\/p>\n","protected":false},"author":5,"featured_media":0,"comment_status":"open","ping_status":"open","sticky":false,"template":"","format":"standard","meta":{"ngg_post_thumbnail":0,"footnotes":""},"categories":[9],"tags":[2685,2433,2686,2371,2687],"yoast_head":"<!-- This site is optimized with the Yoast SEO plugin v23.5 - https:\/\/yoast.com\/wordpress\/plugins\/seo\/ -->\n<title>Crescer na F\u00e9, caminhando \u00e0 luz do Conc\u00edlio Vaticano II - O Arcanjo no ar<\/title>\n<meta name=\"robots\" content=\"index, follow, max-snippet:-1, max-image-preview:large, max-video-preview:-1\" \/>\n<link rel=\"canonical\" href=\"https:\/\/www.oarcanjo.net\/site\/crescer-na-fe-caminhando-a-luz-do-concilio-vaticano-ii\/\" \/>\n<meta property=\"og:locale\" content=\"pt_BR\" \/>\n<meta property=\"og:type\" content=\"article\" \/>\n<meta property=\"og:title\" content=\"Crescer na F\u00e9, caminhando \u00e0 luz do Conc\u00edlio Vaticano II - O Arcanjo no ar\" \/>\n<meta property=\"og:description\" content=\"+ Edmar Peron* \u201cAlegra-se a M\u00e3e Igreja, porque, por singular dom da Provid\u00eancia divina, amanheceu o dia t\u00e3o ansiosamente esperado em que solenemente se inaugura o Conc\u00edlio Ecum\u00eanico Vaticano II, aqui, junto do t\u00famulo de S\u00e3o Pedro, com a prote\u00e7\u00e3o da Sant\u00edssima Virgem\u201d. Com essas palavras, o Papa Jo\u00e3o XXIII dava in\u00edcio ao evento que [&hellip;]\" \/>\n<meta property=\"og:url\" content=\"https:\/\/www.oarcanjo.net\/site\/crescer-na-fe-caminhando-a-luz-do-concilio-vaticano-ii\/\" \/>\n<meta property=\"og:site_name\" content=\"O Arcanjo no ar\" \/>\n<meta property=\"article:publisher\" content=\"https:\/\/www.facebook.com\/OArcanjoNoAr\/\" \/>\n<meta property=\"article:published_time\" content=\"2013-10-15T13:05:42+00:00\" \/>\n<meta property=\"article:modified_time\" content=\"2013-10-14T20:00:33+00:00\" \/>\n<meta property=\"og:image\" content=\"https:\/\/www.oarcanjo.net\/site\/wp-content\/uploads\/logo-o-arcanjo-no-ar-facebook.png\" \/>\n\t<meta property=\"og:image:width\" content=\"300\" \/>\n\t<meta property=\"og:image:height\" content=\"300\" \/>\n\t<meta property=\"og:image:type\" content=\"image\/png\" \/>\n<meta name=\"author\" content=\"editor\" \/>\n<meta name=\"twitter:card\" content=\"summary_large_image\" \/>\n<meta name=\"twitter:label1\" content=\"Escrito por\" \/>\n\t<meta name=\"twitter:data1\" content=\"editor\" \/>\n\t<meta name=\"twitter:label2\" content=\"Est. tempo de leitura\" \/>\n\t<meta name=\"twitter:data2\" content=\"2 minutos\" \/>\n<script type=\"application\/ld+json\" class=\"yoast-schema-graph\">{\"@context\":\"https:\/\/schema.org\",\"@graph\":[{\"@type\":\"Article\",\"@id\":\"https:\/\/www.oarcanjo.net\/site\/crescer-na-fe-caminhando-a-luz-do-concilio-vaticano-ii\/#article\",\"isPartOf\":{\"@id\":\"https:\/\/www.oarcanjo.net\/site\/crescer-na-fe-caminhando-a-luz-do-concilio-vaticano-ii\/\"},\"author\":{\"name\":\"editor\",\"@id\":\"https:\/\/www.oarcanjo.net\/site\/#\/schema\/person\/f7024d007863202483a31326673a0838\"},\"headline\":\"Crescer na F\u00e9, caminhando \u00e0 luz do Conc\u00edlio Vaticano II\",\"datePublished\":\"2013-10-15T13:05:42+00:00\",\"dateModified\":\"2013-10-14T20:00:33+00:00\",\"mainEntityOfPage\":{\"@id\":\"https:\/\/www.oarcanjo.net\/site\/crescer-na-fe-caminhando-a-luz-do-concilio-vaticano-ii\/\"},\"wordCount\":451,\"commentCount\":0,\"publisher\":{\"@id\":\"https:\/\/www.oarcanjo.net\/site\/#organization\"},\"keywords\":[\"Conc\u00edlio Ecum\u00eanico Vaticano II\",\"Papa Francisco\",\"Papa Jo\u00e3o XXIII\",\"Papa Paulo VI\",\"Sacrosanctum Concilium\"],\"articleSection\":[\"Reflex\u00f5es\"],\"inLanguage\":\"pt-BR\",\"potentialAction\":[{\"@type\":\"CommentAction\",\"name\":\"Comment\",\"target\":[\"https:\/\/www.oarcanjo.net\/site\/crescer-na-fe-caminhando-a-luz-do-concilio-vaticano-ii\/#respond\"]}]},{\"@type\":\"WebPage\",\"@id\":\"https:\/\/www.oarcanjo.net\/site\/crescer-na-fe-caminhando-a-luz-do-concilio-vaticano-ii\/\",\"url\":\"https:\/\/www.oarcanjo.net\/site\/crescer-na-fe-caminhando-a-luz-do-concilio-vaticano-ii\/\",\"name\":\"Crescer na F\u00e9, caminhando \u00e0 luz do Conc\u00edlio Vaticano II - O Arcanjo no ar\",\"isPartOf\":{\"@id\":\"https:\/\/www.oarcanjo.net\/site\/#website\"},\"datePublished\":\"2013-10-15T13:05:42+00:00\",\"dateModified\":\"2013-10-14T20:00:33+00:00\",\"breadcrumb\":{\"@id\":\"https:\/\/www.oarcanjo.net\/site\/crescer-na-fe-caminhando-a-luz-do-concilio-vaticano-ii\/#breadcrumb\"},\"inLanguage\":\"pt-BR\",\"potentialAction\":[{\"@type\":\"ReadAction\",\"target\":[\"https:\/\/www.oarcanjo.net\/site\/crescer-na-fe-caminhando-a-luz-do-concilio-vaticano-ii\/\"]}]},{\"@type\":\"BreadcrumbList\",\"@id\":\"https:\/\/www.oarcanjo.net\/site\/crescer-na-fe-caminhando-a-luz-do-concilio-vaticano-ii\/#breadcrumb\",\"itemListElement\":[{\"@type\":\"ListItem\",\"position\":1,\"name\":\"In\u00edcio\",\"item\":\"https:\/\/www.oarcanjo.net\/site\/\"},{\"@type\":\"ListItem\",\"position\":2,\"name\":\"Crescer na F\u00e9, caminhando \u00e0 luz do Conc\u00edlio Vaticano II\"}]},{\"@type\":\"WebSite\",\"@id\":\"https:\/\/www.oarcanjo.net\/site\/#website\",\"url\":\"https:\/\/www.oarcanjo.net\/site\/\",\"name\":\"O Arcanjo no ar\",\"description\":\"Site da Par\u00f3quia S\u00e3o Miguel Arcanjo (Arquidiocese de SP)\",\"publisher\":{\"@id\":\"https:\/\/www.oarcanjo.net\/site\/#organization\"},\"potentialAction\":[{\"@type\":\"SearchAction\",\"target\":{\"@type\":\"EntryPoint\",\"urlTemplate\":\"https:\/\/www.oarcanjo.net\/site\/?s={search_term_string}\"},\"query-input\":{\"@type\":\"PropertyValueSpecification\",\"valueRequired\":true,\"valueName\":\"search_term_string\"}}],\"inLanguage\":\"pt-BR\"},{\"@type\":\"Organization\",\"@id\":\"https:\/\/www.oarcanjo.net\/site\/#organization\",\"name\":\"Par\u00f3quia S\u00e3o Miguel Arcanjo\",\"url\":\"https:\/\/www.oarcanjo.net\/site\/\",\"logo\":{\"@type\":\"ImageObject\",\"inLanguage\":\"pt-BR\",\"@id\":\"https:\/\/www.oarcanjo.net\/site\/#\/schema\/logo\/image\/\",\"url\":\"https:\/\/www.oarcanjo.net\/site\/wp-content\/uploads\/LogoOArcanjo.png\",\"contentUrl\":\"https:\/\/www.oarcanjo.net\/site\/wp-content\/uploads\/LogoOArcanjo.png\",\"width\":319,\"height\":99,\"caption\":\"Par\u00f3quia S\u00e3o Miguel Arcanjo\"},\"image\":{\"@id\":\"https:\/\/www.oarcanjo.net\/site\/#\/schema\/logo\/image\/\"},\"sameAs\":[\"https:\/\/www.facebook.com\/OArcanjoNoAr\/\"]},{\"@type\":\"Person\",\"@id\":\"https:\/\/www.oarcanjo.net\/site\/#\/schema\/person\/f7024d007863202483a31326673a0838\",\"name\":\"editor\",\"sameAs\":[\"http:\/\/www.oarcanjo.net\"]}]}<\/script>\n<!-- \/ Yoast SEO plugin. -->","yoast_head_json":{"title":"Crescer na F\u00e9, caminhando \u00e0 luz do Conc\u00edlio Vaticano II - O Arcanjo no ar","robots":{"index":"index","follow":"follow","max-snippet":"max-snippet:-1","max-image-preview":"max-image-preview:large","max-video-preview":"max-video-preview:-1"},"canonical":"https:\/\/www.oarcanjo.net\/site\/crescer-na-fe-caminhando-a-luz-do-concilio-vaticano-ii\/","og_locale":"pt_BR","og_type":"article","og_title":"Crescer na F\u00e9, caminhando \u00e0 luz do Conc\u00edlio Vaticano II - O Arcanjo no ar","og_description":"+ Edmar Peron* \u201cAlegra-se a M\u00e3e Igreja, porque, por singular dom da Provid\u00eancia divina, amanheceu o dia t\u00e3o ansiosamente esperado em que solenemente se inaugura o Conc\u00edlio Ecum\u00eanico Vaticano II, aqui, junto do t\u00famulo de S\u00e3o Pedro, com a prote\u00e7\u00e3o da Sant\u00edssima Virgem\u201d. Com essas palavras, o Papa Jo\u00e3o XXIII dava in\u00edcio ao evento que [&hellip;]","og_url":"https:\/\/www.oarcanjo.net\/site\/crescer-na-fe-caminhando-a-luz-do-concilio-vaticano-ii\/","og_site_name":"O Arcanjo no ar","article_publisher":"https:\/\/www.facebook.com\/OArcanjoNoAr\/","article_published_time":"2013-10-15T13:05:42+00:00","article_modified_time":"2013-10-14T20:00:33+00:00","og_image":[{"width":300,"height":300,"url":"https:\/\/www.oarcanjo.net\/site\/wp-content\/uploads\/logo-o-arcanjo-no-ar-facebook.png","type":"image\/png"}],"author":"editor","twitter_card":"summary_large_image","twitter_misc":{"Escrito por":"editor","Est. tempo de leitura":"2 minutos"},"schema":{"@context":"https:\/\/schema.org","@graph":[{"@type":"Article","@id":"https:\/\/www.oarcanjo.net\/site\/crescer-na-fe-caminhando-a-luz-do-concilio-vaticano-ii\/#article","isPartOf":{"@id":"https:\/\/www.oarcanjo.net\/site\/crescer-na-fe-caminhando-a-luz-do-concilio-vaticano-ii\/"},"author":{"name":"editor","@id":"https:\/\/www.oarcanjo.net\/site\/#\/schema\/person\/f7024d007863202483a31326673a0838"},"headline":"Crescer na F\u00e9, caminhando \u00e0 luz do Conc\u00edlio Vaticano II","datePublished":"2013-10-15T13:05:42+00:00","dateModified":"2013-10-14T20:00:33+00:00","mainEntityOfPage":{"@id":"https:\/\/www.oarcanjo.net\/site\/crescer-na-fe-caminhando-a-luz-do-concilio-vaticano-ii\/"},"wordCount":451,"commentCount":0,"publisher":{"@id":"https:\/\/www.oarcanjo.net\/site\/#organization"},"keywords":["Conc\u00edlio Ecum\u00eanico Vaticano II","Papa Francisco","Papa Jo\u00e3o XXIII","Papa Paulo VI","Sacrosanctum Concilium"],"articleSection":["Reflex\u00f5es"],"inLanguage":"pt-BR","potentialAction":[{"@type":"CommentAction","name":"Comment","target":["https:\/\/www.oarcanjo.net\/site\/crescer-na-fe-caminhando-a-luz-do-concilio-vaticano-ii\/#respond"]}]},{"@type":"WebPage","@id":"https:\/\/www.oarcanjo.net\/site\/crescer-na-fe-caminhando-a-luz-do-concilio-vaticano-ii\/","url":"https:\/\/www.oarcanjo.net\/site\/crescer-na-fe-caminhando-a-luz-do-concilio-vaticano-ii\/","name":"Crescer na F\u00e9, caminhando \u00e0 luz do Conc\u00edlio Vaticano II - O Arcanjo no ar","isPartOf":{"@id":"https:\/\/www.oarcanjo.net\/site\/#website"},"datePublished":"2013-10-15T13:05:42+00:00","dateModified":"2013-10-14T20:00:33+00:00","breadcrumb":{"@id":"https:\/\/www.oarcanjo.net\/site\/crescer-na-fe-caminhando-a-luz-do-concilio-vaticano-ii\/#breadcrumb"},"inLanguage":"pt-BR","potentialAction":[{"@type":"ReadAction","target":["https:\/\/www.oarcanjo.net\/site\/crescer-na-fe-caminhando-a-luz-do-concilio-vaticano-ii\/"]}]},{"@type":"BreadcrumbList","@id":"https:\/\/www.oarcanjo.net\/site\/crescer-na-fe-caminhando-a-luz-do-concilio-vaticano-ii\/#breadcrumb","itemListElement":[{"@type":"ListItem","position":1,"name":"In\u00edcio","item":"https:\/\/www.oarcanjo.net\/site\/"},{"@type":"ListItem","position":2,"name":"Crescer na F\u00e9, caminhando \u00e0 luz do Conc\u00edlio Vaticano II"}]},{"@type":"WebSite","@id":"https:\/\/www.oarcanjo.net\/site\/#website","url":"https:\/\/www.oarcanjo.net\/site\/","name":"O Arcanjo no ar","description":"Site da Par\u00f3quia S\u00e3o Miguel Arcanjo (Arquidiocese de SP)","publisher":{"@id":"https:\/\/www.oarcanjo.net\/site\/#organization"},"potentialAction":[{"@type":"SearchAction","target":{"@type":"EntryPoint","urlTemplate":"https:\/\/www.oarcanjo.net\/site\/?s={search_term_string}"},"query-input":{"@type":"PropertyValueSpecification","valueRequired":true,"valueName":"search_term_string"}}],"inLanguage":"pt-BR"},{"@type":"Organization","@id":"https:\/\/www.oarcanjo.net\/site\/#organization","name":"Par\u00f3quia S\u00e3o Miguel Arcanjo","url":"https:\/\/www.oarcanjo.net\/site\/","logo":{"@type":"ImageObject","inLanguage":"pt-BR","@id":"https:\/\/www.oarcanjo.net\/site\/#\/schema\/logo\/image\/","url":"https:\/\/www.oarcanjo.net\/site\/wp-content\/uploads\/LogoOArcanjo.png","contentUrl":"https:\/\/www.oarcanjo.net\/site\/wp-content\/uploads\/LogoOArcanjo.png","width":319,"height":99,"caption":"Par\u00f3quia S\u00e3o Miguel Arcanjo"},"image":{"@id":"https:\/\/www.oarcanjo.net\/site\/#\/schema\/logo\/image\/"},"sameAs":["https:\/\/www.facebook.com\/OArcanjoNoAr\/"]},{"@type":"Person","@id":"https:\/\/www.oarcanjo.net\/site\/#\/schema\/person\/f7024d007863202483a31326673a0838","name":"editor","sameAs":["http:\/\/www.oarcanjo.net"]}]}},"publishpress_future_action":{"enabled":false,"date":"2026-05-09 01:49:37","action":"category","newStatus":"draft","terms":[],"taxonomy":"category"},"publishpress_future_workflow_manual_trigger":{"enabledWorkflows":[]},"_links":{"self":[{"href":"https:\/\/www.oarcanjo.net\/site\/wp-json\/wp\/v2\/posts\/23227"}],"collection":[{"href":"https:\/\/www.oarcanjo.net\/site\/wp-json\/wp\/v2\/posts"}],"about":[{"href":"https:\/\/www.oarcanjo.net\/site\/wp-json\/wp\/v2\/types\/post"}],"author":[{"embeddable":true,"href":"https:\/\/www.oarcanjo.net\/site\/wp-json\/wp\/v2\/users\/5"}],"replies":[{"embeddable":true,"href":"https:\/\/www.oarcanjo.net\/site\/wp-json\/wp\/v2\/comments?post=23227"}],"version-history":[{"count":0,"href":"https:\/\/www.oarcanjo.net\/site\/wp-json\/wp\/v2\/posts\/23227\/revisions"}],"wp:attachment":[{"href":"https:\/\/www.oarcanjo.net\/site\/wp-json\/wp\/v2\/media?parent=23227"}],"wp:term":[{"taxonomy":"category","embeddable":true,"href":"https:\/\/www.oarcanjo.net\/site\/wp-json\/wp\/v2\/categories?post=23227"},{"taxonomy":"post_tag","embeddable":true,"href":"https:\/\/www.oarcanjo.net\/site\/wp-json\/wp\/v2\/tags?post=23227"}],"curies":[{"name":"wp","href":"https:\/\/api.w.org\/{rel}","templated":true}]}}