
{"id":2323,"date":"2009-03-12T23:24:33","date_gmt":"2009-03-13T02:24:33","guid":{"rendered":"http:\/\/www.oarcanjo.net\/site\/?p=2323"},"modified":"2009-03-12T23:24:33","modified_gmt":"2009-03-13T02:24:33","slug":"o-tamanho-da-crise","status":"publish","type":"post","link":"https:\/\/www.oarcanjo.net\/site\/o-tamanho-da-crise\/","title":{"rendered":"O tamanho da crise"},"content":{"rendered":"<p>Dom Dem\u00e9trio Valentini<\/p>\n<p>Na semana passada, o Governo Lula convocou o seu Conselho de Desenvolvimento Econ\u00f4mico e Social. Desta vez em formato ampliado, como &#8220;Semin\u00e1rio Internacional sobre Desenvolvimento&#8221;. Na verdade, este formato era para calibrar a mira em dire\u00e7\u00e3o ao problema que a todos preocupa, a crise mundial que est\u00e1 se alastrando por toda parte. <\/p>\n<p>A inten\u00e7\u00e3o do Governo, com esta iniciativa, era evidente: convocar a todos para o enfrentamento da crise, alertando para a sua gravidade, e procurando condividir responsabilidades. <\/p>\n<p>Algumas evid\u00eancias precisam ser levadas em conta, para perceber as conseq\u00fc\u00eancias inevit\u00e1veis da crise, e para ter diante delas um posicionamento esclarecido. <\/p>\n<p>A primeira delas \u00e9 o alastramento da crise. Ela come\u00e7ou nos pa\u00edses centrais do sistema econ\u00f4mico mundial, dando logo sinais de sua profundidade, e de sua expans\u00e3o inexor\u00e1vel. Agora j\u00e1 ningu\u00e9m mais tem d\u00favida que a crise j\u00e1 est\u00e1 mostrando seus efeitos em todos os pa\u00edses, no Brasil tamb\u00e9m, trazendo dificuldades, que precisam ser levadas em conta.<\/p>\n<p>Outro aspecto foi emergindo com crescente clareza durante o Semin\u00e1rio. \u00c9 o tamanho da crise. Suas dimens\u00f5es a tornam muito s\u00e9ria e profunda. <\/p>\n<p>Ela come\u00e7ou como crise financeira, levando muitas institui\u00e7\u00f5es \u00e0 fal\u00eancia. <\/p>\n<p>Em seguida veio a dimens\u00e3o econ\u00f4mica. A crise est\u00e1 abalando seriamente a economia mundial, com evidentes reflexos em todos os pa\u00edses, dada a dimens\u00e3o global da economia.<\/p>\n<p>Ela se revela uma crise de profundas repercuss\u00f5es sociais, com milh\u00f5es de postos de trabalho sumindo. <\/p>\n<p>A isto se acrescente a dimens\u00e3o ambiental, que aponta para o esgotamento do modelo de desenvolvimento baseado na depreda\u00e7\u00e3o ilimitada da natureza. <\/p>\n<p>E n\u00e3o p\u00e1ra a\u00ed. A constata\u00e7\u00e3o mais s\u00e9ria \u00e9 que estamos numa crise civilizacional, que mostra a urg\u00eancia de repensar o sentido da presen\u00e7a e da atua\u00e7\u00e3o da humanidade em nosso planeta. <\/p>\n<p>Olhando a crise como oportunidade, ela descortina tarefas muito grandes, para repensarmos uma organiza\u00e7\u00e3o solid\u00e1ria de um novo modelo de desenvolvimento, compat\u00edvel com os limites de nosso planeta, e pensado em fun\u00e7\u00e3o da vida de todos. Isto n\u00e3o se faz em poucos anos.<\/p>\n<p>A crise mostrou outra evid\u00eancia, que muitos n\u00e3o querem engolir em seco. Fracassou redondamente o sistema neoliberal, que professava sua cren\u00e7a no mercado, de tal modo que ele seria capaz de se autoregular. \u00c9 que o pr\u00f3prio sistema financeiro poderia ser tranquilamente deixado \u00e0 sua din\u00e2mica, que ele mesmo corrigiria eventuais desvios que pudessem aparecer. E o Estado deveria ir se retirando da economia, que deveria ser deixada para a iniciativa privada, que assim seria melhor para todos!<\/p>\n<p>Ledo engano. Fracassou este neoliberalismo. Estranha que este fracasso n\u00e3o seja agora publicamente reconhecido. Na queda do muro de Berlim todos proclamaram o fracasso do socialismo hist\u00f3rico, sendo-lhe passado solenemente o atestado de \u00f3bito. Agora parece haver um silencioso acanhamento em proclamar que a via do neoliberalismo tamb\u00e9m fracassou. <\/p>\n<p>Deste fracasso \u00e9 preciso tirar duas li\u00e7\u00f5es. Em primeiro lugar, nunca devemos abdicar de nossas responsabilidades, deixando-as na m\u00e3o de qualquer &#8220;sistema&#8221;. Ao agir na economia, necessitamos de crit\u00e9rios \u00e9ticos, que mantenham a economia dentro de suas verdadeiras finalidades evitando desvios que acabam trazendo grandes preju\u00edzos.<\/p>\n<p>Em segundo lugar, o Estado precisa reassumir sua fun\u00e7\u00e3o de regular o sistema econ\u00f4mico e financeiro, atrav\u00e9s de institui\u00e7\u00f5es adequadas, que aos poucos servem de instrumentos para implantar com urg\u00eancia uma governan\u00e7a mundial. Precisamos de governo, tanto no interior de cada pa\u00eds, como no conjunto da situa\u00e7\u00e3o mundial.<\/p>\n<p>Estamos dentro de uma crise profunda. Ela pode se tornar oportunidade para resgatarmos muitos valores perdidos, na ingente tarefa de repensar em profundidade nossa pr\u00f3pria civiliza\u00e7\u00e3o.<\/p>\n<div id=\"themify_builder_content-2323\" data-postid=\"2323\" class=\"themify_builder_content themify_builder_content-2323 themify_builder themify_builder_front\">\n\t<\/div>\n<!-- \/themify_builder_content -->","protected":false},"excerpt":{"rendered":"<p>Dom Dem\u00e9trio Valentini Na semana passada, o Governo Lula convocou o seu Conselho de Desenvolvimento Econ\u00f4mico e Social. Desta vez em formato ampliado, como &#8220;Semin\u00e1rio Internacional sobre Desenvolvimento&#8221;. Na verdade, este formato era para calibrar a mira em dire\u00e7\u00e3o ao problema que a todos preocupa, a crise mundial que est\u00e1 se alastrando por toda parte. [&hellip;]<\/p>\n","protected":false},"author":5,"featured_media":0,"comment_status":"open","ping_status":"open","sticky":false,"template":"","format":"standard","meta":{"ngg_post_thumbnail":0,"footnotes":""},"categories":[9],"tags":[36,333,39],"yoast_head":"<!-- This site is optimized with the Yoast SEO plugin v23.5 - https:\/\/yoast.com\/wordpress\/plugins\/seo\/ -->\n<title>O tamanho da crise - O Arcanjo no ar<\/title>\n<meta name=\"robots\" content=\"index, follow, max-snippet:-1, max-image-preview:large, max-video-preview:-1\" \/>\n<link rel=\"canonical\" href=\"https:\/\/www.oarcanjo.net\/site\/o-tamanho-da-crise\/\" \/>\n<meta property=\"og:locale\" content=\"pt_BR\" \/>\n<meta property=\"og:type\" content=\"article\" \/>\n<meta property=\"og:title\" content=\"O tamanho da crise - O Arcanjo no ar\" \/>\n<meta property=\"og:description\" content=\"Dom Dem\u00e9trio Valentini Na semana passada, o Governo Lula convocou o seu Conselho de Desenvolvimento Econ\u00f4mico e Social. Desta vez em formato ampliado, como &#8220;Semin\u00e1rio Internacional sobre Desenvolvimento&#8221;. Na verdade, este formato era para calibrar a mira em dire\u00e7\u00e3o ao problema que a todos preocupa, a crise mundial que est\u00e1 se alastrando por toda parte. [&hellip;]\" \/>\n<meta property=\"og:url\" content=\"https:\/\/www.oarcanjo.net\/site\/o-tamanho-da-crise\/\" \/>\n<meta property=\"og:site_name\" content=\"O Arcanjo no ar\" \/>\n<meta property=\"article:publisher\" content=\"https:\/\/www.facebook.com\/OArcanjoNoAr\/\" \/>\n<meta property=\"article:published_time\" content=\"2009-03-13T02:24:33+00:00\" \/>\n<meta property=\"og:image\" content=\"https:\/\/www.oarcanjo.net\/site\/wp-content\/uploads\/logo-o-arcanjo-no-ar-facebook.png\" \/>\n\t<meta property=\"og:image:width\" content=\"300\" \/>\n\t<meta property=\"og:image:height\" content=\"300\" \/>\n\t<meta property=\"og:image:type\" content=\"image\/png\" \/>\n<meta name=\"author\" content=\"editor\" \/>\n<meta name=\"twitter:card\" content=\"summary_large_image\" \/>\n<meta name=\"twitter:label1\" content=\"Escrito por\" \/>\n\t<meta name=\"twitter:data1\" content=\"editor\" \/>\n\t<meta name=\"twitter:label2\" content=\"Est. tempo de leitura\" \/>\n\t<meta name=\"twitter:data2\" content=\"3 minutos\" \/>\n<script type=\"application\/ld+json\" class=\"yoast-schema-graph\">{\"@context\":\"https:\/\/schema.org\",\"@graph\":[{\"@type\":\"Article\",\"@id\":\"https:\/\/www.oarcanjo.net\/site\/o-tamanho-da-crise\/#article\",\"isPartOf\":{\"@id\":\"https:\/\/www.oarcanjo.net\/site\/o-tamanho-da-crise\/\"},\"author\":{\"name\":\"editor\",\"@id\":\"https:\/\/www.oarcanjo.net\/site\/#\/schema\/person\/f7024d007863202483a31326673a0838\"},\"headline\":\"O tamanho da crise\",\"datePublished\":\"2009-03-13T02:24:33+00:00\",\"dateModified\":\"2009-03-13T02:24:33+00:00\",\"mainEntityOfPage\":{\"@id\":\"https:\/\/www.oarcanjo.net\/site\/o-tamanho-da-crise\/\"},\"wordCount\":642,\"commentCount\":0,\"publisher\":{\"@id\":\"https:\/\/www.oarcanjo.net\/site\/#organization\"},\"keywords\":[\"crise\",\"desenvolvimento\",\"neoliberalismo\"],\"articleSection\":[\"Reflex\u00f5es\"],\"inLanguage\":\"pt-BR\",\"potentialAction\":[{\"@type\":\"CommentAction\",\"name\":\"Comment\",\"target\":[\"https:\/\/www.oarcanjo.net\/site\/o-tamanho-da-crise\/#respond\"]}]},{\"@type\":\"WebPage\",\"@id\":\"https:\/\/www.oarcanjo.net\/site\/o-tamanho-da-crise\/\",\"url\":\"https:\/\/www.oarcanjo.net\/site\/o-tamanho-da-crise\/\",\"name\":\"O tamanho da crise - O Arcanjo no ar\",\"isPartOf\":{\"@id\":\"https:\/\/www.oarcanjo.net\/site\/#website\"},\"datePublished\":\"2009-03-13T02:24:33+00:00\",\"dateModified\":\"2009-03-13T02:24:33+00:00\",\"breadcrumb\":{\"@id\":\"https:\/\/www.oarcanjo.net\/site\/o-tamanho-da-crise\/#breadcrumb\"},\"inLanguage\":\"pt-BR\",\"potentialAction\":[{\"@type\":\"ReadAction\",\"target\":[\"https:\/\/www.oarcanjo.net\/site\/o-tamanho-da-crise\/\"]}]},{\"@type\":\"BreadcrumbList\",\"@id\":\"https:\/\/www.oarcanjo.net\/site\/o-tamanho-da-crise\/#breadcrumb\",\"itemListElement\":[{\"@type\":\"ListItem\",\"position\":1,\"name\":\"In\u00edcio\",\"item\":\"https:\/\/www.oarcanjo.net\/site\/\"},{\"@type\":\"ListItem\",\"position\":2,\"name\":\"O tamanho da crise\"}]},{\"@type\":\"WebSite\",\"@id\":\"https:\/\/www.oarcanjo.net\/site\/#website\",\"url\":\"https:\/\/www.oarcanjo.net\/site\/\",\"name\":\"O Arcanjo no ar\",\"description\":\"Site da Par\u00f3quia S\u00e3o Miguel Arcanjo (Arquidiocese de SP)\",\"publisher\":{\"@id\":\"https:\/\/www.oarcanjo.net\/site\/#organization\"},\"potentialAction\":[{\"@type\":\"SearchAction\",\"target\":{\"@type\":\"EntryPoint\",\"urlTemplate\":\"https:\/\/www.oarcanjo.net\/site\/?s={search_term_string}\"},\"query-input\":{\"@type\":\"PropertyValueSpecification\",\"valueRequired\":true,\"valueName\":\"search_term_string\"}}],\"inLanguage\":\"pt-BR\"},{\"@type\":\"Organization\",\"@id\":\"https:\/\/www.oarcanjo.net\/site\/#organization\",\"name\":\"Par\u00f3quia S\u00e3o Miguel Arcanjo\",\"url\":\"https:\/\/www.oarcanjo.net\/site\/\",\"logo\":{\"@type\":\"ImageObject\",\"inLanguage\":\"pt-BR\",\"@id\":\"https:\/\/www.oarcanjo.net\/site\/#\/schema\/logo\/image\/\",\"url\":\"https:\/\/www.oarcanjo.net\/site\/wp-content\/uploads\/LogoOArcanjo.png\",\"contentUrl\":\"https:\/\/www.oarcanjo.net\/site\/wp-content\/uploads\/LogoOArcanjo.png\",\"width\":319,\"height\":99,\"caption\":\"Par\u00f3quia S\u00e3o Miguel Arcanjo\"},\"image\":{\"@id\":\"https:\/\/www.oarcanjo.net\/site\/#\/schema\/logo\/image\/\"},\"sameAs\":[\"https:\/\/www.facebook.com\/OArcanjoNoAr\/\"]},{\"@type\":\"Person\",\"@id\":\"https:\/\/www.oarcanjo.net\/site\/#\/schema\/person\/f7024d007863202483a31326673a0838\",\"name\":\"editor\",\"sameAs\":[\"http:\/\/www.oarcanjo.net\"]}]}<\/script>\n<!-- \/ Yoast SEO plugin. -->","yoast_head_json":{"title":"O tamanho da crise - O Arcanjo no ar","robots":{"index":"index","follow":"follow","max-snippet":"max-snippet:-1","max-image-preview":"max-image-preview:large","max-video-preview":"max-video-preview:-1"},"canonical":"https:\/\/www.oarcanjo.net\/site\/o-tamanho-da-crise\/","og_locale":"pt_BR","og_type":"article","og_title":"O tamanho da crise - O Arcanjo no ar","og_description":"Dom Dem\u00e9trio Valentini Na semana passada, o Governo Lula convocou o seu Conselho de Desenvolvimento Econ\u00f4mico e Social. Desta vez em formato ampliado, como &#8220;Semin\u00e1rio Internacional sobre Desenvolvimento&#8221;. Na verdade, este formato era para calibrar a mira em dire\u00e7\u00e3o ao problema que a todos preocupa, a crise mundial que est\u00e1 se alastrando por toda parte. [&hellip;]","og_url":"https:\/\/www.oarcanjo.net\/site\/o-tamanho-da-crise\/","og_site_name":"O Arcanjo no ar","article_publisher":"https:\/\/www.facebook.com\/OArcanjoNoAr\/","article_published_time":"2009-03-13T02:24:33+00:00","og_image":[{"width":300,"height":300,"url":"https:\/\/www.oarcanjo.net\/site\/wp-content\/uploads\/logo-o-arcanjo-no-ar-facebook.png","type":"image\/png"}],"author":"editor","twitter_card":"summary_large_image","twitter_misc":{"Escrito por":"editor","Est. tempo de leitura":"3 minutos"},"schema":{"@context":"https:\/\/schema.org","@graph":[{"@type":"Article","@id":"https:\/\/www.oarcanjo.net\/site\/o-tamanho-da-crise\/#article","isPartOf":{"@id":"https:\/\/www.oarcanjo.net\/site\/o-tamanho-da-crise\/"},"author":{"name":"editor","@id":"https:\/\/www.oarcanjo.net\/site\/#\/schema\/person\/f7024d007863202483a31326673a0838"},"headline":"O tamanho da crise","datePublished":"2009-03-13T02:24:33+00:00","dateModified":"2009-03-13T02:24:33+00:00","mainEntityOfPage":{"@id":"https:\/\/www.oarcanjo.net\/site\/o-tamanho-da-crise\/"},"wordCount":642,"commentCount":0,"publisher":{"@id":"https:\/\/www.oarcanjo.net\/site\/#organization"},"keywords":["crise","desenvolvimento","neoliberalismo"],"articleSection":["Reflex\u00f5es"],"inLanguage":"pt-BR","potentialAction":[{"@type":"CommentAction","name":"Comment","target":["https:\/\/www.oarcanjo.net\/site\/o-tamanho-da-crise\/#respond"]}]},{"@type":"WebPage","@id":"https:\/\/www.oarcanjo.net\/site\/o-tamanho-da-crise\/","url":"https:\/\/www.oarcanjo.net\/site\/o-tamanho-da-crise\/","name":"O tamanho da crise - O Arcanjo no ar","isPartOf":{"@id":"https:\/\/www.oarcanjo.net\/site\/#website"},"datePublished":"2009-03-13T02:24:33+00:00","dateModified":"2009-03-13T02:24:33+00:00","breadcrumb":{"@id":"https:\/\/www.oarcanjo.net\/site\/o-tamanho-da-crise\/#breadcrumb"},"inLanguage":"pt-BR","potentialAction":[{"@type":"ReadAction","target":["https:\/\/www.oarcanjo.net\/site\/o-tamanho-da-crise\/"]}]},{"@type":"BreadcrumbList","@id":"https:\/\/www.oarcanjo.net\/site\/o-tamanho-da-crise\/#breadcrumb","itemListElement":[{"@type":"ListItem","position":1,"name":"In\u00edcio","item":"https:\/\/www.oarcanjo.net\/site\/"},{"@type":"ListItem","position":2,"name":"O tamanho da crise"}]},{"@type":"WebSite","@id":"https:\/\/www.oarcanjo.net\/site\/#website","url":"https:\/\/www.oarcanjo.net\/site\/","name":"O Arcanjo no ar","description":"Site da Par\u00f3quia S\u00e3o Miguel Arcanjo (Arquidiocese de SP)","publisher":{"@id":"https:\/\/www.oarcanjo.net\/site\/#organization"},"potentialAction":[{"@type":"SearchAction","target":{"@type":"EntryPoint","urlTemplate":"https:\/\/www.oarcanjo.net\/site\/?s={search_term_string}"},"query-input":{"@type":"PropertyValueSpecification","valueRequired":true,"valueName":"search_term_string"}}],"inLanguage":"pt-BR"},{"@type":"Organization","@id":"https:\/\/www.oarcanjo.net\/site\/#organization","name":"Par\u00f3quia S\u00e3o Miguel Arcanjo","url":"https:\/\/www.oarcanjo.net\/site\/","logo":{"@type":"ImageObject","inLanguage":"pt-BR","@id":"https:\/\/www.oarcanjo.net\/site\/#\/schema\/logo\/image\/","url":"https:\/\/www.oarcanjo.net\/site\/wp-content\/uploads\/LogoOArcanjo.png","contentUrl":"https:\/\/www.oarcanjo.net\/site\/wp-content\/uploads\/LogoOArcanjo.png","width":319,"height":99,"caption":"Par\u00f3quia S\u00e3o Miguel Arcanjo"},"image":{"@id":"https:\/\/www.oarcanjo.net\/site\/#\/schema\/logo\/image\/"},"sameAs":["https:\/\/www.facebook.com\/OArcanjoNoAr\/"]},{"@type":"Person","@id":"https:\/\/www.oarcanjo.net\/site\/#\/schema\/person\/f7024d007863202483a31326673a0838","name":"editor","sameAs":["http:\/\/www.oarcanjo.net"]}]}},"publishpress_future_action":{"enabled":false,"date":"2026-05-07 20:18:20","action":"category","newStatus":"draft","terms":[],"taxonomy":"category"},"publishpress_future_workflow_manual_trigger":{"enabledWorkflows":[]},"_links":{"self":[{"href":"https:\/\/www.oarcanjo.net\/site\/wp-json\/wp\/v2\/posts\/2323"}],"collection":[{"href":"https:\/\/www.oarcanjo.net\/site\/wp-json\/wp\/v2\/posts"}],"about":[{"href":"https:\/\/www.oarcanjo.net\/site\/wp-json\/wp\/v2\/types\/post"}],"author":[{"embeddable":true,"href":"https:\/\/www.oarcanjo.net\/site\/wp-json\/wp\/v2\/users\/5"}],"replies":[{"embeddable":true,"href":"https:\/\/www.oarcanjo.net\/site\/wp-json\/wp\/v2\/comments?post=2323"}],"version-history":[{"count":0,"href":"https:\/\/www.oarcanjo.net\/site\/wp-json\/wp\/v2\/posts\/2323\/revisions"}],"wp:attachment":[{"href":"https:\/\/www.oarcanjo.net\/site\/wp-json\/wp\/v2\/media?parent=2323"}],"wp:term":[{"taxonomy":"category","embeddable":true,"href":"https:\/\/www.oarcanjo.net\/site\/wp-json\/wp\/v2\/categories?post=2323"},{"taxonomy":"post_tag","embeddable":true,"href":"https:\/\/www.oarcanjo.net\/site\/wp-json\/wp\/v2\/tags?post=2323"}],"curies":[{"name":"wp","href":"https:\/\/api.w.org\/{rel}","templated":true}]}}