
{"id":23239,"date":"2013-10-14T10:54:11","date_gmt":"2013-10-14T13:54:11","guid":{"rendered":"http:\/\/www.oarcanjo.net\/site\/?p=23239"},"modified":"2013-10-14T11:00:30","modified_gmt":"2013-10-14T14:00:30","slug":"o-evangelho-de-aparecida","status":"publish","type":"post","link":"https:\/\/www.oarcanjo.net\/site\/o-evangelho-de-aparecida\/","title":{"rendered":"O evangelho de Aparecida"},"content":{"rendered":"<p><em>Dom Dem\u00e9trio Valentini<\/em><\/p>\n<p>Com a realiza\u00e7\u00e3o, em Aparecida, da V Confer\u00eancia Latino Americana em 2007, e com a visita do Papa nesse ano ao Santu\u00e1rio Nacional, a festa de Nossa Senhora Aparecida recebeu um destaque especial. Aparecida est\u00e1 se tornando uma refer\u00eancia, n\u00e3o s\u00f3 para a Igreja no Brasil, mas tamb\u00e9m a Igreja na Am\u00e9rica Latina, com repercuss\u00f5es positivas em \u00e2mbito mundial.<\/p>\n<p>Este destaque se deve, sobretudo, ao \u201crelato de Aparecida\u201d. Trata-se da narrativa dos epis\u00f3dios que compuseram o cen\u00e1rio do encontro da pequena imagem no Rio Para\u00edba. Estes epis\u00f3dios foram compondo uma esp\u00e9cie de nova \u201cpar\u00e1bola evang\u00e9lica\u201d, feita de circunst\u00e2ncias bem concretas, de in\u00edcio ligadas aos pobres pescadores, mas em seguida envolvendo mais pessoas, at\u00e9 a imagem ser reconhecida como um s\u00edmbolo carregado de mensagens positivas.<\/p>\n<p>Pela maneira como os fatos foram encadeados, a hist\u00f3ria de Aparecida se reveste de uma singularidade muito especial. Ela assume caracter\u00edsticas bem evang\u00e9licas. Ela continua a din\u00e2mica do Evangelho. Em suas par\u00e1bolas, Cristo sabia organizar suas narrativas de modo a transmitirem a mensagem que ele queria expressar. Assim d\u00e1 para reconhecer no relato de Aparecida um fio condutor, apontando para valores evang\u00e9licos bem evidentes.<\/p>\n<p>Aparecida tem como fato desencadeador da interpreta\u00e7\u00e3o religiosa, circunst\u00e2ncias que fazem parte da realidade cotidiana, de consist\u00eancia indiscut\u00edvel. \u00c9 dessas circunst\u00e2ncias reais e concretas que se fez a costura de todo o epis\u00f3dio. Baseado, portanto, em cenas da vida real, como Cristo fazia em suas par\u00e1bolas.<\/p>\n<p>Neste sentido, Aparecida n\u00e3o parte de fatos extraordin\u00e1rios, que envolvem a subjetividade das pessoas, como s\u00e3o as \u201capari\u00e7\u00f5es\u201d, sempre necessitadas de discernimento eclesial para serem aceitas.<\/p>\n<p>Aparecida n\u00e3o teve nenhuma \u201capari\u00e7\u00e3o\u201d. Sua mensagem se assenta em dados reais. O Rio Para\u00edba continua l\u00e1, a pequena imagem tamb\u00e9m, revestida agora do manto que expressa a respeitosa acolhida do mist\u00e9rio, detectado pelos simples pescadores, iluminados por sua f\u00e9.<\/p>\n<p>O relato de Aparecida, se constitui, na verdade, em exemplo de como perceber a presen\u00e7a do mist\u00e9rio, nas circunst\u00e2ncias cotidianas da vida. \u00c9 um relato que n\u00e3o apela, em nenhum momento, para epis\u00f3dios fora da normalidade. Aparecida nos ensina a perceber a presen\u00e7a do mist\u00e9rio de Deus no cotidiano da vida.<\/p>\n<p>O Papa Francisco, em sua homilia aos Bispos do Brasil, no Rio de Janeiro, fez uma ex\u00edmia interpreta\u00e7\u00e3o m\u00edstica de todo o relato de Aparecida. Ele estruturou esse relato em forma de verdadeira par\u00e1bola, na qual ele se permitiu ir tirando, de imediato, as li\u00e7\u00f5es pr\u00e1ticas dos diversos momentos do epis\u00f3dio.<\/p>\n<p>Desde o achado da imagem. Mesmo fragmentada, foi acolhida com respeito pelos pescadores. Em sua f\u00e9 simples e profunda, souberam valorizar o pequeno s\u00edmbolo imerso nas \u00e1guas. Eles mesmos o recompuseram, com sua iniciativa de unir corpo e cabe\u00e7a. Tiveram cuidado e carinho para com a pequena imagem assim recomposta. Eles a acolheram, protegendo-a, e cobrindo-a com um manto. Assim ela se tornou motivo de atra\u00e7\u00e3o de outras pessoas, que passaram a se reunir em torno dela, suscitando a necessidade de erguer uma pequena capela, desencadeando o processo de amplia\u00e7\u00e3o e difus\u00e3o de sua mensagem.<\/p>\n<p>Aparecida nos ensina uma grande li\u00e7\u00e3o. As circunst\u00e2ncias concretas de nossa vida, s\u00e3o mat\u00e9ria prima para a permanente par\u00e1bola evang\u00e9lica, que somos todos chamados a reescrever. Quanto mais simples forem os epis\u00f3dios desta par\u00e1bola, mais pr\u00f3ximos estar\u00e3o do Evangelho. Pois Deus continua preferindo o caminho da simplicidade e da pobreza para ele mesmo realizar suas maravilhas, como Maria reconheceu antes de todos!<\/p>\n<div id=\"themify_builder_content-23239\" data-postid=\"23239\" class=\"themify_builder_content themify_builder_content-23239 themify_builder themify_builder_front\">\n\t<\/div>\n<!-- \/themify_builder_content -->","protected":false},"excerpt":{"rendered":"<p>Dom Dem\u00e9trio Valentini Com a realiza\u00e7\u00e3o, em Aparecida, da V Confer\u00eancia Latino Americana em 2007, e com a visita do Papa nesse ano ao Santu\u00e1rio Nacional, a festa de Nossa Senhora Aparecida recebeu um destaque especial. Aparecida est\u00e1 se tornando uma refer\u00eancia, n\u00e3o s\u00f3 para a Igreja no Brasil, mas tamb\u00e9m a Igreja na Am\u00e9rica [&hellip;]<\/p>\n","protected":false},"author":5,"featured_media":0,"comment_status":"open","ping_status":"open","sticky":false,"template":"","format":"standard","meta":{"ngg_post_thumbnail":0,"footnotes":""},"categories":[9],"tags":[235,273,2690,2162,189,37,2691,2450],"yoast_head":"<!-- This site is optimized with the Yoast SEO plugin v23.5 - https:\/\/yoast.com\/wordpress\/plugins\/seo\/ -->\n<title>O evangelho de Aparecida - O Arcanjo no ar<\/title>\n<meta name=\"robots\" content=\"index, follow, max-snippet:-1, max-image-preview:large, max-video-preview:-1\" \/>\n<link rel=\"canonical\" href=\"https:\/\/www.oarcanjo.net\/site\/o-evangelho-de-aparecida\/\" \/>\n<meta property=\"og:locale\" content=\"pt_BR\" \/>\n<meta property=\"og:type\" content=\"article\" \/>\n<meta property=\"og:title\" content=\"O evangelho de Aparecida - O Arcanjo no ar\" \/>\n<meta property=\"og:description\" content=\"Dom Dem\u00e9trio Valentini Com a realiza\u00e7\u00e3o, em Aparecida, da V Confer\u00eancia Latino Americana em 2007, e com a visita do Papa nesse ano ao Santu\u00e1rio Nacional, a festa de Nossa Senhora Aparecida recebeu um destaque especial. Aparecida est\u00e1 se tornando uma refer\u00eancia, n\u00e3o s\u00f3 para a Igreja no Brasil, mas tamb\u00e9m a Igreja na Am\u00e9rica [&hellip;]\" \/>\n<meta property=\"og:url\" content=\"https:\/\/www.oarcanjo.net\/site\/o-evangelho-de-aparecida\/\" \/>\n<meta property=\"og:site_name\" content=\"O Arcanjo no ar\" \/>\n<meta property=\"article:publisher\" content=\"https:\/\/www.facebook.com\/OArcanjoNoAr\/\" \/>\n<meta property=\"article:published_time\" content=\"2013-10-14T13:54:11+00:00\" \/>\n<meta property=\"article:modified_time\" content=\"2013-10-14T14:00:30+00:00\" \/>\n<meta property=\"og:image\" content=\"https:\/\/www.oarcanjo.net\/site\/wp-content\/uploads\/logo-o-arcanjo-no-ar-facebook.png\" \/>\n\t<meta property=\"og:image:width\" content=\"300\" \/>\n\t<meta property=\"og:image:height\" content=\"300\" \/>\n\t<meta property=\"og:image:type\" content=\"image\/png\" \/>\n<meta name=\"author\" content=\"editor\" \/>\n<meta name=\"twitter:card\" content=\"summary_large_image\" \/>\n<meta name=\"twitter:label1\" content=\"Escrito por\" \/>\n\t<meta name=\"twitter:data1\" content=\"editor\" \/>\n\t<meta name=\"twitter:label2\" content=\"Est. tempo de leitura\" \/>\n\t<meta name=\"twitter:data2\" content=\"3 minutos\" \/>\n<script type=\"application\/ld+json\" class=\"yoast-schema-graph\">{\"@context\":\"https:\/\/schema.org\",\"@graph\":[{\"@type\":\"Article\",\"@id\":\"https:\/\/www.oarcanjo.net\/site\/o-evangelho-de-aparecida\/#article\",\"isPartOf\":{\"@id\":\"https:\/\/www.oarcanjo.net\/site\/o-evangelho-de-aparecida\/\"},\"author\":{\"name\":\"editor\",\"@id\":\"https:\/\/www.oarcanjo.net\/site\/#\/schema\/person\/f7024d007863202483a31326673a0838\"},\"headline\":\"O evangelho de Aparecida\",\"datePublished\":\"2013-10-14T13:54:11+00:00\",\"dateModified\":\"2013-10-14T14:00:30+00:00\",\"mainEntityOfPage\":{\"@id\":\"https:\/\/www.oarcanjo.net\/site\/o-evangelho-de-aparecida\/\"},\"wordCount\":633,\"commentCount\":0,\"publisher\":{\"@id\":\"https:\/\/www.oarcanjo.net\/site\/#organization\"},\"keywords\":[\"Aparecida\",\"evangelho\",\"Par\u00e1bola\",\"pescadores\",\"pobres\",\"pobreza\",\"Rio Para\u00edba\",\"simplicidade\"],\"articleSection\":[\"Reflex\u00f5es\"],\"inLanguage\":\"pt-BR\",\"potentialAction\":[{\"@type\":\"CommentAction\",\"name\":\"Comment\",\"target\":[\"https:\/\/www.oarcanjo.net\/site\/o-evangelho-de-aparecida\/#respond\"]}]},{\"@type\":\"WebPage\",\"@id\":\"https:\/\/www.oarcanjo.net\/site\/o-evangelho-de-aparecida\/\",\"url\":\"https:\/\/www.oarcanjo.net\/site\/o-evangelho-de-aparecida\/\",\"name\":\"O evangelho de Aparecida - O Arcanjo no ar\",\"isPartOf\":{\"@id\":\"https:\/\/www.oarcanjo.net\/site\/#website\"},\"datePublished\":\"2013-10-14T13:54:11+00:00\",\"dateModified\":\"2013-10-14T14:00:30+00:00\",\"breadcrumb\":{\"@id\":\"https:\/\/www.oarcanjo.net\/site\/o-evangelho-de-aparecida\/#breadcrumb\"},\"inLanguage\":\"pt-BR\",\"potentialAction\":[{\"@type\":\"ReadAction\",\"target\":[\"https:\/\/www.oarcanjo.net\/site\/o-evangelho-de-aparecida\/\"]}]},{\"@type\":\"BreadcrumbList\",\"@id\":\"https:\/\/www.oarcanjo.net\/site\/o-evangelho-de-aparecida\/#breadcrumb\",\"itemListElement\":[{\"@type\":\"ListItem\",\"position\":1,\"name\":\"In\u00edcio\",\"item\":\"https:\/\/www.oarcanjo.net\/site\/\"},{\"@type\":\"ListItem\",\"position\":2,\"name\":\"O evangelho de Aparecida\"}]},{\"@type\":\"WebSite\",\"@id\":\"https:\/\/www.oarcanjo.net\/site\/#website\",\"url\":\"https:\/\/www.oarcanjo.net\/site\/\",\"name\":\"O Arcanjo no ar\",\"description\":\"Site da Par\u00f3quia S\u00e3o Miguel Arcanjo (Arquidiocese de SP)\",\"publisher\":{\"@id\":\"https:\/\/www.oarcanjo.net\/site\/#organization\"},\"potentialAction\":[{\"@type\":\"SearchAction\",\"target\":{\"@type\":\"EntryPoint\",\"urlTemplate\":\"https:\/\/www.oarcanjo.net\/site\/?s={search_term_string}\"},\"query-input\":{\"@type\":\"PropertyValueSpecification\",\"valueRequired\":true,\"valueName\":\"search_term_string\"}}],\"inLanguage\":\"pt-BR\"},{\"@type\":\"Organization\",\"@id\":\"https:\/\/www.oarcanjo.net\/site\/#organization\",\"name\":\"Par\u00f3quia S\u00e3o Miguel Arcanjo\",\"url\":\"https:\/\/www.oarcanjo.net\/site\/\",\"logo\":{\"@type\":\"ImageObject\",\"inLanguage\":\"pt-BR\",\"@id\":\"https:\/\/www.oarcanjo.net\/site\/#\/schema\/logo\/image\/\",\"url\":\"https:\/\/www.oarcanjo.net\/site\/wp-content\/uploads\/LogoOArcanjo.png\",\"contentUrl\":\"https:\/\/www.oarcanjo.net\/site\/wp-content\/uploads\/LogoOArcanjo.png\",\"width\":319,\"height\":99,\"caption\":\"Par\u00f3quia S\u00e3o Miguel Arcanjo\"},\"image\":{\"@id\":\"https:\/\/www.oarcanjo.net\/site\/#\/schema\/logo\/image\/\"},\"sameAs\":[\"https:\/\/www.facebook.com\/OArcanjoNoAr\/\"]},{\"@type\":\"Person\",\"@id\":\"https:\/\/www.oarcanjo.net\/site\/#\/schema\/person\/f7024d007863202483a31326673a0838\",\"name\":\"editor\",\"sameAs\":[\"http:\/\/www.oarcanjo.net\"]}]}<\/script>\n<!-- \/ Yoast SEO plugin. -->","yoast_head_json":{"title":"O evangelho de Aparecida - O Arcanjo no ar","robots":{"index":"index","follow":"follow","max-snippet":"max-snippet:-1","max-image-preview":"max-image-preview:large","max-video-preview":"max-video-preview:-1"},"canonical":"https:\/\/www.oarcanjo.net\/site\/o-evangelho-de-aparecida\/","og_locale":"pt_BR","og_type":"article","og_title":"O evangelho de Aparecida - O Arcanjo no ar","og_description":"Dom Dem\u00e9trio Valentini Com a realiza\u00e7\u00e3o, em Aparecida, da V Confer\u00eancia Latino Americana em 2007, e com a visita do Papa nesse ano ao Santu\u00e1rio Nacional, a festa de Nossa Senhora Aparecida recebeu um destaque especial. Aparecida est\u00e1 se tornando uma refer\u00eancia, n\u00e3o s\u00f3 para a Igreja no Brasil, mas tamb\u00e9m a Igreja na Am\u00e9rica [&hellip;]","og_url":"https:\/\/www.oarcanjo.net\/site\/o-evangelho-de-aparecida\/","og_site_name":"O Arcanjo no ar","article_publisher":"https:\/\/www.facebook.com\/OArcanjoNoAr\/","article_published_time":"2013-10-14T13:54:11+00:00","article_modified_time":"2013-10-14T14:00:30+00:00","og_image":[{"width":300,"height":300,"url":"https:\/\/www.oarcanjo.net\/site\/wp-content\/uploads\/logo-o-arcanjo-no-ar-facebook.png","type":"image\/png"}],"author":"editor","twitter_card":"summary_large_image","twitter_misc":{"Escrito por":"editor","Est. tempo de leitura":"3 minutos"},"schema":{"@context":"https:\/\/schema.org","@graph":[{"@type":"Article","@id":"https:\/\/www.oarcanjo.net\/site\/o-evangelho-de-aparecida\/#article","isPartOf":{"@id":"https:\/\/www.oarcanjo.net\/site\/o-evangelho-de-aparecida\/"},"author":{"name":"editor","@id":"https:\/\/www.oarcanjo.net\/site\/#\/schema\/person\/f7024d007863202483a31326673a0838"},"headline":"O evangelho de Aparecida","datePublished":"2013-10-14T13:54:11+00:00","dateModified":"2013-10-14T14:00:30+00:00","mainEntityOfPage":{"@id":"https:\/\/www.oarcanjo.net\/site\/o-evangelho-de-aparecida\/"},"wordCount":633,"commentCount":0,"publisher":{"@id":"https:\/\/www.oarcanjo.net\/site\/#organization"},"keywords":["Aparecida","evangelho","Par\u00e1bola","pescadores","pobres","pobreza","Rio Para\u00edba","simplicidade"],"articleSection":["Reflex\u00f5es"],"inLanguage":"pt-BR","potentialAction":[{"@type":"CommentAction","name":"Comment","target":["https:\/\/www.oarcanjo.net\/site\/o-evangelho-de-aparecida\/#respond"]}]},{"@type":"WebPage","@id":"https:\/\/www.oarcanjo.net\/site\/o-evangelho-de-aparecida\/","url":"https:\/\/www.oarcanjo.net\/site\/o-evangelho-de-aparecida\/","name":"O evangelho de Aparecida - O Arcanjo no ar","isPartOf":{"@id":"https:\/\/www.oarcanjo.net\/site\/#website"},"datePublished":"2013-10-14T13:54:11+00:00","dateModified":"2013-10-14T14:00:30+00:00","breadcrumb":{"@id":"https:\/\/www.oarcanjo.net\/site\/o-evangelho-de-aparecida\/#breadcrumb"},"inLanguage":"pt-BR","potentialAction":[{"@type":"ReadAction","target":["https:\/\/www.oarcanjo.net\/site\/o-evangelho-de-aparecida\/"]}]},{"@type":"BreadcrumbList","@id":"https:\/\/www.oarcanjo.net\/site\/o-evangelho-de-aparecida\/#breadcrumb","itemListElement":[{"@type":"ListItem","position":1,"name":"In\u00edcio","item":"https:\/\/www.oarcanjo.net\/site\/"},{"@type":"ListItem","position":2,"name":"O evangelho de Aparecida"}]},{"@type":"WebSite","@id":"https:\/\/www.oarcanjo.net\/site\/#website","url":"https:\/\/www.oarcanjo.net\/site\/","name":"O Arcanjo no ar","description":"Site da Par\u00f3quia S\u00e3o Miguel Arcanjo (Arquidiocese de SP)","publisher":{"@id":"https:\/\/www.oarcanjo.net\/site\/#organization"},"potentialAction":[{"@type":"SearchAction","target":{"@type":"EntryPoint","urlTemplate":"https:\/\/www.oarcanjo.net\/site\/?s={search_term_string}"},"query-input":{"@type":"PropertyValueSpecification","valueRequired":true,"valueName":"search_term_string"}}],"inLanguage":"pt-BR"},{"@type":"Organization","@id":"https:\/\/www.oarcanjo.net\/site\/#organization","name":"Par\u00f3quia S\u00e3o Miguel Arcanjo","url":"https:\/\/www.oarcanjo.net\/site\/","logo":{"@type":"ImageObject","inLanguage":"pt-BR","@id":"https:\/\/www.oarcanjo.net\/site\/#\/schema\/logo\/image\/","url":"https:\/\/www.oarcanjo.net\/site\/wp-content\/uploads\/LogoOArcanjo.png","contentUrl":"https:\/\/www.oarcanjo.net\/site\/wp-content\/uploads\/LogoOArcanjo.png","width":319,"height":99,"caption":"Par\u00f3quia S\u00e3o Miguel Arcanjo"},"image":{"@id":"https:\/\/www.oarcanjo.net\/site\/#\/schema\/logo\/image\/"},"sameAs":["https:\/\/www.facebook.com\/OArcanjoNoAr\/"]},{"@type":"Person","@id":"https:\/\/www.oarcanjo.net\/site\/#\/schema\/person\/f7024d007863202483a31326673a0838","name":"editor","sameAs":["http:\/\/www.oarcanjo.net"]}]}},"publishpress_future_action":{"enabled":false,"date":"2026-05-09 01:50:04","action":"category","newStatus":"draft","terms":[],"taxonomy":"category"},"publishpress_future_workflow_manual_trigger":{"enabledWorkflows":[]},"_links":{"self":[{"href":"https:\/\/www.oarcanjo.net\/site\/wp-json\/wp\/v2\/posts\/23239"}],"collection":[{"href":"https:\/\/www.oarcanjo.net\/site\/wp-json\/wp\/v2\/posts"}],"about":[{"href":"https:\/\/www.oarcanjo.net\/site\/wp-json\/wp\/v2\/types\/post"}],"author":[{"embeddable":true,"href":"https:\/\/www.oarcanjo.net\/site\/wp-json\/wp\/v2\/users\/5"}],"replies":[{"embeddable":true,"href":"https:\/\/www.oarcanjo.net\/site\/wp-json\/wp\/v2\/comments?post=23239"}],"version-history":[{"count":0,"href":"https:\/\/www.oarcanjo.net\/site\/wp-json\/wp\/v2\/posts\/23239\/revisions"}],"wp:attachment":[{"href":"https:\/\/www.oarcanjo.net\/site\/wp-json\/wp\/v2\/media?parent=23239"}],"wp:term":[{"taxonomy":"category","embeddable":true,"href":"https:\/\/www.oarcanjo.net\/site\/wp-json\/wp\/v2\/categories?post=23239"},{"taxonomy":"post_tag","embeddable":true,"href":"https:\/\/www.oarcanjo.net\/site\/wp-json\/wp\/v2\/tags?post=23239"}],"curies":[{"name":"wp","href":"https:\/\/api.w.org\/{rel}","templated":true}]}}