
{"id":2325,"date":"2009-03-09T23:24:34","date_gmt":"2009-03-10T02:24:34","guid":{"rendered":"http:\/\/www.oarcanjo.net\/site\/?p=2325"},"modified":"2009-03-12T23:27:57","modified_gmt":"2009-03-13T02:27:57","slug":"pela-justica-e-pela-paz-no-brasil","status":"publish","type":"post","link":"https:\/\/www.oarcanjo.net\/site\/pela-justica-e-pela-paz-no-brasil\/","title":{"rendered":"Pela Justi\u00e7a e pela Paz no Brasil"},"content":{"rendered":"<p>Eduardo Guimar\u00e3es *<\/p>\n<p>A Organiza\u00e7\u00e3o N\u00e3o Governamental Movimento dos Sem M\u00eddia &#8211; MSM, entidade de direito privado constitu\u00edda juridicamente em 13 de outubro de 2007, exorta a sociedade brasileira a repudiar a perniciosa e amea\u00e7adora revis\u00e3o hist\u00f3rica perpetrada recentemente por editorial do jornal Folha de S\u00e3o Paulo, texto que relativizou a gravidade de crimes cometidos pelo Estado brasileiro entre os anos de 1964 e 1985, per\u00edodo durante o qual a Na\u00e7\u00e3o brasileira sofreu usurpa\u00e7\u00e3o de um golpe militar ilegal e inconstitucional que, por seu turno, gerou aos brasileiros conseq\u00fc\u00eancias nefandas tais como censura \u00e0 liberdade de pensamento e de express\u00e3o, pris\u00f5es arbitr\u00e1rias e crimes de tortura, de estupro e de morte, atos de terror que destru\u00edram as vidas de milh\u00f5es de brasileiros, muitos dos quais sobreviveram \u00e0quele terror e, assim, carregam at\u00e9 hoje seq\u00fcelas daquele per\u00edodo de trevas.<\/p>\n<p>No \u00e2mbito desse rep\u00fadio, cumpre \u00e0 nossa entidade tornar p\u00fablicos os pontos daquele texto jornal\u00edstico que julgamos perniciosos e ofensivos \u00e0s v\u00edtimas que tombaram e \u00e0s que sobreviveram \u00e0quele regime de for\u00e7a, que suprimiu os princ\u00edpios e mecanismos do Estado Democr\u00e1tico de Direito e as garantias, liberdades e direitos individuais e coletivos, somente restitu\u00eddos ao povo brasileiro com a edi\u00e7\u00e3o da vigente Constitui\u00e7\u00e3o Federal de outubro de 1988.<\/p>\n<p>O editorial do jornal Folha de S\u00e3o Paulo intitulado &#8220;Limites a Ch\u00e1vez&#8221; foi publicado em 17 de fevereiro deste ano. O ve\u00edculo de comunica\u00e7\u00e3o exerceu um direito \u00f3bvio e que n\u00e3o se questiona, o direito de opinar. Criticar o resultado do plebiscito recente na Venezuela ou emitir qualquer outra opini\u00e3o, portanto, jamais estimularia nossa Organiza\u00e7\u00e3o a protestar de forma t\u00e3o solene e veemente se n\u00e3o fosse a tentativa de revis\u00e3o hist\u00f3rica que afirmou que o regime dos generais-presidentes teria sido &#8220;brando&#8221;, pois tal afirmativa constituiu-se em dolorosa bofetada nos rostos dos que sobreviveram, em verdadeiro deboche dessas v\u00edtimas expresso por meio do termo jocoso &#8220;ditabranda&#8221;, corruptela do \u00fanico termo poss\u00edvel para identificar aquele regime, o termo ditadura.<\/p>\n<p>Em poucas palavras, o editorial da Folha de S\u00e3o Paulo criou teorias novas, como se ver\u00e1 em trecho a seguir. Disse a Folha de S\u00e3o Paulo: &#8220;As chamadas &#8220;ditabrandas&#8221; &#8211; caso do Brasil entre 1964 e 1985 &#8211; partiam de uma ruptura institucional e depois preservavam ou institu\u00edam formas controladas de disputa pol\u00edtica e acesso \u00e0 Justi\u00e7a&#8221;.<\/p>\n<p>O perigo e a afronta residem no eufemismo. Com efeito, o diabo est\u00e1 nos detalhes. Diga-se essa barbaridade de &#8220;acesso controlado \u00e0 Justi\u00e7a&#8221; aos que ficaram pelo caminho da m\u00e1quina opressora do Estado brasileiro de ent\u00e3o, aos que sofreram tudo que foi acima enumerado. Diga-se a eles que tiveram acesso &#8220;controlado&#8221; para buscarem repara\u00e7\u00e3o pelas viol\u00eancias que sofreram. Achem um s\u00f3 que tenha encontrado guarida e repara\u00e7\u00e3o na Justi\u00e7a, \u00e0 \u00e9poca, pelas viol\u00eancias que sofreu. E mais: diga-se isso aos que n\u00e3o sobreviveram \u00e0s a\u00e7\u00f5es arbitr\u00e1rias daquele Estado ditatorial e aos seus familiares.<\/p>\n<p>No conceito de nossa Organiza\u00e7\u00e3o, conceito este amparado no melhor Direito Universal, o que fez o jornal em quest\u00e3o foi dizer &#8220;brandos&#8221; aqueles crimes, abrindo espa\u00e7o para a prolifera\u00e7\u00e3o de mentalidades que ainda defendem publicamente m\u00e9todos excepcionais de &#8220;controle&#8221; da Cidadania e das pr\u00f3prias vidas dos cidad\u00e3os.<\/p>\n<p>Dizem os defensores da usurpa\u00e7\u00e3o do Estado Democr\u00e1tico de Direito que ocorreu naquele per\u00edodo obscuro de nossa hist\u00f3ria que havia ent\u00e3o uma &#8220;guerra&#8221; no Brasil. Uma guerra em que tantos jovens idealistas, muitas vezes pouco mais do que imberbes, sucumbiram defendendo a Constitui\u00e7\u00e3o, por sua vez violentada pelos desejos de poucos, que estupraram o desejo da maioria que delegou o Poder a um governo constitucional que a ditadura derrubou por meio de golpe de Estado.<\/p>\n<p>O Brasil daquele 1964 tinha um governo eleito pelo voto. N\u00e3o foi destitu\u00eddo por um processo democr\u00e1tico que se valeu dos mecanismos constitucionais que existiam e que poderiam ser usados se os que se opunham \u00e0quele governo acreditassem que tinham representatividade popular para fazer tais mecanismos prevalecerem. N\u00e3o. Por n\u00e3o estarem amparados pela maioria dos brasileiros, os usurpadores do Poder de Estado legalmente constitu\u00eddo em elei\u00e7\u00f5es livres e democr\u00e1ticas trataram de usar a viol\u00eancia, a sedi\u00e7\u00e3o e a ilegalidade para fazerem prevalecer suas vis\u00f5es, desejos e interesses minorit\u00e1rios, impondo-os sobre uma maioria que mais tarde seria amorda\u00e7ada e amea\u00e7ada, de forma que n\u00e3o pudesse contestar a ruptura do Estado de Direito.<\/p>\n<p>Equiparar o Estado \u00e0queles que os defensores do regime de exce\u00e7\u00e3o diziam ser &#8220;terroristas&#8221; era, \u00e9 e sempre ser\u00e1 uma aberra\u00e7\u00e3o jur\u00eddica, para economizar palavras. N\u00e3o cabe no conceito de democracia, de Estado de Direito, a hip\u00f3tese de agentes do Estado imporem supl\u00edcios f\u00edsicos desumanos e criminosos \u00e0queles dos quais desconfiavam de que n\u00e3o compartilhavam suas id\u00e9ias totalit\u00e1rias.<\/p>\n<p>O que torna mais dram\u00e1tica essa revis\u00e3o afrontosa daquele per\u00edodo da hist\u00f3ria \u00e9 que o jornal Folha de S\u00e3o Paulo n\u00e3o se contentou s\u00f3 com ela. Diante dos protestos de dois dos expoentes mais respeitados da intelectualidade brasileira tanto no Brasil quanto no exterior, a professora Maria Vict\u00f3ria Benevides e o professor F\u00e1bio Konder Comparato, o jornal tratou de insult\u00e1-los de forma virulenta, qualificando-os como &#8220;c\u00ednicos e mentirosos&#8221;, claramente tripudiando da indigna\u00e7\u00e3o dos justos ante absurdo t\u00e3o rematado quanto o acima descrito.<\/p>\n<p>Nem as poucas opini\u00f5es contr\u00e1rias que o jornal permitiu que fossem vistas em suas p\u00e1ginas opinativas, sempre de forma t\u00e3o &#8220;controlada&#8221; quanto afirmou antes que fazia a sua &#8220;ditabranda&#8221;, puderam minorar a dor dos sobreviventes dos Anos de Chumbo, e tampouco fizeram a justi\u00e7a necess\u00e1ria \u00e0 mem\u00f3ria das v\u00edtimas fatais da ditadura cruel que vigeu naquele per\u00edodo triste da hist\u00f3ria deste Pa\u00eds.<\/p>\n<p>Tanta injusti\u00e7a, desrespeito, deboche talvez encontre &#8220;explica\u00e7\u00e3o&#8221; quando se analisa o papel exercido pelo jornal contra o qual protestamos durante boa parte do tempo em que a ditadura militar oprimiu esta Na\u00e7\u00e3o.<\/p>\n<p>Em obra liter\u00e1ria de autoria de um colaborador desse meio de comunica\u00e7\u00e3o, do jornalista Elio Gaspari, intitulada &#8220;A Ditadura Escancarada&#8221;, figura acusa\u00e7\u00e3o ao jornal Folha de S\u00e3o Paulo que este jamais rebateu de forma adequada e p\u00fablica, a acusa\u00e7\u00e3o de que cedeu ve\u00edculos \u00e0 sua &#8220;ditabranda&#8221; para o transporte de presos pol\u00edticos.<\/p>\n<p>Mas \u00e9 em editorial desse grupo empresarial publicado em 22 de setembro de 1971, no auge da ditadura, que transparecem as rela\u00e7\u00f5es de ent\u00e3o entre a m\u00eddia e o regime. Diz aquele editorial pret\u00e9rito t\u00e3o nefasto quanto o editorial mais recente, sendo ambos do grupo empresarial de comunica\u00e7\u00e3o da fam\u00edlia Frias:<\/p>\n<p>&#8220;Como o pior cego \u00e9 o que n\u00e3o quer ver, o pior do terrorismo \u00e9 n\u00e3o compreender que no Brasil n\u00e3o h\u00e1 lugar para ele. Nunca ouve. E de maneira especial n\u00e3o h\u00e1 hoje, quando um governo s\u00e9rio, respons\u00e1vel, respeit\u00e1vel e com indiscut\u00edvel apoio popular, est\u00e1 levando o Brasil pelos seguros caminhos do desenvolvimento com justi\u00e7a social &#8211; realidade que nenhum brasileiro l\u00facido pode negar, e que o mundo todo reconhece e proclama. O pa\u00eds, enfim, de onde a subvers\u00e3o &#8211; que se alimenta do \u00f3dio e cultiva a viol\u00eancia &#8211; est\u00e1 sendo definitivamente erradicada, com o decidido apoio do povo e da imprensa, que reflete o sentimento deste.&#8221; Oct\u00e1vio Frias de Oliveira, 22 de setembro de 1971&#8243;.<\/p>\n<p>Apesar desse documento hist\u00f3rico com dia, m\u00eas e ano, e que pode ser encontrado nos arquivos desse grupo empresarial de comunica\u00e7\u00e3o, apesar desse documento que mostra faceta do jornal Folha de S\u00e3o Paulo que ele teima em n\u00e3o reconhecer e que certamente n\u00e3o quer ver conhecido por seu p\u00fablico atual talvez por ter vergonha de seu passado, sua alega\u00e7\u00e3o contempor\u00e2nea \u00e9 a de que &#8220;combateu&#8221; a ditadura que aquele editorial, assinado por seu propriet\u00e1rio de ent\u00e3o, qualificava como &#8220;s\u00e9ria, respons\u00e1vel, respeit\u00e1vel e com indiscut\u00edvel apoio popular&#8221;.<\/p>\n<p>N\u00e3o se consegue entender como a Folha de S\u00e3o Paulo, ent\u00e3o, media o &#8220;apoio popular&#8221; \u00e0 ditadura, pois n\u00e3o havia elei\u00e7\u00f5es livres ou mesmo pesquisas sobre a popularidade dos ditadores. Era, pois, uma inven\u00e7\u00e3o a tese de que a ditadura estaria &#8220;levando o Brasil pelos seguros caminhos do desenvolvimento com justi\u00e7a social&#8221;,  porque, \u00e0 luz do conhecimento hist\u00f3rico daquele per\u00edodo, o que se sabe \u00e9 que o que gerou foi concentra\u00e7\u00e3o de renda, ou seja, empobrecimento dos mais pobres e enriquecimento dos mais ricos.<\/p>\n<p>No dia em que o editorial profano mais recente foi lido pelos Sem M\u00eddia, o que nos veio \u00e0s mentes foram as palavras imortais do ativista negro norte-americano doutor Martin Luther King que pregaram, h\u00e1 tantas d\u00e9cadas, a conduta dos democratas diante dos violadores da democracia: &#8220;O que preocupa n\u00e3o s\u00e3o os gritos dos maus, mas o sil\u00eancio dos bons&#8221;. E \u00e9 por isso que estamos aqui hoje, porque a sociedade civil n\u00e3o aceita e n\u00e3o ficar\u00e1 inerte assistindo a defesa velada de uma ditadura e a tentativa de vender a tese de que ela foi menos do que ilegal, imoral e terrivelmente dura, tendo sido tudo, menos &#8220;branda&#8221;.<\/p>\n<p>S\u00e3o Paulo, 7 de mar\u00e7o de 2009<\/p>\n<p>* Presidente da ONG Movimento dos Sem M\u00eddia &#8211; MSM<\/p>\n<div id=\"themify_builder_content-2325\" data-postid=\"2325\" class=\"themify_builder_content themify_builder_content-2325 themify_builder themify_builder_front\">\n\t<\/div>\n<!-- \/themify_builder_content -->","protected":false},"excerpt":{"rendered":"<p>Eduardo Guimar\u00e3es * A Organiza\u00e7\u00e3o N\u00e3o Governamental Movimento dos Sem M\u00eddia &#8211; MSM, entidade de direito privado constitu\u00edda juridicamente em 13 de outubro de 2007, exorta a sociedade brasileira a repudiar a perniciosa e amea\u00e7adora revis\u00e3o hist\u00f3rica perpetrada recentemente por editorial do jornal Folha de S\u00e3o Paulo, texto que relativizou a gravidade de crimes cometidos [&hellip;]<\/p>\n","protected":false},"author":5,"featured_media":0,"comment_status":"open","ping_status":"open","sticky":false,"template":"","format":"standard","meta":{"ngg_post_thumbnail":0,"footnotes":""},"categories":[8],"tags":[335,288,182,196],"yoast_head":"<!-- This site is optimized with the Yoast SEO plugin v23.5 - https:\/\/yoast.com\/wordpress\/plugins\/seo\/ -->\n<title>Pela Justi\u00e7a e pela Paz no Brasil - O Arcanjo no ar<\/title>\n<meta name=\"robots\" content=\"index, follow, max-snippet:-1, max-image-preview:large, max-video-preview:-1\" \/>\n<link rel=\"canonical\" href=\"https:\/\/www.oarcanjo.net\/site\/pela-justica-e-pela-paz-no-brasil\/\" \/>\n<meta property=\"og:locale\" content=\"pt_BR\" \/>\n<meta property=\"og:type\" content=\"article\" \/>\n<meta property=\"og:title\" content=\"Pela Justi\u00e7a e pela Paz no Brasil - O Arcanjo no ar\" \/>\n<meta property=\"og:description\" content=\"Eduardo Guimar\u00e3es * A Organiza\u00e7\u00e3o N\u00e3o Governamental Movimento dos Sem M\u00eddia &#8211; MSM, entidade de direito privado constitu\u00edda juridicamente em 13 de outubro de 2007, exorta a sociedade brasileira a repudiar a perniciosa e amea\u00e7adora revis\u00e3o hist\u00f3rica perpetrada recentemente por editorial do jornal Folha de S\u00e3o Paulo, texto que relativizou a gravidade de crimes cometidos [&hellip;]\" \/>\n<meta property=\"og:url\" content=\"https:\/\/www.oarcanjo.net\/site\/pela-justica-e-pela-paz-no-brasil\/\" \/>\n<meta property=\"og:site_name\" content=\"O Arcanjo no ar\" \/>\n<meta property=\"article:publisher\" content=\"https:\/\/www.facebook.com\/OArcanjoNoAr\/\" \/>\n<meta property=\"article:published_time\" content=\"2009-03-10T02:24:34+00:00\" \/>\n<meta property=\"article:modified_time\" content=\"2009-03-13T02:27:57+00:00\" \/>\n<meta property=\"og:image\" content=\"https:\/\/www.oarcanjo.net\/site\/wp-content\/uploads\/logo-o-arcanjo-no-ar-facebook.png\" \/>\n\t<meta property=\"og:image:width\" content=\"300\" \/>\n\t<meta property=\"og:image:height\" content=\"300\" \/>\n\t<meta property=\"og:image:type\" content=\"image\/png\" \/>\n<meta name=\"author\" content=\"editor\" \/>\n<meta name=\"twitter:card\" content=\"summary_large_image\" \/>\n<meta name=\"twitter:label1\" content=\"Escrito por\" \/>\n\t<meta name=\"twitter:data1\" content=\"editor\" \/>\n\t<meta name=\"twitter:label2\" content=\"Est. tempo de leitura\" \/>\n\t<meta name=\"twitter:data2\" content=\"8 minutos\" \/>\n<script type=\"application\/ld+json\" class=\"yoast-schema-graph\">{\"@context\":\"https:\/\/schema.org\",\"@graph\":[{\"@type\":\"Article\",\"@id\":\"https:\/\/www.oarcanjo.net\/site\/pela-justica-e-pela-paz-no-brasil\/#article\",\"isPartOf\":{\"@id\":\"https:\/\/www.oarcanjo.net\/site\/pela-justica-e-pela-paz-no-brasil\/\"},\"author\":{\"name\":\"editor\",\"@id\":\"https:\/\/www.oarcanjo.net\/site\/#\/schema\/person\/f7024d007863202483a31326673a0838\"},\"headline\":\"Pela Justi\u00e7a e pela Paz no Brasil\",\"datePublished\":\"2009-03-10T02:24:34+00:00\",\"dateModified\":\"2009-03-13T02:27:57+00:00\",\"mainEntityOfPage\":{\"@id\":\"https:\/\/www.oarcanjo.net\/site\/pela-justica-e-pela-paz-no-brasil\/\"},\"wordCount\":1618,\"commentCount\":0,\"publisher\":{\"@id\":\"https:\/\/www.oarcanjo.net\/site\/#organization\"},\"keywords\":[\"ditadura\",\"Imprensa\",\"meios de comunica\u00e7\u00e3o\",\"m\u00eddia\"],\"articleSection\":[\"Not\u00edcias\"],\"inLanguage\":\"pt-BR\",\"potentialAction\":[{\"@type\":\"CommentAction\",\"name\":\"Comment\",\"target\":[\"https:\/\/www.oarcanjo.net\/site\/pela-justica-e-pela-paz-no-brasil\/#respond\"]}]},{\"@type\":\"WebPage\",\"@id\":\"https:\/\/www.oarcanjo.net\/site\/pela-justica-e-pela-paz-no-brasil\/\",\"url\":\"https:\/\/www.oarcanjo.net\/site\/pela-justica-e-pela-paz-no-brasil\/\",\"name\":\"Pela Justi\u00e7a e pela Paz no Brasil - O Arcanjo no ar\",\"isPartOf\":{\"@id\":\"https:\/\/www.oarcanjo.net\/site\/#website\"},\"datePublished\":\"2009-03-10T02:24:34+00:00\",\"dateModified\":\"2009-03-13T02:27:57+00:00\",\"breadcrumb\":{\"@id\":\"https:\/\/www.oarcanjo.net\/site\/pela-justica-e-pela-paz-no-brasil\/#breadcrumb\"},\"inLanguage\":\"pt-BR\",\"potentialAction\":[{\"@type\":\"ReadAction\",\"target\":[\"https:\/\/www.oarcanjo.net\/site\/pela-justica-e-pela-paz-no-brasil\/\"]}]},{\"@type\":\"BreadcrumbList\",\"@id\":\"https:\/\/www.oarcanjo.net\/site\/pela-justica-e-pela-paz-no-brasil\/#breadcrumb\",\"itemListElement\":[{\"@type\":\"ListItem\",\"position\":1,\"name\":\"In\u00edcio\",\"item\":\"https:\/\/www.oarcanjo.net\/site\/\"},{\"@type\":\"ListItem\",\"position\":2,\"name\":\"Pela Justi\u00e7a e pela Paz no Brasil\"}]},{\"@type\":\"WebSite\",\"@id\":\"https:\/\/www.oarcanjo.net\/site\/#website\",\"url\":\"https:\/\/www.oarcanjo.net\/site\/\",\"name\":\"O Arcanjo no ar\",\"description\":\"Site da Par\u00f3quia S\u00e3o Miguel Arcanjo (Arquidiocese de SP)\",\"publisher\":{\"@id\":\"https:\/\/www.oarcanjo.net\/site\/#organization\"},\"potentialAction\":[{\"@type\":\"SearchAction\",\"target\":{\"@type\":\"EntryPoint\",\"urlTemplate\":\"https:\/\/www.oarcanjo.net\/site\/?s={search_term_string}\"},\"query-input\":{\"@type\":\"PropertyValueSpecification\",\"valueRequired\":true,\"valueName\":\"search_term_string\"}}],\"inLanguage\":\"pt-BR\"},{\"@type\":\"Organization\",\"@id\":\"https:\/\/www.oarcanjo.net\/site\/#organization\",\"name\":\"Par\u00f3quia S\u00e3o Miguel Arcanjo\",\"url\":\"https:\/\/www.oarcanjo.net\/site\/\",\"logo\":{\"@type\":\"ImageObject\",\"inLanguage\":\"pt-BR\",\"@id\":\"https:\/\/www.oarcanjo.net\/site\/#\/schema\/logo\/image\/\",\"url\":\"https:\/\/www.oarcanjo.net\/site\/wp-content\/uploads\/LogoOArcanjo.png\",\"contentUrl\":\"https:\/\/www.oarcanjo.net\/site\/wp-content\/uploads\/LogoOArcanjo.png\",\"width\":319,\"height\":99,\"caption\":\"Par\u00f3quia S\u00e3o Miguel Arcanjo\"},\"image\":{\"@id\":\"https:\/\/www.oarcanjo.net\/site\/#\/schema\/logo\/image\/\"},\"sameAs\":[\"https:\/\/www.facebook.com\/OArcanjoNoAr\/\"]},{\"@type\":\"Person\",\"@id\":\"https:\/\/www.oarcanjo.net\/site\/#\/schema\/person\/f7024d007863202483a31326673a0838\",\"name\":\"editor\",\"sameAs\":[\"http:\/\/www.oarcanjo.net\"]}]}<\/script>\n<!-- \/ Yoast SEO plugin. -->","yoast_head_json":{"title":"Pela Justi\u00e7a e pela Paz no Brasil - O Arcanjo no ar","robots":{"index":"index","follow":"follow","max-snippet":"max-snippet:-1","max-image-preview":"max-image-preview:large","max-video-preview":"max-video-preview:-1"},"canonical":"https:\/\/www.oarcanjo.net\/site\/pela-justica-e-pela-paz-no-brasil\/","og_locale":"pt_BR","og_type":"article","og_title":"Pela Justi\u00e7a e pela Paz no Brasil - O Arcanjo no ar","og_description":"Eduardo Guimar\u00e3es * A Organiza\u00e7\u00e3o N\u00e3o Governamental Movimento dos Sem M\u00eddia &#8211; MSM, entidade de direito privado constitu\u00edda juridicamente em 13 de outubro de 2007, exorta a sociedade brasileira a repudiar a perniciosa e amea\u00e7adora revis\u00e3o hist\u00f3rica perpetrada recentemente por editorial do jornal Folha de S\u00e3o Paulo, texto que relativizou a gravidade de crimes cometidos [&hellip;]","og_url":"https:\/\/www.oarcanjo.net\/site\/pela-justica-e-pela-paz-no-brasil\/","og_site_name":"O Arcanjo no ar","article_publisher":"https:\/\/www.facebook.com\/OArcanjoNoAr\/","article_published_time":"2009-03-10T02:24:34+00:00","article_modified_time":"2009-03-13T02:27:57+00:00","og_image":[{"width":300,"height":300,"url":"https:\/\/www.oarcanjo.net\/site\/wp-content\/uploads\/logo-o-arcanjo-no-ar-facebook.png","type":"image\/png"}],"author":"editor","twitter_card":"summary_large_image","twitter_misc":{"Escrito por":"editor","Est. tempo de leitura":"8 minutos"},"schema":{"@context":"https:\/\/schema.org","@graph":[{"@type":"Article","@id":"https:\/\/www.oarcanjo.net\/site\/pela-justica-e-pela-paz-no-brasil\/#article","isPartOf":{"@id":"https:\/\/www.oarcanjo.net\/site\/pela-justica-e-pela-paz-no-brasil\/"},"author":{"name":"editor","@id":"https:\/\/www.oarcanjo.net\/site\/#\/schema\/person\/f7024d007863202483a31326673a0838"},"headline":"Pela Justi\u00e7a e pela Paz no Brasil","datePublished":"2009-03-10T02:24:34+00:00","dateModified":"2009-03-13T02:27:57+00:00","mainEntityOfPage":{"@id":"https:\/\/www.oarcanjo.net\/site\/pela-justica-e-pela-paz-no-brasil\/"},"wordCount":1618,"commentCount":0,"publisher":{"@id":"https:\/\/www.oarcanjo.net\/site\/#organization"},"keywords":["ditadura","Imprensa","meios de comunica\u00e7\u00e3o","m\u00eddia"],"articleSection":["Not\u00edcias"],"inLanguage":"pt-BR","potentialAction":[{"@type":"CommentAction","name":"Comment","target":["https:\/\/www.oarcanjo.net\/site\/pela-justica-e-pela-paz-no-brasil\/#respond"]}]},{"@type":"WebPage","@id":"https:\/\/www.oarcanjo.net\/site\/pela-justica-e-pela-paz-no-brasil\/","url":"https:\/\/www.oarcanjo.net\/site\/pela-justica-e-pela-paz-no-brasil\/","name":"Pela Justi\u00e7a e pela Paz no Brasil - O Arcanjo no ar","isPartOf":{"@id":"https:\/\/www.oarcanjo.net\/site\/#website"},"datePublished":"2009-03-10T02:24:34+00:00","dateModified":"2009-03-13T02:27:57+00:00","breadcrumb":{"@id":"https:\/\/www.oarcanjo.net\/site\/pela-justica-e-pela-paz-no-brasil\/#breadcrumb"},"inLanguage":"pt-BR","potentialAction":[{"@type":"ReadAction","target":["https:\/\/www.oarcanjo.net\/site\/pela-justica-e-pela-paz-no-brasil\/"]}]},{"@type":"BreadcrumbList","@id":"https:\/\/www.oarcanjo.net\/site\/pela-justica-e-pela-paz-no-brasil\/#breadcrumb","itemListElement":[{"@type":"ListItem","position":1,"name":"In\u00edcio","item":"https:\/\/www.oarcanjo.net\/site\/"},{"@type":"ListItem","position":2,"name":"Pela Justi\u00e7a e pela Paz no Brasil"}]},{"@type":"WebSite","@id":"https:\/\/www.oarcanjo.net\/site\/#website","url":"https:\/\/www.oarcanjo.net\/site\/","name":"O Arcanjo no ar","description":"Site da Par\u00f3quia S\u00e3o Miguel Arcanjo (Arquidiocese de SP)","publisher":{"@id":"https:\/\/www.oarcanjo.net\/site\/#organization"},"potentialAction":[{"@type":"SearchAction","target":{"@type":"EntryPoint","urlTemplate":"https:\/\/www.oarcanjo.net\/site\/?s={search_term_string}"},"query-input":{"@type":"PropertyValueSpecification","valueRequired":true,"valueName":"search_term_string"}}],"inLanguage":"pt-BR"},{"@type":"Organization","@id":"https:\/\/www.oarcanjo.net\/site\/#organization","name":"Par\u00f3quia S\u00e3o Miguel Arcanjo","url":"https:\/\/www.oarcanjo.net\/site\/","logo":{"@type":"ImageObject","inLanguage":"pt-BR","@id":"https:\/\/www.oarcanjo.net\/site\/#\/schema\/logo\/image\/","url":"https:\/\/www.oarcanjo.net\/site\/wp-content\/uploads\/LogoOArcanjo.png","contentUrl":"https:\/\/www.oarcanjo.net\/site\/wp-content\/uploads\/LogoOArcanjo.png","width":319,"height":99,"caption":"Par\u00f3quia S\u00e3o Miguel Arcanjo"},"image":{"@id":"https:\/\/www.oarcanjo.net\/site\/#\/schema\/logo\/image\/"},"sameAs":["https:\/\/www.facebook.com\/OArcanjoNoAr\/"]},{"@type":"Person","@id":"https:\/\/www.oarcanjo.net\/site\/#\/schema\/person\/f7024d007863202483a31326673a0838","name":"editor","sameAs":["http:\/\/www.oarcanjo.net"]}]}},"publishpress_future_action":{"enabled":false,"date":"2026-05-08 21:00:11","action":"category","newStatus":"draft","terms":[],"taxonomy":"category"},"publishpress_future_workflow_manual_trigger":{"enabledWorkflows":[]},"_links":{"self":[{"href":"https:\/\/www.oarcanjo.net\/site\/wp-json\/wp\/v2\/posts\/2325"}],"collection":[{"href":"https:\/\/www.oarcanjo.net\/site\/wp-json\/wp\/v2\/posts"}],"about":[{"href":"https:\/\/www.oarcanjo.net\/site\/wp-json\/wp\/v2\/types\/post"}],"author":[{"embeddable":true,"href":"https:\/\/www.oarcanjo.net\/site\/wp-json\/wp\/v2\/users\/5"}],"replies":[{"embeddable":true,"href":"https:\/\/www.oarcanjo.net\/site\/wp-json\/wp\/v2\/comments?post=2325"}],"version-history":[{"count":0,"href":"https:\/\/www.oarcanjo.net\/site\/wp-json\/wp\/v2\/posts\/2325\/revisions"}],"wp:attachment":[{"href":"https:\/\/www.oarcanjo.net\/site\/wp-json\/wp\/v2\/media?parent=2325"}],"wp:term":[{"taxonomy":"category","embeddable":true,"href":"https:\/\/www.oarcanjo.net\/site\/wp-json\/wp\/v2\/categories?post=2325"},{"taxonomy":"post_tag","embeddable":true,"href":"https:\/\/www.oarcanjo.net\/site\/wp-json\/wp\/v2\/tags?post=2325"}],"curies":[{"name":"wp","href":"https:\/\/api.w.org\/{rel}","templated":true}]}}