
{"id":2327,"date":"2009-03-12T23:36:58","date_gmt":"2009-03-13T02:36:58","guid":{"rendered":"http:\/\/www.oarcanjo.net\/site\/?p=2327"},"modified":"2009-03-12T23:36:58","modified_gmt":"2009-03-13T02:36:58","slug":"novena-a-sao-jose","status":"publish","type":"post","link":"https:\/\/www.oarcanjo.net\/site\/novena-a-sao-jose\/","title":{"rendered":"Novena a S\u00e3o Jos\u00e9"},"content":{"rendered":"<p>\u2014 1\u00ba dia \u2014<br \/>\nS. Jos\u00e9, Pai Nutr\u00edcio de Jesus<\/p>\n<p>Amabil\u00edssimo S\u00e3o Jos\u00e9, que tivestes a honra de alimentar, educar e abra\u00e7ar o Messias, a Quem tantos profetas e reis desejaram ver e n\u00e3o viram: obtende-me, com o perd\u00e3o das minhas culpas, a gra\u00e7a da ora\u00e7\u00e3o humilde e confiante que tudo alcan\u00e7a de Deus. Acolhei com bondade paternal os pedidos que vos fa\u00e7o nesta Novena&#8230; e apresentai-os a Jesus que se dignou de obedecer-vos na terra. Am\u00e9m.<br \/>\nRogai por n\u00f3s, S\u00e3o Jos\u00e9, Pai Nutr\u00edcio de Jesus.<br \/>\nPara que sejamos dignos das promessas de Cristo!<\/p>\n<p>OREMOS! \u00d3 Deus que por uma inef\u00e1vel Provid\u00eancia Vos dignastes escolher o bem-aventurado S\u00e3o Jos\u00e9 para Esposo de vossa M\u00e3e Sant\u00edssima: concedei-nos que aquele mesmo que na terra veneramos como Protetor, mere\u00e7amos t\u00ea-lo no c\u00e9u por nosso Intercessor. V\u00f3s que viveis e reinais por todos os s\u00e9culos dos s\u00e9culos. Am\u00e9m.<\/p>\n<p>\u2014 2\u00ba dia \u2014<br \/>\nS. Jos\u00e9, Esposo da M\u00e3e de Deus<\/p>\n<p>S\u00e3o Jos\u00e9, cast\u00edssimo Esposo M\u00e3e de Deus e Guarda fiel de sua virgindade: obtende-me por Maria a pureza do corpo e da alma e a vit\u00f3ria em todas as tenta\u00e7\u00f5es e dificuldades. Recomendo\u2013vos tamb\u00e9m os esposos crist\u00e3os para que unidos com sincero amor e fortalecidos pela gra\u00e7a se amparem mutuamente nos sofrimentos e tribula\u00e7\u00f5es da vida. Amem.<br \/>\nRogai por n\u00f3s S\u00e3o Jos\u00e9, Esposo da M\u00e3e de Deus:<br \/>\nPara que sejamos dignos das promessas de Cristo!<\/p>\n<p>OREMOS! \u00d3 Deus que por uma inef\u00e1vel Provid\u00eancia Vos dignastes escolher o bem-aventurado S\u00e3o Jos\u00e9 para Esposo de vossa M\u00e3e Sant\u00edssima: concedei-nos que aquele mesmo que na terra veneramos como Protetor, mere\u00e7amos t\u00ea-lo no c\u00e9u por nosso Intercessor. V\u00f3s que viveis e reinais por todos os s\u00e9culos dos s\u00e9culos. Am\u00e9m.<\/p>\n<p>\u2014 3\u00ba dia \u2014<br \/>\nS. Jos\u00e9, Chefe da Sagrada Fam\u00edlia<\/p>\n<p>Glorioso S\u00e3o Jos\u00e9, que gozastes durante tantos anos da presen\u00e7a e filial afei\u00e7\u00e3o de Jesus, a Quem tivestes a dita de alimentar e vestir, juntamente com vossa Sant\u00edssima Esposa: eu vos suplico me alcanceis o dom inef\u00e1vel de sempre viver em uni\u00e3o com Deus pela gra\u00e7a santificante. Obtende tamb\u00e9m para os pais crist\u00e3os a gra\u00e7a do fiel cumprimento de seus graves deveres de educadores e, aos filhos, o respeito e a obedi\u00eancia segundo o exemplo do Menino Jesus. Am\u00e9m.<br \/>\nRogai por n\u00f3s, S\u00e3o Jos\u00e9 Chefe da Sagrada Fam\u00edlia<br \/>\nPara que sejamos dignos das promessas de Cristo!<\/p>\n<p>OREMOS! \u00d3 Deus que por uma inef\u00e1vel Provid\u00eancia Vos dignastes escolher o bem-aventurado S\u00e3o Jos\u00e9 para Esposo de vossa M\u00e3e Sant\u00edssima: concedei-nos que aquele mesmo que na terra veneramos como Protetor, mere\u00e7amos t\u00ea-lo no c\u00e9u por nosso Intercessor. V\u00f3s que viveis e reinais por todos os s\u00e9culos dos s\u00e9culos. Am\u00e9m.<\/p>\n<p>\u2014  4\u00ba dia \u2014<br \/>\nS. Jos\u00e9, Exemplo de Fidelidade<\/p>\n<p>Fidel\u00edssimo S\u00e3o Jos\u00e9, que nos destes t\u00e3o belo exemplo no fiel cumprimento de vossos deveres de Protetor da Sant\u00edssima Virgem e de Pai Nutr\u00edcio do Redentor: rogo-vos me obtenhais a gra\u00e7a de imitar o vosso exemplo na fidelidade a todos os deveres do meu estado de vida. Ajudai-me a ser fiel nas coisas pequenas para o ser tamb\u00e9m nas grandes Alcan\u00e7ai essa mesma gra\u00e7a para todos que me s\u00e3o caros nesta vida, a fim de chegarmos a gozar no c\u00e9u o pr\u00eamio prometido aos que forem fi\u00e9is at\u00e9 a morte. Am\u00e9m.<br \/>\nRogai por n\u00f3s, S\u00e3o Jos\u00e9, Exemplo de Fidelidade;<br \/>\nPara que sejamos dignos das promessas de Cristo!<\/p>\n<p>OREMOS! \u00d3 Deus que por uma inef\u00e1vel Provid\u00eancia Vos dignastes escolher o bem-aventurado S\u00e3o Jos\u00e9 para Esposo de vossa M\u00e3e Sant\u00edssima: concedei-nos que aquele mesmo que na terra veneramos como Protetor, mere\u00e7amos t\u00ea-lo no c\u00e9u por nosso Intercessor. V\u00f3s que viveis e reinais por todos os s\u00e9culos dos s\u00e9culos. Am\u00e9m.<\/p>\n<p>\u2014 5\u00ba dia \u2014<br \/>\nS. Jos\u00e9, Espelho de Paci\u00eancia<\/p>\n<p>Bondoso S\u00e3o Jos\u00e9 que suportastes com her\u00f3ica paci\u00eancia as prova\u00e7\u00f5es e adversidades na viagem a Bel\u00e9m, na fuga para o Egito e durante a vida oculta em Nazar\u00e9 e me destes o exemplo de admir\u00e1vel conformidade com a vontade de Deus: obtende-me a virtude da paci\u00eancia nas dificuldades de cada dia. Alcan\u00e7ai tamb\u00e9m invenc\u00edvel paci\u00eancia a todos que suportam pesadas cruzes, a fim de que se unam sempre mais a Jesus divino modelo de mansid\u00e3o e paci\u00eancia Am\u00e9m.<br \/>\nRogai por n\u00f3s S\u00e3o Jos\u00e9, Espelho de Paci\u00eancia:<br \/>\nPara que sejamos dignos das promessas de Cristo!<\/p>\n<p>OREMOS! \u00d3 Deus que por uma inef\u00e1vel Provid\u00eancia Vos dignastes escolher o bem-aventurado S\u00e3o Jos\u00e9 para Esposo de vossa M\u00e3e Sant\u00edssima: concedei-nos que aquele mesmo que na terra veneramos como Protetor, mere\u00e7amos t\u00ea-lo no c\u00e9u por nosso Intercessor. V\u00f3s que viveis e reinais por todos os s\u00e9culos dos s\u00e9culos. Am\u00e9m.<\/p>\n<p>\u2014 6\u00ba dia \u2014<br \/>\nS. Jos\u00e9, Modelo dos Oper\u00e1rios<\/p>\n<p>Humilde S\u00e3o Jos\u00e9, que, vivendo em pobreza. dignificastes a vossa profiss\u00e3o pelo trabalho constante e vos sentistes feliz em servir a Jesus e Maria com o fruto de vossos suores: alcan\u00e7ai-me amor ao trabalho, que me foi imposto como dever de estado, procurando cumprir nisto sempre a vontade de Deus. Protegei os lares dos Oper\u00e1rios do Brasil contra as influ\u00eancias nefastas dos inimigos de Cristo e da Santa Igreja. Obtende-lhes a gra\u00e7a de santificarem o seu trabalho pela reta inten\u00e7\u00e3o em tudo conformados com os des\u00edgnios da Divina Provid\u00eancia. Am\u00e9m.<br \/>\nRogai por n\u00f3s, S\u00e3o Jos\u00e9, Modelo dos Oper\u00e1rios;<br \/>\nPara que sejamos dignos das promessas de Cristo!<\/p>\n<p>OREMOS! \u00d3 Deus que por uma inef\u00e1vel Provid\u00eancia Vos dignastes escolher o bem-aventurado S\u00e3o Jos\u00e9 para Esposo de vossa M\u00e3e Sant\u00edssima: concedei-nos que aquele mesmo que na terra veneramos como Protetor, mere\u00e7amos t\u00ea-lo no c\u00e9u por nosso Intercessor. V\u00f3s que viveis e reinais por todos os s\u00e9culos dos s\u00e9culos. Am\u00e9m.<\/p>\n<p>\u2014 7\u00ba dia \u2014<br \/>\nS. Jos\u00e9, Protetor da Santa Igreja<\/p>\n<p>Glorioso Patriarca S\u00e3o Jos\u00e9, Protetor e Padroeiro da Igreja Universal : obtende-me a gra\u00e7a de amar a Igreja como M\u00e3e e de a honrar como verdadeiro disc\u00edpulo de Cristo. Rogo-vos que veleis sobre o Seu Corpo M\u00edstico, como outrora velastes sobre Jesus e Maria. Protegei o Santo Padre e os Bispos, os Sacerdotes e os Religiosos. Alcan\u00e7ai-lhes santidade de vida e efic\u00e1cia no apostolado. Guardai a inoc\u00eancia da inf\u00e2ncia a castidade da juventude a honestidade do lar, o ordem e paz da Sociedade. Am\u00e9m.<br \/>\nRogai por n\u00f3s, S\u00e3o Jos\u00e9, Protetor da Santa Igreja;<br \/>\nPara que sejamos dignos das promessas de Cristo!<\/p>\n<p>OREMOS! \u00d3 Deus que por uma inef\u00e1vel Provid\u00eancia Vos dignastes escolher o bem-aventurado S\u00e3o Jos\u00e9 para Esposo de vossa M\u00e3e Sant\u00edssima: concedei-nos que aquele mesmo que na terra veneramos como Protetor, mere\u00e7amos t\u00ea-lo no c\u00e9u por nosso Intercessor. V\u00f3s que viveis e reinais por todos os s\u00e9culos dos s\u00e9culos. Am\u00e9m.<\/p>\n<p>\u2014  8\u00ba dia \u2014<br \/>\nS. Jos\u00e9, Esperan\u00e7a dos Enfermos<\/p>\n<p>Compassivo S\u00e3o Jos\u00e9, esperan\u00e7a dos doentes e necessitados: valei me em todas as enfermidades e tribula\u00e7\u00f5es alcan\u00e7ando-me plena conformidade com os admir\u00e1veis des\u00edgnios de Deus. Obtende-me tamb\u00e9m para mim e para todos, pelos quais rezo nesta Novena, a cura das enfermidades espirituais que s\u00e3o as paix\u00f5es desordenadas, fraquezas, faltas e pecados e protegei-nos contra as tenta\u00e7\u00f5es do inimigo da nossa salva\u00e7\u00e3o am\u00e9m.<br \/>\nRogai por n\u00f3s, S\u00e3o Jos\u00e9, Esperan\u00e7a dos Enfermos;<br \/>\nPara que sejamos dignos das promessas de Cristo!<\/p>\n<p>OREMOS! \u00d3 Deus que por uma inef\u00e1vel Provid\u00eancia Vos dignastes escolher o bem-aventurado S\u00e3o Jos\u00e9 para Esposo de vossa M\u00e3e Sant\u00edssima: concedei-nos que aquele mesmo que na terra veneramos como Protetor, mere\u00e7amos t\u00ea-lo no c\u00e9u por nosso Intercessor. V\u00f3s que viveis e reinais por todos os s\u00e9culos dos s\u00e9culos. Am\u00e9m.<\/p>\n<p>\u2014 9\u00ba dia \u2014<br \/>\nS. Jos\u00e9, Padroeiro dos Moribundos<\/p>\n<p>Ditoso S\u00e3o Jos\u00e9 que, morrendo nos bra\u00e7os de Jesus e Maria, partistes deste mundo ornado de  Virtudes e enriquecido de m\u00e9ritos: Assisti-me na hora suprema e decisiva da minha vida contra os ataques do poder infernal. Obtende-me a gra\u00e7a de morrer confortado com os santos Sacramentos, necess\u00e1rios para a minha salva\u00e7\u00e3o. Tendo compaix\u00e3o de todos os agonizantes. alcan\u00e7ando-lhes a gra\u00e7a da salva\u00e7\u00e3o por interm\u00e9dio de Maria, vossa Sant\u00edssima Esposa. Am\u00e9m.<br \/>\nRogai por n\u00f3s, S\u00e3o Jos\u00e9, Padroeiro dos Moribundos<br \/>\nPara que sejamos dignos das promessas de Cristo!<br \/>\nOREMOS! \u00d3 Deus que por uma inef\u00e1vel Provid\u00eancia Vos dignastes escolher o bem-aventurado S\u00e3o Jos\u00e9 para Esposo de vossa M\u00e3e Sant\u00edssima: concedei-nos que aquele mesmo que na terra veneramos como Protetor, mere\u00e7amos t\u00ea-lo no c\u00e9u por nosso Intercessor. V\u00f3s que viveis e reinais por todos os s\u00e9culos dos s\u00e9culos. Am\u00e9m.<\/p>\n<p>Pode-se acrescentar todos os dias:<br \/>\nORA\u00c7\u00c3O: Glorioso S\u00e3o Jos\u00e9, que fostes exaltado pelo Eterno Pai, obedecido pelo Verbo Encarnado favorecido pelo Esp\u00edrito Santo e amado pela Virgem Maria: Louvo e bendigo a Sant\u00edssima Trindade pelos privil\u00e9gios e m\u00e9ritos com que vos enriqueceu. Sois poderos\u00edssimo e jamais se ouviu dizer que algu\u00e9m tenha recorrido a v\u00f3s e fosse por v\u00f3s desamparado. Sois o Consolador dos aflitos, o amparo dos m\u00edseros e o advogado dos pecadores. Acolhei, pois, com bondade paternal a quem vos invoca com filial confian\u00e7a e alcan\u00e7ai-me as gra\u00e7as que vos pe\u00e7o nesta Novena&#8230;  Eu vos escolho por meu especial Protetor. S\u00eade, depois de Jesus e Maria, minha consola\u00e7\u00e3o nesta terra, meu refugio nas desgra\u00e7as meu guia nas incertezas, meu conforto nas tribula\u00e7\u00f5es meu pai sol\u00edcito em todas as necessidades. Obtende-me finalmente como coroa dos vossos favores, uma boa e santa morte gra\u00e7a de Nosso Senhor Assim seja.<\/p>\n<div id=\"themify_builder_content-2327\" data-postid=\"2327\" class=\"themify_builder_content themify_builder_content-2327 themify_builder themify_builder_front\">\n\t<\/div>\n<!-- \/themify_builder_content -->","protected":false},"excerpt":{"rendered":"<p>\u2014 1\u00ba dia \u2014 S. Jos\u00e9, Pai Nutr\u00edcio de Jesus Amabil\u00edssimo S\u00e3o Jos\u00e9, que tivestes a honra de alimentar, educar e abra\u00e7ar o Messias, a Quem tantos profetas e reis desejaram ver e n\u00e3o viram: obtende-me, com o perd\u00e3o das minhas culpas, a gra\u00e7a da ora\u00e7\u00e3o humilde e confiante que tudo alcan\u00e7a de Deus. Acolhei [&hellip;]<\/p>\n","protected":false},"author":5,"featured_media":0,"comment_status":"open","ping_status":"open","sticky":false,"template":"","format":"standard","meta":{"ngg_post_thumbnail":0,"footnotes":""},"categories":[6],"tags":[59,310],"yoast_head":"<!-- This site is optimized with the Yoast SEO plugin v23.5 - https:\/\/yoast.com\/wordpress\/plugins\/seo\/ -->\n<title>Novena a S\u00e3o Jos\u00e9 - O Arcanjo no ar<\/title>\n<meta name=\"robots\" content=\"index, follow, max-snippet:-1, max-image-preview:large, max-video-preview:-1\" \/>\n<link rel=\"canonical\" href=\"https:\/\/www.oarcanjo.net\/site\/novena-a-sao-jose\/\" \/>\n<meta property=\"og:locale\" content=\"pt_BR\" \/>\n<meta property=\"og:type\" content=\"article\" \/>\n<meta property=\"og:title\" content=\"Novena a S\u00e3o Jos\u00e9 - O Arcanjo no ar\" \/>\n<meta property=\"og:description\" content=\"\u2014 1\u00ba dia \u2014 S. Jos\u00e9, Pai Nutr\u00edcio de Jesus Amabil\u00edssimo S\u00e3o Jos\u00e9, que tivestes a honra de alimentar, educar e abra\u00e7ar o Messias, a Quem tantos profetas e reis desejaram ver e n\u00e3o viram: obtende-me, com o perd\u00e3o das minhas culpas, a gra\u00e7a da ora\u00e7\u00e3o humilde e confiante que tudo alcan\u00e7a de Deus. Acolhei [&hellip;]\" \/>\n<meta property=\"og:url\" content=\"https:\/\/www.oarcanjo.net\/site\/novena-a-sao-jose\/\" \/>\n<meta property=\"og:site_name\" content=\"O Arcanjo no ar\" \/>\n<meta property=\"article:publisher\" content=\"https:\/\/www.facebook.com\/OArcanjoNoAr\/\" \/>\n<meta property=\"article:published_time\" content=\"2009-03-13T02:36:58+00:00\" \/>\n<meta property=\"og:image\" content=\"https:\/\/www.oarcanjo.net\/site\/wp-content\/uploads\/logo-o-arcanjo-no-ar-facebook.png\" \/>\n\t<meta property=\"og:image:width\" content=\"300\" \/>\n\t<meta property=\"og:image:height\" content=\"300\" \/>\n\t<meta property=\"og:image:type\" content=\"image\/png\" \/>\n<meta name=\"author\" content=\"editor\" \/>\n<meta name=\"twitter:card\" content=\"summary_large_image\" \/>\n<meta name=\"twitter:label1\" content=\"Escrito por\" \/>\n\t<meta name=\"twitter:data1\" content=\"editor\" \/>\n\t<meta name=\"twitter:label2\" content=\"Est. tempo de leitura\" \/>\n\t<meta name=\"twitter:data2\" content=\"9 minutos\" \/>\n<script type=\"application\/ld+json\" class=\"yoast-schema-graph\">{\"@context\":\"https:\/\/schema.org\",\"@graph\":[{\"@type\":\"Article\",\"@id\":\"https:\/\/www.oarcanjo.net\/site\/novena-a-sao-jose\/#article\",\"isPartOf\":{\"@id\":\"https:\/\/www.oarcanjo.net\/site\/novena-a-sao-jose\/\"},\"author\":{\"name\":\"editor\",\"@id\":\"https:\/\/www.oarcanjo.net\/site\/#\/schema\/person\/f7024d007863202483a31326673a0838\"},\"headline\":\"Novena a S\u00e3o Jos\u00e9\",\"datePublished\":\"2009-03-13T02:36:58+00:00\",\"dateModified\":\"2009-03-13T02:36:58+00:00\",\"mainEntityOfPage\":{\"@id\":\"https:\/\/www.oarcanjo.net\/site\/novena-a-sao-jose\/\"},\"wordCount\":1744,\"commentCount\":26,\"publisher\":{\"@id\":\"https:\/\/www.oarcanjo.net\/site\/#organization\"},\"keywords\":[\"novena\",\"S\u00e3o Jos\u00e9\"],\"articleSection\":[\"Ora\u00e7\u00f5es\"],\"inLanguage\":\"pt-BR\",\"potentialAction\":[{\"@type\":\"CommentAction\",\"name\":\"Comment\",\"target\":[\"https:\/\/www.oarcanjo.net\/site\/novena-a-sao-jose\/#respond\"]}]},{\"@type\":\"WebPage\",\"@id\":\"https:\/\/www.oarcanjo.net\/site\/novena-a-sao-jose\/\",\"url\":\"https:\/\/www.oarcanjo.net\/site\/novena-a-sao-jose\/\",\"name\":\"Novena a S\u00e3o Jos\u00e9 - O Arcanjo no ar\",\"isPartOf\":{\"@id\":\"https:\/\/www.oarcanjo.net\/site\/#website\"},\"datePublished\":\"2009-03-13T02:36:58+00:00\",\"dateModified\":\"2009-03-13T02:36:58+00:00\",\"breadcrumb\":{\"@id\":\"https:\/\/www.oarcanjo.net\/site\/novena-a-sao-jose\/#breadcrumb\"},\"inLanguage\":\"pt-BR\",\"potentialAction\":[{\"@type\":\"ReadAction\",\"target\":[\"https:\/\/www.oarcanjo.net\/site\/novena-a-sao-jose\/\"]}]},{\"@type\":\"BreadcrumbList\",\"@id\":\"https:\/\/www.oarcanjo.net\/site\/novena-a-sao-jose\/#breadcrumb\",\"itemListElement\":[{\"@type\":\"ListItem\",\"position\":1,\"name\":\"In\u00edcio\",\"item\":\"https:\/\/www.oarcanjo.net\/site\/\"},{\"@type\":\"ListItem\",\"position\":2,\"name\":\"Novena a S\u00e3o Jos\u00e9\"}]},{\"@type\":\"WebSite\",\"@id\":\"https:\/\/www.oarcanjo.net\/site\/#website\",\"url\":\"https:\/\/www.oarcanjo.net\/site\/\",\"name\":\"O Arcanjo no ar\",\"description\":\"Site da Par\u00f3quia S\u00e3o Miguel Arcanjo (Arquidiocese de SP)\",\"publisher\":{\"@id\":\"https:\/\/www.oarcanjo.net\/site\/#organization\"},\"potentialAction\":[{\"@type\":\"SearchAction\",\"target\":{\"@type\":\"EntryPoint\",\"urlTemplate\":\"https:\/\/www.oarcanjo.net\/site\/?s={search_term_string}\"},\"query-input\":{\"@type\":\"PropertyValueSpecification\",\"valueRequired\":true,\"valueName\":\"search_term_string\"}}],\"inLanguage\":\"pt-BR\"},{\"@type\":\"Organization\",\"@id\":\"https:\/\/www.oarcanjo.net\/site\/#organization\",\"name\":\"Par\u00f3quia S\u00e3o Miguel Arcanjo\",\"url\":\"https:\/\/www.oarcanjo.net\/site\/\",\"logo\":{\"@type\":\"ImageObject\",\"inLanguage\":\"pt-BR\",\"@id\":\"https:\/\/www.oarcanjo.net\/site\/#\/schema\/logo\/image\/\",\"url\":\"https:\/\/www.oarcanjo.net\/site\/wp-content\/uploads\/LogoOArcanjo.png\",\"contentUrl\":\"https:\/\/www.oarcanjo.net\/site\/wp-content\/uploads\/LogoOArcanjo.png\",\"width\":319,\"height\":99,\"caption\":\"Par\u00f3quia S\u00e3o Miguel Arcanjo\"},\"image\":{\"@id\":\"https:\/\/www.oarcanjo.net\/site\/#\/schema\/logo\/image\/\"},\"sameAs\":[\"https:\/\/www.facebook.com\/OArcanjoNoAr\/\"]},{\"@type\":\"Person\",\"@id\":\"https:\/\/www.oarcanjo.net\/site\/#\/schema\/person\/f7024d007863202483a31326673a0838\",\"name\":\"editor\",\"sameAs\":[\"http:\/\/www.oarcanjo.net\"]}]}<\/script>\n<!-- \/ Yoast SEO plugin. -->","yoast_head_json":{"title":"Novena a S\u00e3o Jos\u00e9 - O Arcanjo no ar","robots":{"index":"index","follow":"follow","max-snippet":"max-snippet:-1","max-image-preview":"max-image-preview:large","max-video-preview":"max-video-preview:-1"},"canonical":"https:\/\/www.oarcanjo.net\/site\/novena-a-sao-jose\/","og_locale":"pt_BR","og_type":"article","og_title":"Novena a S\u00e3o Jos\u00e9 - O Arcanjo no ar","og_description":"\u2014 1\u00ba dia \u2014 S. Jos\u00e9, Pai Nutr\u00edcio de Jesus Amabil\u00edssimo S\u00e3o Jos\u00e9, que tivestes a honra de alimentar, educar e abra\u00e7ar o Messias, a Quem tantos profetas e reis desejaram ver e n\u00e3o viram: obtende-me, com o perd\u00e3o das minhas culpas, a gra\u00e7a da ora\u00e7\u00e3o humilde e confiante que tudo alcan\u00e7a de Deus. Acolhei [&hellip;]","og_url":"https:\/\/www.oarcanjo.net\/site\/novena-a-sao-jose\/","og_site_name":"O Arcanjo no ar","article_publisher":"https:\/\/www.facebook.com\/OArcanjoNoAr\/","article_published_time":"2009-03-13T02:36:58+00:00","og_image":[{"width":300,"height":300,"url":"https:\/\/www.oarcanjo.net\/site\/wp-content\/uploads\/logo-o-arcanjo-no-ar-facebook.png","type":"image\/png"}],"author":"editor","twitter_card":"summary_large_image","twitter_misc":{"Escrito por":"editor","Est. tempo de leitura":"9 minutos"},"schema":{"@context":"https:\/\/schema.org","@graph":[{"@type":"Article","@id":"https:\/\/www.oarcanjo.net\/site\/novena-a-sao-jose\/#article","isPartOf":{"@id":"https:\/\/www.oarcanjo.net\/site\/novena-a-sao-jose\/"},"author":{"name":"editor","@id":"https:\/\/www.oarcanjo.net\/site\/#\/schema\/person\/f7024d007863202483a31326673a0838"},"headline":"Novena a S\u00e3o Jos\u00e9","datePublished":"2009-03-13T02:36:58+00:00","dateModified":"2009-03-13T02:36:58+00:00","mainEntityOfPage":{"@id":"https:\/\/www.oarcanjo.net\/site\/novena-a-sao-jose\/"},"wordCount":1744,"commentCount":26,"publisher":{"@id":"https:\/\/www.oarcanjo.net\/site\/#organization"},"keywords":["novena","S\u00e3o Jos\u00e9"],"articleSection":["Ora\u00e7\u00f5es"],"inLanguage":"pt-BR","potentialAction":[{"@type":"CommentAction","name":"Comment","target":["https:\/\/www.oarcanjo.net\/site\/novena-a-sao-jose\/#respond"]}]},{"@type":"WebPage","@id":"https:\/\/www.oarcanjo.net\/site\/novena-a-sao-jose\/","url":"https:\/\/www.oarcanjo.net\/site\/novena-a-sao-jose\/","name":"Novena a S\u00e3o Jos\u00e9 - O Arcanjo no ar","isPartOf":{"@id":"https:\/\/www.oarcanjo.net\/site\/#website"},"datePublished":"2009-03-13T02:36:58+00:00","dateModified":"2009-03-13T02:36:58+00:00","breadcrumb":{"@id":"https:\/\/www.oarcanjo.net\/site\/novena-a-sao-jose\/#breadcrumb"},"inLanguage":"pt-BR","potentialAction":[{"@type":"ReadAction","target":["https:\/\/www.oarcanjo.net\/site\/novena-a-sao-jose\/"]}]},{"@type":"BreadcrumbList","@id":"https:\/\/www.oarcanjo.net\/site\/novena-a-sao-jose\/#breadcrumb","itemListElement":[{"@type":"ListItem","position":1,"name":"In\u00edcio","item":"https:\/\/www.oarcanjo.net\/site\/"},{"@type":"ListItem","position":2,"name":"Novena a S\u00e3o Jos\u00e9"}]},{"@type":"WebSite","@id":"https:\/\/www.oarcanjo.net\/site\/#website","url":"https:\/\/www.oarcanjo.net\/site\/","name":"O Arcanjo no ar","description":"Site da Par\u00f3quia S\u00e3o Miguel Arcanjo (Arquidiocese de SP)","publisher":{"@id":"https:\/\/www.oarcanjo.net\/site\/#organization"},"potentialAction":[{"@type":"SearchAction","target":{"@type":"EntryPoint","urlTemplate":"https:\/\/www.oarcanjo.net\/site\/?s={search_term_string}"},"query-input":{"@type":"PropertyValueSpecification","valueRequired":true,"valueName":"search_term_string"}}],"inLanguage":"pt-BR"},{"@type":"Organization","@id":"https:\/\/www.oarcanjo.net\/site\/#organization","name":"Par\u00f3quia S\u00e3o Miguel Arcanjo","url":"https:\/\/www.oarcanjo.net\/site\/","logo":{"@type":"ImageObject","inLanguage":"pt-BR","@id":"https:\/\/www.oarcanjo.net\/site\/#\/schema\/logo\/image\/","url":"https:\/\/www.oarcanjo.net\/site\/wp-content\/uploads\/LogoOArcanjo.png","contentUrl":"https:\/\/www.oarcanjo.net\/site\/wp-content\/uploads\/LogoOArcanjo.png","width":319,"height":99,"caption":"Par\u00f3quia S\u00e3o Miguel Arcanjo"},"image":{"@id":"https:\/\/www.oarcanjo.net\/site\/#\/schema\/logo\/image\/"},"sameAs":["https:\/\/www.facebook.com\/OArcanjoNoAr\/"]},{"@type":"Person","@id":"https:\/\/www.oarcanjo.net\/site\/#\/schema\/person\/f7024d007863202483a31326673a0838","name":"editor","sameAs":["http:\/\/www.oarcanjo.net"]}]}},"publishpress_future_action":{"enabled":false,"date":"2026-05-07 17:09:35","action":"category","newStatus":"draft","terms":[],"taxonomy":"category"},"publishpress_future_workflow_manual_trigger":{"enabledWorkflows":[]},"_links":{"self":[{"href":"https:\/\/www.oarcanjo.net\/site\/wp-json\/wp\/v2\/posts\/2327"}],"collection":[{"href":"https:\/\/www.oarcanjo.net\/site\/wp-json\/wp\/v2\/posts"}],"about":[{"href":"https:\/\/www.oarcanjo.net\/site\/wp-json\/wp\/v2\/types\/post"}],"author":[{"embeddable":true,"href":"https:\/\/www.oarcanjo.net\/site\/wp-json\/wp\/v2\/users\/5"}],"replies":[{"embeddable":true,"href":"https:\/\/www.oarcanjo.net\/site\/wp-json\/wp\/v2\/comments?post=2327"}],"version-history":[{"count":0,"href":"https:\/\/www.oarcanjo.net\/site\/wp-json\/wp\/v2\/posts\/2327\/revisions"}],"wp:attachment":[{"href":"https:\/\/www.oarcanjo.net\/site\/wp-json\/wp\/v2\/media?parent=2327"}],"wp:term":[{"taxonomy":"category","embeddable":true,"href":"https:\/\/www.oarcanjo.net\/site\/wp-json\/wp\/v2\/categories?post=2327"},{"taxonomy":"post_tag","embeddable":true,"href":"https:\/\/www.oarcanjo.net\/site\/wp-json\/wp\/v2\/tags?post=2327"}],"curies":[{"name":"wp","href":"https:\/\/api.w.org\/{rel}","templated":true}]}}