
{"id":23276,"date":"2013-10-16T11:15:01","date_gmt":"2013-10-16T14:15:01","guid":{"rendered":"http:\/\/www.oarcanjo.net\/site\/?p=23276"},"modified":"2013-10-16T11:15:01","modified_gmt":"2013-10-16T14:15:01","slug":"assembleia-geral-extraordinaria-do-sinodo-dos-bispos","status":"publish","type":"post","link":"https:\/\/www.oarcanjo.net\/site\/assembleia-geral-extraordinaria-do-sinodo-dos-bispos\/","title":{"rendered":"Assembleia Geral Extraordin\u00e1ria do S\u00ednodo dos Bispos"},"content":{"rendered":"<p>Na ter\u00e7a-feira, 8, o papa Francisco convocou a 3\u00aa Assembleia Geral Extraordin\u00e1ria do S\u00ednodo dos Bispos, que acontecer\u00e1 em outubro de 2014 e ter\u00e1 como tema: \u201cOs desafios pastorais da fam\u00edlia no contexto da evangeliza\u00e7\u00e3o\u201d. De Roma, o cardeal dom Odilo Pedro Scherer, membro do Conselho Permanente da Secretaria do S\u00ednodo, concedeu entrevista ao O S\u00c3O PAULO e falou sobre a convoca\u00e7\u00e3o que descreveu como \u201csurpreendente\u201d.<\/p>\n<p>\u201cH\u00e1 desafios novos e outros permanentes. Hoje h\u00e1 uma instabilidade maior nos casamentos e muitos se desfazem depois de algum tempo; h\u00e1 o medo de assumir um compromisso \u2018por toda a vida\u2019, devido \u00e0 cultura individualista, do provis\u00f3rio e do descart\u00e1vel\u201d, afirmou dom Odilo.<\/p>\n<p>Al\u00e9m de falar dos desafios para a fam\u00edlia na atualidade e das rela\u00e7\u00f5es da Nova Evangeliza\u00e7\u00e3o com a vida familiar, o Cardeal abordou a quest\u00e3o das \u201cuni\u00f5es de pessoas do mesmo sexo, que pretendem ter o reconhecimento de \u2018casal\u2019 e de fam\u00edlia, inclusive com a ado\u00e7\u00e3o de filhos\u201d.<\/p>\n<p><strong>Leia a \u00edntegra<\/strong><\/p>\n<p><em><strong>O S\u00c3O PAULO &#8211; Como o senhor v\u00ea a convoca\u00e7\u00e3o de uma Assembleia Extraordin\u00e1ria do S\u00ednodo para 2014 com o tema: \u201cOs desafios pastorais da fam\u00edlia no contexto da evangeliza\u00e7\u00e3o\u201d?<\/strong><\/em><\/p>\n<p><strong>Cardeal dom Odilo Pedro Scherer &#8211; <\/strong>Essa convoca\u00e7\u00e3o foi surpreendente, pois n\u00e3o se previa at\u00e9 h\u00e1 pouco tempo. H\u00e1 v\u00e1rias explica\u00e7\u00f5es para essa decis\u00e3o do papa Francisco: os graves e urgentes desafios que a fam\u00edlia vive desafiam a miss\u00e3o evangelizadora da Igreja; esses desafios precisam ser trabalhados na \u00f3tica da Nova Evangeliza\u00e7\u00e3o; e, finalmente, essa convoca\u00e7\u00e3o revela a inten\u00e7\u00e3o do Papa de dar um car\u00e1ter mais \u201csinodal\u201d ao exerc\u00edcio do seu minist\u00e9rio.<\/p>\n<p><em><strong>O S\u00c3O PAULO &#8211; Quais os novos desafios para a fam\u00edlia na atualidade?<\/strong><\/em><\/p>\n<p><strong>Dom Odilo &#8211;<\/strong> H\u00e1 desafios novos e outros permanentes. Hoje h\u00e1 uma instabilidade maior nos casamentos e muitos se desfazem depois de algum tempo; h\u00e1 o medo de assumir um compromisso \u201cpor toda a vida\u201d, devido \u00e0 cultura individualista, do provis\u00f3rio e do descart\u00e1vel; mas h\u00e1 tamb\u00e9m uma verdadeira deprecia\u00e7\u00e3o do casamento, pois muitos n\u00e3o se casam mais, nem no religioso, nem no civil. Mas h\u00e1 tamb\u00e9m a quest\u00e3o das uni\u00f5es de pessoas do mesmo sexo, que pretendem ter o reconhecimento de \u201ccasal\u201d e de fam\u00edlia, inclusive com a ado\u00e7\u00e3o de filhos. E n\u00e3o se deve esquecer que a fam\u00edlia \u00e9 fortemente colocada sob press\u00e3o por quest\u00f5es econ\u00f4micas, pela difus\u00e3o de propostas \u201calternativas\u201d \u00e0 fam\u00edlia por certa corrente ideol\u00f3gica contr\u00e1ria \u00e0 fam\u00edlia; e h\u00e1 os problemas decorrentes da pouca clareza sobre o papel dos pais na educa\u00e7\u00e3o dos filhos e sobre o tipo de educa\u00e7\u00e3o a ser dada. E permanecem grandes desafios o papel da fam\u00edlia na transmiss\u00e3o da f\u00e9 e dos valores \u00e9tico-morais. A Igreja continua a depositar grande valor na fam\u00edlia, mas sua vis\u00e3o sobre a pessoa humana e sobre a fam\u00edlia vai muitas vezes contra a corrente da mentalidade contempor\u00e2nea.<\/p>\n<p><em><strong>O S\u00c3O PAULO &#8211; Como a Nova Evangeliza\u00e7\u00e3o est\u00e1 relacionada com a vida familiar?<\/strong><\/em><\/p>\n<p><strong>Dom Odilo &#8211; <\/strong>A Igreja olha a fam\u00edlia a partir da f\u00e9 em Deus e em sintonia com o seu des\u00edgnio criador e salvador. Por isso, ela v\u00ea na fam\u00edlia, antes de tudo, a realiza\u00e7\u00e3o de um desejo de Deus e n\u00e3o apenas uma cria\u00e7\u00e3o da sociedade. H\u00e1 quest\u00f5es de fundo, que a Igreja leva em conta: o que quis Deus ao criar o homem e a mulher e ao coloc\u00e1-<br \/>\nlos frente a frente, como rec\u00edprocos e complementares? Qual \u00e9 o significado da<br \/>\nsexualidade, do amor humano, do casamento, da paternidade e da maternidade? Tudo isso n\u00e3o pode estar simplesmente sujeito a movimentos culturais e ideol\u00f3gicos, ou ao gosto dos indiv\u00edduos. A Nova Evangeliza\u00e7\u00e3o precisa ajudar a repropor, de maneira convincente, esperan\u00e7osa e alegre o \u201cEvangelho da fam\u00edlia\u201d ao mundo de hoje. E as fam\u00edlias evangelizadas ajudar\u00e3o a evangelizar outras fam\u00edlias; a pr\u00f3pria fam\u00edlia \u00e9 evangelizadora e a Igreja quer continuar a contar com ela para a transmiss\u00e3o da f\u00e9.<\/p>\n<p><em><strong>O S\u00c3O PAULO &#8211; Ap\u00f3s a convoca\u00e7\u00e3o da Assembleia Extraordin\u00e1ria de 2014, o que se pode esperar da Assembleia Ordin\u00e1ria de 2015, tamb\u00e9m sobre o tema da fam\u00edlia?<\/strong><\/em><\/p>\n<p><strong>Dom Odilo &#8211;<\/strong> Antes de tudo, a Assembleia Ordin\u00e1ria do S\u00ednodo dos Bispos, em 2015, ter\u00e1 um tema mais alargado, com dois focos: fam\u00edlia e pessoa humana. Ser\u00e3o tratadas as quest\u00f5es antropol\u00f3gicas, muito s\u00e9rias, pois h\u00e1 uma grave \u201cconfus\u00e3o antropol\u00f3gica\u201d na cultura contempor\u00e2nea. Enquanto isso, a Assembleia Extraordin\u00e1ria, em 2014, ter\u00e1 como foco os \u201cdesafios\u201d familiares para a evangeliza\u00e7\u00e3o. Al\u00e9m disso, os participantes das duas assembleias ser\u00e3o diferentes; em 2014, ser\u00e3o sobretudo os presidentes das Confer\u00eancias Episcopais; em 2015 a participa\u00e7\u00e3o ser\u00e1 mais ampla e variada de bispos e de outros membros da Igreja. Mas \u00e9 certo que as duas assembleias ser\u00e3o complementares. Em 2014, ser\u00e1 feita uma grande tomada de consci\u00eancia da situa\u00e7\u00e3o familiar em rela\u00e7\u00e3o \u00e0 evangeliza\u00e7\u00e3o; em 2015, haver\u00e1 um discernimento eclesial e teol\u00f3gico sobre a fam\u00edlia e outras quest\u00f5es antropol\u00f3gicas; e a assembleia poder\u00e1 propor ao Papa oportunos encaminhamentos ou decis\u00f5es.<\/p>\n<p><em>Fonte: Arquidiocese de S\u00e3o Paulo<\/em><\/p>\n<div id=\"themify_builder_content-23276\" data-postid=\"23276\" class=\"themify_builder_content themify_builder_content-23276 themify_builder themify_builder_front\">\n\t<\/div>\n<!-- \/themify_builder_content -->","protected":false},"excerpt":{"rendered":"<p>Na ter\u00e7a-feira, 8, o papa Francisco convocou a 3\u00aa Assembleia Geral Extraordin\u00e1ria do S\u00ednodo dos Bispos, que acontecer\u00e1 em outubro de 2014 e ter\u00e1 como tema: \u201cOs desafios pastorais da fam\u00edlia no contexto da evangeliza\u00e7\u00e3o\u201d. De Roma, o cardeal dom Odilo Pedro Scherer, membro do Conselho Permanente da Secretaria do S\u00ednodo, concedeu entrevista ao O [&hellip;]<\/p>\n","protected":false},"author":5,"featured_media":0,"comment_status":"open","ping_status":"open","sticky":false,"template":"","format":"standard","meta":{"ngg_post_thumbnail":0,"footnotes":""},"categories":[8],"tags":[2415,119,2705],"yoast_head":"<!-- This site is optimized with the Yoast SEO plugin v23.5 - https:\/\/yoast.com\/wordpress\/plugins\/seo\/ -->\n<title>Assembleia Geral Extraordin\u00e1ria do S\u00ednodo dos Bispos - O Arcanjo no ar<\/title>\n<meta name=\"robots\" content=\"index, follow, max-snippet:-1, max-image-preview:large, max-video-preview:-1\" \/>\n<link rel=\"canonical\" href=\"https:\/\/www.oarcanjo.net\/site\/assembleia-geral-extraordinaria-do-sinodo-dos-bispos\/\" \/>\n<meta property=\"og:locale\" content=\"pt_BR\" \/>\n<meta property=\"og:type\" content=\"article\" \/>\n<meta property=\"og:title\" content=\"Assembleia Geral Extraordin\u00e1ria do S\u00ednodo dos Bispos - O Arcanjo no ar\" \/>\n<meta property=\"og:description\" content=\"Na ter\u00e7a-feira, 8, o papa Francisco convocou a 3\u00aa Assembleia Geral Extraordin\u00e1ria do S\u00ednodo dos Bispos, que acontecer\u00e1 em outubro de 2014 e ter\u00e1 como tema: \u201cOs desafios pastorais da fam\u00edlia no contexto da evangeliza\u00e7\u00e3o\u201d. De Roma, o cardeal dom Odilo Pedro Scherer, membro do Conselho Permanente da Secretaria do S\u00ednodo, concedeu entrevista ao O [&hellip;]\" \/>\n<meta property=\"og:url\" content=\"https:\/\/www.oarcanjo.net\/site\/assembleia-geral-extraordinaria-do-sinodo-dos-bispos\/\" \/>\n<meta property=\"og:site_name\" content=\"O Arcanjo no ar\" \/>\n<meta property=\"article:publisher\" content=\"https:\/\/www.facebook.com\/OArcanjoNoAr\/\" \/>\n<meta property=\"article:published_time\" content=\"2013-10-16T14:15:01+00:00\" \/>\n<meta property=\"og:image\" content=\"https:\/\/www.oarcanjo.net\/site\/wp-content\/uploads\/logo-o-arcanjo-no-ar-facebook.png\" \/>\n\t<meta property=\"og:image:width\" content=\"300\" \/>\n\t<meta property=\"og:image:height\" content=\"300\" \/>\n\t<meta property=\"og:image:type\" content=\"image\/png\" \/>\n<meta name=\"author\" content=\"editor\" \/>\n<meta name=\"twitter:card\" content=\"summary_large_image\" \/>\n<meta name=\"twitter:label1\" content=\"Escrito por\" \/>\n\t<meta name=\"twitter:data1\" content=\"editor\" \/>\n\t<meta name=\"twitter:label2\" content=\"Est. tempo de leitura\" \/>\n\t<meta name=\"twitter:data2\" content=\"5 minutos\" \/>\n<script type=\"application\/ld+json\" class=\"yoast-schema-graph\">{\"@context\":\"https:\/\/schema.org\",\"@graph\":[{\"@type\":\"Article\",\"@id\":\"https:\/\/www.oarcanjo.net\/site\/assembleia-geral-extraordinaria-do-sinodo-dos-bispos\/#article\",\"isPartOf\":{\"@id\":\"https:\/\/www.oarcanjo.net\/site\/assembleia-geral-extraordinaria-do-sinodo-dos-bispos\/\"},\"author\":{\"name\":\"editor\",\"@id\":\"https:\/\/www.oarcanjo.net\/site\/#\/schema\/person\/f7024d007863202483a31326673a0838\"},\"headline\":\"Assembleia Geral Extraordin\u00e1ria do S\u00ednodo dos Bispos\",\"datePublished\":\"2013-10-16T14:15:01+00:00\",\"dateModified\":\"2013-10-16T14:15:01+00:00\",\"mainEntityOfPage\":{\"@id\":\"https:\/\/www.oarcanjo.net\/site\/assembleia-geral-extraordinaria-do-sinodo-dos-bispos\/\"},\"wordCount\":935,\"commentCount\":0,\"publisher\":{\"@id\":\"https:\/\/www.oarcanjo.net\/site\/#organization\"},\"keywords\":[\"Dom Odilo Pedro Scherer\",\"fam\u00edlia\",\"S\u00ednodo dos Bispos\"],\"articleSection\":[\"Not\u00edcias\"],\"inLanguage\":\"pt-BR\",\"potentialAction\":[{\"@type\":\"CommentAction\",\"name\":\"Comment\",\"target\":[\"https:\/\/www.oarcanjo.net\/site\/assembleia-geral-extraordinaria-do-sinodo-dos-bispos\/#respond\"]}]},{\"@type\":\"WebPage\",\"@id\":\"https:\/\/www.oarcanjo.net\/site\/assembleia-geral-extraordinaria-do-sinodo-dos-bispos\/\",\"url\":\"https:\/\/www.oarcanjo.net\/site\/assembleia-geral-extraordinaria-do-sinodo-dos-bispos\/\",\"name\":\"Assembleia Geral Extraordin\u00e1ria do S\u00ednodo dos Bispos - O Arcanjo no ar\",\"isPartOf\":{\"@id\":\"https:\/\/www.oarcanjo.net\/site\/#website\"},\"datePublished\":\"2013-10-16T14:15:01+00:00\",\"dateModified\":\"2013-10-16T14:15:01+00:00\",\"breadcrumb\":{\"@id\":\"https:\/\/www.oarcanjo.net\/site\/assembleia-geral-extraordinaria-do-sinodo-dos-bispos\/#breadcrumb\"},\"inLanguage\":\"pt-BR\",\"potentialAction\":[{\"@type\":\"ReadAction\",\"target\":[\"https:\/\/www.oarcanjo.net\/site\/assembleia-geral-extraordinaria-do-sinodo-dos-bispos\/\"]}]},{\"@type\":\"BreadcrumbList\",\"@id\":\"https:\/\/www.oarcanjo.net\/site\/assembleia-geral-extraordinaria-do-sinodo-dos-bispos\/#breadcrumb\",\"itemListElement\":[{\"@type\":\"ListItem\",\"position\":1,\"name\":\"In\u00edcio\",\"item\":\"https:\/\/www.oarcanjo.net\/site\/\"},{\"@type\":\"ListItem\",\"position\":2,\"name\":\"Assembleia Geral Extraordin\u00e1ria do S\u00ednodo dos Bispos\"}]},{\"@type\":\"WebSite\",\"@id\":\"https:\/\/www.oarcanjo.net\/site\/#website\",\"url\":\"https:\/\/www.oarcanjo.net\/site\/\",\"name\":\"O Arcanjo no ar\",\"description\":\"Site da Par\u00f3quia S\u00e3o Miguel Arcanjo (Arquidiocese de SP)\",\"publisher\":{\"@id\":\"https:\/\/www.oarcanjo.net\/site\/#organization\"},\"potentialAction\":[{\"@type\":\"SearchAction\",\"target\":{\"@type\":\"EntryPoint\",\"urlTemplate\":\"https:\/\/www.oarcanjo.net\/site\/?s={search_term_string}\"},\"query-input\":{\"@type\":\"PropertyValueSpecification\",\"valueRequired\":true,\"valueName\":\"search_term_string\"}}],\"inLanguage\":\"pt-BR\"},{\"@type\":\"Organization\",\"@id\":\"https:\/\/www.oarcanjo.net\/site\/#organization\",\"name\":\"Par\u00f3quia S\u00e3o Miguel Arcanjo\",\"url\":\"https:\/\/www.oarcanjo.net\/site\/\",\"logo\":{\"@type\":\"ImageObject\",\"inLanguage\":\"pt-BR\",\"@id\":\"https:\/\/www.oarcanjo.net\/site\/#\/schema\/logo\/image\/\",\"url\":\"https:\/\/www.oarcanjo.net\/site\/wp-content\/uploads\/LogoOArcanjo.png\",\"contentUrl\":\"https:\/\/www.oarcanjo.net\/site\/wp-content\/uploads\/LogoOArcanjo.png\",\"width\":319,\"height\":99,\"caption\":\"Par\u00f3quia S\u00e3o Miguel Arcanjo\"},\"image\":{\"@id\":\"https:\/\/www.oarcanjo.net\/site\/#\/schema\/logo\/image\/\"},\"sameAs\":[\"https:\/\/www.facebook.com\/OArcanjoNoAr\/\"]},{\"@type\":\"Person\",\"@id\":\"https:\/\/www.oarcanjo.net\/site\/#\/schema\/person\/f7024d007863202483a31326673a0838\",\"name\":\"editor\",\"sameAs\":[\"http:\/\/www.oarcanjo.net\"]}]}<\/script>\n<!-- \/ Yoast SEO plugin. -->","yoast_head_json":{"title":"Assembleia Geral Extraordin\u00e1ria do S\u00ednodo dos Bispos - O Arcanjo no ar","robots":{"index":"index","follow":"follow","max-snippet":"max-snippet:-1","max-image-preview":"max-image-preview:large","max-video-preview":"max-video-preview:-1"},"canonical":"https:\/\/www.oarcanjo.net\/site\/assembleia-geral-extraordinaria-do-sinodo-dos-bispos\/","og_locale":"pt_BR","og_type":"article","og_title":"Assembleia Geral Extraordin\u00e1ria do S\u00ednodo dos Bispos - O Arcanjo no ar","og_description":"Na ter\u00e7a-feira, 8, o papa Francisco convocou a 3\u00aa Assembleia Geral Extraordin\u00e1ria do S\u00ednodo dos Bispos, que acontecer\u00e1 em outubro de 2014 e ter\u00e1 como tema: \u201cOs desafios pastorais da fam\u00edlia no contexto da evangeliza\u00e7\u00e3o\u201d. De Roma, o cardeal dom Odilo Pedro Scherer, membro do Conselho Permanente da Secretaria do S\u00ednodo, concedeu entrevista ao O [&hellip;]","og_url":"https:\/\/www.oarcanjo.net\/site\/assembleia-geral-extraordinaria-do-sinodo-dos-bispos\/","og_site_name":"O Arcanjo no ar","article_publisher":"https:\/\/www.facebook.com\/OArcanjoNoAr\/","article_published_time":"2013-10-16T14:15:01+00:00","og_image":[{"width":300,"height":300,"url":"https:\/\/www.oarcanjo.net\/site\/wp-content\/uploads\/logo-o-arcanjo-no-ar-facebook.png","type":"image\/png"}],"author":"editor","twitter_card":"summary_large_image","twitter_misc":{"Escrito por":"editor","Est. tempo de leitura":"5 minutos"},"schema":{"@context":"https:\/\/schema.org","@graph":[{"@type":"Article","@id":"https:\/\/www.oarcanjo.net\/site\/assembleia-geral-extraordinaria-do-sinodo-dos-bispos\/#article","isPartOf":{"@id":"https:\/\/www.oarcanjo.net\/site\/assembleia-geral-extraordinaria-do-sinodo-dos-bispos\/"},"author":{"name":"editor","@id":"https:\/\/www.oarcanjo.net\/site\/#\/schema\/person\/f7024d007863202483a31326673a0838"},"headline":"Assembleia Geral Extraordin\u00e1ria do S\u00ednodo dos Bispos","datePublished":"2013-10-16T14:15:01+00:00","dateModified":"2013-10-16T14:15:01+00:00","mainEntityOfPage":{"@id":"https:\/\/www.oarcanjo.net\/site\/assembleia-geral-extraordinaria-do-sinodo-dos-bispos\/"},"wordCount":935,"commentCount":0,"publisher":{"@id":"https:\/\/www.oarcanjo.net\/site\/#organization"},"keywords":["Dom Odilo Pedro Scherer","fam\u00edlia","S\u00ednodo dos Bispos"],"articleSection":["Not\u00edcias"],"inLanguage":"pt-BR","potentialAction":[{"@type":"CommentAction","name":"Comment","target":["https:\/\/www.oarcanjo.net\/site\/assembleia-geral-extraordinaria-do-sinodo-dos-bispos\/#respond"]}]},{"@type":"WebPage","@id":"https:\/\/www.oarcanjo.net\/site\/assembleia-geral-extraordinaria-do-sinodo-dos-bispos\/","url":"https:\/\/www.oarcanjo.net\/site\/assembleia-geral-extraordinaria-do-sinodo-dos-bispos\/","name":"Assembleia Geral Extraordin\u00e1ria do S\u00ednodo dos Bispos - O Arcanjo no ar","isPartOf":{"@id":"https:\/\/www.oarcanjo.net\/site\/#website"},"datePublished":"2013-10-16T14:15:01+00:00","dateModified":"2013-10-16T14:15:01+00:00","breadcrumb":{"@id":"https:\/\/www.oarcanjo.net\/site\/assembleia-geral-extraordinaria-do-sinodo-dos-bispos\/#breadcrumb"},"inLanguage":"pt-BR","potentialAction":[{"@type":"ReadAction","target":["https:\/\/www.oarcanjo.net\/site\/assembleia-geral-extraordinaria-do-sinodo-dos-bispos\/"]}]},{"@type":"BreadcrumbList","@id":"https:\/\/www.oarcanjo.net\/site\/assembleia-geral-extraordinaria-do-sinodo-dos-bispos\/#breadcrumb","itemListElement":[{"@type":"ListItem","position":1,"name":"In\u00edcio","item":"https:\/\/www.oarcanjo.net\/site\/"},{"@type":"ListItem","position":2,"name":"Assembleia Geral Extraordin\u00e1ria do S\u00ednodo dos Bispos"}]},{"@type":"WebSite","@id":"https:\/\/www.oarcanjo.net\/site\/#website","url":"https:\/\/www.oarcanjo.net\/site\/","name":"O Arcanjo no ar","description":"Site da Par\u00f3quia S\u00e3o Miguel Arcanjo (Arquidiocese de SP)","publisher":{"@id":"https:\/\/www.oarcanjo.net\/site\/#organization"},"potentialAction":[{"@type":"SearchAction","target":{"@type":"EntryPoint","urlTemplate":"https:\/\/www.oarcanjo.net\/site\/?s={search_term_string}"},"query-input":{"@type":"PropertyValueSpecification","valueRequired":true,"valueName":"search_term_string"}}],"inLanguage":"pt-BR"},{"@type":"Organization","@id":"https:\/\/www.oarcanjo.net\/site\/#organization","name":"Par\u00f3quia S\u00e3o Miguel Arcanjo","url":"https:\/\/www.oarcanjo.net\/site\/","logo":{"@type":"ImageObject","inLanguage":"pt-BR","@id":"https:\/\/www.oarcanjo.net\/site\/#\/schema\/logo\/image\/","url":"https:\/\/www.oarcanjo.net\/site\/wp-content\/uploads\/LogoOArcanjo.png","contentUrl":"https:\/\/www.oarcanjo.net\/site\/wp-content\/uploads\/LogoOArcanjo.png","width":319,"height":99,"caption":"Par\u00f3quia S\u00e3o Miguel Arcanjo"},"image":{"@id":"https:\/\/www.oarcanjo.net\/site\/#\/schema\/logo\/image\/"},"sameAs":["https:\/\/www.facebook.com\/OArcanjoNoAr\/"]},{"@type":"Person","@id":"https:\/\/www.oarcanjo.net\/site\/#\/schema\/person\/f7024d007863202483a31326673a0838","name":"editor","sameAs":["http:\/\/www.oarcanjo.net"]}]}},"publishpress_future_action":{"enabled":false,"date":"2026-05-10 14:26:34","action":"category","newStatus":"draft","terms":[],"taxonomy":"category"},"publishpress_future_workflow_manual_trigger":{"enabledWorkflows":[]},"_links":{"self":[{"href":"https:\/\/www.oarcanjo.net\/site\/wp-json\/wp\/v2\/posts\/23276"}],"collection":[{"href":"https:\/\/www.oarcanjo.net\/site\/wp-json\/wp\/v2\/posts"}],"about":[{"href":"https:\/\/www.oarcanjo.net\/site\/wp-json\/wp\/v2\/types\/post"}],"author":[{"embeddable":true,"href":"https:\/\/www.oarcanjo.net\/site\/wp-json\/wp\/v2\/users\/5"}],"replies":[{"embeddable":true,"href":"https:\/\/www.oarcanjo.net\/site\/wp-json\/wp\/v2\/comments?post=23276"}],"version-history":[{"count":0,"href":"https:\/\/www.oarcanjo.net\/site\/wp-json\/wp\/v2\/posts\/23276\/revisions"}],"wp:attachment":[{"href":"https:\/\/www.oarcanjo.net\/site\/wp-json\/wp\/v2\/media?parent=23276"}],"wp:term":[{"taxonomy":"category","embeddable":true,"href":"https:\/\/www.oarcanjo.net\/site\/wp-json\/wp\/v2\/categories?post=23276"},{"taxonomy":"post_tag","embeddable":true,"href":"https:\/\/www.oarcanjo.net\/site\/wp-json\/wp\/v2\/tags?post=23276"}],"curies":[{"name":"wp","href":"https:\/\/api.w.org\/{rel}","templated":true}]}}