
{"id":2329,"date":"2009-03-15T06:00:58","date_gmt":"2009-03-15T09:00:58","guid":{"rendered":"http:\/\/www.oarcanjo.net\/site\/?p=2329"},"modified":"2009-03-15T09:49:07","modified_gmt":"2009-03-15T12:49:07","slug":"pascoa-a-vista","status":"publish","type":"post","link":"https:\/\/www.oarcanjo.net\/site\/pascoa-a-vista\/","title":{"rendered":"P\u00e1scoa \u00e0 vista!"},"content":{"rendered":"<p>Reginaldo Veloso<\/p>\n<p>Passadas as efervescentes brincadeiras do Carnaval,<br \/>\nnossos olhos se voltam para o Oriente,<br \/>\nporque daqui a uns 40 dias,<br \/>\nvai renascer o Sol da Justi\u00e7a.<br \/>\n\u00c9 a festa das festas que vem a\u00ed:<br \/>\na Festa da P\u00c1SCOA!<\/p>\n<p>A palavra &#8220;p\u00e1scoa&#8221;,<br \/>\nde origem hebraica,<br \/>\n\u00e9 irm\u00e3 da portuguesa &#8220;passagem&#8221;.<br \/>\nE p\u00e1scoa quer dizer &#8220;a passagem de Deus&#8221;!<br \/>\nSim, porque Deus passa, est\u00e1 passando na hist\u00f3ria da Humanidade,<br \/>\nna vida da gente&#8230;<br \/>\nMas a gente n\u00e3o se d\u00e1 conta.<br \/>\nFoi preciso, ent\u00e3o, que Deus passasse de maneira espetacular, escandalosa at\u00e9,<br \/>\npara que, pelo menos uma por\u00e7\u00e3o de gente se tocasse.<\/p>\n<p>E foi assim:<br \/>\nJESUS DE NAZAR\u00c9, um carpinteiro,<br \/>\nque, mais de 2000 anos atr\u00e1s, nascera de um casal pobre<br \/>\ne vivera num lugarejo do interior da Palestina,<br \/>\nao 30 anos de idade,<br \/>\ncome\u00e7ou a anunciar o Reino de Deus!<\/p>\n<p>Para pertencer a este Reino,<br \/>\nas pessoas precisavam mudar de vida:<br \/>\n&#8211; Quem tinha conhecimentos devia partilhar com os desinformados&#8230;<br \/>\n&#8211; Quem tinha dinheiro, deveria repartir com os necessitados&#8230;<br \/>\n&#8211; Quem tinha poder, devia colocar-se a servi\u00e7o dos exclu\u00eddos&#8230;<\/p>\n<p>Era como se o mundo tivesse que virar de cabe\u00e7a para baixo!<br \/>\nUma revolu\u00e7\u00e3o, sim, mas que deveria come\u00e7ar no cora\u00e7\u00e3o de cada um, de cada uma.<\/p>\n<p>Para os pobres, era uma BOA NOT\u00cdCIA,<br \/>\naquilo que eles mais gostariam de ver acontecer.<br \/>\nE \u00e9 isso que quer dizer &#8220;evangelho&#8221;,<br \/>\npalavra grega, sin\u00f4nimo de &#8220;boa nova&#8221;, boa novidade.<br \/>\nMas para os ricos era subvers\u00e3o, perturba\u00e7\u00e3o da ordem,<br \/>\nou, como muita gente hoje em dia ainda diz,<br \/>\nisso era &#8220;comunismo&#8221;!<\/p>\n<p>At\u00e9 os pobres, iludidos pela conversa mole dos ricos e poderosos,<br \/>\nforam na onda deles e ficaram contra Jesus.<br \/>\nS\u00f3 sei que, por conta dessa hist\u00f3ria,<\/p>\n<p>Jesus terminou preso, foi condenado e morreu crucificado entre dois marginais.<br \/>\nMas, quando os poderosos menos imaginavam,<br \/>\nos poucos seguidores de Jesus de Nazar\u00e9 foram perdendo o medo<br \/>\ne fizeram o maior reboli\u00e7o na cidade:<br \/>\nsa\u00edram anunciando que Deus havia ressuscitado seu Mestre!<br \/>\nJesus vivia, isto \u00e9, Deus deu raz\u00e3o a ele!<\/p>\n<p>Ele morreu pela causa de povo, sobretudo dos pobres,<br \/>\nseu sangue foi derramado para que uma nova Humanidade come\u00e7asse a se organizar,<br \/>\nos entendidos se colocassem a servi\u00e7o dos sem instru\u00e7\u00e3o,<br \/>\nos ricos se colocassem a servi\u00e7o dos empobrecidos,<br \/>\nos poderosos se colocassem a servi\u00e7o do povo,<br \/>\ne todos se juntassem numa grande irmandade,<br \/>\numa fam\u00edlia de irm\u00e3os e irm\u00e3s, simples como as crian\u00e7as.<\/p>\n<p>E como a causa pela qual Jesus morrera<br \/>\nera justamente a causa de Deus, o que Deus mais queria que acontecesse,<br \/>\npor esse motivo, Deus passou no t\u00famulo onde Jesus foi sepultado,<br \/>\ne o arrancou do poder da morte.<br \/>\nDeus aprovou a vida e a mensagem de Jesus!<br \/>\nPortanto, pregavam seus disc\u00edpulos,<br \/>\nest\u00e1 na hora de aceitar sua mensagem libertadora,<br \/>\nde fazer parte do Reino por ele anunciado&#8230;<br \/>\nChegou o momento de cada um, de cada uma, deixar Deus passar na sua vida.<\/p>\n<p>P\u00c1SCOA \u00e9 isso: Deus passando na hist\u00f3ria de Jesus de Nazar\u00e9,<br \/>\ne o reconhecendo como seu Filho!<br \/>\nDeus querendo passar na vida de cada um da gente,<br \/>\nna medida em que a gente entrar na jogada de Jesus,<br \/>\ne se tornar assim um filho, uma filha de Deus.<\/p>\n<p>S\u00f3 sei que, quem ia acreditando em Jesus, atrav\u00e9s da mensagem dos disc\u00edpulos,<br \/>\ntomava um banho, para mostrar que estava come\u00e7ando uma vida nova,<br \/>\nlimpa de todas as maldades e sujeiras.<br \/>\nE esse banho passou a chamar-se de Batismo.<br \/>\nOs disc\u00edpulos (seguidores), agora chamados &#8220;ap\u00f3stolos&#8221;, que quer dizer &#8220;enviados&#8221;,<br \/>\ncolocavam as m\u00e3os sobre a cabe\u00e7a dos que se &#8220;batizavam&#8221;<br \/>\ne eles e elas recebiam um nova energia, um esp\u00edrito novo,<br \/>\nque chamavam de ESP\u00cdRITO SANTO!<\/p>\n<p>Na for\u00e7a dessa nova energia,<br \/>\n\u00e9 que o pessoal continuava se reunindo,<br \/>\nescutando a mensagem dos Ap\u00f3stolos sobre Jesus,<br \/>\nrepartir, entre todos, os seus bens,<br \/>\nde tal forma que ningu\u00e9m passava necessidade entre eles e elas.<br \/>\nE esse ajuntamento de gente, convocada pela Palavra de Deus,<br \/>\nchamou-se de IGREJA.<\/p>\n<p>O que mais chamava a aten\u00e7\u00e3o do povo era a alegria<br \/>\ncom que eles comiam a Ceia do P\u00e3o e do Vinho, em mem\u00f3ria de Jesus:<br \/>\nera o jeito de eles se sentirem em comunh\u00e3o de vida com o seu Mestre.<br \/>\nEra como se o corpo de Jesus passasse a se manifestar na carne deles e delas&#8230;<br \/>\nEra como se o sangue de Jesus passasse a correr nas veias deles e delas&#8230;<br \/>\nEra Jesus que passava a viver neles e nelas&#8230;<br \/>\nEra o Reino de deus que come\u00e7ava a acontecer &#8220;assim na terra como no c\u00e9u!&#8221;<br \/>\nE essa Igreja era, assim, o ensaio, a amostra de um MUNDO NOVO!<\/p>\n<p>\u00c9 por causa dessa historia, que os crist\u00e3os e crist\u00e3s de todos os tempos,<br \/>\ntodo ano, a certa altura do m\u00eas de abril,<br \/>\ncelebram a Festa da P\u00e1scoa.<\/p>\n<p>Valeria a pena a gente pensar numa &#8220;Festa da P\u00e1scoa&#8221;<br \/>\nentre n\u00f3s aqui?<br \/>\nQue sentido teria?<br \/>\nApenas recordar o que aconteceu h\u00e1 mais de 200 anos atr\u00e1s?<br \/>\nSer\u00e1 que a P\u00e1scoa, de alguma maneira,<br \/>\nestar\u00e1 acontecendo na vida da gente, hoje, aqui e agora,<br \/>\ne, por isso, vale a pena celebr\u00e1-la?<\/p>\n<p>Talvez seja quest\u00e3o de ter olhos de ver<br \/>\nolhos capazes de enxergar Deus passando na vida de cada um, de cada uma da gente&#8230;<br \/>\nna vida do povo<\/p>\n<p>&#8211; Quando algu\u00e9m de n\u00f3s sai da solid\u00e3o, do isolamento, e tem oportunidade de se encontrar com outras pessoas, de conversar suas coisas, de sentir-se escutado(a), levado(a) em conta&#8230; de poder descobrir seus valores e suas potencialidades&#8230; come\u00e7ar a gostar de si mesmo(a), a gostar da vida, a levantar a cabe\u00e7a, a encantar-se com o que \u00e9 belo, a querer o que \u00e9 bom, a sonhar com um mundo diferente, de amor, alegria e felicidade&#8230; n\u00e3o \u00e9 como se nascesse de novo?&#8230;<\/p>\n<p> &#8211; Quando a gente tem oportunidade de partilhar id\u00e9ias, sugest\u00f5es e iniciativas entre a gente&#8230; de brincar e jogar juntos&#8230; de aprender coisas juntos&#8230; de cantar, tocar e dan\u00e7ar juntos&#8230; de praticar algum tipo de arte ou desporte&#8230; de organizar passeios e festas&#8230; superando, aos poucos, o individualismo ou a desesperan\u00e7a&#8230; dando uma finalidade construtiva \u00e0 pr\u00f3pria agressividade&#8230; canalizando suas energias para o que nos dignifica como seres humanos e nos faz felizes&#8230; desenvolvendo um novo jeito de conviver, crescendo em amizade e companheirismo&#8230; n\u00e3o \u00e9 uma nova conviv\u00eancia que est\u00e1 desabrochando?&#8230;<\/p>\n<p>&#8211; Quando a gente tem oportunidade de conhecer a historia e as tradi\u00e7\u00f5es do povo da gente, as riquezas e belezas do folclore, as coisas bonitas que o povo do bairro faz, o jeito caracter\u00edstico do povo desta cidade viver e festejar&#8230; e vai trocando as coisas que v\u00eam de fora pelas coisas nossas&#8230; e vai come\u00e7ando a gostar da nossa m\u00fasica de raiz&#8230; e vai passando a preferir um suco das nossas frutas \u00e0 coca-cola, uma comida tradicional da gente a uma Mac-burger qualquer&#8230; e por a\u00ed vai crescendo no amor a esta cidade, a come\u00e7ar pelo seu bairro&#8230; N\u00e3o \u00e9 isso identidade perdida que est\u00e1 se resgatando?&#8230;<br \/>\n&#8211; Quando a gente tem oportunidade de encarar o seu ambiente de vida, com novas informa\u00e7\u00f5es e inquieta\u00e7\u00f5es sobre higiene, limpeza p\u00fablica, reciclagem de lixo, import\u00e2ncia do verde, da mata, do mangue, da \u00e1gua, do ar, do silencio, da preserva\u00e7\u00e3o ambiental&#8230; e come\u00e7a a tomar cuidados e iniciativas em casa, na escola ou quando vai pela rua&#8230; e come\u00e7a a preocupar-se com arboriza\u00e7\u00e3o e jardinagem&#8230; com reciclagem de pl\u00e1stico e papel, com coleta seletiva&#8230; com a limpeza das canaletas e canais&#8230; com o volume de som das radiolas e televis\u00f5es&#8230; com tudo quanto incomoda e prejudica o ambiente em que se vive&#8230; e passa a ser multiplicador(a) de uma nova mentalidade a respeito dessas coisas no dia-a-dia das pessoas&#8230; N\u00e3o \u00e9 isso um mundo diferente que est\u00e1 surgindo?&#8230;<\/p>\n<p>&#8211; Quando a gente tem oportunidade de perceber que a cidade \u00e9 feita por todos os que nela habitam&#8230; que ser cidad\u00e3o, cidad\u00e3, \u00e9 querer bem a seu peda\u00e7o e se responsabilizar por ele, para que seja o melhor lugar do mundo, a cidade mais bonita e feliz&#8230; onde todos, de m\u00e3os dadas, vivem num mutir\u00e3o sem fim, cuidando de tudo, para que tudo d\u00ea certo, para o bem de todos&#8230; onde o prazer maior \u00e9 poder, no fim de semana, festejar com canto e dan\u00e7a a fraternidade cidad\u00e3 exercida ao longo de toda a semana&#8230; N\u00e3o \u00e9 isso um mundo novo que est\u00e1 despontando?<\/p>\n<p>Para quem tem olhos de ver,<br \/>\n\u00e9 por a\u00ed, quem sabe, que Deus est\u00e1 passando,<br \/>\nnos arrancando da morte para a Vida&#8230;<br \/>\n\u00e9 por a\u00ed que o Sangue de Jesus est\u00e1 circulando<br \/>\ne o Esp\u00edrito de Deus est\u00e1 soprando<br \/>\ne tudo vai se transformando nos indiv\u00edduos e na sociedade,<br \/>\ne a P\u00e1scoa vai acontecendo<br \/>\ne o mundo se salvando<\/p>\n<p>Se for assim,<br \/>\nse assim estiver sendo,<br \/>\nser\u00e1 que n\u00e3o vale a pena celebrar a P\u00e1scoa,<br \/>\na passagem de Deus em nossas vidas,<br \/>\nna vida da gente e do povo?&#8230;<\/p>\n<p>E agora Jos\u00e9, e agora Maria,<br \/>\ncomo vamos fazer para que nossos Grupos, Movimentos, Organiza\u00e7\u00f5es e Comunidades<br \/>\ncheguem \u00e0 gostosa descoberta deste &#8220;Mist\u00e9rio&#8221; maravilhoso<br \/>\nque se esconde em suas vidas,<br \/>\nmas que precisa se manifestar aos olhos deles e delas, aos de todos?&#8230;<br \/>\nComo fazer para que esta descoberta<br \/>\nse torne motivo de festa<br \/>\ne desencadeie toda uma criatividade,<br \/>\nno sentido de todos se darem as m\u00e3os<br \/>\nna prepara\u00e7\u00e3o de um evento capaz de fazer brilhar<br \/>\nesta vida nova, este mundo novo,<br \/>\nque est\u00e1 acontecendo no dia-a-dia da gente e do povo,<br \/>\ncomo Festa da Vida<br \/>\ncomo um grande louvor ao Deus da Vida<br \/>\nque assim como passou na hist\u00f3ria de Jesus,<br \/>\nest\u00e1 passando nas historias bonitas da gente, hoje, aqui e agora?&#8230;<\/p>\n<p>A P\u00e1scoa est\u00e1 \u00e0 vista!<br \/>\nComo vamos fazer?<br \/>\nFeliz P\u00e1scoa!<\/p>\n<div id=\"themify_builder_content-2329\" data-postid=\"2329\" class=\"themify_builder_content themify_builder_content-2329 themify_builder themify_builder_front\">\n\t<\/div>\n<!-- \/themify_builder_content -->","protected":false},"excerpt":{"rendered":"<p>Reginaldo Veloso Passadas as efervescentes brincadeiras do Carnaval, nossos olhos se voltam para o Oriente, porque daqui a uns 40 dias, vai renascer o Sol da Justi\u00e7a. \u00c9 a festa das festas que vem a\u00ed: a Festa da P\u00c1SCOA! A palavra &#8220;p\u00e1scoa&#8221;, de origem hebraica, \u00e9 irm\u00e3 da portuguesa &#8220;passagem&#8221;. E p\u00e1scoa quer dizer &#8220;a [&hellip;]<\/p>\n","protected":false},"author":5,"featured_media":0,"comment_status":"open","ping_status":"open","sticky":false,"template":"","format":"standard","meta":{"ngg_post_thumbnail":0,"footnotes":""},"categories":[8],"tags":[242,62],"yoast_head":"<!-- This site is optimized with the Yoast SEO plugin v23.5 - https:\/\/yoast.com\/wordpress\/plugins\/seo\/ -->\n<title>P\u00e1scoa \u00e0 vista! - O Arcanjo no ar<\/title>\n<meta name=\"robots\" content=\"index, follow, max-snippet:-1, max-image-preview:large, max-video-preview:-1\" \/>\n<link rel=\"canonical\" href=\"https:\/\/www.oarcanjo.net\/site\/pascoa-a-vista\/\" \/>\n<meta property=\"og:locale\" content=\"pt_BR\" \/>\n<meta property=\"og:type\" content=\"article\" \/>\n<meta property=\"og:title\" content=\"P\u00e1scoa \u00e0 vista! - O Arcanjo no ar\" \/>\n<meta property=\"og:description\" content=\"Reginaldo Veloso Passadas as efervescentes brincadeiras do Carnaval, nossos olhos se voltam para o Oriente, porque daqui a uns 40 dias, vai renascer o Sol da Justi\u00e7a. \u00c9 a festa das festas que vem a\u00ed: a Festa da P\u00c1SCOA! A palavra &#8220;p\u00e1scoa&#8221;, de origem hebraica, \u00e9 irm\u00e3 da portuguesa &#8220;passagem&#8221;. E p\u00e1scoa quer dizer &#8220;a [&hellip;]\" \/>\n<meta property=\"og:url\" content=\"https:\/\/www.oarcanjo.net\/site\/pascoa-a-vista\/\" \/>\n<meta property=\"og:site_name\" content=\"O Arcanjo no ar\" \/>\n<meta property=\"article:publisher\" content=\"https:\/\/www.facebook.com\/OArcanjoNoAr\/\" \/>\n<meta property=\"article:published_time\" content=\"2009-03-15T09:00:58+00:00\" \/>\n<meta property=\"article:modified_time\" content=\"2009-03-15T12:49:07+00:00\" \/>\n<meta property=\"og:image\" content=\"https:\/\/www.oarcanjo.net\/site\/wp-content\/uploads\/logo-o-arcanjo-no-ar-facebook.png\" \/>\n\t<meta property=\"og:image:width\" content=\"300\" \/>\n\t<meta property=\"og:image:height\" content=\"300\" \/>\n\t<meta property=\"og:image:type\" content=\"image\/png\" \/>\n<meta name=\"author\" content=\"editor\" \/>\n<meta name=\"twitter:card\" content=\"summary_large_image\" \/>\n<meta name=\"twitter:label1\" content=\"Escrito por\" \/>\n\t<meta name=\"twitter:data1\" content=\"editor\" \/>\n\t<meta name=\"twitter:label2\" content=\"Est. tempo de leitura\" \/>\n\t<meta name=\"twitter:data2\" content=\"8 minutos\" \/>\n<script type=\"application\/ld+json\" class=\"yoast-schema-graph\">{\"@context\":\"https:\/\/schema.org\",\"@graph\":[{\"@type\":\"Article\",\"@id\":\"https:\/\/www.oarcanjo.net\/site\/pascoa-a-vista\/#article\",\"isPartOf\":{\"@id\":\"https:\/\/www.oarcanjo.net\/site\/pascoa-a-vista\/\"},\"author\":{\"name\":\"editor\",\"@id\":\"https:\/\/www.oarcanjo.net\/site\/#\/schema\/person\/f7024d007863202483a31326673a0838\"},\"headline\":\"P\u00e1scoa \u00e0 vista!\",\"datePublished\":\"2009-03-15T09:00:58+00:00\",\"dateModified\":\"2009-03-15T12:49:07+00:00\",\"mainEntityOfPage\":{\"@id\":\"https:\/\/www.oarcanjo.net\/site\/pascoa-a-vista\/\"},\"wordCount\":1701,\"commentCount\":2,\"publisher\":{\"@id\":\"https:\/\/www.oarcanjo.net\/site\/#organization\"},\"keywords\":[\"P\u00e1scoa\",\"vida\"],\"articleSection\":[\"Not\u00edcias\"],\"inLanguage\":\"pt-BR\",\"potentialAction\":[{\"@type\":\"CommentAction\",\"name\":\"Comment\",\"target\":[\"https:\/\/www.oarcanjo.net\/site\/pascoa-a-vista\/#respond\"]}]},{\"@type\":\"WebPage\",\"@id\":\"https:\/\/www.oarcanjo.net\/site\/pascoa-a-vista\/\",\"url\":\"https:\/\/www.oarcanjo.net\/site\/pascoa-a-vista\/\",\"name\":\"P\u00e1scoa \u00e0 vista! - O Arcanjo no ar\",\"isPartOf\":{\"@id\":\"https:\/\/www.oarcanjo.net\/site\/#website\"},\"datePublished\":\"2009-03-15T09:00:58+00:00\",\"dateModified\":\"2009-03-15T12:49:07+00:00\",\"breadcrumb\":{\"@id\":\"https:\/\/www.oarcanjo.net\/site\/pascoa-a-vista\/#breadcrumb\"},\"inLanguage\":\"pt-BR\",\"potentialAction\":[{\"@type\":\"ReadAction\",\"target\":[\"https:\/\/www.oarcanjo.net\/site\/pascoa-a-vista\/\"]}]},{\"@type\":\"BreadcrumbList\",\"@id\":\"https:\/\/www.oarcanjo.net\/site\/pascoa-a-vista\/#breadcrumb\",\"itemListElement\":[{\"@type\":\"ListItem\",\"position\":1,\"name\":\"In\u00edcio\",\"item\":\"https:\/\/www.oarcanjo.net\/site\/\"},{\"@type\":\"ListItem\",\"position\":2,\"name\":\"P\u00e1scoa \u00e0 vista!\"}]},{\"@type\":\"WebSite\",\"@id\":\"https:\/\/www.oarcanjo.net\/site\/#website\",\"url\":\"https:\/\/www.oarcanjo.net\/site\/\",\"name\":\"O Arcanjo no ar\",\"description\":\"Site da Par\u00f3quia S\u00e3o Miguel Arcanjo (Arquidiocese de SP)\",\"publisher\":{\"@id\":\"https:\/\/www.oarcanjo.net\/site\/#organization\"},\"potentialAction\":[{\"@type\":\"SearchAction\",\"target\":{\"@type\":\"EntryPoint\",\"urlTemplate\":\"https:\/\/www.oarcanjo.net\/site\/?s={search_term_string}\"},\"query-input\":{\"@type\":\"PropertyValueSpecification\",\"valueRequired\":true,\"valueName\":\"search_term_string\"}}],\"inLanguage\":\"pt-BR\"},{\"@type\":\"Organization\",\"@id\":\"https:\/\/www.oarcanjo.net\/site\/#organization\",\"name\":\"Par\u00f3quia S\u00e3o Miguel Arcanjo\",\"url\":\"https:\/\/www.oarcanjo.net\/site\/\",\"logo\":{\"@type\":\"ImageObject\",\"inLanguage\":\"pt-BR\",\"@id\":\"https:\/\/www.oarcanjo.net\/site\/#\/schema\/logo\/image\/\",\"url\":\"https:\/\/www.oarcanjo.net\/site\/wp-content\/uploads\/LogoOArcanjo.png\",\"contentUrl\":\"https:\/\/www.oarcanjo.net\/site\/wp-content\/uploads\/LogoOArcanjo.png\",\"width\":319,\"height\":99,\"caption\":\"Par\u00f3quia S\u00e3o Miguel Arcanjo\"},\"image\":{\"@id\":\"https:\/\/www.oarcanjo.net\/site\/#\/schema\/logo\/image\/\"},\"sameAs\":[\"https:\/\/www.facebook.com\/OArcanjoNoAr\/\"]},{\"@type\":\"Person\",\"@id\":\"https:\/\/www.oarcanjo.net\/site\/#\/schema\/person\/f7024d007863202483a31326673a0838\",\"name\":\"editor\",\"sameAs\":[\"http:\/\/www.oarcanjo.net\"]}]}<\/script>\n<!-- \/ Yoast SEO plugin. -->","yoast_head_json":{"title":"P\u00e1scoa \u00e0 vista! - O Arcanjo no ar","robots":{"index":"index","follow":"follow","max-snippet":"max-snippet:-1","max-image-preview":"max-image-preview:large","max-video-preview":"max-video-preview:-1"},"canonical":"https:\/\/www.oarcanjo.net\/site\/pascoa-a-vista\/","og_locale":"pt_BR","og_type":"article","og_title":"P\u00e1scoa \u00e0 vista! - O Arcanjo no ar","og_description":"Reginaldo Veloso Passadas as efervescentes brincadeiras do Carnaval, nossos olhos se voltam para o Oriente, porque daqui a uns 40 dias, vai renascer o Sol da Justi\u00e7a. \u00c9 a festa das festas que vem a\u00ed: a Festa da P\u00c1SCOA! A palavra &#8220;p\u00e1scoa&#8221;, de origem hebraica, \u00e9 irm\u00e3 da portuguesa &#8220;passagem&#8221;. E p\u00e1scoa quer dizer &#8220;a [&hellip;]","og_url":"https:\/\/www.oarcanjo.net\/site\/pascoa-a-vista\/","og_site_name":"O Arcanjo no ar","article_publisher":"https:\/\/www.facebook.com\/OArcanjoNoAr\/","article_published_time":"2009-03-15T09:00:58+00:00","article_modified_time":"2009-03-15T12:49:07+00:00","og_image":[{"width":300,"height":300,"url":"https:\/\/www.oarcanjo.net\/site\/wp-content\/uploads\/logo-o-arcanjo-no-ar-facebook.png","type":"image\/png"}],"author":"editor","twitter_card":"summary_large_image","twitter_misc":{"Escrito por":"editor","Est. tempo de leitura":"8 minutos"},"schema":{"@context":"https:\/\/schema.org","@graph":[{"@type":"Article","@id":"https:\/\/www.oarcanjo.net\/site\/pascoa-a-vista\/#article","isPartOf":{"@id":"https:\/\/www.oarcanjo.net\/site\/pascoa-a-vista\/"},"author":{"name":"editor","@id":"https:\/\/www.oarcanjo.net\/site\/#\/schema\/person\/f7024d007863202483a31326673a0838"},"headline":"P\u00e1scoa \u00e0 vista!","datePublished":"2009-03-15T09:00:58+00:00","dateModified":"2009-03-15T12:49:07+00:00","mainEntityOfPage":{"@id":"https:\/\/www.oarcanjo.net\/site\/pascoa-a-vista\/"},"wordCount":1701,"commentCount":2,"publisher":{"@id":"https:\/\/www.oarcanjo.net\/site\/#organization"},"keywords":["P\u00e1scoa","vida"],"articleSection":["Not\u00edcias"],"inLanguage":"pt-BR","potentialAction":[{"@type":"CommentAction","name":"Comment","target":["https:\/\/www.oarcanjo.net\/site\/pascoa-a-vista\/#respond"]}]},{"@type":"WebPage","@id":"https:\/\/www.oarcanjo.net\/site\/pascoa-a-vista\/","url":"https:\/\/www.oarcanjo.net\/site\/pascoa-a-vista\/","name":"P\u00e1scoa \u00e0 vista! - O Arcanjo no ar","isPartOf":{"@id":"https:\/\/www.oarcanjo.net\/site\/#website"},"datePublished":"2009-03-15T09:00:58+00:00","dateModified":"2009-03-15T12:49:07+00:00","breadcrumb":{"@id":"https:\/\/www.oarcanjo.net\/site\/pascoa-a-vista\/#breadcrumb"},"inLanguage":"pt-BR","potentialAction":[{"@type":"ReadAction","target":["https:\/\/www.oarcanjo.net\/site\/pascoa-a-vista\/"]}]},{"@type":"BreadcrumbList","@id":"https:\/\/www.oarcanjo.net\/site\/pascoa-a-vista\/#breadcrumb","itemListElement":[{"@type":"ListItem","position":1,"name":"In\u00edcio","item":"https:\/\/www.oarcanjo.net\/site\/"},{"@type":"ListItem","position":2,"name":"P\u00e1scoa \u00e0 vista!"}]},{"@type":"WebSite","@id":"https:\/\/www.oarcanjo.net\/site\/#website","url":"https:\/\/www.oarcanjo.net\/site\/","name":"O Arcanjo no ar","description":"Site da Par\u00f3quia S\u00e3o Miguel Arcanjo (Arquidiocese de SP)","publisher":{"@id":"https:\/\/www.oarcanjo.net\/site\/#organization"},"potentialAction":[{"@type":"SearchAction","target":{"@type":"EntryPoint","urlTemplate":"https:\/\/www.oarcanjo.net\/site\/?s={search_term_string}"},"query-input":{"@type":"PropertyValueSpecification","valueRequired":true,"valueName":"search_term_string"}}],"inLanguage":"pt-BR"},{"@type":"Organization","@id":"https:\/\/www.oarcanjo.net\/site\/#organization","name":"Par\u00f3quia S\u00e3o Miguel Arcanjo","url":"https:\/\/www.oarcanjo.net\/site\/","logo":{"@type":"ImageObject","inLanguage":"pt-BR","@id":"https:\/\/www.oarcanjo.net\/site\/#\/schema\/logo\/image\/","url":"https:\/\/www.oarcanjo.net\/site\/wp-content\/uploads\/LogoOArcanjo.png","contentUrl":"https:\/\/www.oarcanjo.net\/site\/wp-content\/uploads\/LogoOArcanjo.png","width":319,"height":99,"caption":"Par\u00f3quia S\u00e3o Miguel Arcanjo"},"image":{"@id":"https:\/\/www.oarcanjo.net\/site\/#\/schema\/logo\/image\/"},"sameAs":["https:\/\/www.facebook.com\/OArcanjoNoAr\/"]},{"@type":"Person","@id":"https:\/\/www.oarcanjo.net\/site\/#\/schema\/person\/f7024d007863202483a31326673a0838","name":"editor","sameAs":["http:\/\/www.oarcanjo.net"]}]}},"publishpress_future_action":{"enabled":false,"date":"2026-05-08 20:59:50","action":"category","newStatus":"draft","terms":[],"taxonomy":"category"},"publishpress_future_workflow_manual_trigger":{"enabledWorkflows":[]},"_links":{"self":[{"href":"https:\/\/www.oarcanjo.net\/site\/wp-json\/wp\/v2\/posts\/2329"}],"collection":[{"href":"https:\/\/www.oarcanjo.net\/site\/wp-json\/wp\/v2\/posts"}],"about":[{"href":"https:\/\/www.oarcanjo.net\/site\/wp-json\/wp\/v2\/types\/post"}],"author":[{"embeddable":true,"href":"https:\/\/www.oarcanjo.net\/site\/wp-json\/wp\/v2\/users\/5"}],"replies":[{"embeddable":true,"href":"https:\/\/www.oarcanjo.net\/site\/wp-json\/wp\/v2\/comments?post=2329"}],"version-history":[{"count":0,"href":"https:\/\/www.oarcanjo.net\/site\/wp-json\/wp\/v2\/posts\/2329\/revisions"}],"wp:attachment":[{"href":"https:\/\/www.oarcanjo.net\/site\/wp-json\/wp\/v2\/media?parent=2329"}],"wp:term":[{"taxonomy":"category","embeddable":true,"href":"https:\/\/www.oarcanjo.net\/site\/wp-json\/wp\/v2\/categories?post=2329"},{"taxonomy":"post_tag","embeddable":true,"href":"https:\/\/www.oarcanjo.net\/site\/wp-json\/wp\/v2\/tags?post=2329"}],"curies":[{"name":"wp","href":"https:\/\/api.w.org\/{rel}","templated":true}]}}