
{"id":2340,"date":"2009-03-13T09:09:39","date_gmt":"2009-03-13T12:09:39","guid":{"rendered":"http:\/\/www.oarcanjo.net\/site\/?p=2340"},"modified":"2009-03-15T11:59:18","modified_gmt":"2009-03-15T14:59:18","slug":"cnbb-fala-sobre-o-caso-da-menina-violentada-em-pernambuco","status":"publish","type":"post","link":"https:\/\/www.oarcanjo.net\/site\/cnbb-fala-sobre-o-caso-da-menina-violentada-em-pernambuco\/","title":{"rendered":"CNBB fala sobre o caso da menina violentada em Pernambuco"},"content":{"rendered":"<p>[flv]rtmp:\/\/s2.bizmedia.com.br\/ondemand\/ColetivaCNBB.flv[\/flv]<\/p>\n<p>\u201c\u00c9 lament\u00e1vel o acontecido\u201d, disse o secret\u00e1rio-geral da CNBB, dom Dimas Lara Barbosa, a respeito do abuso sexual sofrido pela menina de nove anos em Alagoinhas, que ficou gr\u00e1vida de g\u00eameos e abortou. \u201cMais lament\u00e1vel ainda \u00e9 o fato de que n\u00e3o se trata de um caso isolado. Infelizmente, temos no Brasil in\u00fameras den\u00fancias de explora\u00e7\u00e3o sexual e at\u00e9 de tr\u00e1fico de crian\u00e7as. Alguns dos nossos bispos est\u00e3o sendo amea\u00e7ados no Par\u00e1 por denunciar esse tipo de pr\u00e1tica de explora\u00e7\u00e3o contra crian\u00e7as e adolescentes\u201d, lembrou o bispo durante entrevista coletiva \u00e0 imprensa realizada hoje, na sede da CNBB, em Bras\u00edlia, na qual estiveram presentes o presidente, vice-presidente e o assessor de Direito Can\u00f4nico, respectivamente, dom Geraldo Lyrio Rocha, dom Luiz Soares e padre  Enrique Pujol.<\/p>\n<p>Para dom Dimas, esses casos de viol\u00eancia contra crian\u00e7as e adolescentes lembram a Campanha da Fraternidade deste ano que traz como tema \u201cFraternidade e Seguran\u00e7a P\u00fablica\u201d. \u201cA Campanha da Fraternidade aponta a viol\u00eancia dom\u00e9stica como um fator de inseguran\u00e7a\u201d, disse. <\/p>\n<p>Excomunh\u00e3o<\/p>\n<p>Para, dom Geraldo Lyrio Rocha, n\u00e3o se pode reduzir a viol\u00eancia ocorrida com a menina de Alagoinha \u00e0 quest\u00e3o da excomunh\u00e3o. Ele lembrou que a nota da CNBB, divulgada na sexta-feira da semana passada, manifesta, em primeiro lugar, solidariedade \u00e0 fam\u00edlia da crian\u00e7a que est\u00e1 passando por um constrangimento enorme e condena o estuprador que deve pagar pelo crime segundo a justi\u00e7a.<\/p>\n<p>\u201cEu fico pensando na situa\u00e7\u00e3o da m\u00e3e desta crian\u00e7a e nos demais familiares. \u00c9 um enorme sofrimento, uma humilha\u00e7\u00e3o ter uma crian\u00e7a sendo explorada sexualmente pelo padrasto desde os seis anos de idade. Isto \u00e9 uma coisa repugnante e me causa estranheza que este aspecto t\u00e3o repugnante tenha se dilu\u00eddo diante da hist\u00f3ria da excomunh\u00e3o, que precisa, sim, ser tratada. Por\u00e9m reduzir uma problem\u00e1tica deste porte unicamente ao epis\u00f3dio da hist\u00f3ria da excomunh\u00e3o \u00e9 esvaziar uma quest\u00e3o sobre a qual a consci\u00eancia nacional precisa ser despertada\u201d, disse. <\/p>\n<p>Segundo dom Geraldo, excomunh\u00e3o n\u00e3o \u00e9 sin\u00f4nimo de condena\u00e7\u00e3o ao inferno, mas trata-se de um ato disciplinar da Igreja. &#8220;A excomunh\u00e3o existe para chamar aten\u00e7\u00e3o para a gravidade do ato. O aborto traz consigo essa pena porque est\u00e1 se diluindo a gravidade do aborto at\u00e9 mesmo entre os crist\u00e3os. Quem viola isto, se coloca fora da comunidade eclesial&#8221;, esclareceu. <\/p>\n<p>Ainda de acordo com o presidente da CNBB, o estupro n\u00e3o \u00e9 penalizado com a excomunh\u00e3o porque todos j\u00e1 t\u00eam consci\u00eancia de que se trata de um ato repugnante. &#8220;O estupro \u00e9 uma coisa t\u00e3o repugnante que a Igreja n\u00e3o precisa chamar a aten\u00e7\u00e3o para ele, est\u00e1 na consci\u00eancia de todos. O aborto n\u00e3o, por isso a excomunh\u00e3o n\u00e3o \u00e9 s\u00f3 para punir, mas para que quem praticou o ato possa perceber a gravidade e buscar sua reconcilia\u00e7\u00e3o&#8221;, afirmou dom Geraldo. <\/p>\n<p>Para dom Dimas, o arcebispo dom Jos\u00e9 Cardoso Sobrinho \u201cn\u00e3o excomungou ningu\u00e9m\u201d, apenas lembrou uma norma que existe no Direito Can\u00f4nico. \u201cEm alguns casos especiais se prev\u00ea este tipo de pena, como por exemplo, a profana\u00e7\u00e3o do Sant\u00edssimo Sacramento, ou o caso do padre que revela um segredo de confiss\u00e3o, em que a pessoa, pelo simples fato de cometer este tipo de ato, se coloca fora da comunh\u00e3o da Igreja\u201d, explicou. \u00c9 a chamada excomunh\u00e3o latae sententiae. <\/p>\n<p>O presidente da CNBB concorda com dom Dimas. &#8220;Na verdade, o arcebispo n\u00e3o excomungou ningu\u00e9m. Ele anunciou que este tipo de ato traz consigo tal possibilidade, de acordo com o que prev\u00ea o C\u00f3digo de Direito Can\u00f4nico&#8221;, esclareceu.<\/p>\n<p>Dom Dimas disse que, para incorrer em excomunh\u00e3o, a pessoa precisa ter consci\u00eancia da gravidade do ato e liberdade para pratic\u00e1-lo. \u201cEm qualquer tipo de pecado existem as circunst\u00e2ncias. Uma coisa \u00e9 a pessoa agir deliberadamente contra o outro. Outra coisa \u00e9 a pessoa agir sob press\u00e3o ou sob efeito da droga, por exemplo. Neste sentido existe uma previs\u00e3o no C\u00f3digo de Direito Can\u00f4nico, considerando a gravidade do aborto, de que as pessoas que trabalham contra o nascituro, consciente e livremente, se colocam fora da Igreja, porque j\u00e1 n\u00e3o comungam com o pensamento crist\u00e3o que \u00e9 a defesa da vida\u201d. <\/p>\n<p>Para dom Dimas, a Igreja considera o aborto um ato grave, sobretudo por aqueles que o praticam conscientemente. \u201cOs que praticam o aborto com consci\u00eancia e as cl\u00ednicas de aborto n\u00e3o est\u00e3o em comunh\u00e3o com o pensamento crist\u00e3o em defesa da vida\u201d, recordou. <\/p>\n<p>O secret\u00e1rio deixou claro tamb\u00e9m que a crian\u00e7a violentada n\u00e3o incorreu em excomunh\u00e3o. \u201cEu acredito que a m\u00e3e dela tamb\u00e9m n\u00e3o [incorreu na excomunh\u00e3o] porque ela agiu sob press\u00e3o\u201d, disse. <\/p>\n<div id=\"themify_builder_content-2340\" data-postid=\"2340\" class=\"themify_builder_content themify_builder_content-2340 themify_builder themify_builder_front\">\n\t<\/div>\n<!-- \/themify_builder_content -->","protected":false},"excerpt":{"rendered":"<p>[flv]rtmp:\/\/s2.bizmedia.com.br\/ondemand\/ColetivaCNBB.flv[\/flv] \u201c\u00c9 lament\u00e1vel o acontecido\u201d, disse o secret\u00e1rio-geral da CNBB, dom Dimas Lara Barbosa, a respeito do abuso sexual sofrido pela menina de nove anos em Alagoinhas, que ficou gr\u00e1vida de g\u00eameos e abortou. \u201cMais lament\u00e1vel ainda \u00e9 o fato de que n\u00e3o se trata de um caso isolado. Infelizmente, temos no Brasil in\u00fameras den\u00fancias [&hellip;]<\/p>\n","protected":false},"author":5,"featured_media":0,"comment_status":"open","ping_status":"open","sticky":false,"template":"","format":"standard","meta":{"ngg_post_thumbnail":0,"footnotes":""},"categories":[8,280],"tags":[61,63,249,326,307,20,325],"yoast_head":"<!-- This site is optimized with the Yoast SEO plugin v23.5 - https:\/\/yoast.com\/wordpress\/plugins\/seo\/ -->\n<title>CNBB fala sobre o caso da menina violentada em Pernambuco - O Arcanjo no ar<\/title>\n<meta name=\"robots\" content=\"index, follow, max-snippet:-1, max-image-preview:large, max-video-preview:-1\" \/>\n<link rel=\"canonical\" href=\"https:\/\/www.oarcanjo.net\/site\/cnbb-fala-sobre-o-caso-da-menina-violentada-em-pernambuco\/\" \/>\n<meta property=\"og:locale\" content=\"pt_BR\" \/>\n<meta property=\"og:type\" content=\"article\" \/>\n<meta property=\"og:title\" content=\"CNBB fala sobre o caso da menina violentada em Pernambuco - O Arcanjo no ar\" \/>\n<meta property=\"og:description\" content=\"[flv]rtmp:\/\/s2.bizmedia.com.br\/ondemand\/ColetivaCNBB.flv[\/flv] \u201c\u00c9 lament\u00e1vel o acontecido\u201d, disse o secret\u00e1rio-geral da CNBB, dom Dimas Lara Barbosa, a respeito do abuso sexual sofrido pela menina de nove anos em Alagoinhas, que ficou gr\u00e1vida de g\u00eameos e abortou. \u201cMais lament\u00e1vel ainda \u00e9 o fato de que n\u00e3o se trata de um caso isolado. Infelizmente, temos no Brasil in\u00fameras den\u00fancias [&hellip;]\" \/>\n<meta property=\"og:url\" content=\"https:\/\/www.oarcanjo.net\/site\/cnbb-fala-sobre-o-caso-da-menina-violentada-em-pernambuco\/\" \/>\n<meta property=\"og:site_name\" content=\"O Arcanjo no ar\" \/>\n<meta property=\"article:publisher\" content=\"https:\/\/www.facebook.com\/OArcanjoNoAr\/\" \/>\n<meta property=\"article:published_time\" content=\"2009-03-13T12:09:39+00:00\" \/>\n<meta property=\"article:modified_time\" content=\"2009-03-15T14:59:18+00:00\" \/>\n<meta property=\"og:image\" content=\"https:\/\/www.oarcanjo.net\/site\/wp-content\/uploads\/logo-o-arcanjo-no-ar-facebook.png\" \/>\n\t<meta property=\"og:image:width\" content=\"300\" \/>\n\t<meta property=\"og:image:height\" content=\"300\" \/>\n\t<meta property=\"og:image:type\" content=\"image\/png\" \/>\n<meta name=\"author\" content=\"editor\" \/>\n<meta name=\"twitter:card\" content=\"summary_large_image\" \/>\n<meta name=\"twitter:label1\" content=\"Escrito por\" \/>\n\t<meta name=\"twitter:data1\" content=\"editor\" \/>\n\t<meta name=\"twitter:label2\" content=\"Est. tempo de leitura\" \/>\n\t<meta name=\"twitter:data2\" content=\"4 minutos\" \/>\n<script type=\"application\/ld+json\" class=\"yoast-schema-graph\">{\"@context\":\"https:\/\/schema.org\",\"@graph\":[{\"@type\":\"Article\",\"@id\":\"https:\/\/www.oarcanjo.net\/site\/cnbb-fala-sobre-o-caso-da-menina-violentada-em-pernambuco\/#article\",\"isPartOf\":{\"@id\":\"https:\/\/www.oarcanjo.net\/site\/cnbb-fala-sobre-o-caso-da-menina-violentada-em-pernambuco\/\"},\"author\":{\"name\":\"editor\",\"@id\":\"https:\/\/www.oarcanjo.net\/site\/#\/schema\/person\/f7024d007863202483a31326673a0838\"},\"headline\":\"CNBB fala sobre o caso da menina violentada em Pernambuco\",\"datePublished\":\"2009-03-13T12:09:39+00:00\",\"dateModified\":\"2009-03-15T14:59:18+00:00\",\"mainEntityOfPage\":{\"@id\":\"https:\/\/www.oarcanjo.net\/site\/cnbb-fala-sobre-o-caso-da-menina-violentada-em-pernambuco\/\"},\"wordCount\":853,\"commentCount\":0,\"publisher\":{\"@id\":\"https:\/\/www.oarcanjo.net\/site\/#organization\"},\"keywords\":[\"aborto\",\"CNBB\",\"direito \u00e0 vida\",\"estupro\",\"mulher\",\"viol\u00eancia\",\"viol\u00eancia contra a mulher\"],\"articleSection\":[\"Not\u00edcias\",\"V\u00eddeos\"],\"inLanguage\":\"pt-BR\",\"potentialAction\":[{\"@type\":\"CommentAction\",\"name\":\"Comment\",\"target\":[\"https:\/\/www.oarcanjo.net\/site\/cnbb-fala-sobre-o-caso-da-menina-violentada-em-pernambuco\/#respond\"]}]},{\"@type\":\"WebPage\",\"@id\":\"https:\/\/www.oarcanjo.net\/site\/cnbb-fala-sobre-o-caso-da-menina-violentada-em-pernambuco\/\",\"url\":\"https:\/\/www.oarcanjo.net\/site\/cnbb-fala-sobre-o-caso-da-menina-violentada-em-pernambuco\/\",\"name\":\"CNBB fala sobre o caso da menina violentada em Pernambuco - O Arcanjo no ar\",\"isPartOf\":{\"@id\":\"https:\/\/www.oarcanjo.net\/site\/#website\"},\"datePublished\":\"2009-03-13T12:09:39+00:00\",\"dateModified\":\"2009-03-15T14:59:18+00:00\",\"breadcrumb\":{\"@id\":\"https:\/\/www.oarcanjo.net\/site\/cnbb-fala-sobre-o-caso-da-menina-violentada-em-pernambuco\/#breadcrumb\"},\"inLanguage\":\"pt-BR\",\"potentialAction\":[{\"@type\":\"ReadAction\",\"target\":[\"https:\/\/www.oarcanjo.net\/site\/cnbb-fala-sobre-o-caso-da-menina-violentada-em-pernambuco\/\"]}]},{\"@type\":\"BreadcrumbList\",\"@id\":\"https:\/\/www.oarcanjo.net\/site\/cnbb-fala-sobre-o-caso-da-menina-violentada-em-pernambuco\/#breadcrumb\",\"itemListElement\":[{\"@type\":\"ListItem\",\"position\":1,\"name\":\"In\u00edcio\",\"item\":\"https:\/\/www.oarcanjo.net\/site\/\"},{\"@type\":\"ListItem\",\"position\":2,\"name\":\"CNBB fala sobre o caso da menina violentada em Pernambuco\"}]},{\"@type\":\"WebSite\",\"@id\":\"https:\/\/www.oarcanjo.net\/site\/#website\",\"url\":\"https:\/\/www.oarcanjo.net\/site\/\",\"name\":\"O Arcanjo no ar\",\"description\":\"Site da Par\u00f3quia S\u00e3o Miguel Arcanjo (Arquidiocese de SP)\",\"publisher\":{\"@id\":\"https:\/\/www.oarcanjo.net\/site\/#organization\"},\"potentialAction\":[{\"@type\":\"SearchAction\",\"target\":{\"@type\":\"EntryPoint\",\"urlTemplate\":\"https:\/\/www.oarcanjo.net\/site\/?s={search_term_string}\"},\"query-input\":{\"@type\":\"PropertyValueSpecification\",\"valueRequired\":true,\"valueName\":\"search_term_string\"}}],\"inLanguage\":\"pt-BR\"},{\"@type\":\"Organization\",\"@id\":\"https:\/\/www.oarcanjo.net\/site\/#organization\",\"name\":\"Par\u00f3quia S\u00e3o Miguel Arcanjo\",\"url\":\"https:\/\/www.oarcanjo.net\/site\/\",\"logo\":{\"@type\":\"ImageObject\",\"inLanguage\":\"pt-BR\",\"@id\":\"https:\/\/www.oarcanjo.net\/site\/#\/schema\/logo\/image\/\",\"url\":\"https:\/\/www.oarcanjo.net\/site\/wp-content\/uploads\/LogoOArcanjo.png\",\"contentUrl\":\"https:\/\/www.oarcanjo.net\/site\/wp-content\/uploads\/LogoOArcanjo.png\",\"width\":319,\"height\":99,\"caption\":\"Par\u00f3quia S\u00e3o Miguel Arcanjo\"},\"image\":{\"@id\":\"https:\/\/www.oarcanjo.net\/site\/#\/schema\/logo\/image\/\"},\"sameAs\":[\"https:\/\/www.facebook.com\/OArcanjoNoAr\/\"]},{\"@type\":\"Person\",\"@id\":\"https:\/\/www.oarcanjo.net\/site\/#\/schema\/person\/f7024d007863202483a31326673a0838\",\"name\":\"editor\",\"sameAs\":[\"http:\/\/www.oarcanjo.net\"]}]}<\/script>\n<!-- \/ Yoast SEO plugin. -->","yoast_head_json":{"title":"CNBB fala sobre o caso da menina violentada em Pernambuco - O Arcanjo no ar","robots":{"index":"index","follow":"follow","max-snippet":"max-snippet:-1","max-image-preview":"max-image-preview:large","max-video-preview":"max-video-preview:-1"},"canonical":"https:\/\/www.oarcanjo.net\/site\/cnbb-fala-sobre-o-caso-da-menina-violentada-em-pernambuco\/","og_locale":"pt_BR","og_type":"article","og_title":"CNBB fala sobre o caso da menina violentada em Pernambuco - O Arcanjo no ar","og_description":"[flv]rtmp:\/\/s2.bizmedia.com.br\/ondemand\/ColetivaCNBB.flv[\/flv] \u201c\u00c9 lament\u00e1vel o acontecido\u201d, disse o secret\u00e1rio-geral da CNBB, dom Dimas Lara Barbosa, a respeito do abuso sexual sofrido pela menina de nove anos em Alagoinhas, que ficou gr\u00e1vida de g\u00eameos e abortou. \u201cMais lament\u00e1vel ainda \u00e9 o fato de que n\u00e3o se trata de um caso isolado. Infelizmente, temos no Brasil in\u00fameras den\u00fancias [&hellip;]","og_url":"https:\/\/www.oarcanjo.net\/site\/cnbb-fala-sobre-o-caso-da-menina-violentada-em-pernambuco\/","og_site_name":"O Arcanjo no ar","article_publisher":"https:\/\/www.facebook.com\/OArcanjoNoAr\/","article_published_time":"2009-03-13T12:09:39+00:00","article_modified_time":"2009-03-15T14:59:18+00:00","og_image":[{"width":300,"height":300,"url":"https:\/\/www.oarcanjo.net\/site\/wp-content\/uploads\/logo-o-arcanjo-no-ar-facebook.png","type":"image\/png"}],"author":"editor","twitter_card":"summary_large_image","twitter_misc":{"Escrito por":"editor","Est. tempo de leitura":"4 minutos"},"schema":{"@context":"https:\/\/schema.org","@graph":[{"@type":"Article","@id":"https:\/\/www.oarcanjo.net\/site\/cnbb-fala-sobre-o-caso-da-menina-violentada-em-pernambuco\/#article","isPartOf":{"@id":"https:\/\/www.oarcanjo.net\/site\/cnbb-fala-sobre-o-caso-da-menina-violentada-em-pernambuco\/"},"author":{"name":"editor","@id":"https:\/\/www.oarcanjo.net\/site\/#\/schema\/person\/f7024d007863202483a31326673a0838"},"headline":"CNBB fala sobre o caso da menina violentada em Pernambuco","datePublished":"2009-03-13T12:09:39+00:00","dateModified":"2009-03-15T14:59:18+00:00","mainEntityOfPage":{"@id":"https:\/\/www.oarcanjo.net\/site\/cnbb-fala-sobre-o-caso-da-menina-violentada-em-pernambuco\/"},"wordCount":853,"commentCount":0,"publisher":{"@id":"https:\/\/www.oarcanjo.net\/site\/#organization"},"keywords":["aborto","CNBB","direito \u00e0 vida","estupro","mulher","viol\u00eancia","viol\u00eancia contra a mulher"],"articleSection":["Not\u00edcias","V\u00eddeos"],"inLanguage":"pt-BR","potentialAction":[{"@type":"CommentAction","name":"Comment","target":["https:\/\/www.oarcanjo.net\/site\/cnbb-fala-sobre-o-caso-da-menina-violentada-em-pernambuco\/#respond"]}]},{"@type":"WebPage","@id":"https:\/\/www.oarcanjo.net\/site\/cnbb-fala-sobre-o-caso-da-menina-violentada-em-pernambuco\/","url":"https:\/\/www.oarcanjo.net\/site\/cnbb-fala-sobre-o-caso-da-menina-violentada-em-pernambuco\/","name":"CNBB fala sobre o caso da menina violentada em Pernambuco - O Arcanjo no ar","isPartOf":{"@id":"https:\/\/www.oarcanjo.net\/site\/#website"},"datePublished":"2009-03-13T12:09:39+00:00","dateModified":"2009-03-15T14:59:18+00:00","breadcrumb":{"@id":"https:\/\/www.oarcanjo.net\/site\/cnbb-fala-sobre-o-caso-da-menina-violentada-em-pernambuco\/#breadcrumb"},"inLanguage":"pt-BR","potentialAction":[{"@type":"ReadAction","target":["https:\/\/www.oarcanjo.net\/site\/cnbb-fala-sobre-o-caso-da-menina-violentada-em-pernambuco\/"]}]},{"@type":"BreadcrumbList","@id":"https:\/\/www.oarcanjo.net\/site\/cnbb-fala-sobre-o-caso-da-menina-violentada-em-pernambuco\/#breadcrumb","itemListElement":[{"@type":"ListItem","position":1,"name":"In\u00edcio","item":"https:\/\/www.oarcanjo.net\/site\/"},{"@type":"ListItem","position":2,"name":"CNBB fala sobre o caso da menina violentada em Pernambuco"}]},{"@type":"WebSite","@id":"https:\/\/www.oarcanjo.net\/site\/#website","url":"https:\/\/www.oarcanjo.net\/site\/","name":"O Arcanjo no ar","description":"Site da Par\u00f3quia S\u00e3o Miguel Arcanjo (Arquidiocese de SP)","publisher":{"@id":"https:\/\/www.oarcanjo.net\/site\/#organization"},"potentialAction":[{"@type":"SearchAction","target":{"@type":"EntryPoint","urlTemplate":"https:\/\/www.oarcanjo.net\/site\/?s={search_term_string}"},"query-input":{"@type":"PropertyValueSpecification","valueRequired":true,"valueName":"search_term_string"}}],"inLanguage":"pt-BR"},{"@type":"Organization","@id":"https:\/\/www.oarcanjo.net\/site\/#organization","name":"Par\u00f3quia S\u00e3o Miguel Arcanjo","url":"https:\/\/www.oarcanjo.net\/site\/","logo":{"@type":"ImageObject","inLanguage":"pt-BR","@id":"https:\/\/www.oarcanjo.net\/site\/#\/schema\/logo\/image\/","url":"https:\/\/www.oarcanjo.net\/site\/wp-content\/uploads\/LogoOArcanjo.png","contentUrl":"https:\/\/www.oarcanjo.net\/site\/wp-content\/uploads\/LogoOArcanjo.png","width":319,"height":99,"caption":"Par\u00f3quia S\u00e3o Miguel Arcanjo"},"image":{"@id":"https:\/\/www.oarcanjo.net\/site\/#\/schema\/logo\/image\/"},"sameAs":["https:\/\/www.facebook.com\/OArcanjoNoAr\/"]},{"@type":"Person","@id":"https:\/\/www.oarcanjo.net\/site\/#\/schema\/person\/f7024d007863202483a31326673a0838","name":"editor","sameAs":["http:\/\/www.oarcanjo.net"]}]}},"publishpress_future_action":{"enabled":false,"date":"2026-05-08 21:09:56","action":"category","newStatus":"draft","terms":[],"taxonomy":"category"},"publishpress_future_workflow_manual_trigger":{"enabledWorkflows":[]},"_links":{"self":[{"href":"https:\/\/www.oarcanjo.net\/site\/wp-json\/wp\/v2\/posts\/2340"}],"collection":[{"href":"https:\/\/www.oarcanjo.net\/site\/wp-json\/wp\/v2\/posts"}],"about":[{"href":"https:\/\/www.oarcanjo.net\/site\/wp-json\/wp\/v2\/types\/post"}],"author":[{"embeddable":true,"href":"https:\/\/www.oarcanjo.net\/site\/wp-json\/wp\/v2\/users\/5"}],"replies":[{"embeddable":true,"href":"https:\/\/www.oarcanjo.net\/site\/wp-json\/wp\/v2\/comments?post=2340"}],"version-history":[{"count":0,"href":"https:\/\/www.oarcanjo.net\/site\/wp-json\/wp\/v2\/posts\/2340\/revisions"}],"wp:attachment":[{"href":"https:\/\/www.oarcanjo.net\/site\/wp-json\/wp\/v2\/media?parent=2340"}],"wp:term":[{"taxonomy":"category","embeddable":true,"href":"https:\/\/www.oarcanjo.net\/site\/wp-json\/wp\/v2\/categories?post=2340"},{"taxonomy":"post_tag","embeddable":true,"href":"https:\/\/www.oarcanjo.net\/site\/wp-json\/wp\/v2\/tags?post=2340"}],"curies":[{"name":"wp","href":"https:\/\/api.w.org\/{rel}","templated":true}]}}