
{"id":23509,"date":"2013-10-20T20:51:56","date_gmt":"2013-10-20T22:51:56","guid":{"rendered":"http:\/\/www.oarcanjo.net\/site\/?p=23509"},"modified":"2013-11-26T15:25:37","modified_gmt":"2013-11-26T17:25:37","slug":"batizados-de-outubro-de-2013","status":"publish","type":"post","link":"https:\/\/www.oarcanjo.net\/site\/batizados-de-outubro-de-2013\/","title":{"rendered":"Batizados de outubro de 2013"},"content":{"rendered":"<p>Batizados de outubro de 2013<\/p>\n<p>Neste domingo, 20 de outubro de 2013, foram batizadas mais 19 crian\u00e7as da Comunidade S\u00e3o Miguel Arcanjo, na Capela da Universidade S\u00e3o Judas Tadeu, a saber: Beatriz Marabolin Bertaglia, Danilo Watson Morado, Davi Fanton Carvalho, Diego Leite de A. Filho, Dominique Magnolo Segura, EduardoTomaz Magnolo, Enzo Nunes Ramos, Gabriel Gatti C. R. Abbruzzini, Gabriela Marinho G. Parada, Jaqueline Conti Ferreira, Julia Almeida Rodrigues, Maria Alice da S. Muniz, Maria Eduarda dos S. Candido, Mariana Brancalion R. dos Santos, Mateus Campelo Avos Santana, Milena de Menezes Pontes, Raphael Biavo Torquato, Raphaela Serena S. Fiani e\u00a0Valentina A. Raso Stegun.<\/p>\n<p>O Padre J\u00falio acentuou que essas crian\u00e7as, agora, s\u00e3o mission\u00e1rias, batizadas no dia mundial das miss\u00f5es e dia nacional da juventude. Destacou a necessidade dos pais e padrinhos falarem de Deus para as crian\u00e7as para alimentar a sua f\u00e9.<\/p>\n<p>Na carta de S\u00e3o Paulo a Tim\u00f3teo: \u201cDiante de Deus e de Cristo Jesus, que h\u00e1 de vir a julgar os vimos e os mortos em virtude de sua manifesta\u00e7\u00e3o gloriosa e do seu Reino, eu te pe\u00e7o com insist\u00eancia: proclama a palavra, insiste oportuna ou inoportunamente, argumenta, repreende, aconselha, com toda a paci\u00eancia e doutrina\u201d.<\/p>\n<p>No Evangelho de nosso Senhor Jesus Cristo, segundo Lucas: \u201cEu vos digo que Deus lhes far\u00e1 justi\u00e7a bem depressa. Mas o Filho do Homem, quando vier, ser\u00e1 que ainda vai encontrar f\u00e9 sobre a terra?<\/p>\n<p>A f\u00e9 fortalecida. Vejam as fotos<\/p>\nngg_shortcode_0_placeholder\n<p>&nbsp;<\/p>\n<div id=\"themify_builder_content-23509\" data-postid=\"23509\" class=\"themify_builder_content themify_builder_content-23509 themify_builder themify_builder_front\">\n\t<\/div>\n<!-- \/themify_builder_content -->","protected":false},"excerpt":{"rendered":"<p>Batizados de outubro de 2013 Neste domingo, 20 de outubro de 2013, foram batizadas mais 19 crian\u00e7as da Comunidade S\u00e3o Miguel Arcanjo, na Capela da Universidade S\u00e3o Judas Tadeu, a saber: Beatriz Marabolin Bertaglia, Danilo Watson Morado, Davi Fanton Carvalho, Diego Leite de A. Filho, Dominique Magnolo Segura, EduardoTomaz Magnolo, Enzo Nunes Ramos, Gabriel Gatti [&hellip;]<\/p>\n","protected":false},"author":10,"featured_media":0,"comment_status":"open","ping_status":"open","sticky":false,"template":"","format":"standard","meta":{"ngg_post_thumbnail":0,"footnotes":""},"categories":[8],"tags":[],"yoast_head":"<!-- This site is optimized with the Yoast SEO plugin v23.5 - https:\/\/yoast.com\/wordpress\/plugins\/seo\/ -->\n<title>Batizados de outubro de 2013 - O Arcanjo no ar<\/title>\n<meta name=\"robots\" content=\"index, follow, max-snippet:-1, max-image-preview:large, max-video-preview:-1\" \/>\n<link rel=\"canonical\" href=\"https:\/\/www.oarcanjo.net\/site\/batizados-de-outubro-de-2013\/\" \/>\n<meta property=\"og:locale\" content=\"pt_BR\" \/>\n<meta property=\"og:type\" content=\"article\" \/>\n<meta property=\"og:title\" content=\"Batizados de outubro de 2013 - O Arcanjo no ar\" \/>\n<meta property=\"og:description\" content=\"Batizados de outubro de 2013 Neste domingo, 20 de outubro de 2013, foram batizadas mais 19 crian\u00e7as da Comunidade S\u00e3o Miguel Arcanjo, na Capela da Universidade S\u00e3o Judas Tadeu, a saber: Beatriz Marabolin Bertaglia, Danilo Watson Morado, Davi Fanton Carvalho, Diego Leite de A. Filho, Dominique Magnolo Segura, EduardoTomaz Magnolo, Enzo Nunes Ramos, Gabriel Gatti [&hellip;]\" \/>\n<meta property=\"og:url\" content=\"https:\/\/www.oarcanjo.net\/site\/batizados-de-outubro-de-2013\/\" \/>\n<meta property=\"og:site_name\" content=\"O Arcanjo no ar\" \/>\n<meta property=\"article:publisher\" content=\"https:\/\/www.facebook.com\/OArcanjoNoAr\/\" \/>\n<meta property=\"article:published_time\" content=\"2013-10-20T22:51:56+00:00\" \/>\n<meta property=\"article:modified_time\" content=\"2013-11-26T17:25:37+00:00\" \/>\n<meta property=\"og:image\" content=\"https:\/\/www.oarcanjo.net\/site\/wp-content\/uploads\/logo-o-arcanjo-no-ar-facebook.png\" \/>\n\t<meta property=\"og:image:width\" content=\"300\" \/>\n\t<meta property=\"og:image:height\" content=\"300\" \/>\n\t<meta property=\"og:image:type\" content=\"image\/png\" \/>\n<meta name=\"author\" content=\"carlos\" \/>\n<meta name=\"twitter:card\" content=\"summary_large_image\" \/>\n<meta name=\"twitter:label1\" content=\"Escrito por\" \/>\n\t<meta name=\"twitter:data1\" content=\"carlos\" \/>\n\t<meta name=\"twitter:label2\" content=\"Est. tempo de leitura\" \/>\n\t<meta name=\"twitter:data2\" content=\"1 minuto\" \/>\n<script type=\"application\/ld+json\" class=\"yoast-schema-graph\">{\"@context\":\"https:\/\/schema.org\",\"@graph\":[{\"@type\":\"Article\",\"@id\":\"https:\/\/www.oarcanjo.net\/site\/batizados-de-outubro-de-2013\/#article\",\"isPartOf\":{\"@id\":\"https:\/\/www.oarcanjo.net\/site\/batizados-de-outubro-de-2013\/\"},\"author\":{\"name\":\"carlos\",\"@id\":\"https:\/\/www.oarcanjo.net\/site\/#\/schema\/person\/f7870e710d8c8c30673de3a0ac2e451d\"},\"headline\":\"Batizados de outubro de 2013\",\"datePublished\":\"2013-10-20T22:51:56+00:00\",\"dateModified\":\"2013-11-26T17:25:37+00:00\",\"mainEntityOfPage\":{\"@id\":\"https:\/\/www.oarcanjo.net\/site\/batizados-de-outubro-de-2013\/\"},\"wordCount\":258,\"commentCount\":1,\"publisher\":{\"@id\":\"https:\/\/www.oarcanjo.net\/site\/#organization\"},\"articleSection\":[\"Not\u00edcias\"],\"inLanguage\":\"pt-BR\",\"potentialAction\":[{\"@type\":\"CommentAction\",\"name\":\"Comment\",\"target\":[\"https:\/\/www.oarcanjo.net\/site\/batizados-de-outubro-de-2013\/#respond\"]}]},{\"@type\":\"WebPage\",\"@id\":\"https:\/\/www.oarcanjo.net\/site\/batizados-de-outubro-de-2013\/\",\"url\":\"https:\/\/www.oarcanjo.net\/site\/batizados-de-outubro-de-2013\/\",\"name\":\"Batizados de outubro de 2013 - O Arcanjo no ar\",\"isPartOf\":{\"@id\":\"https:\/\/www.oarcanjo.net\/site\/#website\"},\"datePublished\":\"2013-10-20T22:51:56+00:00\",\"dateModified\":\"2013-11-26T17:25:37+00:00\",\"breadcrumb\":{\"@id\":\"https:\/\/www.oarcanjo.net\/site\/batizados-de-outubro-de-2013\/#breadcrumb\"},\"inLanguage\":\"pt-BR\",\"potentialAction\":[{\"@type\":\"ReadAction\",\"target\":[\"https:\/\/www.oarcanjo.net\/site\/batizados-de-outubro-de-2013\/\"]}]},{\"@type\":\"BreadcrumbList\",\"@id\":\"https:\/\/www.oarcanjo.net\/site\/batizados-de-outubro-de-2013\/#breadcrumb\",\"itemListElement\":[{\"@type\":\"ListItem\",\"position\":1,\"name\":\"In\u00edcio\",\"item\":\"https:\/\/www.oarcanjo.net\/site\/\"},{\"@type\":\"ListItem\",\"position\":2,\"name\":\"Batizados de outubro de 2013\"}]},{\"@type\":\"WebSite\",\"@id\":\"https:\/\/www.oarcanjo.net\/site\/#website\",\"url\":\"https:\/\/www.oarcanjo.net\/site\/\",\"name\":\"O Arcanjo no ar\",\"description\":\"Site da Par\u00f3quia S\u00e3o Miguel Arcanjo (Arquidiocese de SP)\",\"publisher\":{\"@id\":\"https:\/\/www.oarcanjo.net\/site\/#organization\"},\"potentialAction\":[{\"@type\":\"SearchAction\",\"target\":{\"@type\":\"EntryPoint\",\"urlTemplate\":\"https:\/\/www.oarcanjo.net\/site\/?s={search_term_string}\"},\"query-input\":{\"@type\":\"PropertyValueSpecification\",\"valueRequired\":true,\"valueName\":\"search_term_string\"}}],\"inLanguage\":\"pt-BR\"},{\"@type\":\"Organization\",\"@id\":\"https:\/\/www.oarcanjo.net\/site\/#organization\",\"name\":\"Par\u00f3quia S\u00e3o Miguel Arcanjo\",\"url\":\"https:\/\/www.oarcanjo.net\/site\/\",\"logo\":{\"@type\":\"ImageObject\",\"inLanguage\":\"pt-BR\",\"@id\":\"https:\/\/www.oarcanjo.net\/site\/#\/schema\/logo\/image\/\",\"url\":\"https:\/\/www.oarcanjo.net\/site\/wp-content\/uploads\/LogoOArcanjo.png\",\"contentUrl\":\"https:\/\/www.oarcanjo.net\/site\/wp-content\/uploads\/LogoOArcanjo.png\",\"width\":319,\"height\":99,\"caption\":\"Par\u00f3quia S\u00e3o Miguel Arcanjo\"},\"image\":{\"@id\":\"https:\/\/www.oarcanjo.net\/site\/#\/schema\/logo\/image\/\"},\"sameAs\":[\"https:\/\/www.facebook.com\/OArcanjoNoAr\/\"]},{\"@type\":\"Person\",\"@id\":\"https:\/\/www.oarcanjo.net\/site\/#\/schema\/person\/f7870e710d8c8c30673de3a0ac2e451d\",\"name\":\"carlos\"}]}<\/script>\n<!-- \/ Yoast SEO plugin. -->","yoast_head_json":{"title":"Batizados de outubro de 2013 - O Arcanjo no ar","robots":{"index":"index","follow":"follow","max-snippet":"max-snippet:-1","max-image-preview":"max-image-preview:large","max-video-preview":"max-video-preview:-1"},"canonical":"https:\/\/www.oarcanjo.net\/site\/batizados-de-outubro-de-2013\/","og_locale":"pt_BR","og_type":"article","og_title":"Batizados de outubro de 2013 - O Arcanjo no ar","og_description":"Batizados de outubro de 2013 Neste domingo, 20 de outubro de 2013, foram batizadas mais 19 crian\u00e7as da Comunidade S\u00e3o Miguel Arcanjo, na Capela da Universidade S\u00e3o Judas Tadeu, a saber: Beatriz Marabolin Bertaglia, Danilo Watson Morado, Davi Fanton Carvalho, Diego Leite de A. Filho, Dominique Magnolo Segura, EduardoTomaz Magnolo, Enzo Nunes Ramos, Gabriel Gatti [&hellip;]","og_url":"https:\/\/www.oarcanjo.net\/site\/batizados-de-outubro-de-2013\/","og_site_name":"O Arcanjo no ar","article_publisher":"https:\/\/www.facebook.com\/OArcanjoNoAr\/","article_published_time":"2013-10-20T22:51:56+00:00","article_modified_time":"2013-11-26T17:25:37+00:00","og_image":[{"width":300,"height":300,"url":"https:\/\/www.oarcanjo.net\/site\/wp-content\/uploads\/logo-o-arcanjo-no-ar-facebook.png","type":"image\/png"}],"author":"carlos","twitter_card":"summary_large_image","twitter_misc":{"Escrito por":"carlos","Est. tempo de leitura":"1 minuto"},"schema":{"@context":"https:\/\/schema.org","@graph":[{"@type":"Article","@id":"https:\/\/www.oarcanjo.net\/site\/batizados-de-outubro-de-2013\/#article","isPartOf":{"@id":"https:\/\/www.oarcanjo.net\/site\/batizados-de-outubro-de-2013\/"},"author":{"name":"carlos","@id":"https:\/\/www.oarcanjo.net\/site\/#\/schema\/person\/f7870e710d8c8c30673de3a0ac2e451d"},"headline":"Batizados de outubro de 2013","datePublished":"2013-10-20T22:51:56+00:00","dateModified":"2013-11-26T17:25:37+00:00","mainEntityOfPage":{"@id":"https:\/\/www.oarcanjo.net\/site\/batizados-de-outubro-de-2013\/"},"wordCount":258,"commentCount":1,"publisher":{"@id":"https:\/\/www.oarcanjo.net\/site\/#organization"},"articleSection":["Not\u00edcias"],"inLanguage":"pt-BR","potentialAction":[{"@type":"CommentAction","name":"Comment","target":["https:\/\/www.oarcanjo.net\/site\/batizados-de-outubro-de-2013\/#respond"]}]},{"@type":"WebPage","@id":"https:\/\/www.oarcanjo.net\/site\/batizados-de-outubro-de-2013\/","url":"https:\/\/www.oarcanjo.net\/site\/batizados-de-outubro-de-2013\/","name":"Batizados de outubro de 2013 - O Arcanjo no ar","isPartOf":{"@id":"https:\/\/www.oarcanjo.net\/site\/#website"},"datePublished":"2013-10-20T22:51:56+00:00","dateModified":"2013-11-26T17:25:37+00:00","breadcrumb":{"@id":"https:\/\/www.oarcanjo.net\/site\/batizados-de-outubro-de-2013\/#breadcrumb"},"inLanguage":"pt-BR","potentialAction":[{"@type":"ReadAction","target":["https:\/\/www.oarcanjo.net\/site\/batizados-de-outubro-de-2013\/"]}]},{"@type":"BreadcrumbList","@id":"https:\/\/www.oarcanjo.net\/site\/batizados-de-outubro-de-2013\/#breadcrumb","itemListElement":[{"@type":"ListItem","position":1,"name":"In\u00edcio","item":"https:\/\/www.oarcanjo.net\/site\/"},{"@type":"ListItem","position":2,"name":"Batizados de outubro de 2013"}]},{"@type":"WebSite","@id":"https:\/\/www.oarcanjo.net\/site\/#website","url":"https:\/\/www.oarcanjo.net\/site\/","name":"O Arcanjo no ar","description":"Site da Par\u00f3quia S\u00e3o Miguel Arcanjo (Arquidiocese de SP)","publisher":{"@id":"https:\/\/www.oarcanjo.net\/site\/#organization"},"potentialAction":[{"@type":"SearchAction","target":{"@type":"EntryPoint","urlTemplate":"https:\/\/www.oarcanjo.net\/site\/?s={search_term_string}"},"query-input":{"@type":"PropertyValueSpecification","valueRequired":true,"valueName":"search_term_string"}}],"inLanguage":"pt-BR"},{"@type":"Organization","@id":"https:\/\/www.oarcanjo.net\/site\/#organization","name":"Par\u00f3quia S\u00e3o Miguel Arcanjo","url":"https:\/\/www.oarcanjo.net\/site\/","logo":{"@type":"ImageObject","inLanguage":"pt-BR","@id":"https:\/\/www.oarcanjo.net\/site\/#\/schema\/logo\/image\/","url":"https:\/\/www.oarcanjo.net\/site\/wp-content\/uploads\/LogoOArcanjo.png","contentUrl":"https:\/\/www.oarcanjo.net\/site\/wp-content\/uploads\/LogoOArcanjo.png","width":319,"height":99,"caption":"Par\u00f3quia S\u00e3o Miguel Arcanjo"},"image":{"@id":"https:\/\/www.oarcanjo.net\/site\/#\/schema\/logo\/image\/"},"sameAs":["https:\/\/www.facebook.com\/OArcanjoNoAr\/"]},{"@type":"Person","@id":"https:\/\/www.oarcanjo.net\/site\/#\/schema\/person\/f7870e710d8c8c30673de3a0ac2e451d","name":"carlos"}]}},"publishpress_future_action":{"enabled":false,"date":"2026-05-10 14:26:34","action":"category","newStatus":"draft","terms":[],"taxonomy":"category"},"publishpress_future_workflow_manual_trigger":{"enabledWorkflows":[]},"_links":{"self":[{"href":"https:\/\/www.oarcanjo.net\/site\/wp-json\/wp\/v2\/posts\/23509"}],"collection":[{"href":"https:\/\/www.oarcanjo.net\/site\/wp-json\/wp\/v2\/posts"}],"about":[{"href":"https:\/\/www.oarcanjo.net\/site\/wp-json\/wp\/v2\/types\/post"}],"author":[{"embeddable":true,"href":"https:\/\/www.oarcanjo.net\/site\/wp-json\/wp\/v2\/users\/10"}],"replies":[{"embeddable":true,"href":"https:\/\/www.oarcanjo.net\/site\/wp-json\/wp\/v2\/comments?post=23509"}],"version-history":[{"count":0,"href":"https:\/\/www.oarcanjo.net\/site\/wp-json\/wp\/v2\/posts\/23509\/revisions"}],"wp:attachment":[{"href":"https:\/\/www.oarcanjo.net\/site\/wp-json\/wp\/v2\/media?parent=23509"}],"wp:term":[{"taxonomy":"category","embeddable":true,"href":"https:\/\/www.oarcanjo.net\/site\/wp-json\/wp\/v2\/categories?post=23509"},{"taxonomy":"post_tag","embeddable":true,"href":"https:\/\/www.oarcanjo.net\/site\/wp-json\/wp\/v2\/tags?post=23509"}],"curies":[{"name":"wp","href":"https:\/\/api.w.org\/{rel}","templated":true}]}}