
{"id":23527,"date":"2013-10-22T15:52:37","date_gmt":"2013-10-22T17:52:37","guid":{"rendered":"http:\/\/www.oarcanjo.net\/site\/?p=23527"},"modified":"2013-10-22T15:53:06","modified_gmt":"2013-10-22T17:53:06","slug":"missao-nova-evangelizacao","status":"publish","type":"post","link":"https:\/\/www.oarcanjo.net\/site\/missao-nova-evangelizacao\/","title":{"rendered":"Miss\u00e3o: nova evangeliza\u00e7\u00e3o"},"content":{"rendered":"<p><em>Cardeal Odilo Pedro Scherer*<\/em><\/p>\n<p><em><\/em>O Domingo das Miss\u00f5es, no Ano da F\u00e9, recorda-nos que a verdadeira obra mission\u00e1ria da Igreja \u00e9 fruto da f\u00e9: o desejo de anunciar e de partilhar a experi\u00eancia gratificante da f\u00e9 nasce da alegria de crer e da consci\u00eancia sobre a preciosidade do dom recebido, que n\u00e3o deve ser escondido nem conservado somente para si. Eis o motivo porque no esfor\u00e7o da nova evangeliza\u00e7\u00e3o, a Igreja convidou a todos os seus filhos a celebrarem o Ano da F\u00e9. Sem refazer-se na origem da f\u00e9, que \u00e9 o encontro com Deus por meio de Jesus Cristo, n\u00e3o haver\u00e1 ardor mission\u00e1rio nem renova\u00e7\u00e3o da Igreja. Na linguagem da Confer\u00eancia de Aparecida, isso significa que, para ser mission\u00e1rios, \u00e9 preciso, antes de tudo, ser disc\u00edpulos.<\/p>\n<p>Recentemente, na audi\u00eancia concedida aos membros do Pontif\u00edcio Conselho para a promo\u00e7\u00e3o da Nova Evangeliza\u00e7\u00e3o, o papa Francisco resumiu em tr\u00eas pontos as necessidades mais prementes da nova evangeliza\u00e7\u00e3o: o primado do testemunho, a urg\u00eancia de ir ao encontro dos outros e um projeto pastoral centrado no essencial.<\/p>\n<p>O an\u00fancio do Evangelho \u00e9 confrontado hoje, muitas vezes, com a indiferen\u00e7a de quem j\u00e1 n\u00e3o lhe d\u00e1 import\u00e2ncia e n\u00e3o tem interesse em ouvi-lo. Como despertar nos cora\u00e7\u00f5es um renovado interesse pela mensagem da salva\u00e7\u00e3o? Aqui entra o papel do testemunho de quem cr\u00ea. \u00c9 muito importante que os crist\u00e3os mostrem a sua f\u00e9 atrav\u00e9s de convic\u00e7\u00f5es firmes, da vida coerente com ela, da alegria e da serenidade que ela traz. Mostrem, por outro lado, que a f\u00e9 muda a pessoa para melhor e a torna humanamente rica de virtudes.<\/p>\n<p>Esse testemunho far\u00e1 com que outras pessoas se interroguem sobre as raz\u00f5es da f\u00e9, da alegria, da luz e da fortaleza que ela traz; a f\u00e9 n\u00e3o livra magicamente de todos os problemas, mas oferece vigor e compreens\u00e3o nova para as v\u00e1rias situa\u00e7\u00f5es da vida, mesmo dos sofrimentos. A f\u00e9 traz consigo a esperan\u00e7a revigorante e a caridade operosa. Hoje, como no passado, esses testemunhas fidedignos da f\u00e9 s\u00e3o muito necess\u00e1rios para atrair para Jesus Cristo e para a beleza do encontro com Deus!<\/p>\n<p>A nova evangeliza\u00e7\u00e3o tamb\u00e9m \u00e9 a renovada busca do encontro com quem perdeu a f\u00e9 e o sentido profundo da vida. Isso faz parte da pr\u00f3pria raz\u00e3o de ser da Igreja: o Filho saiu do Pai e veio ao mundo, ao encontro da humanidade, para lhes trazer a vida; da mesma forma, ele enviou os disc\u00edpulos ao encontro de todos os povos para lhes levar a Boa Nova da salva\u00e7\u00e3o. Cada crist\u00e3o, fiel a Cristo, tamb\u00e9m tem a voca\u00e7\u00e3o de ir ao encontro dos outros, de dialogar com quem pensa diversamente de n\u00f3s, ou que perdeu a f\u00e9.<\/p>\n<p>Ningu\u00e9m est\u00e1 exclu\u00eddo da esperan\u00e7a, da vida e do amor de Deus. A Igreja \u00e9 enviada ao mundo para levar a todos esta esperan\u00e7a,especialmente a quem est\u00e1 sufocado por condi\u00e7\u00f5es de vida adversas e, por vezes, desumanas. Em toda parte, faz falta o \u201coxig\u00eanio do Evangelho\u201d, o sopro do Esp\u00edrito de Cristo ressuscitado, que reacende a f\u00e9 e a esperan\u00e7a nos cora\u00e7\u00f5es. Disse o papa Francisco: \u201ca Igreja \u00e9 a casa onde as portas est\u00e3o sempre abertas, n\u00e3o apenas para que cada um entre, encontre acolhida e possa respirar amor e esperan\u00e7a, mas tamb\u00e9m para que n\u00f3s possamos sair e levar aos outros esse amor e essa esperan\u00e7a; o Esp\u00edrito Santo nos impele a sair do nosso recinto e a nos conduz \u00e0s periferias da humanidade\u201d.<\/p>\n<p>Isso, por\u00e9m, n\u00e3o se improvisa, mas requer o esfor\u00e7o comum de um projeto pastoral voltado para o essencial e que seja centrado no ess\u00eancia, ou seja, em Jesus Cristo. \u201cN\u00e3o devemos nos perder em tantas coisas secund\u00e1rias e sup\u00e9rfluas, mas \u00e9 preciso concentrar-se sobre a realidade fundamental, que \u00e9 o encontro com Cristo e a sua miseric\u00f3rdia e seu amor, e com o amor aos irm\u00e3os&#8221; (cf. L\u2019Osservatore Romano, ed de 14\/15.10.2013).<\/p>\n<p><em>*<\/em><em>Arcebispo de S\u00e3o Paulo<\/em><br \/>\n<em><a title=\"@DomOdiloScherer\" href=\"http:\/\/twitter.com\/DomOdiloScherer\" target=\"_blank\">@DomOdiloScherer<\/a><\/em><\/p>\n<div id=\"themify_builder_content-23527\" data-postid=\"23527\" class=\"themify_builder_content themify_builder_content-23527 themify_builder themify_builder_front\">\n\t<\/div>\n<!-- \/themify_builder_content -->","protected":false},"excerpt":{"rendered":"<p>Cardeal Odilo Pedro Scherer* O Domingo das Miss\u00f5es, no Ano da F\u00e9, recorda-nos que a verdadeira obra mission\u00e1ria da Igreja \u00e9 fruto da f\u00e9: o desejo de anunciar e de partilhar a experi\u00eancia gratificante da f\u00e9 nasce da alegria de crer e da consci\u00eancia sobre a preciosidade do dom recebido, que n\u00e3o deve ser escondido [&hellip;]<\/p>\n","protected":false},"author":5,"featured_media":0,"comment_status":"open","ping_status":"open","sticky":false,"template":"","format":"standard","meta":{"ngg_post_thumbnail":0,"footnotes":""},"categories":[9],"tags":[3213,2720,498,2297],"yoast_head":"<!-- This site is optimized with the Yoast SEO plugin v23.5 - https:\/\/yoast.com\/wordpress\/plugins\/seo\/ -->\n<title>Miss\u00e3o: nova evangeliza\u00e7\u00e3o - O Arcanjo no ar<\/title>\n<meta name=\"robots\" content=\"index, follow, max-snippet:-1, max-image-preview:large, max-video-preview:-1\" \/>\n<link rel=\"canonical\" href=\"https:\/\/www.oarcanjo.net\/site\/missao-nova-evangelizacao\/\" \/>\n<meta property=\"og:locale\" content=\"pt_BR\" \/>\n<meta property=\"og:type\" content=\"article\" \/>\n<meta property=\"og:title\" content=\"Miss\u00e3o: nova evangeliza\u00e7\u00e3o - O Arcanjo no ar\" \/>\n<meta property=\"og:description\" content=\"Cardeal Odilo Pedro Scherer* O Domingo das Miss\u00f5es, no Ano da F\u00e9, recorda-nos que a verdadeira obra mission\u00e1ria da Igreja \u00e9 fruto da f\u00e9: o desejo de anunciar e de partilhar a experi\u00eancia gratificante da f\u00e9 nasce da alegria de crer e da consci\u00eancia sobre a preciosidade do dom recebido, que n\u00e3o deve ser escondido [&hellip;]\" \/>\n<meta property=\"og:url\" content=\"https:\/\/www.oarcanjo.net\/site\/missao-nova-evangelizacao\/\" \/>\n<meta property=\"og:site_name\" content=\"O Arcanjo no ar\" \/>\n<meta property=\"article:publisher\" content=\"https:\/\/www.facebook.com\/OArcanjoNoAr\/\" \/>\n<meta property=\"article:published_time\" content=\"2013-10-22T17:52:37+00:00\" \/>\n<meta property=\"article:modified_time\" content=\"2013-10-22T17:53:06+00:00\" \/>\n<meta property=\"og:image\" content=\"https:\/\/www.oarcanjo.net\/site\/wp-content\/uploads\/logo-o-arcanjo-no-ar-facebook.png\" \/>\n\t<meta property=\"og:image:width\" content=\"300\" \/>\n\t<meta property=\"og:image:height\" content=\"300\" \/>\n\t<meta property=\"og:image:type\" content=\"image\/png\" \/>\n<meta name=\"author\" content=\"editor\" \/>\n<meta name=\"twitter:card\" content=\"summary_large_image\" \/>\n<meta name=\"twitter:label1\" content=\"Escrito por\" \/>\n\t<meta name=\"twitter:data1\" content=\"editor\" \/>\n\t<meta name=\"twitter:label2\" content=\"Est. tempo de leitura\" \/>\n\t<meta name=\"twitter:data2\" content=\"4 minutos\" \/>\n<script type=\"application\/ld+json\" class=\"yoast-schema-graph\">{\"@context\":\"https:\/\/schema.org\",\"@graph\":[{\"@type\":\"Article\",\"@id\":\"https:\/\/www.oarcanjo.net\/site\/missao-nova-evangelizacao\/#article\",\"isPartOf\":{\"@id\":\"https:\/\/www.oarcanjo.net\/site\/missao-nova-evangelizacao\/\"},\"author\":{\"name\":\"editor\",\"@id\":\"https:\/\/www.oarcanjo.net\/site\/#\/schema\/person\/f7024d007863202483a31326673a0838\"},\"headline\":\"Miss\u00e3o: nova evangeliza\u00e7\u00e3o\",\"datePublished\":\"2013-10-22T17:52:37+00:00\",\"dateModified\":\"2013-10-22T17:53:06+00:00\",\"mainEntityOfPage\":{\"@id\":\"https:\/\/www.oarcanjo.net\/site\/missao-nova-evangelizacao\/\"},\"wordCount\":721,\"commentCount\":0,\"publisher\":{\"@id\":\"https:\/\/www.oarcanjo.net\/site\/#organization\"},\"keywords\":[\"Ano da F\u00e9\",\"Domingo das Miss\u00f5es\",\"miss\u00e3o\",\"Nova Evangeliza\u00e7\u00e3o\"],\"articleSection\":[\"Reflex\u00f5es\"],\"inLanguage\":\"pt-BR\",\"potentialAction\":[{\"@type\":\"CommentAction\",\"name\":\"Comment\",\"target\":[\"https:\/\/www.oarcanjo.net\/site\/missao-nova-evangelizacao\/#respond\"]}]},{\"@type\":\"WebPage\",\"@id\":\"https:\/\/www.oarcanjo.net\/site\/missao-nova-evangelizacao\/\",\"url\":\"https:\/\/www.oarcanjo.net\/site\/missao-nova-evangelizacao\/\",\"name\":\"Miss\u00e3o: nova evangeliza\u00e7\u00e3o - O Arcanjo no ar\",\"isPartOf\":{\"@id\":\"https:\/\/www.oarcanjo.net\/site\/#website\"},\"datePublished\":\"2013-10-22T17:52:37+00:00\",\"dateModified\":\"2013-10-22T17:53:06+00:00\",\"breadcrumb\":{\"@id\":\"https:\/\/www.oarcanjo.net\/site\/missao-nova-evangelizacao\/#breadcrumb\"},\"inLanguage\":\"pt-BR\",\"potentialAction\":[{\"@type\":\"ReadAction\",\"target\":[\"https:\/\/www.oarcanjo.net\/site\/missao-nova-evangelizacao\/\"]}]},{\"@type\":\"BreadcrumbList\",\"@id\":\"https:\/\/www.oarcanjo.net\/site\/missao-nova-evangelizacao\/#breadcrumb\",\"itemListElement\":[{\"@type\":\"ListItem\",\"position\":1,\"name\":\"In\u00edcio\",\"item\":\"https:\/\/www.oarcanjo.net\/site\/\"},{\"@type\":\"ListItem\",\"position\":2,\"name\":\"Miss\u00e3o: nova evangeliza\u00e7\u00e3o\"}]},{\"@type\":\"WebSite\",\"@id\":\"https:\/\/www.oarcanjo.net\/site\/#website\",\"url\":\"https:\/\/www.oarcanjo.net\/site\/\",\"name\":\"O Arcanjo no ar\",\"description\":\"Site da Par\u00f3quia S\u00e3o Miguel Arcanjo (Arquidiocese de SP)\",\"publisher\":{\"@id\":\"https:\/\/www.oarcanjo.net\/site\/#organization\"},\"potentialAction\":[{\"@type\":\"SearchAction\",\"target\":{\"@type\":\"EntryPoint\",\"urlTemplate\":\"https:\/\/www.oarcanjo.net\/site\/?s={search_term_string}\"},\"query-input\":{\"@type\":\"PropertyValueSpecification\",\"valueRequired\":true,\"valueName\":\"search_term_string\"}}],\"inLanguage\":\"pt-BR\"},{\"@type\":\"Organization\",\"@id\":\"https:\/\/www.oarcanjo.net\/site\/#organization\",\"name\":\"Par\u00f3quia S\u00e3o Miguel Arcanjo\",\"url\":\"https:\/\/www.oarcanjo.net\/site\/\",\"logo\":{\"@type\":\"ImageObject\",\"inLanguage\":\"pt-BR\",\"@id\":\"https:\/\/www.oarcanjo.net\/site\/#\/schema\/logo\/image\/\",\"url\":\"https:\/\/www.oarcanjo.net\/site\/wp-content\/uploads\/LogoOArcanjo.png\",\"contentUrl\":\"https:\/\/www.oarcanjo.net\/site\/wp-content\/uploads\/LogoOArcanjo.png\",\"width\":319,\"height\":99,\"caption\":\"Par\u00f3quia S\u00e3o Miguel Arcanjo\"},\"image\":{\"@id\":\"https:\/\/www.oarcanjo.net\/site\/#\/schema\/logo\/image\/\"},\"sameAs\":[\"https:\/\/www.facebook.com\/OArcanjoNoAr\/\"]},{\"@type\":\"Person\",\"@id\":\"https:\/\/www.oarcanjo.net\/site\/#\/schema\/person\/f7024d007863202483a31326673a0838\",\"name\":\"editor\",\"sameAs\":[\"http:\/\/www.oarcanjo.net\"]}]}<\/script>\n<!-- \/ Yoast SEO plugin. -->","yoast_head_json":{"title":"Miss\u00e3o: nova evangeliza\u00e7\u00e3o - O Arcanjo no ar","robots":{"index":"index","follow":"follow","max-snippet":"max-snippet:-1","max-image-preview":"max-image-preview:large","max-video-preview":"max-video-preview:-1"},"canonical":"https:\/\/www.oarcanjo.net\/site\/missao-nova-evangelizacao\/","og_locale":"pt_BR","og_type":"article","og_title":"Miss\u00e3o: nova evangeliza\u00e7\u00e3o - O Arcanjo no ar","og_description":"Cardeal Odilo Pedro Scherer* O Domingo das Miss\u00f5es, no Ano da F\u00e9, recorda-nos que a verdadeira obra mission\u00e1ria da Igreja \u00e9 fruto da f\u00e9: o desejo de anunciar e de partilhar a experi\u00eancia gratificante da f\u00e9 nasce da alegria de crer e da consci\u00eancia sobre a preciosidade do dom recebido, que n\u00e3o deve ser escondido [&hellip;]","og_url":"https:\/\/www.oarcanjo.net\/site\/missao-nova-evangelizacao\/","og_site_name":"O Arcanjo no ar","article_publisher":"https:\/\/www.facebook.com\/OArcanjoNoAr\/","article_published_time":"2013-10-22T17:52:37+00:00","article_modified_time":"2013-10-22T17:53:06+00:00","og_image":[{"width":300,"height":300,"url":"https:\/\/www.oarcanjo.net\/site\/wp-content\/uploads\/logo-o-arcanjo-no-ar-facebook.png","type":"image\/png"}],"author":"editor","twitter_card":"summary_large_image","twitter_misc":{"Escrito por":"editor","Est. tempo de leitura":"4 minutos"},"schema":{"@context":"https:\/\/schema.org","@graph":[{"@type":"Article","@id":"https:\/\/www.oarcanjo.net\/site\/missao-nova-evangelizacao\/#article","isPartOf":{"@id":"https:\/\/www.oarcanjo.net\/site\/missao-nova-evangelizacao\/"},"author":{"name":"editor","@id":"https:\/\/www.oarcanjo.net\/site\/#\/schema\/person\/f7024d007863202483a31326673a0838"},"headline":"Miss\u00e3o: nova evangeliza\u00e7\u00e3o","datePublished":"2013-10-22T17:52:37+00:00","dateModified":"2013-10-22T17:53:06+00:00","mainEntityOfPage":{"@id":"https:\/\/www.oarcanjo.net\/site\/missao-nova-evangelizacao\/"},"wordCount":721,"commentCount":0,"publisher":{"@id":"https:\/\/www.oarcanjo.net\/site\/#organization"},"keywords":["Ano da F\u00e9","Domingo das Miss\u00f5es","miss\u00e3o","Nova Evangeliza\u00e7\u00e3o"],"articleSection":["Reflex\u00f5es"],"inLanguage":"pt-BR","potentialAction":[{"@type":"CommentAction","name":"Comment","target":["https:\/\/www.oarcanjo.net\/site\/missao-nova-evangelizacao\/#respond"]}]},{"@type":"WebPage","@id":"https:\/\/www.oarcanjo.net\/site\/missao-nova-evangelizacao\/","url":"https:\/\/www.oarcanjo.net\/site\/missao-nova-evangelizacao\/","name":"Miss\u00e3o: nova evangeliza\u00e7\u00e3o - O Arcanjo no ar","isPartOf":{"@id":"https:\/\/www.oarcanjo.net\/site\/#website"},"datePublished":"2013-10-22T17:52:37+00:00","dateModified":"2013-10-22T17:53:06+00:00","breadcrumb":{"@id":"https:\/\/www.oarcanjo.net\/site\/missao-nova-evangelizacao\/#breadcrumb"},"inLanguage":"pt-BR","potentialAction":[{"@type":"ReadAction","target":["https:\/\/www.oarcanjo.net\/site\/missao-nova-evangelizacao\/"]}]},{"@type":"BreadcrumbList","@id":"https:\/\/www.oarcanjo.net\/site\/missao-nova-evangelizacao\/#breadcrumb","itemListElement":[{"@type":"ListItem","position":1,"name":"In\u00edcio","item":"https:\/\/www.oarcanjo.net\/site\/"},{"@type":"ListItem","position":2,"name":"Miss\u00e3o: nova evangeliza\u00e7\u00e3o"}]},{"@type":"WebSite","@id":"https:\/\/www.oarcanjo.net\/site\/#website","url":"https:\/\/www.oarcanjo.net\/site\/","name":"O Arcanjo no ar","description":"Site da Par\u00f3quia S\u00e3o Miguel Arcanjo (Arquidiocese de SP)","publisher":{"@id":"https:\/\/www.oarcanjo.net\/site\/#organization"},"potentialAction":[{"@type":"SearchAction","target":{"@type":"EntryPoint","urlTemplate":"https:\/\/www.oarcanjo.net\/site\/?s={search_term_string}"},"query-input":{"@type":"PropertyValueSpecification","valueRequired":true,"valueName":"search_term_string"}}],"inLanguage":"pt-BR"},{"@type":"Organization","@id":"https:\/\/www.oarcanjo.net\/site\/#organization","name":"Par\u00f3quia S\u00e3o Miguel Arcanjo","url":"https:\/\/www.oarcanjo.net\/site\/","logo":{"@type":"ImageObject","inLanguage":"pt-BR","@id":"https:\/\/www.oarcanjo.net\/site\/#\/schema\/logo\/image\/","url":"https:\/\/www.oarcanjo.net\/site\/wp-content\/uploads\/LogoOArcanjo.png","contentUrl":"https:\/\/www.oarcanjo.net\/site\/wp-content\/uploads\/LogoOArcanjo.png","width":319,"height":99,"caption":"Par\u00f3quia S\u00e3o Miguel Arcanjo"},"image":{"@id":"https:\/\/www.oarcanjo.net\/site\/#\/schema\/logo\/image\/"},"sameAs":["https:\/\/www.facebook.com\/OArcanjoNoAr\/"]},{"@type":"Person","@id":"https:\/\/www.oarcanjo.net\/site\/#\/schema\/person\/f7024d007863202483a31326673a0838","name":"editor","sameAs":["http:\/\/www.oarcanjo.net"]}]}},"publishpress_future_action":{"enabled":false,"date":"2026-05-09 01:49:47","action":"category","newStatus":"draft","terms":[],"taxonomy":"category"},"publishpress_future_workflow_manual_trigger":{"enabledWorkflows":[]},"_links":{"self":[{"href":"https:\/\/www.oarcanjo.net\/site\/wp-json\/wp\/v2\/posts\/23527"}],"collection":[{"href":"https:\/\/www.oarcanjo.net\/site\/wp-json\/wp\/v2\/posts"}],"about":[{"href":"https:\/\/www.oarcanjo.net\/site\/wp-json\/wp\/v2\/types\/post"}],"author":[{"embeddable":true,"href":"https:\/\/www.oarcanjo.net\/site\/wp-json\/wp\/v2\/users\/5"}],"replies":[{"embeddable":true,"href":"https:\/\/www.oarcanjo.net\/site\/wp-json\/wp\/v2\/comments?post=23527"}],"version-history":[{"count":0,"href":"https:\/\/www.oarcanjo.net\/site\/wp-json\/wp\/v2\/posts\/23527\/revisions"}],"wp:attachment":[{"href":"https:\/\/www.oarcanjo.net\/site\/wp-json\/wp\/v2\/media?parent=23527"}],"wp:term":[{"taxonomy":"category","embeddable":true,"href":"https:\/\/www.oarcanjo.net\/site\/wp-json\/wp\/v2\/categories?post=23527"},{"taxonomy":"post_tag","embeddable":true,"href":"https:\/\/www.oarcanjo.net\/site\/wp-json\/wp\/v2\/tags?post=23527"}],"curies":[{"name":"wp","href":"https:\/\/api.w.org\/{rel}","templated":true}]}}