
{"id":2353,"date":"2009-03-13T22:24:39","date_gmt":"2009-03-14T01:24:39","guid":{"rendered":"http:\/\/www.oarcanjo.net\/site\/?p=2353"},"modified":"2009-03-13T22:24:39","modified_gmt":"2009-03-14T01:24:39","slug":"a-justica-restaura-a-paz","status":"publish","type":"post","link":"https:\/\/www.oarcanjo.net\/site\/a-justica-restaura-a-paz\/","title":{"rendered":"A justi\u00e7a restaura a paz"},"content":{"rendered":"<p>Ir. Petra Silvia Pfaller<\/p>\n<p>A Campanha da Fraternidade de 2009 quer suscitar o debate sobre a seguran\u00e7a p\u00fablica. N\u00e3o somente promov\u00ea-lo, mas analisar a quest\u00e3o da viol\u00eancia no Pa\u00eds e contribuir na promo\u00e7\u00e3o da cultura da paz nas pessoas, na fam\u00edlia, na comunidade e na sociedade. A viol\u00eancia aumenta desordenadamente. A quest\u00e3o da seguran\u00e7a p\u00fablica afeta a todos e \u00e9 de responsabilidade de todos, por isso &#8220;p\u00fablica&#8221;.<\/p>\n<p>Esta campanha traz essa reflex\u00e3o, bem como propostas concretas, parte delas j\u00e1 praticadas, embora ainda timidamente e sem grande efeito midi\u00e1tico. Por isso \u00e9 necess\u00e1rio ressaltar as propostas do agir que a CF 2009 nos coloca. Entre os objetivos espec\u00edficos destacam-se: reconhecer a viol\u00eancia; fortalecer a a\u00e7\u00e3o educativa e evangelizadora; desenvolver a\u00e7\u00f5es de supera\u00e7\u00e3o dos fatores da inseguran\u00e7a; despertar o agir solid\u00e1rio com as v\u00edtimas da viol\u00eancia (algo que, por sinal, no nosso ordenamento jur\u00eddico \u00e9 esquecido); e &#8220;denunciar a predomin\u00e2ncia do modelo punitivo no sistema penal brasileiro, express\u00e3o de mera vingan\u00e7a, a fim de incorporar a\u00e7\u00f5es educativas, penas alternativas e f\u00f3runs de media\u00e7\u00e3o de conflitos que visem a supera\u00e7\u00e3o dos problemas e aplica\u00e7\u00e3o da justi\u00e7a restaurativa&#8221;.<\/p>\n<p>A justi\u00e7a restaurativa indica a s\u00e9ria e efetiva luta pela paz social. Existem no Brasil tr\u00eas projetos pilotos do Minist\u00e9rio da Justi\u00e7a, atrav\u00e9s da Secretaria da Reforma do Judici\u00e1rio, em parceria com o Programa das Na\u00e7\u00f5es Unidas para o Desenvolvimento (PNUD), em que se aplica em car\u00e1ter experimental a justi\u00e7a restaurativa. Um deles \u00e9 no N\u00facleo Bandeirante (DF), por sinal bem-sucedido.<\/p>\n<p>Leoberto Brancher, juiz da 3\u00aa Vara da Inf\u00e2ncia e da Juventude de Porto Alegre, fala que &#8220;a justi\u00e7a restaurativa define uma nova abordagem para a quest\u00e3o do crime e das transgress\u00f5es, que possibilita um referencial paradigm\u00e1tico na humaniza\u00e7\u00e3o e pacifica\u00e7\u00e3o das rela\u00e7\u00f5es sociais envolvidas num conflito. As pr\u00e1ticas restaurativas &#8211; solu\u00e7\u00f5es de composi\u00e7\u00e3o informal de conflitos inspiradas nos princ\u00edpios da justi\u00e7a restaurativa &#8211; t\u00eam representado poderosa ferramenta de implementa\u00e7\u00e3o da cultura de paz em termos concretos&#8221;.<\/p>\n<p>Entende-se que a justi\u00e7a restaurativa \u00e9 um encontro entre as pessoas envolvidas numa situa\u00e7\u00e3o de viol\u00eancia ou conflito, seus familiares, amigos e comunidades. Destarte, acredita-se que sem a participa\u00e7\u00e3o da sociedade organizada n\u00e3o se alcan\u00e7a a paz nem se resolve o aumento da viol\u00eancia. E a justi\u00e7a restaurativa visa justamente intensificar a participa\u00e7\u00e3o da comunidade.<\/p>\n<p>A justi\u00e7a restaurativa traz o ju\u00edzo de despertar o arrependimento e a solidariedade, suprindo o fracassado modelo de pris\u00e3o. Abandona-se a vingan\u00e7a e cultiva-se a cultura da paz. Assim, \u00e9 poss\u00edvel permitir que a rigidez processual d\u00ea lugar ao di\u00e1logo e \u00e0 media\u00e7\u00e3o e que o poder p\u00fablico, empresas, escolas e igrejas ajam em conjunto, auxiliando na reconcilia\u00e7\u00e3o entre autores arrependidos de atos il\u00edcitos e sua disposi\u00e7\u00e3o em ajudar na repara\u00e7\u00e3o de danos causados \u00e0s vitimas, que estar\u00e3o dispostas a restaurar a paz. Nesse modelo da justi\u00e7a restaurativa n\u00e3o se celebra s\u00f3 um acordo &#8211; h\u00e1 um processo de reconcilia\u00e7\u00e3o entre as partes.<\/p>\n<p>Sabemos que a pris\u00e3o e seu fracasso na ressocializa\u00e7\u00e3o trazem graves consequ\u00eancias, n\u00e3o s\u00f3 \u00e0 sociedade, mas aos pr\u00f3prios presos, seus familiares e servidores do sistema prisional. A pena de pris\u00e3o deveria ser usada como \u00faltimo recurso para puni\u00e7\u00e3o, como preconiza o Direito Penal. \u00c9 not\u00f3rio que desde a mais remota exist\u00eancia a pris\u00e3o nunca resolveu a viol\u00eancia e nem a diminuiu. \u00c9 preciso acreditar nessas novas propostas, pois a pris\u00e3o desumana n\u00e3o recupera ningu\u00e9m, mesmo que muitas pessoas e integrantes do Estado vivam na hipocrisia e insistam em construir mais pres\u00eddios em vez de investir seriamente em educa\u00e7\u00e3o e sa\u00fade.<\/p>\n<p>Com a justi\u00e7a restaurativa poder\u00e3o um dia se realizar as palavras da poetisa goiana Cora Coralina: Tempo vir\u00e1&#8230;.. As pris\u00f5es se transformar\u00e3o em escolas e oficinas. E os homens imunizados contra o crime, cidad\u00e3os de um novo mundo, contar\u00e3o \u00e0s crian\u00e7as do futuro hist\u00f3rias absurdas de pris\u00f5es, celas, altos muros, de um tempo superado.<\/p>\n<div id=\"themify_builder_content-2353\" data-postid=\"2353\" class=\"themify_builder_content themify_builder_content-2353 themify_builder themify_builder_front\">\n\t<\/div>\n<!-- \/themify_builder_content -->","protected":false},"excerpt":{"rendered":"<p>Ir. Petra Silvia Pfaller A Campanha da Fraternidade de 2009 quer suscitar o debate sobre a seguran\u00e7a p\u00fablica. N\u00e3o somente promov\u00ea-lo, mas analisar a quest\u00e3o da viol\u00eancia no Pa\u00eds e contribuir na promo\u00e7\u00e3o da cultura da paz nas pessoas, na fam\u00edlia, na comunidade e na sociedade. A viol\u00eancia aumenta desordenadamente. A quest\u00e3o da seguran\u00e7a p\u00fablica [&hellip;]<\/p>\n","protected":false},"author":5,"featured_media":0,"comment_status":"open","ping_status":"open","sticky":false,"template":"","format":"standard","meta":{"ngg_post_thumbnail":0,"footnotes":""},"categories":[241],"tags":[229,284,337,336,20],"yoast_head":"<!-- This site is optimized with the Yoast SEO plugin v23.5 - https:\/\/yoast.com\/wordpress\/plugins\/seo\/ -->\n<title>A justi\u00e7a restaura a paz - O Arcanjo no ar<\/title>\n<meta name=\"robots\" content=\"index, follow, max-snippet:-1, max-image-preview:large, max-video-preview:-1\" \/>\n<link rel=\"canonical\" href=\"https:\/\/www.oarcanjo.net\/site\/a-justica-restaura-a-paz\/\" \/>\n<meta property=\"og:locale\" content=\"pt_BR\" \/>\n<meta property=\"og:type\" content=\"article\" \/>\n<meta property=\"og:title\" content=\"A justi\u00e7a restaura a paz - O Arcanjo no ar\" \/>\n<meta property=\"og:description\" content=\"Ir. Petra Silvia Pfaller A Campanha da Fraternidade de 2009 quer suscitar o debate sobre a seguran\u00e7a p\u00fablica. N\u00e3o somente promov\u00ea-lo, mas analisar a quest\u00e3o da viol\u00eancia no Pa\u00eds e contribuir na promo\u00e7\u00e3o da cultura da paz nas pessoas, na fam\u00edlia, na comunidade e na sociedade. A viol\u00eancia aumenta desordenadamente. A quest\u00e3o da seguran\u00e7a p\u00fablica [&hellip;]\" \/>\n<meta property=\"og:url\" content=\"https:\/\/www.oarcanjo.net\/site\/a-justica-restaura-a-paz\/\" \/>\n<meta property=\"og:site_name\" content=\"O Arcanjo no ar\" \/>\n<meta property=\"article:publisher\" content=\"https:\/\/www.facebook.com\/OArcanjoNoAr\/\" \/>\n<meta property=\"article:published_time\" content=\"2009-03-14T01:24:39+00:00\" \/>\n<meta property=\"og:image\" content=\"https:\/\/www.oarcanjo.net\/site\/wp-content\/uploads\/logo-o-arcanjo-no-ar-facebook.png\" \/>\n\t<meta property=\"og:image:width\" content=\"300\" \/>\n\t<meta property=\"og:image:height\" content=\"300\" \/>\n\t<meta property=\"og:image:type\" content=\"image\/png\" \/>\n<meta name=\"author\" content=\"editor\" \/>\n<meta name=\"twitter:card\" content=\"summary_large_image\" \/>\n<meta name=\"twitter:label1\" content=\"Escrito por\" \/>\n\t<meta name=\"twitter:data1\" content=\"editor\" \/>\n\t<meta name=\"twitter:label2\" content=\"Est. tempo de leitura\" \/>\n\t<meta name=\"twitter:data2\" content=\"4 minutos\" \/>\n<script type=\"application\/ld+json\" class=\"yoast-schema-graph\">{\"@context\":\"https:\/\/schema.org\",\"@graph\":[{\"@type\":\"Article\",\"@id\":\"https:\/\/www.oarcanjo.net\/site\/a-justica-restaura-a-paz\/#article\",\"isPartOf\":{\"@id\":\"https:\/\/www.oarcanjo.net\/site\/a-justica-restaura-a-paz\/\"},\"author\":{\"name\":\"editor\",\"@id\":\"https:\/\/www.oarcanjo.net\/site\/#\/schema\/person\/f7024d007863202483a31326673a0838\"},\"headline\":\"A justi\u00e7a restaura a paz\",\"datePublished\":\"2009-03-14T01:24:39+00:00\",\"dateModified\":\"2009-03-14T01:24:39+00:00\",\"mainEntityOfPage\":{\"@id\":\"https:\/\/www.oarcanjo.net\/site\/a-justica-restaura-a-paz\/\"},\"wordCount\":740,\"commentCount\":0,\"publisher\":{\"@id\":\"https:\/\/www.oarcanjo.net\/site\/#organization\"},\"keywords\":[\"Campanha da Fraternidade\",\"cultura da paz\",\"justi\u00e7a restaurativa\",\"puni\u00e7\u00e3o\",\"viol\u00eancia\"],\"articleSection\":[\"CF\"],\"inLanguage\":\"pt-BR\",\"potentialAction\":[{\"@type\":\"CommentAction\",\"name\":\"Comment\",\"target\":[\"https:\/\/www.oarcanjo.net\/site\/a-justica-restaura-a-paz\/#respond\"]}]},{\"@type\":\"WebPage\",\"@id\":\"https:\/\/www.oarcanjo.net\/site\/a-justica-restaura-a-paz\/\",\"url\":\"https:\/\/www.oarcanjo.net\/site\/a-justica-restaura-a-paz\/\",\"name\":\"A justi\u00e7a restaura a paz - O Arcanjo no ar\",\"isPartOf\":{\"@id\":\"https:\/\/www.oarcanjo.net\/site\/#website\"},\"datePublished\":\"2009-03-14T01:24:39+00:00\",\"dateModified\":\"2009-03-14T01:24:39+00:00\",\"breadcrumb\":{\"@id\":\"https:\/\/www.oarcanjo.net\/site\/a-justica-restaura-a-paz\/#breadcrumb\"},\"inLanguage\":\"pt-BR\",\"potentialAction\":[{\"@type\":\"ReadAction\",\"target\":[\"https:\/\/www.oarcanjo.net\/site\/a-justica-restaura-a-paz\/\"]}]},{\"@type\":\"BreadcrumbList\",\"@id\":\"https:\/\/www.oarcanjo.net\/site\/a-justica-restaura-a-paz\/#breadcrumb\",\"itemListElement\":[{\"@type\":\"ListItem\",\"position\":1,\"name\":\"In\u00edcio\",\"item\":\"https:\/\/www.oarcanjo.net\/site\/\"},{\"@type\":\"ListItem\",\"position\":2,\"name\":\"A justi\u00e7a restaura a paz\"}]},{\"@type\":\"WebSite\",\"@id\":\"https:\/\/www.oarcanjo.net\/site\/#website\",\"url\":\"https:\/\/www.oarcanjo.net\/site\/\",\"name\":\"O Arcanjo no ar\",\"description\":\"Site da Par\u00f3quia S\u00e3o Miguel Arcanjo (Arquidiocese de SP)\",\"publisher\":{\"@id\":\"https:\/\/www.oarcanjo.net\/site\/#organization\"},\"potentialAction\":[{\"@type\":\"SearchAction\",\"target\":{\"@type\":\"EntryPoint\",\"urlTemplate\":\"https:\/\/www.oarcanjo.net\/site\/?s={search_term_string}\"},\"query-input\":{\"@type\":\"PropertyValueSpecification\",\"valueRequired\":true,\"valueName\":\"search_term_string\"}}],\"inLanguage\":\"pt-BR\"},{\"@type\":\"Organization\",\"@id\":\"https:\/\/www.oarcanjo.net\/site\/#organization\",\"name\":\"Par\u00f3quia S\u00e3o Miguel Arcanjo\",\"url\":\"https:\/\/www.oarcanjo.net\/site\/\",\"logo\":{\"@type\":\"ImageObject\",\"inLanguage\":\"pt-BR\",\"@id\":\"https:\/\/www.oarcanjo.net\/site\/#\/schema\/logo\/image\/\",\"url\":\"https:\/\/www.oarcanjo.net\/site\/wp-content\/uploads\/LogoOArcanjo.png\",\"contentUrl\":\"https:\/\/www.oarcanjo.net\/site\/wp-content\/uploads\/LogoOArcanjo.png\",\"width\":319,\"height\":99,\"caption\":\"Par\u00f3quia S\u00e3o Miguel Arcanjo\"},\"image\":{\"@id\":\"https:\/\/www.oarcanjo.net\/site\/#\/schema\/logo\/image\/\"},\"sameAs\":[\"https:\/\/www.facebook.com\/OArcanjoNoAr\/\"]},{\"@type\":\"Person\",\"@id\":\"https:\/\/www.oarcanjo.net\/site\/#\/schema\/person\/f7024d007863202483a31326673a0838\",\"name\":\"editor\",\"sameAs\":[\"http:\/\/www.oarcanjo.net\"]}]}<\/script>\n<!-- \/ Yoast SEO plugin. -->","yoast_head_json":{"title":"A justi\u00e7a restaura a paz - O Arcanjo no ar","robots":{"index":"index","follow":"follow","max-snippet":"max-snippet:-1","max-image-preview":"max-image-preview:large","max-video-preview":"max-video-preview:-1"},"canonical":"https:\/\/www.oarcanjo.net\/site\/a-justica-restaura-a-paz\/","og_locale":"pt_BR","og_type":"article","og_title":"A justi\u00e7a restaura a paz - O Arcanjo no ar","og_description":"Ir. Petra Silvia Pfaller A Campanha da Fraternidade de 2009 quer suscitar o debate sobre a seguran\u00e7a p\u00fablica. N\u00e3o somente promov\u00ea-lo, mas analisar a quest\u00e3o da viol\u00eancia no Pa\u00eds e contribuir na promo\u00e7\u00e3o da cultura da paz nas pessoas, na fam\u00edlia, na comunidade e na sociedade. A viol\u00eancia aumenta desordenadamente. A quest\u00e3o da seguran\u00e7a p\u00fablica [&hellip;]","og_url":"https:\/\/www.oarcanjo.net\/site\/a-justica-restaura-a-paz\/","og_site_name":"O Arcanjo no ar","article_publisher":"https:\/\/www.facebook.com\/OArcanjoNoAr\/","article_published_time":"2009-03-14T01:24:39+00:00","og_image":[{"width":300,"height":300,"url":"https:\/\/www.oarcanjo.net\/site\/wp-content\/uploads\/logo-o-arcanjo-no-ar-facebook.png","type":"image\/png"}],"author":"editor","twitter_card":"summary_large_image","twitter_misc":{"Escrito por":"editor","Est. tempo de leitura":"4 minutos"},"schema":{"@context":"https:\/\/schema.org","@graph":[{"@type":"Article","@id":"https:\/\/www.oarcanjo.net\/site\/a-justica-restaura-a-paz\/#article","isPartOf":{"@id":"https:\/\/www.oarcanjo.net\/site\/a-justica-restaura-a-paz\/"},"author":{"name":"editor","@id":"https:\/\/www.oarcanjo.net\/site\/#\/schema\/person\/f7024d007863202483a31326673a0838"},"headline":"A justi\u00e7a restaura a paz","datePublished":"2009-03-14T01:24:39+00:00","dateModified":"2009-03-14T01:24:39+00:00","mainEntityOfPage":{"@id":"https:\/\/www.oarcanjo.net\/site\/a-justica-restaura-a-paz\/"},"wordCount":740,"commentCount":0,"publisher":{"@id":"https:\/\/www.oarcanjo.net\/site\/#organization"},"keywords":["Campanha da Fraternidade","cultura da paz","justi\u00e7a restaurativa","puni\u00e7\u00e3o","viol\u00eancia"],"articleSection":["CF"],"inLanguage":"pt-BR","potentialAction":[{"@type":"CommentAction","name":"Comment","target":["https:\/\/www.oarcanjo.net\/site\/a-justica-restaura-a-paz\/#respond"]}]},{"@type":"WebPage","@id":"https:\/\/www.oarcanjo.net\/site\/a-justica-restaura-a-paz\/","url":"https:\/\/www.oarcanjo.net\/site\/a-justica-restaura-a-paz\/","name":"A justi\u00e7a restaura a paz - O Arcanjo no ar","isPartOf":{"@id":"https:\/\/www.oarcanjo.net\/site\/#website"},"datePublished":"2009-03-14T01:24:39+00:00","dateModified":"2009-03-14T01:24:39+00:00","breadcrumb":{"@id":"https:\/\/www.oarcanjo.net\/site\/a-justica-restaura-a-paz\/#breadcrumb"},"inLanguage":"pt-BR","potentialAction":[{"@type":"ReadAction","target":["https:\/\/www.oarcanjo.net\/site\/a-justica-restaura-a-paz\/"]}]},{"@type":"BreadcrumbList","@id":"https:\/\/www.oarcanjo.net\/site\/a-justica-restaura-a-paz\/#breadcrumb","itemListElement":[{"@type":"ListItem","position":1,"name":"In\u00edcio","item":"https:\/\/www.oarcanjo.net\/site\/"},{"@type":"ListItem","position":2,"name":"A justi\u00e7a restaura a paz"}]},{"@type":"WebSite","@id":"https:\/\/www.oarcanjo.net\/site\/#website","url":"https:\/\/www.oarcanjo.net\/site\/","name":"O Arcanjo no ar","description":"Site da Par\u00f3quia S\u00e3o Miguel Arcanjo (Arquidiocese de SP)","publisher":{"@id":"https:\/\/www.oarcanjo.net\/site\/#organization"},"potentialAction":[{"@type":"SearchAction","target":{"@type":"EntryPoint","urlTemplate":"https:\/\/www.oarcanjo.net\/site\/?s={search_term_string}"},"query-input":{"@type":"PropertyValueSpecification","valueRequired":true,"valueName":"search_term_string"}}],"inLanguage":"pt-BR"},{"@type":"Organization","@id":"https:\/\/www.oarcanjo.net\/site\/#organization","name":"Par\u00f3quia S\u00e3o Miguel Arcanjo","url":"https:\/\/www.oarcanjo.net\/site\/","logo":{"@type":"ImageObject","inLanguage":"pt-BR","@id":"https:\/\/www.oarcanjo.net\/site\/#\/schema\/logo\/image\/","url":"https:\/\/www.oarcanjo.net\/site\/wp-content\/uploads\/LogoOArcanjo.png","contentUrl":"https:\/\/www.oarcanjo.net\/site\/wp-content\/uploads\/LogoOArcanjo.png","width":319,"height":99,"caption":"Par\u00f3quia S\u00e3o Miguel Arcanjo"},"image":{"@id":"https:\/\/www.oarcanjo.net\/site\/#\/schema\/logo\/image\/"},"sameAs":["https:\/\/www.facebook.com\/OArcanjoNoAr\/"]},{"@type":"Person","@id":"https:\/\/www.oarcanjo.net\/site\/#\/schema\/person\/f7024d007863202483a31326673a0838","name":"editor","sameAs":["http:\/\/www.oarcanjo.net"]}]}},"publishpress_future_action":{"enabled":false,"date":"2026-05-08 16:58:11","action":"category","newStatus":"draft","terms":[],"taxonomy":"category"},"publishpress_future_workflow_manual_trigger":{"enabledWorkflows":[]},"_links":{"self":[{"href":"https:\/\/www.oarcanjo.net\/site\/wp-json\/wp\/v2\/posts\/2353"}],"collection":[{"href":"https:\/\/www.oarcanjo.net\/site\/wp-json\/wp\/v2\/posts"}],"about":[{"href":"https:\/\/www.oarcanjo.net\/site\/wp-json\/wp\/v2\/types\/post"}],"author":[{"embeddable":true,"href":"https:\/\/www.oarcanjo.net\/site\/wp-json\/wp\/v2\/users\/5"}],"replies":[{"embeddable":true,"href":"https:\/\/www.oarcanjo.net\/site\/wp-json\/wp\/v2\/comments?post=2353"}],"version-history":[{"count":0,"href":"https:\/\/www.oarcanjo.net\/site\/wp-json\/wp\/v2\/posts\/2353\/revisions"}],"wp:attachment":[{"href":"https:\/\/www.oarcanjo.net\/site\/wp-json\/wp\/v2\/media?parent=2353"}],"wp:term":[{"taxonomy":"category","embeddable":true,"href":"https:\/\/www.oarcanjo.net\/site\/wp-json\/wp\/v2\/categories?post=2353"},{"taxonomy":"post_tag","embeddable":true,"href":"https:\/\/www.oarcanjo.net\/site\/wp-json\/wp\/v2\/tags?post=2353"}],"curies":[{"name":"wp","href":"https:\/\/api.w.org\/{rel}","templated":true}]}}