
{"id":23534,"date":"2013-10-23T11:50:04","date_gmt":"2013-10-23T13:50:04","guid":{"rendered":"http:\/\/www.oarcanjo.net\/site\/?p=23534"},"modified":"2013-10-23T11:50:04","modified_gmt":"2013-10-23T13:50:04","slug":"crescer-na-fe-evangelizando-os-jovens","status":"publish","type":"post","link":"https:\/\/www.oarcanjo.net\/site\/crescer-na-fe-evangelizando-os-jovens\/","title":{"rendered":"Crescer na F\u00e9, evangelizando os jovens"},"content":{"rendered":"<p><em>Dom Edmar Peron<\/em><\/p>\n<p>A celebra\u00e7\u00e3o do Dia Nacional da Juventude foi um encontro bonito, marcado pela alegria da juventude. Penso que \u00e9 importante retomar a homilia do Papa Francisco na missa de conclus\u00e3o da Jornada Mundial da Juventude 2013, dirigida a toda a Igreja, mas especialmente aos jovens: \u201cSabem qual \u00e9 o melhor instrumento para evangelizar os jovens? Outro jovem! Este \u00e9 o caminho a ser percorrido por voc\u00eas!\u201d Eis alguns trechos daquela homilia.<\/p>\n<p>\u00abV\u00e3o e fa\u00e7am disc\u00edpulos entre todas as na\u00e7\u00f5es\u00bb. Com estas palavras, Jesus se dirige a cada um de voc\u00eas, [&#8230;]. Jesus lhe chama a ser um disc\u00edpulo em miss\u00e3o! [&#8230;] A f\u00e9 \u00e9 uma chama que se faz tanto mais viva quanto mais \u00e9 partilhada, transmitida, para que todos possam conhecer, amar e professar que Jesus Cristo \u00e9 o Senhor da vida e da hist\u00f3ria (cf. <em>Rm<\/em> 10,9).<strong> <\/strong><\/p>\n<p>Mas, aten\u00e7\u00e3o! Jesus n\u00e3o disse: se voc\u00eas quiserem, se tiverem tempo, v\u00e3o; [&#8230;] \u00c9 uma ordem [que] nasce da for\u00e7a do amor, do fato que Jesus foi quem veio primeiro para junto de n\u00f3s e n\u00e3o nos deu somente um pouco de Si, mas se deu por inteiro, Ele deu a sua vida para nos salvar e mostrar o amor e a miseric\u00f3rdia de Deus. Jesus n\u00e3o somente nos envia, mas nos acompanha, est\u00e1 sempre junto de n\u00f3s nesta miss\u00e3o de amor.<\/p>\n<p>Para onde Jesus nos manda? N\u00e3o h\u00e1 fronteiras: envia-nos para todas as pessoas. O Evangelho \u00e9 para todos, e n\u00e3o apenas para alguns. [&#8230;]. N\u00e3o tenham medo de ir e levar Cristo para todos os ambientes, at\u00e9 as periferias existenciais, incluindo quem parece mais distante, mais indiferente. O Senhor procura a todos, quer que todos sintam o calor da sua miseric\u00f3rdia e do seu amor.<\/p>\n<p>De forma especial, queria que este mandato de Cristo -\u201cIde \u2013 V\u00e3o\u201d &#8211; ressoasse em voc\u00eas, jovens [&#8230;]. A Igreja precisa de voc\u00eas, do entusiasmo, da criatividade e da alegria que lhes caracterizam! Um grande ap\u00f3stolo do Brasil, Jos\u00e9 de Anchieta, partiu em miss\u00e3o quando tinha apenas dezenove anos! Sabem qual \u00e9 o melhor instrumento para evangelizar os jovens? Outro jovem! Este \u00e9 o caminho a ser percorrido por voc\u00eas!<\/p>\n<p>Algu\u00e9m poderia pensar: \u00abEu n\u00e3o tenho nenhuma prepara\u00e7\u00e3o especial, como \u00e9 que posso ir e anunciar o Evangelho\u00bb? [&#8230;] Deus responde a voc\u00eas com as mesmas palavras dirigidas a Jeremias: \u00abN\u00e3o tenhas medo&#8230; pois estou contigo para defender-te\u00bb (<em>Jr <\/em>1,8). Deus est\u00e1 conosco! \u00abN\u00e3o tenham medo!\u00bb Quando vamos anunciar Cristo, Ele mesmo vai \u00e0 nossa frente e nos guia. Ao enviar os seus disc\u00edpulos em miss\u00e3o, Jesus prometeu: \u00abEu estou com voc\u00eas todos os dias\u00bb (<em>Mt<\/em> 28,20). E isto \u00e9 verdade tamb\u00e9m para n\u00f3s! Jesus nunca deixa ningu\u00e9m sozinho! Sempre nos acompanha.\u201d<\/p>\n<p>Por fim, retomemos as tr\u00eas palavras que caracterizaram toda a sua homilia: \u201c<em>V\u00e3o, sem medo, para servir. <\/em>Seguindo estas tr\u00eas palavras, voc\u00eas experimentar\u00e3o que quem evangeliza \u00e9 evangelizado, quem transmite a alegria da f\u00e9, recebe mais alegria\u201d.<\/p>\n<p><em>+ Edmar Peron,<br \/>\n<\/em><em>Bispo Auxiliar da Arquidiocese de S\u00e3o Paulo<br \/>\n<\/em><em>Vig\u00e1rio Episcopal para a Regi\u00e3o Bel\u00e9m<\/em><\/p>\n<div id=\"themify_builder_content-23534\" data-postid=\"23534\" class=\"themify_builder_content themify_builder_content-23534 themify_builder themify_builder_front\">\n\t<\/div>\n<!-- \/themify_builder_content -->","protected":false},"excerpt":{"rendered":"<p>Dom Edmar Peron A celebra\u00e7\u00e3o do Dia Nacional da Juventude foi um encontro bonito, marcado pela alegria da juventude. Penso que \u00e9 importante retomar a homilia do Papa Francisco na missa de conclus\u00e3o da Jornada Mundial da Juventude 2013, dirigida a toda a Igreja, mas especialmente aos jovens: \u201cSabem qual \u00e9 o melhor instrumento para [&hellip;]<\/p>\n","protected":false},"author":5,"featured_media":0,"comment_status":"open","ping_status":"open","sticky":false,"template":"","format":"standard","meta":{"ngg_post_thumbnail":0,"footnotes":""},"categories":[9],"tags":[1142,441,2721,3207,2433],"yoast_head":"<!-- This site is optimized with the Yoast SEO plugin v23.5 - https:\/\/yoast.com\/wordpress\/plugins\/seo\/ -->\n<title>Crescer na F\u00e9, evangelizando os jovens - O Arcanjo no ar<\/title>\n<meta name=\"robots\" content=\"index, follow, max-snippet:-1, max-image-preview:large, max-video-preview:-1\" \/>\n<link rel=\"canonical\" href=\"https:\/\/www.oarcanjo.net\/site\/crescer-na-fe-evangelizando-os-jovens\/\" \/>\n<meta property=\"og:locale\" content=\"pt_BR\" \/>\n<meta property=\"og:type\" content=\"article\" \/>\n<meta property=\"og:title\" content=\"Crescer na F\u00e9, evangelizando os jovens - O Arcanjo no ar\" \/>\n<meta property=\"og:description\" content=\"Dom Edmar Peron A celebra\u00e7\u00e3o do Dia Nacional da Juventude foi um encontro bonito, marcado pela alegria da juventude. Penso que \u00e9 importante retomar a homilia do Papa Francisco na missa de conclus\u00e3o da Jornada Mundial da Juventude 2013, dirigida a toda a Igreja, mas especialmente aos jovens: \u201cSabem qual \u00e9 o melhor instrumento para [&hellip;]\" \/>\n<meta property=\"og:url\" content=\"https:\/\/www.oarcanjo.net\/site\/crescer-na-fe-evangelizando-os-jovens\/\" \/>\n<meta property=\"og:site_name\" content=\"O Arcanjo no ar\" \/>\n<meta property=\"article:publisher\" content=\"https:\/\/www.facebook.com\/OArcanjoNoAr\/\" \/>\n<meta property=\"article:published_time\" content=\"2013-10-23T13:50:04+00:00\" \/>\n<meta property=\"og:image\" content=\"https:\/\/www.oarcanjo.net\/site\/wp-content\/uploads\/logo-o-arcanjo-no-ar-facebook.png\" \/>\n\t<meta property=\"og:image:width\" content=\"300\" \/>\n\t<meta property=\"og:image:height\" content=\"300\" \/>\n\t<meta property=\"og:image:type\" content=\"image\/png\" \/>\n<meta name=\"author\" content=\"editor\" \/>\n<meta name=\"twitter:card\" content=\"summary_large_image\" \/>\n<meta name=\"twitter:label1\" content=\"Escrito por\" \/>\n\t<meta name=\"twitter:data1\" content=\"editor\" \/>\n\t<meta name=\"twitter:label2\" content=\"Est. tempo de leitura\" \/>\n\t<meta name=\"twitter:data2\" content=\"3 minutos\" \/>\n<script type=\"application\/ld+json\" class=\"yoast-schema-graph\">{\"@context\":\"https:\/\/schema.org\",\"@graph\":[{\"@type\":\"Article\",\"@id\":\"https:\/\/www.oarcanjo.net\/site\/crescer-na-fe-evangelizando-os-jovens\/#article\",\"isPartOf\":{\"@id\":\"https:\/\/www.oarcanjo.net\/site\/crescer-na-fe-evangelizando-os-jovens\/\"},\"author\":{\"name\":\"editor\",\"@id\":\"https:\/\/www.oarcanjo.net\/site\/#\/schema\/person\/f7024d007863202483a31326673a0838\"},\"headline\":\"Crescer na F\u00e9, evangelizando os jovens\",\"datePublished\":\"2013-10-23T13:50:04+00:00\",\"dateModified\":\"2013-10-23T13:50:04+00:00\",\"mainEntityOfPage\":{\"@id\":\"https:\/\/www.oarcanjo.net\/site\/crescer-na-fe-evangelizando-os-jovens\/\"},\"wordCount\":538,\"commentCount\":0,\"publisher\":{\"@id\":\"https:\/\/www.oarcanjo.net\/site\/#organization\"},\"keywords\":[\"Dia Nacional da Juventude\",\"f\u00e9\",\"Jornada Mundial da Juventude 2013\",\"Jovens\",\"Papa Francisco\"],\"articleSection\":[\"Reflex\u00f5es\"],\"inLanguage\":\"pt-BR\",\"potentialAction\":[{\"@type\":\"CommentAction\",\"name\":\"Comment\",\"target\":[\"https:\/\/www.oarcanjo.net\/site\/crescer-na-fe-evangelizando-os-jovens\/#respond\"]}]},{\"@type\":\"WebPage\",\"@id\":\"https:\/\/www.oarcanjo.net\/site\/crescer-na-fe-evangelizando-os-jovens\/\",\"url\":\"https:\/\/www.oarcanjo.net\/site\/crescer-na-fe-evangelizando-os-jovens\/\",\"name\":\"Crescer na F\u00e9, evangelizando os jovens - O Arcanjo no ar\",\"isPartOf\":{\"@id\":\"https:\/\/www.oarcanjo.net\/site\/#website\"},\"datePublished\":\"2013-10-23T13:50:04+00:00\",\"dateModified\":\"2013-10-23T13:50:04+00:00\",\"breadcrumb\":{\"@id\":\"https:\/\/www.oarcanjo.net\/site\/crescer-na-fe-evangelizando-os-jovens\/#breadcrumb\"},\"inLanguage\":\"pt-BR\",\"potentialAction\":[{\"@type\":\"ReadAction\",\"target\":[\"https:\/\/www.oarcanjo.net\/site\/crescer-na-fe-evangelizando-os-jovens\/\"]}]},{\"@type\":\"BreadcrumbList\",\"@id\":\"https:\/\/www.oarcanjo.net\/site\/crescer-na-fe-evangelizando-os-jovens\/#breadcrumb\",\"itemListElement\":[{\"@type\":\"ListItem\",\"position\":1,\"name\":\"In\u00edcio\",\"item\":\"https:\/\/www.oarcanjo.net\/site\/\"},{\"@type\":\"ListItem\",\"position\":2,\"name\":\"Crescer na F\u00e9, evangelizando os jovens\"}]},{\"@type\":\"WebSite\",\"@id\":\"https:\/\/www.oarcanjo.net\/site\/#website\",\"url\":\"https:\/\/www.oarcanjo.net\/site\/\",\"name\":\"O Arcanjo no ar\",\"description\":\"Site da Par\u00f3quia S\u00e3o Miguel Arcanjo (Arquidiocese de SP)\",\"publisher\":{\"@id\":\"https:\/\/www.oarcanjo.net\/site\/#organization\"},\"potentialAction\":[{\"@type\":\"SearchAction\",\"target\":{\"@type\":\"EntryPoint\",\"urlTemplate\":\"https:\/\/www.oarcanjo.net\/site\/?s={search_term_string}\"},\"query-input\":{\"@type\":\"PropertyValueSpecification\",\"valueRequired\":true,\"valueName\":\"search_term_string\"}}],\"inLanguage\":\"pt-BR\"},{\"@type\":\"Organization\",\"@id\":\"https:\/\/www.oarcanjo.net\/site\/#organization\",\"name\":\"Par\u00f3quia S\u00e3o Miguel Arcanjo\",\"url\":\"https:\/\/www.oarcanjo.net\/site\/\",\"logo\":{\"@type\":\"ImageObject\",\"inLanguage\":\"pt-BR\",\"@id\":\"https:\/\/www.oarcanjo.net\/site\/#\/schema\/logo\/image\/\",\"url\":\"https:\/\/www.oarcanjo.net\/site\/wp-content\/uploads\/LogoOArcanjo.png\",\"contentUrl\":\"https:\/\/www.oarcanjo.net\/site\/wp-content\/uploads\/LogoOArcanjo.png\",\"width\":319,\"height\":99,\"caption\":\"Par\u00f3quia S\u00e3o Miguel Arcanjo\"},\"image\":{\"@id\":\"https:\/\/www.oarcanjo.net\/site\/#\/schema\/logo\/image\/\"},\"sameAs\":[\"https:\/\/www.facebook.com\/OArcanjoNoAr\/\"]},{\"@type\":\"Person\",\"@id\":\"https:\/\/www.oarcanjo.net\/site\/#\/schema\/person\/f7024d007863202483a31326673a0838\",\"name\":\"editor\",\"sameAs\":[\"http:\/\/www.oarcanjo.net\"]}]}<\/script>\n<!-- \/ Yoast SEO plugin. -->","yoast_head_json":{"title":"Crescer na F\u00e9, evangelizando os jovens - O Arcanjo no ar","robots":{"index":"index","follow":"follow","max-snippet":"max-snippet:-1","max-image-preview":"max-image-preview:large","max-video-preview":"max-video-preview:-1"},"canonical":"https:\/\/www.oarcanjo.net\/site\/crescer-na-fe-evangelizando-os-jovens\/","og_locale":"pt_BR","og_type":"article","og_title":"Crescer na F\u00e9, evangelizando os jovens - O Arcanjo no ar","og_description":"Dom Edmar Peron A celebra\u00e7\u00e3o do Dia Nacional da Juventude foi um encontro bonito, marcado pela alegria da juventude. Penso que \u00e9 importante retomar a homilia do Papa Francisco na missa de conclus\u00e3o da Jornada Mundial da Juventude 2013, dirigida a toda a Igreja, mas especialmente aos jovens: \u201cSabem qual \u00e9 o melhor instrumento para [&hellip;]","og_url":"https:\/\/www.oarcanjo.net\/site\/crescer-na-fe-evangelizando-os-jovens\/","og_site_name":"O Arcanjo no ar","article_publisher":"https:\/\/www.facebook.com\/OArcanjoNoAr\/","article_published_time":"2013-10-23T13:50:04+00:00","og_image":[{"width":300,"height":300,"url":"https:\/\/www.oarcanjo.net\/site\/wp-content\/uploads\/logo-o-arcanjo-no-ar-facebook.png","type":"image\/png"}],"author":"editor","twitter_card":"summary_large_image","twitter_misc":{"Escrito por":"editor","Est. tempo de leitura":"3 minutos"},"schema":{"@context":"https:\/\/schema.org","@graph":[{"@type":"Article","@id":"https:\/\/www.oarcanjo.net\/site\/crescer-na-fe-evangelizando-os-jovens\/#article","isPartOf":{"@id":"https:\/\/www.oarcanjo.net\/site\/crescer-na-fe-evangelizando-os-jovens\/"},"author":{"name":"editor","@id":"https:\/\/www.oarcanjo.net\/site\/#\/schema\/person\/f7024d007863202483a31326673a0838"},"headline":"Crescer na F\u00e9, evangelizando os jovens","datePublished":"2013-10-23T13:50:04+00:00","dateModified":"2013-10-23T13:50:04+00:00","mainEntityOfPage":{"@id":"https:\/\/www.oarcanjo.net\/site\/crescer-na-fe-evangelizando-os-jovens\/"},"wordCount":538,"commentCount":0,"publisher":{"@id":"https:\/\/www.oarcanjo.net\/site\/#organization"},"keywords":["Dia Nacional da Juventude","f\u00e9","Jornada Mundial da Juventude 2013","Jovens","Papa Francisco"],"articleSection":["Reflex\u00f5es"],"inLanguage":"pt-BR","potentialAction":[{"@type":"CommentAction","name":"Comment","target":["https:\/\/www.oarcanjo.net\/site\/crescer-na-fe-evangelizando-os-jovens\/#respond"]}]},{"@type":"WebPage","@id":"https:\/\/www.oarcanjo.net\/site\/crescer-na-fe-evangelizando-os-jovens\/","url":"https:\/\/www.oarcanjo.net\/site\/crescer-na-fe-evangelizando-os-jovens\/","name":"Crescer na F\u00e9, evangelizando os jovens - O Arcanjo no ar","isPartOf":{"@id":"https:\/\/www.oarcanjo.net\/site\/#website"},"datePublished":"2013-10-23T13:50:04+00:00","dateModified":"2013-10-23T13:50:04+00:00","breadcrumb":{"@id":"https:\/\/www.oarcanjo.net\/site\/crescer-na-fe-evangelizando-os-jovens\/#breadcrumb"},"inLanguage":"pt-BR","potentialAction":[{"@type":"ReadAction","target":["https:\/\/www.oarcanjo.net\/site\/crescer-na-fe-evangelizando-os-jovens\/"]}]},{"@type":"BreadcrumbList","@id":"https:\/\/www.oarcanjo.net\/site\/crescer-na-fe-evangelizando-os-jovens\/#breadcrumb","itemListElement":[{"@type":"ListItem","position":1,"name":"In\u00edcio","item":"https:\/\/www.oarcanjo.net\/site\/"},{"@type":"ListItem","position":2,"name":"Crescer na F\u00e9, evangelizando os jovens"}]},{"@type":"WebSite","@id":"https:\/\/www.oarcanjo.net\/site\/#website","url":"https:\/\/www.oarcanjo.net\/site\/","name":"O Arcanjo no ar","description":"Site da Par\u00f3quia S\u00e3o Miguel Arcanjo (Arquidiocese de SP)","publisher":{"@id":"https:\/\/www.oarcanjo.net\/site\/#organization"},"potentialAction":[{"@type":"SearchAction","target":{"@type":"EntryPoint","urlTemplate":"https:\/\/www.oarcanjo.net\/site\/?s={search_term_string}"},"query-input":{"@type":"PropertyValueSpecification","valueRequired":true,"valueName":"search_term_string"}}],"inLanguage":"pt-BR"},{"@type":"Organization","@id":"https:\/\/www.oarcanjo.net\/site\/#organization","name":"Par\u00f3quia S\u00e3o Miguel Arcanjo","url":"https:\/\/www.oarcanjo.net\/site\/","logo":{"@type":"ImageObject","inLanguage":"pt-BR","@id":"https:\/\/www.oarcanjo.net\/site\/#\/schema\/logo\/image\/","url":"https:\/\/www.oarcanjo.net\/site\/wp-content\/uploads\/LogoOArcanjo.png","contentUrl":"https:\/\/www.oarcanjo.net\/site\/wp-content\/uploads\/LogoOArcanjo.png","width":319,"height":99,"caption":"Par\u00f3quia S\u00e3o Miguel Arcanjo"},"image":{"@id":"https:\/\/www.oarcanjo.net\/site\/#\/schema\/logo\/image\/"},"sameAs":["https:\/\/www.facebook.com\/OArcanjoNoAr\/"]},{"@type":"Person","@id":"https:\/\/www.oarcanjo.net\/site\/#\/schema\/person\/f7024d007863202483a31326673a0838","name":"editor","sameAs":["http:\/\/www.oarcanjo.net"]}]}},"publishpress_future_action":{"enabled":false,"date":"2026-05-09 01:49:48","action":"category","newStatus":"draft","terms":[],"taxonomy":"category"},"publishpress_future_workflow_manual_trigger":{"enabledWorkflows":[]},"_links":{"self":[{"href":"https:\/\/www.oarcanjo.net\/site\/wp-json\/wp\/v2\/posts\/23534"}],"collection":[{"href":"https:\/\/www.oarcanjo.net\/site\/wp-json\/wp\/v2\/posts"}],"about":[{"href":"https:\/\/www.oarcanjo.net\/site\/wp-json\/wp\/v2\/types\/post"}],"author":[{"embeddable":true,"href":"https:\/\/www.oarcanjo.net\/site\/wp-json\/wp\/v2\/users\/5"}],"replies":[{"embeddable":true,"href":"https:\/\/www.oarcanjo.net\/site\/wp-json\/wp\/v2\/comments?post=23534"}],"version-history":[{"count":0,"href":"https:\/\/www.oarcanjo.net\/site\/wp-json\/wp\/v2\/posts\/23534\/revisions"}],"wp:attachment":[{"href":"https:\/\/www.oarcanjo.net\/site\/wp-json\/wp\/v2\/media?parent=23534"}],"wp:term":[{"taxonomy":"category","embeddable":true,"href":"https:\/\/www.oarcanjo.net\/site\/wp-json\/wp\/v2\/categories?post=23534"},{"taxonomy":"post_tag","embeddable":true,"href":"https:\/\/www.oarcanjo.net\/site\/wp-json\/wp\/v2\/tags?post=23534"}],"curies":[{"name":"wp","href":"https:\/\/api.w.org\/{rel}","templated":true}]}}