
{"id":23550,"date":"2013-10-25T11:54:24","date_gmt":"2013-10-25T13:54:24","guid":{"rendered":"http:\/\/www.oarcanjo.net\/site\/?p=23550"},"modified":"2013-10-25T11:54:34","modified_gmt":"2013-10-25T13:54:34","slug":"dialogo-inter-religioso","status":"publish","type":"post","link":"https:\/\/www.oarcanjo.net\/site\/dialogo-inter-religioso\/","title":{"rendered":"Di\u00e1logo Inter-religioso"},"content":{"rendered":"<p><em>Dom Dem\u00e9trio Valentini<\/em><\/p>\n<p>Ainda no contexto de outubro, m\u00eas mission\u00e1rio, precisamos incluir em nossas inten\u00e7\u00f5es mission\u00e1rias, as grandes religi\u00f5es do mundo. Pois agora, a partir do Concilio Vaticano II, somos desafiados a ter um olhar diferente sobre as grandes religi\u00f5es, reconhecendo nelas muitos valores positivos, nos quais d\u00e1 para perceber a atua\u00e7\u00e3o do Esp\u00edrito Santo, que est\u00e1 sempre pronto a vir em aux\u00edlio de quem busca com sinceridade os caminhos que levam para Deus.<\/p>\n<p>Diz textualmente o Conc\u00edlio, no seu documento \u201cNostra Aetate\u201d: \u201cA Igreja Cat\u00f3lica nada rejeita do que h\u00e1 de verdadeiro e santo nestas religi\u00f5es.\u201d E acrescenta: \u201cExorta por isto seus filhos que, com prud\u00eancia e amor, atrav\u00e9s do di\u00e1logo e da colabora\u00e7\u00e3o com os seguidores de outras religi\u00f5es, testemunhando sempre a f\u00e9 e a vida crist\u00e3s, reconhe\u00e7am, mantenham e desenvolvam os bens espirituais e morais, como tamb\u00e9m os valores s\u00f3cio-culturais, que entre eles se encontram\u201d.<\/p>\n<p>\u00c9 bom termos um mapa aproximado dessas grandes religi\u00f5es no mundo. Algumas delas t\u00eam suas ra\u00edzes na cultura asi\u00e1tica, a mais antiga do mundo, com suas tradi\u00e7\u00f5es milenares. Duas delas emergem com for\u00e7a no contexto da \u00c1sia: o Budismo e o Hindu\u00edsmo, ambas origin\u00e1rias da \u00cdndia. Sendo que o Budismo se propagou mais nos pa\u00edses orientais da \u00c1sia, especialmente na China e no Jap\u00e3o.<\/p>\n<p>Outras duas grandes religi\u00f5es t\u00eam sua origem no Oriente M\u00e9dio, o Juda\u00edsmo e o Islamismo, a religi\u00e3o dos mu\u00e7ulmanos. Por diversos motivos a Igreja se sente mais pr\u00f3xima, e mais ligada a estas duas grandes religi\u00f5es, o Juda\u00edsmo e o Islamismo. A partir do Conc\u00edlio, a Igreja assumiu uma postura de mais respeito, superando hostilidades que possa ter havido na hist\u00f3ria, e propondo um di\u00e1logo que possibilite uma progressiva aproxima\u00e7\u00e3o com as grandes tradi\u00e7\u00f5es religiosas.<\/p>\n<p>O relacionamento com os judeus melhorou muito, sobretudo a partir da decis\u00e3o tomada por Jo\u00e3o XXIII, de modificar a prece pelos judeus, na liturgia da Semana Santa. Antes, a formula\u00e7\u00e3o desta prece chegava a ser ofensiva, pois se referia a eles como \u201cp\u00e9rfidos judeus\u201d.<\/p>\n<p>Com eles existe agora um clima de respeito, que \u00e9 fortalecido por atitudes simb\u00f3licas. Diversas vezes o Papa foi visitar sinagoga dos judeus em Roma. Jo\u00e3o Paulo II chamou os judeus de \u201cnossos irm\u00e3os maiores\u201d.<\/p>\n<p>O Conc\u00edlio falou de maneira muito respeitosa a respeito dos mu\u00e7ulmanos. O seu livro sagrado apresenta Cristo como um profeta, e fala de Maria de maneira muito respeitosa.<br \/>\nPortanto, haveria muitas coincid\u00eancias a n\u00edvel de f\u00e9, entre a religi\u00e3o fundada por Maom\u00e9, e a nossa religi\u00e3o crist\u00e3. Mas infelizmente, na hist\u00f3ria, o relacionamento com os mu\u00e7ulmanos foi marcado por guerras religiosas e incompreens\u00f5es m\u00fatuas, cujas consequ\u00eancias ainda n\u00e3o foram assimiladas.<\/p>\n<p>Entre os mu\u00e7ulmanos, ao lado de correntes fundamentalistas que ainda propagam a \u201cguerra santa\u201d contra os crist\u00e3os, existem grupos moderados e profundamente religiosos, com os quais \u00e9 poss\u00edvel manter um di\u00e1logo construtivo.<\/p>\n<p>Todas estas dificuldades de aproxima\u00e7\u00e3o e de entendimento, deveriam mostrar aos crist\u00e3os a urgente necessidade de reconcilia\u00e7\u00e3o entre n\u00f3s, superando nossas divis\u00f5es internas, como crist\u00e3os, que infelizmente ainda existem. Foi o pr\u00f3prio Jesus que falou: \u201cque todos sejam um, para que o mundo creia\u201d.<\/p>\n<p>Assim como a miss\u00e3o abre o caminho para a renova\u00e7\u00e3o da Igreja, assim a aproxima\u00e7\u00e3o com as grandes religi\u00f5es n\u00e3o crist\u00e3s, se transforma em apelo para a unidade dos crist\u00e3os!<\/p>\n<div id=\"themify_builder_content-23550\" data-postid=\"23550\" class=\"themify_builder_content themify_builder_content-23550 themify_builder themify_builder_front\">\n\t<\/div>\n<!-- \/themify_builder_content -->","protected":false},"excerpt":{"rendered":"<p>Dom Dem\u00e9trio Valentini Ainda no contexto de outubro, m\u00eas mission\u00e1rio, precisamos incluir em nossas inten\u00e7\u00f5es mission\u00e1rias, as grandes religi\u00f5es do mundo. Pois agora, a partir do Concilio Vaticano II, somos desafiados a ter um olhar diferente sobre as grandes religi\u00f5es, reconhecendo nelas muitos valores positivos, nos quais d\u00e1 para perceber a atua\u00e7\u00e3o do Esp\u00edrito Santo, [&hellip;]<\/p>\n","protected":false},"author":5,"featured_media":0,"comment_status":"open","ping_status":"open","sticky":false,"template":"","format":"standard","meta":{"ngg_post_thumbnail":0,"footnotes":""},"categories":[9],"tags":[749,2729,2730],"yoast_head":"<!-- This site is optimized with the Yoast SEO plugin v23.5 - https:\/\/yoast.com\/wordpress\/plugins\/seo\/ -->\n<title>Di\u00e1logo Inter-religioso - O Arcanjo no ar<\/title>\n<meta name=\"robots\" content=\"index, follow, max-snippet:-1, max-image-preview:large, max-video-preview:-1\" \/>\n<link rel=\"canonical\" href=\"https:\/\/www.oarcanjo.net\/site\/dialogo-inter-religioso\/\" \/>\n<meta property=\"og:locale\" content=\"pt_BR\" \/>\n<meta property=\"og:type\" content=\"article\" \/>\n<meta property=\"og:title\" content=\"Di\u00e1logo Inter-religioso - O Arcanjo no ar\" \/>\n<meta property=\"og:description\" content=\"Dom Dem\u00e9trio Valentini Ainda no contexto de outubro, m\u00eas mission\u00e1rio, precisamos incluir em nossas inten\u00e7\u00f5es mission\u00e1rias, as grandes religi\u00f5es do mundo. Pois agora, a partir do Concilio Vaticano II, somos desafiados a ter um olhar diferente sobre as grandes religi\u00f5es, reconhecendo nelas muitos valores positivos, nos quais d\u00e1 para perceber a atua\u00e7\u00e3o do Esp\u00edrito Santo, [&hellip;]\" \/>\n<meta property=\"og:url\" content=\"https:\/\/www.oarcanjo.net\/site\/dialogo-inter-religioso\/\" \/>\n<meta property=\"og:site_name\" content=\"O Arcanjo no ar\" \/>\n<meta property=\"article:publisher\" content=\"https:\/\/www.facebook.com\/OArcanjoNoAr\/\" \/>\n<meta property=\"article:published_time\" content=\"2013-10-25T13:54:24+00:00\" \/>\n<meta property=\"article:modified_time\" content=\"2013-10-25T13:54:34+00:00\" \/>\n<meta property=\"og:image\" content=\"https:\/\/www.oarcanjo.net\/site\/wp-content\/uploads\/logo-o-arcanjo-no-ar-facebook.png\" \/>\n\t<meta property=\"og:image:width\" content=\"300\" \/>\n\t<meta property=\"og:image:height\" content=\"300\" \/>\n\t<meta property=\"og:image:type\" content=\"image\/png\" \/>\n<meta name=\"author\" content=\"editor\" \/>\n<meta name=\"twitter:card\" content=\"summary_large_image\" \/>\n<meta name=\"twitter:label1\" content=\"Escrito por\" \/>\n\t<meta name=\"twitter:data1\" content=\"editor\" \/>\n\t<meta name=\"twitter:label2\" content=\"Est. tempo de leitura\" \/>\n\t<meta name=\"twitter:data2\" content=\"3 minutos\" \/>\n<script type=\"application\/ld+json\" class=\"yoast-schema-graph\">{\"@context\":\"https:\/\/schema.org\",\"@graph\":[{\"@type\":\"Article\",\"@id\":\"https:\/\/www.oarcanjo.net\/site\/dialogo-inter-religioso\/#article\",\"isPartOf\":{\"@id\":\"https:\/\/www.oarcanjo.net\/site\/dialogo-inter-religioso\/\"},\"author\":{\"name\":\"editor\",\"@id\":\"https:\/\/www.oarcanjo.net\/site\/#\/schema\/person\/f7024d007863202483a31326673a0838\"},\"headline\":\"Di\u00e1logo Inter-religioso\",\"datePublished\":\"2013-10-25T13:54:24+00:00\",\"dateModified\":\"2013-10-25T13:54:34+00:00\",\"mainEntityOfPage\":{\"@id\":\"https:\/\/www.oarcanjo.net\/site\/dialogo-inter-religioso\/\"},\"wordCount\":625,\"commentCount\":0,\"publisher\":{\"@id\":\"https:\/\/www.oarcanjo.net\/site\/#organization\"},\"keywords\":[\"di\u00e1logo inter religioso\",\"Nostra Aetate\",\"Releigi\u00f5es\"],\"articleSection\":[\"Reflex\u00f5es\"],\"inLanguage\":\"pt-BR\",\"potentialAction\":[{\"@type\":\"CommentAction\",\"name\":\"Comment\",\"target\":[\"https:\/\/www.oarcanjo.net\/site\/dialogo-inter-religioso\/#respond\"]}]},{\"@type\":\"WebPage\",\"@id\":\"https:\/\/www.oarcanjo.net\/site\/dialogo-inter-religioso\/\",\"url\":\"https:\/\/www.oarcanjo.net\/site\/dialogo-inter-religioso\/\",\"name\":\"Di\u00e1logo Inter-religioso - O Arcanjo no ar\",\"isPartOf\":{\"@id\":\"https:\/\/www.oarcanjo.net\/site\/#website\"},\"datePublished\":\"2013-10-25T13:54:24+00:00\",\"dateModified\":\"2013-10-25T13:54:34+00:00\",\"breadcrumb\":{\"@id\":\"https:\/\/www.oarcanjo.net\/site\/dialogo-inter-religioso\/#breadcrumb\"},\"inLanguage\":\"pt-BR\",\"potentialAction\":[{\"@type\":\"ReadAction\",\"target\":[\"https:\/\/www.oarcanjo.net\/site\/dialogo-inter-religioso\/\"]}]},{\"@type\":\"BreadcrumbList\",\"@id\":\"https:\/\/www.oarcanjo.net\/site\/dialogo-inter-religioso\/#breadcrumb\",\"itemListElement\":[{\"@type\":\"ListItem\",\"position\":1,\"name\":\"In\u00edcio\",\"item\":\"https:\/\/www.oarcanjo.net\/site\/\"},{\"@type\":\"ListItem\",\"position\":2,\"name\":\"Di\u00e1logo Inter-religioso\"}]},{\"@type\":\"WebSite\",\"@id\":\"https:\/\/www.oarcanjo.net\/site\/#website\",\"url\":\"https:\/\/www.oarcanjo.net\/site\/\",\"name\":\"O Arcanjo no ar\",\"description\":\"Site da Par\u00f3quia S\u00e3o Miguel Arcanjo (Arquidiocese de SP)\",\"publisher\":{\"@id\":\"https:\/\/www.oarcanjo.net\/site\/#organization\"},\"potentialAction\":[{\"@type\":\"SearchAction\",\"target\":{\"@type\":\"EntryPoint\",\"urlTemplate\":\"https:\/\/www.oarcanjo.net\/site\/?s={search_term_string}\"},\"query-input\":{\"@type\":\"PropertyValueSpecification\",\"valueRequired\":true,\"valueName\":\"search_term_string\"}}],\"inLanguage\":\"pt-BR\"},{\"@type\":\"Organization\",\"@id\":\"https:\/\/www.oarcanjo.net\/site\/#organization\",\"name\":\"Par\u00f3quia S\u00e3o Miguel Arcanjo\",\"url\":\"https:\/\/www.oarcanjo.net\/site\/\",\"logo\":{\"@type\":\"ImageObject\",\"inLanguage\":\"pt-BR\",\"@id\":\"https:\/\/www.oarcanjo.net\/site\/#\/schema\/logo\/image\/\",\"url\":\"https:\/\/www.oarcanjo.net\/site\/wp-content\/uploads\/LogoOArcanjo.png\",\"contentUrl\":\"https:\/\/www.oarcanjo.net\/site\/wp-content\/uploads\/LogoOArcanjo.png\",\"width\":319,\"height\":99,\"caption\":\"Par\u00f3quia S\u00e3o Miguel Arcanjo\"},\"image\":{\"@id\":\"https:\/\/www.oarcanjo.net\/site\/#\/schema\/logo\/image\/\"},\"sameAs\":[\"https:\/\/www.facebook.com\/OArcanjoNoAr\/\"]},{\"@type\":\"Person\",\"@id\":\"https:\/\/www.oarcanjo.net\/site\/#\/schema\/person\/f7024d007863202483a31326673a0838\",\"name\":\"editor\",\"sameAs\":[\"http:\/\/www.oarcanjo.net\"]}]}<\/script>\n<!-- \/ Yoast SEO plugin. -->","yoast_head_json":{"title":"Di\u00e1logo Inter-religioso - O Arcanjo no ar","robots":{"index":"index","follow":"follow","max-snippet":"max-snippet:-1","max-image-preview":"max-image-preview:large","max-video-preview":"max-video-preview:-1"},"canonical":"https:\/\/www.oarcanjo.net\/site\/dialogo-inter-religioso\/","og_locale":"pt_BR","og_type":"article","og_title":"Di\u00e1logo Inter-religioso - O Arcanjo no ar","og_description":"Dom Dem\u00e9trio Valentini Ainda no contexto de outubro, m\u00eas mission\u00e1rio, precisamos incluir em nossas inten\u00e7\u00f5es mission\u00e1rias, as grandes religi\u00f5es do mundo. Pois agora, a partir do Concilio Vaticano II, somos desafiados a ter um olhar diferente sobre as grandes religi\u00f5es, reconhecendo nelas muitos valores positivos, nos quais d\u00e1 para perceber a atua\u00e7\u00e3o do Esp\u00edrito Santo, [&hellip;]","og_url":"https:\/\/www.oarcanjo.net\/site\/dialogo-inter-religioso\/","og_site_name":"O Arcanjo no ar","article_publisher":"https:\/\/www.facebook.com\/OArcanjoNoAr\/","article_published_time":"2013-10-25T13:54:24+00:00","article_modified_time":"2013-10-25T13:54:34+00:00","og_image":[{"width":300,"height":300,"url":"https:\/\/www.oarcanjo.net\/site\/wp-content\/uploads\/logo-o-arcanjo-no-ar-facebook.png","type":"image\/png"}],"author":"editor","twitter_card":"summary_large_image","twitter_misc":{"Escrito por":"editor","Est. tempo de leitura":"3 minutos"},"schema":{"@context":"https:\/\/schema.org","@graph":[{"@type":"Article","@id":"https:\/\/www.oarcanjo.net\/site\/dialogo-inter-religioso\/#article","isPartOf":{"@id":"https:\/\/www.oarcanjo.net\/site\/dialogo-inter-religioso\/"},"author":{"name":"editor","@id":"https:\/\/www.oarcanjo.net\/site\/#\/schema\/person\/f7024d007863202483a31326673a0838"},"headline":"Di\u00e1logo Inter-religioso","datePublished":"2013-10-25T13:54:24+00:00","dateModified":"2013-10-25T13:54:34+00:00","mainEntityOfPage":{"@id":"https:\/\/www.oarcanjo.net\/site\/dialogo-inter-religioso\/"},"wordCount":625,"commentCount":0,"publisher":{"@id":"https:\/\/www.oarcanjo.net\/site\/#organization"},"keywords":["di\u00e1logo inter religioso","Nostra Aetate","Releigi\u00f5es"],"articleSection":["Reflex\u00f5es"],"inLanguage":"pt-BR","potentialAction":[{"@type":"CommentAction","name":"Comment","target":["https:\/\/www.oarcanjo.net\/site\/dialogo-inter-religioso\/#respond"]}]},{"@type":"WebPage","@id":"https:\/\/www.oarcanjo.net\/site\/dialogo-inter-religioso\/","url":"https:\/\/www.oarcanjo.net\/site\/dialogo-inter-religioso\/","name":"Di\u00e1logo Inter-religioso - O Arcanjo no ar","isPartOf":{"@id":"https:\/\/www.oarcanjo.net\/site\/#website"},"datePublished":"2013-10-25T13:54:24+00:00","dateModified":"2013-10-25T13:54:34+00:00","breadcrumb":{"@id":"https:\/\/www.oarcanjo.net\/site\/dialogo-inter-religioso\/#breadcrumb"},"inLanguage":"pt-BR","potentialAction":[{"@type":"ReadAction","target":["https:\/\/www.oarcanjo.net\/site\/dialogo-inter-religioso\/"]}]},{"@type":"BreadcrumbList","@id":"https:\/\/www.oarcanjo.net\/site\/dialogo-inter-religioso\/#breadcrumb","itemListElement":[{"@type":"ListItem","position":1,"name":"In\u00edcio","item":"https:\/\/www.oarcanjo.net\/site\/"},{"@type":"ListItem","position":2,"name":"Di\u00e1logo Inter-religioso"}]},{"@type":"WebSite","@id":"https:\/\/www.oarcanjo.net\/site\/#website","url":"https:\/\/www.oarcanjo.net\/site\/","name":"O Arcanjo no ar","description":"Site da Par\u00f3quia S\u00e3o Miguel Arcanjo (Arquidiocese de SP)","publisher":{"@id":"https:\/\/www.oarcanjo.net\/site\/#organization"},"potentialAction":[{"@type":"SearchAction","target":{"@type":"EntryPoint","urlTemplate":"https:\/\/www.oarcanjo.net\/site\/?s={search_term_string}"},"query-input":{"@type":"PropertyValueSpecification","valueRequired":true,"valueName":"search_term_string"}}],"inLanguage":"pt-BR"},{"@type":"Organization","@id":"https:\/\/www.oarcanjo.net\/site\/#organization","name":"Par\u00f3quia S\u00e3o Miguel Arcanjo","url":"https:\/\/www.oarcanjo.net\/site\/","logo":{"@type":"ImageObject","inLanguage":"pt-BR","@id":"https:\/\/www.oarcanjo.net\/site\/#\/schema\/logo\/image\/","url":"https:\/\/www.oarcanjo.net\/site\/wp-content\/uploads\/LogoOArcanjo.png","contentUrl":"https:\/\/www.oarcanjo.net\/site\/wp-content\/uploads\/LogoOArcanjo.png","width":319,"height":99,"caption":"Par\u00f3quia S\u00e3o Miguel Arcanjo"},"image":{"@id":"https:\/\/www.oarcanjo.net\/site\/#\/schema\/logo\/image\/"},"sameAs":["https:\/\/www.facebook.com\/OArcanjoNoAr\/"]},{"@type":"Person","@id":"https:\/\/www.oarcanjo.net\/site\/#\/schema\/person\/f7024d007863202483a31326673a0838","name":"editor","sameAs":["http:\/\/www.oarcanjo.net"]}]}},"publishpress_future_action":{"enabled":false,"date":"2026-05-09 01:50:03","action":"category","newStatus":"draft","terms":[],"taxonomy":"category"},"publishpress_future_workflow_manual_trigger":{"enabledWorkflows":[]},"_links":{"self":[{"href":"https:\/\/www.oarcanjo.net\/site\/wp-json\/wp\/v2\/posts\/23550"}],"collection":[{"href":"https:\/\/www.oarcanjo.net\/site\/wp-json\/wp\/v2\/posts"}],"about":[{"href":"https:\/\/www.oarcanjo.net\/site\/wp-json\/wp\/v2\/types\/post"}],"author":[{"embeddable":true,"href":"https:\/\/www.oarcanjo.net\/site\/wp-json\/wp\/v2\/users\/5"}],"replies":[{"embeddable":true,"href":"https:\/\/www.oarcanjo.net\/site\/wp-json\/wp\/v2\/comments?post=23550"}],"version-history":[{"count":0,"href":"https:\/\/www.oarcanjo.net\/site\/wp-json\/wp\/v2\/posts\/23550\/revisions"}],"wp:attachment":[{"href":"https:\/\/www.oarcanjo.net\/site\/wp-json\/wp\/v2\/media?parent=23550"}],"wp:term":[{"taxonomy":"category","embeddable":true,"href":"https:\/\/www.oarcanjo.net\/site\/wp-json\/wp\/v2\/categories?post=23550"},{"taxonomy":"post_tag","embeddable":true,"href":"https:\/\/www.oarcanjo.net\/site\/wp-json\/wp\/v2\/tags?post=23550"}],"curies":[{"name":"wp","href":"https:\/\/api.w.org\/{rel}","templated":true}]}}