
{"id":23591,"date":"2013-10-29T18:45:53","date_gmt":"2013-10-29T20:45:53","guid":{"rendered":"http:\/\/www.oarcanjo.net\/site\/?p=23591"},"modified":"2013-10-29T18:45:53","modified_gmt":"2013-10-29T20:45:53","slug":"vida-alem-da-morte-o-meu-redentor-vive","status":"publish","type":"post","link":"https:\/\/www.oarcanjo.net\/site\/vida-alem-da-morte-o-meu-redentor-vive\/","title":{"rendered":"Vida al\u00e9m da morte: o meu Redentor vive!"},"content":{"rendered":"<p><em>Cardeal Odilo Pedro Scherer<\/em><\/p>\n<p>Na comemora\u00e7\u00e3o de Finados, como costuma acontecer todos os anos, os cemit\u00e9rios v\u00e3o encher-se de gente visitando os t\u00famulos dos falecidos, deixando flores ou algum outro sinal do afeto e da saudade que continuam a unir quem segue vivendo com quem j\u00e1 n\u00e3o est\u00e1 mais aqui. Dia de reflex\u00e3o, de procura de respostas para as muitas interroga\u00e7\u00f5es que a vida e a morte suscitam&#8230;<\/p>\n<p>Tamb\u00e9m os fi\u00e9is cat\u00f3licos v\u00e3o aos cemit\u00e9rios, levam flores e manifestam seu pesar pela morte dos familiares e amigos&#8230; Mas eles s\u00e3o convidados nessa ocasi\u00e3o, mais ainda neste Ano da F\u00e9, a manifestar a f\u00e9 da Igreja no que diz respeito \u00e0 vida e \u00e0 morte. Qual \u00e9 a luz especial que nossa f\u00e9 traz para iluminar esse lado da exist\u00eancia, sobre o qual pairam tantas d\u00favidas? As respostas da f\u00e9 crist\u00e3 s\u00e3o muitas e luminosas.<\/p>\n<p>Antes de tudo, n\u00f3s cremos no Deus vivo, tamb\u00e9m chamado \u201co Vivente\u201d, que \u00e9 a origem de toda vida, o \u201cAmigo da vida\u201d. N\u00e3o cremos num deus \u201cobjeto\u201d ou \u201ccoisa\u201d, nem num deus \u201cenergia\u201d ou for\u00e7a mec\u00e2nica cega. Cremos no Deus que \u00e9 \u201cpessoa\u201d, que se relaciona e se comunica, que ama e se compadece; que vive e que d\u00e1 a vida. Ele concedeu ao homem tamb\u00e9m ter o \u201csopro da vida\u201d.<\/p>\n<p>Diz-nos ainda nossa f\u00e9 que Deus nos chama \u00e0 vida por um ato de bondade e benevol\u00eancia. N\u00e3o \u00e9 o homem quem d\u00e1 a vida a si mesmo: recebe-a. Por isso, acolhemos com profundo respeito e gratid\u00e3o a vida que temos e tamb\u00e9m a vida do pr\u00f3ximo. N\u00e3o somos n\u00f3s os senhores absolutos da vida e da nossa exist\u00eancia; somos agraciados por esse dom divino. Devemos, zelar o melhor que podemos pela vida, pela qual deveremos dar contas a Deus.<\/p>\n<p>Nossa f\u00e9 nos fala da morte corporal: ela pertence \u00e0 presente ordem da realidade, na qual tudo ainda \u00e9 prec\u00e1rio e provis\u00f3rio; n\u00e3o vivemos a realidade definitiva de nossa exist\u00eancia, mas caminhamos para ela. Para al\u00e9m da morte corporal, existe o Deus da vida, n\u00e3o sujeito \u00e0s realidades prec\u00e1rias deste mundo. Ele nos chama a si, a confiar nele, para recebermos dele o dom da vida eterna e da felicidade plena.<\/p>\n<p>\u201cCreio na ressurrei\u00e7\u00e3o da carne e na vida eterna\u201d \u2013 assim professamos no Credo da Igreja. Nossa f\u00e9 n\u00e3o se refere apenas \u00e0 sobreviv\u00eancia da alma espiritual; a express\u00e3o \u201cressurrei\u00e7\u00e3o da carne\u201d fala da pessoa na sua inteira condi\u00e7\u00e3o humana. \u201cToda carne ver\u00e1 a salva\u00e7\u00e3o de Deus\u201d (cf. Lc 3,6) \u2013 isso significa que todos os seres humanos ver\u00e3o a salva\u00e7\u00e3o de Deus. Quando S\u00e3o Jo\u00e3o afirma, no pr\u00f3logo de seu Evangelho, que \u201co Verbo se fez carne e habitou entre n\u00f3s\u201d (cf. Jo 1,14), isso significa que o Filho eterno de Deus assumiu nossa condi\u00e7\u00e3o de \u201ccarne\u201d, ou seja, sujeitou-se \u00e0 precariedade deste mundo e se fez solid\u00e1rio conosco.<\/p>\n<p>Nossa f\u00e9 na ressurrei\u00e7\u00e3o da carne, baseia-se na fidelidade de Deus a si mesmo e \u00e0 sua obra; Deus n\u00e3o nos chamou \u00e0 vida para nos descartar, em seguida; mas, para que possamos ter vida em plenitude. E o Filho de Deus, Jesus Cristo, viveu \u201cna carne\u201d e passou \u00e0 vida glorificada atrav\u00e9s da ressurrei\u00e7\u00e3o \u201cda carne\u201d; Ele \u00e9 a garantia da vida futura glorificada tamb\u00e9m para n\u00f3s, que continuamos a viver na presente precariedade da exist\u00eancia.<\/p>\n<p>Em Cristo ressuscitado, tamb\u00e9m n\u00f3s, de alguma forma, j\u00e1 ressuscitamos para uma vida nova (cf. Ef 2,6). Por isso, os t\u00famulos dos crist\u00e3os, geralmente, est\u00e3o marcados por uma cruz, lembrando Cristo Salvador, mediante o qual n\u00f3s esperamos ser salvos da morte para participar, com ele, da vida plena.<\/p>\n<p>No Ano da F\u00e9, n\u00e3o tenhamos receio de afirmar nossa f\u00e9 no Dia de Finados e de dizer, como o justo J\u00f3: \u201cEu creio que o meu Redentor vive e que, por fim, ele se levantar\u00e1 sobre o p\u00f3&#8230; E com meus olhos eu verei a Deus\u201d (cf. J\u00f3, 19, 25-27).<\/p>\n<div id=\"themify_builder_content-23591\" data-postid=\"23591\" class=\"themify_builder_content themify_builder_content-23591 themify_builder themify_builder_front\">\n\t<\/div>\n<!-- \/themify_builder_content -->","protected":false},"excerpt":{"rendered":"<p>Cardeal Odilo Pedro Scherer Na comemora\u00e7\u00e3o de Finados, como costuma acontecer todos os anos, os cemit\u00e9rios v\u00e3o encher-se de gente visitando os t\u00famulos dos falecidos, deixando flores ou algum outro sinal do afeto e da saudade que continuam a unir quem segue vivendo com quem j\u00e1 n\u00e3o est\u00e1 mais aqui. Dia de reflex\u00e3o, de procura [&hellip;]<\/p>\n","protected":false},"author":5,"featured_media":0,"comment_status":"open","ping_status":"open","sticky":false,"template":"","format":"standard","meta":{"ngg_post_thumbnail":0,"footnotes":""},"categories":[9],"tags":[3213,2743,2744,67,66,62],"yoast_head":"<!-- This site is optimized with the Yoast SEO plugin v23.5 - https:\/\/yoast.com\/wordpress\/plugins\/seo\/ -->\n<title>Vida al\u00e9m da morte: o meu Redentor vive! - O Arcanjo no ar<\/title>\n<meta name=\"robots\" content=\"index, follow, max-snippet:-1, max-image-preview:large, max-video-preview:-1\" \/>\n<link rel=\"canonical\" href=\"https:\/\/www.oarcanjo.net\/site\/vida-alem-da-morte-o-meu-redentor-vive\/\" \/>\n<meta property=\"og:locale\" content=\"pt_BR\" \/>\n<meta property=\"og:type\" content=\"article\" \/>\n<meta property=\"og:title\" content=\"Vida al\u00e9m da morte: o meu Redentor vive! - O Arcanjo no ar\" \/>\n<meta property=\"og:description\" content=\"Cardeal Odilo Pedro Scherer Na comemora\u00e7\u00e3o de Finados, como costuma acontecer todos os anos, os cemit\u00e9rios v\u00e3o encher-se de gente visitando os t\u00famulos dos falecidos, deixando flores ou algum outro sinal do afeto e da saudade que continuam a unir quem segue vivendo com quem j\u00e1 n\u00e3o est\u00e1 mais aqui. Dia de reflex\u00e3o, de procura [&hellip;]\" \/>\n<meta property=\"og:url\" content=\"https:\/\/www.oarcanjo.net\/site\/vida-alem-da-morte-o-meu-redentor-vive\/\" \/>\n<meta property=\"og:site_name\" content=\"O Arcanjo no ar\" \/>\n<meta property=\"article:publisher\" content=\"https:\/\/www.facebook.com\/OArcanjoNoAr\/\" \/>\n<meta property=\"article:published_time\" content=\"2013-10-29T20:45:53+00:00\" \/>\n<meta property=\"og:image\" content=\"https:\/\/www.oarcanjo.net\/site\/wp-content\/uploads\/logo-o-arcanjo-no-ar-facebook.png\" \/>\n\t<meta property=\"og:image:width\" content=\"300\" \/>\n\t<meta property=\"og:image:height\" content=\"300\" \/>\n\t<meta property=\"og:image:type\" content=\"image\/png\" \/>\n<meta name=\"author\" content=\"editor\" \/>\n<meta name=\"twitter:card\" content=\"summary_large_image\" \/>\n<meta name=\"twitter:label1\" content=\"Escrito por\" \/>\n\t<meta name=\"twitter:data1\" content=\"editor\" \/>\n\t<meta name=\"twitter:label2\" content=\"Est. tempo de leitura\" \/>\n\t<meta name=\"twitter:data2\" content=\"3 minutos\" \/>\n<script type=\"application\/ld+json\" class=\"yoast-schema-graph\">{\"@context\":\"https:\/\/schema.org\",\"@graph\":[{\"@type\":\"Article\",\"@id\":\"https:\/\/www.oarcanjo.net\/site\/vida-alem-da-morte-o-meu-redentor-vive\/#article\",\"isPartOf\":{\"@id\":\"https:\/\/www.oarcanjo.net\/site\/vida-alem-da-morte-o-meu-redentor-vive\/\"},\"author\":{\"name\":\"editor\",\"@id\":\"https:\/\/www.oarcanjo.net\/site\/#\/schema\/person\/f7024d007863202483a31326673a0838\"},\"headline\":\"Vida al\u00e9m da morte: o meu Redentor vive!\",\"datePublished\":\"2013-10-29T20:45:53+00:00\",\"dateModified\":\"2013-10-29T20:45:53+00:00\",\"mainEntityOfPage\":{\"@id\":\"https:\/\/www.oarcanjo.net\/site\/vida-alem-da-morte-o-meu-redentor-vive\/\"},\"wordCount\":708,\"commentCount\":0,\"publisher\":{\"@id\":\"https:\/\/www.oarcanjo.net\/site\/#organization\"},\"keywords\":[\"Ano da F\u00e9\",\"Cemit\u00e9rios\",\"Falecidos\",\"finados\",\"morte\",\"vida\"],\"articleSection\":[\"Reflex\u00f5es\"],\"inLanguage\":\"pt-BR\",\"potentialAction\":[{\"@type\":\"CommentAction\",\"name\":\"Comment\",\"target\":[\"https:\/\/www.oarcanjo.net\/site\/vida-alem-da-morte-o-meu-redentor-vive\/#respond\"]}]},{\"@type\":\"WebPage\",\"@id\":\"https:\/\/www.oarcanjo.net\/site\/vida-alem-da-morte-o-meu-redentor-vive\/\",\"url\":\"https:\/\/www.oarcanjo.net\/site\/vida-alem-da-morte-o-meu-redentor-vive\/\",\"name\":\"Vida al\u00e9m da morte: o meu Redentor vive! - O Arcanjo no ar\",\"isPartOf\":{\"@id\":\"https:\/\/www.oarcanjo.net\/site\/#website\"},\"datePublished\":\"2013-10-29T20:45:53+00:00\",\"dateModified\":\"2013-10-29T20:45:53+00:00\",\"breadcrumb\":{\"@id\":\"https:\/\/www.oarcanjo.net\/site\/vida-alem-da-morte-o-meu-redentor-vive\/#breadcrumb\"},\"inLanguage\":\"pt-BR\",\"potentialAction\":[{\"@type\":\"ReadAction\",\"target\":[\"https:\/\/www.oarcanjo.net\/site\/vida-alem-da-morte-o-meu-redentor-vive\/\"]}]},{\"@type\":\"BreadcrumbList\",\"@id\":\"https:\/\/www.oarcanjo.net\/site\/vida-alem-da-morte-o-meu-redentor-vive\/#breadcrumb\",\"itemListElement\":[{\"@type\":\"ListItem\",\"position\":1,\"name\":\"In\u00edcio\",\"item\":\"https:\/\/www.oarcanjo.net\/site\/\"},{\"@type\":\"ListItem\",\"position\":2,\"name\":\"Vida al\u00e9m da morte: o meu Redentor vive!\"}]},{\"@type\":\"WebSite\",\"@id\":\"https:\/\/www.oarcanjo.net\/site\/#website\",\"url\":\"https:\/\/www.oarcanjo.net\/site\/\",\"name\":\"O Arcanjo no ar\",\"description\":\"Site da Par\u00f3quia S\u00e3o Miguel Arcanjo (Arquidiocese de SP)\",\"publisher\":{\"@id\":\"https:\/\/www.oarcanjo.net\/site\/#organization\"},\"potentialAction\":[{\"@type\":\"SearchAction\",\"target\":{\"@type\":\"EntryPoint\",\"urlTemplate\":\"https:\/\/www.oarcanjo.net\/site\/?s={search_term_string}\"},\"query-input\":{\"@type\":\"PropertyValueSpecification\",\"valueRequired\":true,\"valueName\":\"search_term_string\"}}],\"inLanguage\":\"pt-BR\"},{\"@type\":\"Organization\",\"@id\":\"https:\/\/www.oarcanjo.net\/site\/#organization\",\"name\":\"Par\u00f3quia S\u00e3o Miguel Arcanjo\",\"url\":\"https:\/\/www.oarcanjo.net\/site\/\",\"logo\":{\"@type\":\"ImageObject\",\"inLanguage\":\"pt-BR\",\"@id\":\"https:\/\/www.oarcanjo.net\/site\/#\/schema\/logo\/image\/\",\"url\":\"https:\/\/www.oarcanjo.net\/site\/wp-content\/uploads\/LogoOArcanjo.png\",\"contentUrl\":\"https:\/\/www.oarcanjo.net\/site\/wp-content\/uploads\/LogoOArcanjo.png\",\"width\":319,\"height\":99,\"caption\":\"Par\u00f3quia S\u00e3o Miguel Arcanjo\"},\"image\":{\"@id\":\"https:\/\/www.oarcanjo.net\/site\/#\/schema\/logo\/image\/\"},\"sameAs\":[\"https:\/\/www.facebook.com\/OArcanjoNoAr\/\"]},{\"@type\":\"Person\",\"@id\":\"https:\/\/www.oarcanjo.net\/site\/#\/schema\/person\/f7024d007863202483a31326673a0838\",\"name\":\"editor\",\"sameAs\":[\"http:\/\/www.oarcanjo.net\"]}]}<\/script>\n<!-- \/ Yoast SEO plugin. -->","yoast_head_json":{"title":"Vida al\u00e9m da morte: o meu Redentor vive! - O Arcanjo no ar","robots":{"index":"index","follow":"follow","max-snippet":"max-snippet:-1","max-image-preview":"max-image-preview:large","max-video-preview":"max-video-preview:-1"},"canonical":"https:\/\/www.oarcanjo.net\/site\/vida-alem-da-morte-o-meu-redentor-vive\/","og_locale":"pt_BR","og_type":"article","og_title":"Vida al\u00e9m da morte: o meu Redentor vive! - O Arcanjo no ar","og_description":"Cardeal Odilo Pedro Scherer Na comemora\u00e7\u00e3o de Finados, como costuma acontecer todos os anos, os cemit\u00e9rios v\u00e3o encher-se de gente visitando os t\u00famulos dos falecidos, deixando flores ou algum outro sinal do afeto e da saudade que continuam a unir quem segue vivendo com quem j\u00e1 n\u00e3o est\u00e1 mais aqui. Dia de reflex\u00e3o, de procura [&hellip;]","og_url":"https:\/\/www.oarcanjo.net\/site\/vida-alem-da-morte-o-meu-redentor-vive\/","og_site_name":"O Arcanjo no ar","article_publisher":"https:\/\/www.facebook.com\/OArcanjoNoAr\/","article_published_time":"2013-10-29T20:45:53+00:00","og_image":[{"width":300,"height":300,"url":"https:\/\/www.oarcanjo.net\/site\/wp-content\/uploads\/logo-o-arcanjo-no-ar-facebook.png","type":"image\/png"}],"author":"editor","twitter_card":"summary_large_image","twitter_misc":{"Escrito por":"editor","Est. tempo de leitura":"3 minutos"},"schema":{"@context":"https:\/\/schema.org","@graph":[{"@type":"Article","@id":"https:\/\/www.oarcanjo.net\/site\/vida-alem-da-morte-o-meu-redentor-vive\/#article","isPartOf":{"@id":"https:\/\/www.oarcanjo.net\/site\/vida-alem-da-morte-o-meu-redentor-vive\/"},"author":{"name":"editor","@id":"https:\/\/www.oarcanjo.net\/site\/#\/schema\/person\/f7024d007863202483a31326673a0838"},"headline":"Vida al\u00e9m da morte: o meu Redentor vive!","datePublished":"2013-10-29T20:45:53+00:00","dateModified":"2013-10-29T20:45:53+00:00","mainEntityOfPage":{"@id":"https:\/\/www.oarcanjo.net\/site\/vida-alem-da-morte-o-meu-redentor-vive\/"},"wordCount":708,"commentCount":0,"publisher":{"@id":"https:\/\/www.oarcanjo.net\/site\/#organization"},"keywords":["Ano da F\u00e9","Cemit\u00e9rios","Falecidos","finados","morte","vida"],"articleSection":["Reflex\u00f5es"],"inLanguage":"pt-BR","potentialAction":[{"@type":"CommentAction","name":"Comment","target":["https:\/\/www.oarcanjo.net\/site\/vida-alem-da-morte-o-meu-redentor-vive\/#respond"]}]},{"@type":"WebPage","@id":"https:\/\/www.oarcanjo.net\/site\/vida-alem-da-morte-o-meu-redentor-vive\/","url":"https:\/\/www.oarcanjo.net\/site\/vida-alem-da-morte-o-meu-redentor-vive\/","name":"Vida al\u00e9m da morte: o meu Redentor vive! - O Arcanjo no ar","isPartOf":{"@id":"https:\/\/www.oarcanjo.net\/site\/#website"},"datePublished":"2013-10-29T20:45:53+00:00","dateModified":"2013-10-29T20:45:53+00:00","breadcrumb":{"@id":"https:\/\/www.oarcanjo.net\/site\/vida-alem-da-morte-o-meu-redentor-vive\/#breadcrumb"},"inLanguage":"pt-BR","potentialAction":[{"@type":"ReadAction","target":["https:\/\/www.oarcanjo.net\/site\/vida-alem-da-morte-o-meu-redentor-vive\/"]}]},{"@type":"BreadcrumbList","@id":"https:\/\/www.oarcanjo.net\/site\/vida-alem-da-morte-o-meu-redentor-vive\/#breadcrumb","itemListElement":[{"@type":"ListItem","position":1,"name":"In\u00edcio","item":"https:\/\/www.oarcanjo.net\/site\/"},{"@type":"ListItem","position":2,"name":"Vida al\u00e9m da morte: o meu Redentor vive!"}]},{"@type":"WebSite","@id":"https:\/\/www.oarcanjo.net\/site\/#website","url":"https:\/\/www.oarcanjo.net\/site\/","name":"O Arcanjo no ar","description":"Site da Par\u00f3quia S\u00e3o Miguel Arcanjo (Arquidiocese de SP)","publisher":{"@id":"https:\/\/www.oarcanjo.net\/site\/#organization"},"potentialAction":[{"@type":"SearchAction","target":{"@type":"EntryPoint","urlTemplate":"https:\/\/www.oarcanjo.net\/site\/?s={search_term_string}"},"query-input":{"@type":"PropertyValueSpecification","valueRequired":true,"valueName":"search_term_string"}}],"inLanguage":"pt-BR"},{"@type":"Organization","@id":"https:\/\/www.oarcanjo.net\/site\/#organization","name":"Par\u00f3quia S\u00e3o Miguel Arcanjo","url":"https:\/\/www.oarcanjo.net\/site\/","logo":{"@type":"ImageObject","inLanguage":"pt-BR","@id":"https:\/\/www.oarcanjo.net\/site\/#\/schema\/logo\/image\/","url":"https:\/\/www.oarcanjo.net\/site\/wp-content\/uploads\/LogoOArcanjo.png","contentUrl":"https:\/\/www.oarcanjo.net\/site\/wp-content\/uploads\/LogoOArcanjo.png","width":319,"height":99,"caption":"Par\u00f3quia S\u00e3o Miguel Arcanjo"},"image":{"@id":"https:\/\/www.oarcanjo.net\/site\/#\/schema\/logo\/image\/"},"sameAs":["https:\/\/www.facebook.com\/OArcanjoNoAr\/"]},{"@type":"Person","@id":"https:\/\/www.oarcanjo.net\/site\/#\/schema\/person\/f7024d007863202483a31326673a0838","name":"editor","sameAs":["http:\/\/www.oarcanjo.net"]}]}},"publishpress_future_action":{"enabled":false,"date":"2026-05-09 01:51:11","action":"category","newStatus":"draft","terms":[],"taxonomy":"category"},"publishpress_future_workflow_manual_trigger":{"enabledWorkflows":[]},"_links":{"self":[{"href":"https:\/\/www.oarcanjo.net\/site\/wp-json\/wp\/v2\/posts\/23591"}],"collection":[{"href":"https:\/\/www.oarcanjo.net\/site\/wp-json\/wp\/v2\/posts"}],"about":[{"href":"https:\/\/www.oarcanjo.net\/site\/wp-json\/wp\/v2\/types\/post"}],"author":[{"embeddable":true,"href":"https:\/\/www.oarcanjo.net\/site\/wp-json\/wp\/v2\/users\/5"}],"replies":[{"embeddable":true,"href":"https:\/\/www.oarcanjo.net\/site\/wp-json\/wp\/v2\/comments?post=23591"}],"version-history":[{"count":0,"href":"https:\/\/www.oarcanjo.net\/site\/wp-json\/wp\/v2\/posts\/23591\/revisions"}],"wp:attachment":[{"href":"https:\/\/www.oarcanjo.net\/site\/wp-json\/wp\/v2\/media?parent=23591"}],"wp:term":[{"taxonomy":"category","embeddable":true,"href":"https:\/\/www.oarcanjo.net\/site\/wp-json\/wp\/v2\/categories?post=23591"},{"taxonomy":"post_tag","embeddable":true,"href":"https:\/\/www.oarcanjo.net\/site\/wp-json\/wp\/v2\/tags?post=23591"}],"curies":[{"name":"wp","href":"https:\/\/api.w.org\/{rel}","templated":true}]}}