
{"id":23595,"date":"2013-10-30T15:18:47","date_gmt":"2013-10-30T17:18:47","guid":{"rendered":"http:\/\/www.oarcanjo.net\/site\/?p=23595"},"modified":"2013-10-30T15:18:47","modified_gmt":"2013-10-30T17:18:47","slug":"crescer-na-fe-agradecendo-a-deus","status":"publish","type":"post","link":"https:\/\/www.oarcanjo.net\/site\/crescer-na-fe-agradecendo-a-deus\/","title":{"rendered":"Crescer na F\u00e9, agradecendo a Deus"},"content":{"rendered":"<p><em>Dom Edmar Peron<\/em><\/p>\n<p>De diferentes maneiras, nos \u00faltimos domingos Jesus t\u00eam nos ajudado a compreender o lugar da ora\u00e7\u00e3o em nossas vidas. Na cura dos dez leprosos (Lc 17,11-19), um dos dez voltou a Jesus, prostrou-se, o agradeceu, e Jesus exaltou sua f\u00e9. Com a par\u00e1bola da vi\u00fava (Lc 18,1-8), Jesus mostrou-nos \u201ca necessidade de rezar sempre, e nunca desistir\u201d. E no \u00faltimo domingo, o 30\u00ba do Tempo comum, Jesus nos contou a par\u00e1bola da ora\u00e7\u00e3o do fariseu e do publicano (Lc 18,9-14), \u201cpara alguns que confiavam na pr\u00f3pria justi\u00e7a e desprezavam os outros\u201d. Assim, foram apresentados a n\u00f3s dois agradecimentos, o do leproso curado e o do fariseu cheio de si; ambos agradeceram, mas um s\u00f3 foi apresentado como modelo, o leproso: \u201cLevanta-te e vai! Tua f\u00e9 te salvou\u201d. Agradecer, portanto, n\u00e3o \u00e9 simplesmente come\u00e7ar a ora\u00e7\u00e3o com \u201cDeus, eu te agrade\u00e7o\u201d. \u00c9 preciso considerar atentamente quem est\u00e1 no centro da ora\u00e7\u00e3o. O leproso agradeceu a a\u00e7\u00e3o de Jesus na vida dele, enquanto o fariseu enumerou diante de Deus as pr\u00f3prias a\u00e7\u00f5es, e, acrescentando o desprezo pelas pessoas: \u201ceu n\u00e3o sou como os outros homens\u201d.<\/p>\n<p>Como aprender a rezar, agradecendo a Deus? Voc\u00ea, indo \u00e0 missa, acompanhe atentamente e com f\u00e9 as palavras da <strong>Ora\u00e7\u00e3o Eucar\u00edstica<\/strong>, a qual nos mostra como Deus Pai, pelo Filho, no Esp\u00edrito Santo, \u00e9 o centro da a\u00e7\u00e3o de gra\u00e7as. De fato, agradecendo a Deus, entramos no mist\u00e9rio de sua salva\u00e7\u00e3o; ao ouvir: \u201cDemos gra\u00e7as ao Senhor nosso Deus\u201d, respondemos prontamente: \u201c\u00c9 nosso dever e nossa salva\u00e7\u00e3o\u201d.<\/p>\n<p>A respeito da Ora\u00e7\u00e3o Eucar\u00edstica, lemos na Instru\u00e7\u00e3o Geral do Missal Romano, n. 78: ela \u00e9 \u201ccentro e \u00e1pice de toda a celebra\u00e7\u00e3o, prece de a\u00e7\u00e3o de gra\u00e7as e santifica\u00e7\u00e3o. [&#8230;] O sentido desta ora\u00e7\u00e3o \u00e9 que toda a assembleia se uma com Cristo na proclama\u00e7\u00e3o das maravilhas de Deus e na obla\u00e7\u00e3o do sacrif\u00edcio. A Ora\u00e7\u00e3o Eucar\u00edstica exige que todos a ou\u00e7am respeitosamente e em sil\u00eancio\u201d. A a\u00e7\u00e3o de gra\u00e7as \u2013 expressa principalmente na parte do <em>Pref\u00e1cio<\/em>, conclu\u00eddo pelo canto do <em>Santo \u2013 <\/em>\u201cglorifica a Deus Pai e lhe rende gra\u00e7as por toda a obra da salva\u00e7\u00e3o ou por um dos seus aspectos, de acordo com o dia, a festa ou o tempo\u201d (IGMR 79a). A Igreja prev\u00ea a possibilidade de que essa ora\u00e7\u00e3o \u2013 que nunca deve ser interrompida com coment\u00e1rios nem outros cantos ou a\u00e7\u00f5es \u2013 seja precedida por um convite \u00e0 assembleia para que, de prefer\u00eancia em sil\u00eancio, reze a Deus apresentando-lhe cada pessoa os pr\u00f3prios motivos de gratid\u00e3o.<\/p>\n<p>Convido voc\u00ea a meditar a Ora\u00e7\u00e3o Eucar\u00edstica n. 4 \u2013 infelizmente t\u00e3o pouco usada! \u2013 e a descobrir a cada dia a alegria de agradecer: agradecer \u00e0s pessoas e, na ora\u00e7\u00e3o, agradecer a Deus. \u00c9 essa gratid\u00e3o que recoloca Deus no centro de nossas vidas e faz crescer a nossa f\u00e9.<\/p>\n<div id=\"themify_builder_content-23595\" data-postid=\"23595\" class=\"themify_builder_content themify_builder_content-23595 themify_builder themify_builder_front\">\n\t<\/div>\n<!-- \/themify_builder_content -->","protected":false},"excerpt":{"rendered":"<p>Dom Edmar Peron De diferentes maneiras, nos \u00faltimos domingos Jesus t\u00eam nos ajudado a compreender o lugar da ora\u00e7\u00e3o em nossas vidas. Na cura dos dez leprosos (Lc 17,11-19), um dos dez voltou a Jesus, prostrou-se, o agradeceu, e Jesus exaltou sua f\u00e9. Com a par\u00e1bola da vi\u00fava (Lc 18,1-8), Jesus mostrou-nos \u201ca necessidade de [&hellip;]<\/p>\n","protected":false},"author":5,"featured_media":0,"comment_status":"open","ping_status":"open","sticky":false,"template":"","format":"standard","meta":{"ngg_post_thumbnail":0,"footnotes":""},"categories":[9],"tags":[2243,2746,14,2747],"yoast_head":"<!-- This site is optimized with the Yoast SEO plugin v23.5 - https:\/\/yoast.com\/wordpress\/plugins\/seo\/ -->\n<title>Crescer na F\u00e9, agradecendo a Deus - O Arcanjo no ar<\/title>\n<meta name=\"robots\" content=\"index, follow, max-snippet:-1, max-image-preview:large, max-video-preview:-1\" \/>\n<link rel=\"canonical\" href=\"https:\/\/www.oarcanjo.net\/site\/crescer-na-fe-agradecendo-a-deus\/\" \/>\n<meta property=\"og:locale\" content=\"pt_BR\" \/>\n<meta property=\"og:type\" content=\"article\" \/>\n<meta property=\"og:title\" content=\"Crescer na F\u00e9, agradecendo a Deus - O Arcanjo no ar\" \/>\n<meta property=\"og:description\" content=\"Dom Edmar Peron De diferentes maneiras, nos \u00faltimos domingos Jesus t\u00eam nos ajudado a compreender o lugar da ora\u00e7\u00e3o em nossas vidas. Na cura dos dez leprosos (Lc 17,11-19), um dos dez voltou a Jesus, prostrou-se, o agradeceu, e Jesus exaltou sua f\u00e9. Com a par\u00e1bola da vi\u00fava (Lc 18,1-8), Jesus mostrou-nos \u201ca necessidade de [&hellip;]\" \/>\n<meta property=\"og:url\" content=\"https:\/\/www.oarcanjo.net\/site\/crescer-na-fe-agradecendo-a-deus\/\" \/>\n<meta property=\"og:site_name\" content=\"O Arcanjo no ar\" \/>\n<meta property=\"article:publisher\" content=\"https:\/\/www.facebook.com\/OArcanjoNoAr\/\" \/>\n<meta property=\"article:published_time\" content=\"2013-10-30T17:18:47+00:00\" \/>\n<meta property=\"og:image\" content=\"https:\/\/www.oarcanjo.net\/site\/wp-content\/uploads\/logo-o-arcanjo-no-ar-facebook.png\" \/>\n\t<meta property=\"og:image:width\" content=\"300\" \/>\n\t<meta property=\"og:image:height\" content=\"300\" \/>\n\t<meta property=\"og:image:type\" content=\"image\/png\" \/>\n<meta name=\"author\" content=\"editor\" \/>\n<meta name=\"twitter:card\" content=\"summary_large_image\" \/>\n<meta name=\"twitter:label1\" content=\"Escrito por\" \/>\n\t<meta name=\"twitter:data1\" content=\"editor\" \/>\n\t<meta name=\"twitter:label2\" content=\"Est. tempo de leitura\" \/>\n\t<meta name=\"twitter:data2\" content=\"3 minutos\" \/>\n<script type=\"application\/ld+json\" class=\"yoast-schema-graph\">{\"@context\":\"https:\/\/schema.org\",\"@graph\":[{\"@type\":\"Article\",\"@id\":\"https:\/\/www.oarcanjo.net\/site\/crescer-na-fe-agradecendo-a-deus\/#article\",\"isPartOf\":{\"@id\":\"https:\/\/www.oarcanjo.net\/site\/crescer-na-fe-agradecendo-a-deus\/\"},\"author\":{\"name\":\"editor\",\"@id\":\"https:\/\/www.oarcanjo.net\/site\/#\/schema\/person\/f7024d007863202483a31326673a0838\"},\"headline\":\"Crescer na F\u00e9, agradecendo a Deus\",\"datePublished\":\"2013-10-30T17:18:47+00:00\",\"dateModified\":\"2013-10-30T17:18:47+00:00\",\"mainEntityOfPage\":{\"@id\":\"https:\/\/www.oarcanjo.net\/site\/crescer-na-fe-agradecendo-a-deus\/\"},\"wordCount\":514,\"commentCount\":0,\"publisher\":{\"@id\":\"https:\/\/www.oarcanjo.net\/site\/#organization\"},\"keywords\":[\"Agradecimento\",\"Gratid\u00e3o\",\"ora\u00e7\u00e3o\",\"Ora\u00e7\u00e3o Eucar\u00edstica\"],\"articleSection\":[\"Reflex\u00f5es\"],\"inLanguage\":\"pt-BR\",\"potentialAction\":[{\"@type\":\"CommentAction\",\"name\":\"Comment\",\"target\":[\"https:\/\/www.oarcanjo.net\/site\/crescer-na-fe-agradecendo-a-deus\/#respond\"]}]},{\"@type\":\"WebPage\",\"@id\":\"https:\/\/www.oarcanjo.net\/site\/crescer-na-fe-agradecendo-a-deus\/\",\"url\":\"https:\/\/www.oarcanjo.net\/site\/crescer-na-fe-agradecendo-a-deus\/\",\"name\":\"Crescer na F\u00e9, agradecendo a Deus - O Arcanjo no ar\",\"isPartOf\":{\"@id\":\"https:\/\/www.oarcanjo.net\/site\/#website\"},\"datePublished\":\"2013-10-30T17:18:47+00:00\",\"dateModified\":\"2013-10-30T17:18:47+00:00\",\"breadcrumb\":{\"@id\":\"https:\/\/www.oarcanjo.net\/site\/crescer-na-fe-agradecendo-a-deus\/#breadcrumb\"},\"inLanguage\":\"pt-BR\",\"potentialAction\":[{\"@type\":\"ReadAction\",\"target\":[\"https:\/\/www.oarcanjo.net\/site\/crescer-na-fe-agradecendo-a-deus\/\"]}]},{\"@type\":\"BreadcrumbList\",\"@id\":\"https:\/\/www.oarcanjo.net\/site\/crescer-na-fe-agradecendo-a-deus\/#breadcrumb\",\"itemListElement\":[{\"@type\":\"ListItem\",\"position\":1,\"name\":\"In\u00edcio\",\"item\":\"https:\/\/www.oarcanjo.net\/site\/\"},{\"@type\":\"ListItem\",\"position\":2,\"name\":\"Crescer na F\u00e9, agradecendo a Deus\"}]},{\"@type\":\"WebSite\",\"@id\":\"https:\/\/www.oarcanjo.net\/site\/#website\",\"url\":\"https:\/\/www.oarcanjo.net\/site\/\",\"name\":\"O Arcanjo no ar\",\"description\":\"Site da Par\u00f3quia S\u00e3o Miguel Arcanjo (Arquidiocese de SP)\",\"publisher\":{\"@id\":\"https:\/\/www.oarcanjo.net\/site\/#organization\"},\"potentialAction\":[{\"@type\":\"SearchAction\",\"target\":{\"@type\":\"EntryPoint\",\"urlTemplate\":\"https:\/\/www.oarcanjo.net\/site\/?s={search_term_string}\"},\"query-input\":{\"@type\":\"PropertyValueSpecification\",\"valueRequired\":true,\"valueName\":\"search_term_string\"}}],\"inLanguage\":\"pt-BR\"},{\"@type\":\"Organization\",\"@id\":\"https:\/\/www.oarcanjo.net\/site\/#organization\",\"name\":\"Par\u00f3quia S\u00e3o Miguel Arcanjo\",\"url\":\"https:\/\/www.oarcanjo.net\/site\/\",\"logo\":{\"@type\":\"ImageObject\",\"inLanguage\":\"pt-BR\",\"@id\":\"https:\/\/www.oarcanjo.net\/site\/#\/schema\/logo\/image\/\",\"url\":\"https:\/\/www.oarcanjo.net\/site\/wp-content\/uploads\/LogoOArcanjo.png\",\"contentUrl\":\"https:\/\/www.oarcanjo.net\/site\/wp-content\/uploads\/LogoOArcanjo.png\",\"width\":319,\"height\":99,\"caption\":\"Par\u00f3quia S\u00e3o Miguel Arcanjo\"},\"image\":{\"@id\":\"https:\/\/www.oarcanjo.net\/site\/#\/schema\/logo\/image\/\"},\"sameAs\":[\"https:\/\/www.facebook.com\/OArcanjoNoAr\/\"]},{\"@type\":\"Person\",\"@id\":\"https:\/\/www.oarcanjo.net\/site\/#\/schema\/person\/f7024d007863202483a31326673a0838\",\"name\":\"editor\",\"sameAs\":[\"http:\/\/www.oarcanjo.net\"]}]}<\/script>\n<!-- \/ Yoast SEO plugin. -->","yoast_head_json":{"title":"Crescer na F\u00e9, agradecendo a Deus - O Arcanjo no ar","robots":{"index":"index","follow":"follow","max-snippet":"max-snippet:-1","max-image-preview":"max-image-preview:large","max-video-preview":"max-video-preview:-1"},"canonical":"https:\/\/www.oarcanjo.net\/site\/crescer-na-fe-agradecendo-a-deus\/","og_locale":"pt_BR","og_type":"article","og_title":"Crescer na F\u00e9, agradecendo a Deus - O Arcanjo no ar","og_description":"Dom Edmar Peron De diferentes maneiras, nos \u00faltimos domingos Jesus t\u00eam nos ajudado a compreender o lugar da ora\u00e7\u00e3o em nossas vidas. Na cura dos dez leprosos (Lc 17,11-19), um dos dez voltou a Jesus, prostrou-se, o agradeceu, e Jesus exaltou sua f\u00e9. Com a par\u00e1bola da vi\u00fava (Lc 18,1-8), Jesus mostrou-nos \u201ca necessidade de [&hellip;]","og_url":"https:\/\/www.oarcanjo.net\/site\/crescer-na-fe-agradecendo-a-deus\/","og_site_name":"O Arcanjo no ar","article_publisher":"https:\/\/www.facebook.com\/OArcanjoNoAr\/","article_published_time":"2013-10-30T17:18:47+00:00","og_image":[{"width":300,"height":300,"url":"https:\/\/www.oarcanjo.net\/site\/wp-content\/uploads\/logo-o-arcanjo-no-ar-facebook.png","type":"image\/png"}],"author":"editor","twitter_card":"summary_large_image","twitter_misc":{"Escrito por":"editor","Est. tempo de leitura":"3 minutos"},"schema":{"@context":"https:\/\/schema.org","@graph":[{"@type":"Article","@id":"https:\/\/www.oarcanjo.net\/site\/crescer-na-fe-agradecendo-a-deus\/#article","isPartOf":{"@id":"https:\/\/www.oarcanjo.net\/site\/crescer-na-fe-agradecendo-a-deus\/"},"author":{"name":"editor","@id":"https:\/\/www.oarcanjo.net\/site\/#\/schema\/person\/f7024d007863202483a31326673a0838"},"headline":"Crescer na F\u00e9, agradecendo a Deus","datePublished":"2013-10-30T17:18:47+00:00","dateModified":"2013-10-30T17:18:47+00:00","mainEntityOfPage":{"@id":"https:\/\/www.oarcanjo.net\/site\/crescer-na-fe-agradecendo-a-deus\/"},"wordCount":514,"commentCount":0,"publisher":{"@id":"https:\/\/www.oarcanjo.net\/site\/#organization"},"keywords":["Agradecimento","Gratid\u00e3o","ora\u00e7\u00e3o","Ora\u00e7\u00e3o Eucar\u00edstica"],"articleSection":["Reflex\u00f5es"],"inLanguage":"pt-BR","potentialAction":[{"@type":"CommentAction","name":"Comment","target":["https:\/\/www.oarcanjo.net\/site\/crescer-na-fe-agradecendo-a-deus\/#respond"]}]},{"@type":"WebPage","@id":"https:\/\/www.oarcanjo.net\/site\/crescer-na-fe-agradecendo-a-deus\/","url":"https:\/\/www.oarcanjo.net\/site\/crescer-na-fe-agradecendo-a-deus\/","name":"Crescer na F\u00e9, agradecendo a Deus - O Arcanjo no ar","isPartOf":{"@id":"https:\/\/www.oarcanjo.net\/site\/#website"},"datePublished":"2013-10-30T17:18:47+00:00","dateModified":"2013-10-30T17:18:47+00:00","breadcrumb":{"@id":"https:\/\/www.oarcanjo.net\/site\/crescer-na-fe-agradecendo-a-deus\/#breadcrumb"},"inLanguage":"pt-BR","potentialAction":[{"@type":"ReadAction","target":["https:\/\/www.oarcanjo.net\/site\/crescer-na-fe-agradecendo-a-deus\/"]}]},{"@type":"BreadcrumbList","@id":"https:\/\/www.oarcanjo.net\/site\/crescer-na-fe-agradecendo-a-deus\/#breadcrumb","itemListElement":[{"@type":"ListItem","position":1,"name":"In\u00edcio","item":"https:\/\/www.oarcanjo.net\/site\/"},{"@type":"ListItem","position":2,"name":"Crescer na F\u00e9, agradecendo a Deus"}]},{"@type":"WebSite","@id":"https:\/\/www.oarcanjo.net\/site\/#website","url":"https:\/\/www.oarcanjo.net\/site\/","name":"O Arcanjo no ar","description":"Site da Par\u00f3quia S\u00e3o Miguel Arcanjo (Arquidiocese de SP)","publisher":{"@id":"https:\/\/www.oarcanjo.net\/site\/#organization"},"potentialAction":[{"@type":"SearchAction","target":{"@type":"EntryPoint","urlTemplate":"https:\/\/www.oarcanjo.net\/site\/?s={search_term_string}"},"query-input":{"@type":"PropertyValueSpecification","valueRequired":true,"valueName":"search_term_string"}}],"inLanguage":"pt-BR"},{"@type":"Organization","@id":"https:\/\/www.oarcanjo.net\/site\/#organization","name":"Par\u00f3quia S\u00e3o Miguel Arcanjo","url":"https:\/\/www.oarcanjo.net\/site\/","logo":{"@type":"ImageObject","inLanguage":"pt-BR","@id":"https:\/\/www.oarcanjo.net\/site\/#\/schema\/logo\/image\/","url":"https:\/\/www.oarcanjo.net\/site\/wp-content\/uploads\/LogoOArcanjo.png","contentUrl":"https:\/\/www.oarcanjo.net\/site\/wp-content\/uploads\/LogoOArcanjo.png","width":319,"height":99,"caption":"Par\u00f3quia S\u00e3o Miguel Arcanjo"},"image":{"@id":"https:\/\/www.oarcanjo.net\/site\/#\/schema\/logo\/image\/"},"sameAs":["https:\/\/www.facebook.com\/OArcanjoNoAr\/"]},{"@type":"Person","@id":"https:\/\/www.oarcanjo.net\/site\/#\/schema\/person\/f7024d007863202483a31326673a0838","name":"editor","sameAs":["http:\/\/www.oarcanjo.net"]}]}},"publishpress_future_action":{"enabled":false,"date":"2026-05-09 01:26:18","action":"category","newStatus":"draft","terms":[],"taxonomy":"category"},"publishpress_future_workflow_manual_trigger":{"enabledWorkflows":[]},"_links":{"self":[{"href":"https:\/\/www.oarcanjo.net\/site\/wp-json\/wp\/v2\/posts\/23595"}],"collection":[{"href":"https:\/\/www.oarcanjo.net\/site\/wp-json\/wp\/v2\/posts"}],"about":[{"href":"https:\/\/www.oarcanjo.net\/site\/wp-json\/wp\/v2\/types\/post"}],"author":[{"embeddable":true,"href":"https:\/\/www.oarcanjo.net\/site\/wp-json\/wp\/v2\/users\/5"}],"replies":[{"embeddable":true,"href":"https:\/\/www.oarcanjo.net\/site\/wp-json\/wp\/v2\/comments?post=23595"}],"version-history":[{"count":0,"href":"https:\/\/www.oarcanjo.net\/site\/wp-json\/wp\/v2\/posts\/23595\/revisions"}],"wp:attachment":[{"href":"https:\/\/www.oarcanjo.net\/site\/wp-json\/wp\/v2\/media?parent=23595"}],"wp:term":[{"taxonomy":"category","embeddable":true,"href":"https:\/\/www.oarcanjo.net\/site\/wp-json\/wp\/v2\/categories?post=23595"},{"taxonomy":"post_tag","embeddable":true,"href":"https:\/\/www.oarcanjo.net\/site\/wp-json\/wp\/v2\/tags?post=23595"}],"curies":[{"name":"wp","href":"https:\/\/api.w.org\/{rel}","templated":true}]}}