
{"id":23639,"date":"2013-11-05T10:24:41","date_gmt":"2013-11-05T12:24:41","guid":{"rendered":"http:\/\/www.oarcanjo.net\/site\/?p=23639"},"modified":"2013-11-06T09:29:29","modified_gmt":"2013-11-06T11:29:29","slug":"crescer-na-fe-a-exemplo-dos-santos-e-santas","status":"publish","type":"post","link":"https:\/\/www.oarcanjo.net\/site\/crescer-na-fe-a-exemplo-dos-santos-e-santas\/","title":{"rendered":"Crescer na F\u00e9, a exemplo dos Santos e Santas"},"content":{"rendered":"<p><em>Dom Edmar Peron<\/em><\/p>\n<p>Temos visto, em nossos dias, uma crescente devo\u00e7\u00e3o aos santos e santas, homens e mulheres de f\u00e9, que viveram neste mundo a vida de cada dia por causa de Cristo e de seu Evangelho. Eles j\u00e1 chegaram \u00e0 \u201ccidade do c\u00e9u, a Jerusal\u00e9m do alto, nossa m\u00e3e. [&#8230;] Para essa cidade caminhamos apressados, peregrinando na penumbra da f\u00e9\u201d (<em>Pref\u00e1cio<\/em>). Como lemos no Evangelho, Mateus 5,1-12, \u201cos nossos irm\u00e3os, os santos\u201d, foram pobres, aflitos, mansos, justos, misericordiosos, puros de cora\u00e7\u00e3o, promotores da paz, defensores da justi\u00e7a, firmes na f\u00e9 em Jesus Cristo. Enfrentaram a tribula\u00e7\u00e3o e sa\u00edram vitoriosos. Aguentaram firmes por causa de Cristo e receberam uma grande recompensa no c\u00e9u. Eles s\u00e3o para n\u00f3s \u201cexemplo e intercess\u00e3o\u201d, e n\u00e3o somente intercessores. Podemos, certamente, pedir a intercess\u00e3o de Maria, M\u00e3e de Deus, e dos Santos e Santas; mas precisamos, principalmente, imitar seus exemplos. \u201cVenerando a mem\u00f3ria dos santos, esperamos fazer parte da sociedade deles\u201d (SC 8).<\/p>\n<p>Os santos, cada qual \u00e0 sua maneira, revelam para n\u00f3s a \u201cplenitude da miseric\u00f3rdia de Deus\u201d, o Santo; \u00e9 essa gra\u00e7a, participar da miseric\u00f3rdia divina, que suplicamos \u201cao celebrar numa s\u00f3 festa os m\u00e9ritos de todos os Santos\u201d (<em>Ora\u00e7\u00e3o do Dia<\/em>). \u00c9 Deus quem, em sua miseric\u00f3rdia, socorre os desesperados. Essa face de Deus \u00e9 que podemos encontrar ao venerar Santa Rita, Santa Edwiges, S\u00e3o Judas Tadeu: \u201ccertos de que eles j\u00e1 alcan\u00e7aram a imortalidade, esperamos sua cont\u00ednua intercess\u00e3o pela nossa salva\u00e7\u00e3o\u201d (<em>Sobre as Oferendas<\/em>). E, desse modo, vamos caminhando, na esperan\u00e7a de passar da \u201cmesa de peregrinos\u201d, o Altar da Eucaristia, ao \u201cbanquete\u201d do Reino dos C\u00e9us (<em>Depois da Comunh\u00e3o<\/em>).<\/p>\n<p>Enfim, n\u00f3s gostamos de ter em nossas casas e em nossas igrejas os retratos dos santos, seus \u00edcones, suas imagens ou estampas. E fazemos isso n\u00e3o por supersti\u00e7\u00e3o ou para ador\u00e1-los. N\u00e3o, absolutamente. Adoramos unicamente a Deus, a Sant\u00edssima Trindade. \u201cQuadros e imagens s\u00e3o uma lembran\u00e7a constante de como se vive o Evangelho de Jesus e que temos bons amigos e companheiros de caminhada que est\u00e3o l\u00e1 no c\u00e9u, intercedendo por n\u00f3s\u201d, escreveu o padre Celso Pedro, em sua reflex\u00e3o para o \u00faltimo Domingo (<a title=\"O P\u00e3o Vivo da Palavra \u2013 3 de novembro de 2013\" href=\"http:\/\/www.regiaobelem.org.br\/blog\/liturgia-diaria\/o-pao-vivo-da-palavra-3-de-novembro-de-2013\/\">www.regiaobelem.org.br<\/a>).<\/p>\n<p>Encorajados pelo \u201cexemplo e intercess\u00e3o\u201d dos Santos e Santas, busquemos cada dia crescer na f\u00e9; onde estivermos \u2013 na fam\u00edlia ou no trabalho, na escola ou na divers\u00e3o \u2013 sejamos testemunhas da f\u00e9. F\u00e9 \u201cque recebemos da Igreja e sinceramente professamos, raz\u00e3o de nossa alegria em Cristo, nosso Senhor. Am\u00e9m\u201d.<\/p>\n<div id=\"themify_builder_content-23639\" data-postid=\"23639\" class=\"themify_builder_content themify_builder_content-23639 themify_builder themify_builder_front\">\n\t<\/div>\n<!-- \/themify_builder_content -->","protected":false},"excerpt":{"rendered":"<p>Dom Edmar Peron Temos visto, em nossos dias, uma crescente devo\u00e7\u00e3o aos santos e santas, homens e mulheres de f\u00e9, que viveram neste mundo a vida de cada dia por causa de Cristo e de seu Evangelho. Eles j\u00e1 chegaram \u00e0 \u201ccidade do c\u00e9u, a Jerusal\u00e9m do alto, nossa m\u00e3e. [&#8230;] Para essa cidade caminhamos [&hellip;]<\/p>\n","protected":false},"author":5,"featured_media":0,"comment_status":"open","ping_status":"open","sticky":false,"template":"","format":"standard","meta":{"ngg_post_thumbnail":0,"footnotes":""},"categories":[9],"tags":[2769,2770,2771,2772,2773,149,473,3200],"yoast_head":"<!-- This site is optimized with the Yoast SEO plugin v23.5 - https:\/\/yoast.com\/wordpress\/plugins\/seo\/ -->\n<title>Crescer na F\u00e9, a exemplo dos Santos e Santas - O Arcanjo no ar<\/title>\n<meta name=\"robots\" content=\"index, follow, max-snippet:-1, max-image-preview:large, max-video-preview:-1\" \/>\n<link rel=\"canonical\" href=\"https:\/\/www.oarcanjo.net\/site\/crescer-na-fe-a-exemplo-dos-santos-e-santas\/\" \/>\n<meta property=\"og:locale\" content=\"pt_BR\" \/>\n<meta property=\"og:type\" content=\"article\" \/>\n<meta property=\"og:title\" content=\"Crescer na F\u00e9, a exemplo dos Santos e Santas - O Arcanjo no ar\" \/>\n<meta property=\"og:description\" content=\"Dom Edmar Peron Temos visto, em nossos dias, uma crescente devo\u00e7\u00e3o aos santos e santas, homens e mulheres de f\u00e9, que viveram neste mundo a vida de cada dia por causa de Cristo e de seu Evangelho. Eles j\u00e1 chegaram \u00e0 \u201ccidade do c\u00e9u, a Jerusal\u00e9m do alto, nossa m\u00e3e. [&#8230;] Para essa cidade caminhamos [&hellip;]\" \/>\n<meta property=\"og:url\" content=\"https:\/\/www.oarcanjo.net\/site\/crescer-na-fe-a-exemplo-dos-santos-e-santas\/\" \/>\n<meta property=\"og:site_name\" content=\"O Arcanjo no ar\" \/>\n<meta property=\"article:publisher\" content=\"https:\/\/www.facebook.com\/OArcanjoNoAr\/\" \/>\n<meta property=\"article:published_time\" content=\"2013-11-05T12:24:41+00:00\" \/>\n<meta property=\"article:modified_time\" content=\"2013-11-06T11:29:29+00:00\" \/>\n<meta property=\"og:image\" content=\"https:\/\/www.oarcanjo.net\/site\/wp-content\/uploads\/logo-o-arcanjo-no-ar-facebook.png\" \/>\n\t<meta property=\"og:image:width\" content=\"300\" \/>\n\t<meta property=\"og:image:height\" content=\"300\" \/>\n\t<meta property=\"og:image:type\" content=\"image\/png\" \/>\n<meta name=\"author\" content=\"editor\" \/>\n<meta name=\"twitter:card\" content=\"summary_large_image\" \/>\n<meta name=\"twitter:label1\" content=\"Escrito por\" \/>\n\t<meta name=\"twitter:data1\" content=\"editor\" \/>\n\t<meta name=\"twitter:label2\" content=\"Est. tempo de leitura\" \/>\n\t<meta name=\"twitter:data2\" content=\"2 minutos\" \/>\n<script type=\"application\/ld+json\" class=\"yoast-schema-graph\">{\"@context\":\"https:\/\/schema.org\",\"@graph\":[{\"@type\":\"Article\",\"@id\":\"https:\/\/www.oarcanjo.net\/site\/crescer-na-fe-a-exemplo-dos-santos-e-santas\/#article\",\"isPartOf\":{\"@id\":\"https:\/\/www.oarcanjo.net\/site\/crescer-na-fe-a-exemplo-dos-santos-e-santas\/\"},\"author\":{\"name\":\"editor\",\"@id\":\"https:\/\/www.oarcanjo.net\/site\/#\/schema\/person\/f7024d007863202483a31326673a0838\"},\"headline\":\"Crescer na F\u00e9, a exemplo dos Santos e Santas\",\"datePublished\":\"2013-11-05T12:24:41+00:00\",\"dateModified\":\"2013-11-06T11:29:29+00:00\",\"mainEntityOfPage\":{\"@id\":\"https:\/\/www.oarcanjo.net\/site\/crescer-na-fe-a-exemplo-dos-santos-e-santas\/\"},\"wordCount\":457,\"commentCount\":0,\"publisher\":{\"@id\":\"https:\/\/www.oarcanjo.net\/site\/#organization\"},\"keywords\":[\"C\u00f4nego Celso Pedro\",\"Exemplos\",\"Intercess\u00e3o\",\"Miseric\u00f3rdia divina\",\"Padre Celso Pedro\",\"santas\",\"testemunho\",\"Voz do Arcanjo\"],\"articleSection\":[\"Reflex\u00f5es\"],\"inLanguage\":\"pt-BR\",\"potentialAction\":[{\"@type\":\"CommentAction\",\"name\":\"Comment\",\"target\":[\"https:\/\/www.oarcanjo.net\/site\/crescer-na-fe-a-exemplo-dos-santos-e-santas\/#respond\"]}]},{\"@type\":\"WebPage\",\"@id\":\"https:\/\/www.oarcanjo.net\/site\/crescer-na-fe-a-exemplo-dos-santos-e-santas\/\",\"url\":\"https:\/\/www.oarcanjo.net\/site\/crescer-na-fe-a-exemplo-dos-santos-e-santas\/\",\"name\":\"Crescer na F\u00e9, a exemplo dos Santos e Santas - O Arcanjo no ar\",\"isPartOf\":{\"@id\":\"https:\/\/www.oarcanjo.net\/site\/#website\"},\"datePublished\":\"2013-11-05T12:24:41+00:00\",\"dateModified\":\"2013-11-06T11:29:29+00:00\",\"breadcrumb\":{\"@id\":\"https:\/\/www.oarcanjo.net\/site\/crescer-na-fe-a-exemplo-dos-santos-e-santas\/#breadcrumb\"},\"inLanguage\":\"pt-BR\",\"potentialAction\":[{\"@type\":\"ReadAction\",\"target\":[\"https:\/\/www.oarcanjo.net\/site\/crescer-na-fe-a-exemplo-dos-santos-e-santas\/\"]}]},{\"@type\":\"BreadcrumbList\",\"@id\":\"https:\/\/www.oarcanjo.net\/site\/crescer-na-fe-a-exemplo-dos-santos-e-santas\/#breadcrumb\",\"itemListElement\":[{\"@type\":\"ListItem\",\"position\":1,\"name\":\"In\u00edcio\",\"item\":\"https:\/\/www.oarcanjo.net\/site\/\"},{\"@type\":\"ListItem\",\"position\":2,\"name\":\"Crescer na F\u00e9, a exemplo dos Santos e Santas\"}]},{\"@type\":\"WebSite\",\"@id\":\"https:\/\/www.oarcanjo.net\/site\/#website\",\"url\":\"https:\/\/www.oarcanjo.net\/site\/\",\"name\":\"O Arcanjo no ar\",\"description\":\"Site da Par\u00f3quia S\u00e3o Miguel Arcanjo (Arquidiocese de SP)\",\"publisher\":{\"@id\":\"https:\/\/www.oarcanjo.net\/site\/#organization\"},\"potentialAction\":[{\"@type\":\"SearchAction\",\"target\":{\"@type\":\"EntryPoint\",\"urlTemplate\":\"https:\/\/www.oarcanjo.net\/site\/?s={search_term_string}\"},\"query-input\":{\"@type\":\"PropertyValueSpecification\",\"valueRequired\":true,\"valueName\":\"search_term_string\"}}],\"inLanguage\":\"pt-BR\"},{\"@type\":\"Organization\",\"@id\":\"https:\/\/www.oarcanjo.net\/site\/#organization\",\"name\":\"Par\u00f3quia S\u00e3o Miguel Arcanjo\",\"url\":\"https:\/\/www.oarcanjo.net\/site\/\",\"logo\":{\"@type\":\"ImageObject\",\"inLanguage\":\"pt-BR\",\"@id\":\"https:\/\/www.oarcanjo.net\/site\/#\/schema\/logo\/image\/\",\"url\":\"https:\/\/www.oarcanjo.net\/site\/wp-content\/uploads\/LogoOArcanjo.png\",\"contentUrl\":\"https:\/\/www.oarcanjo.net\/site\/wp-content\/uploads\/LogoOArcanjo.png\",\"width\":319,\"height\":99,\"caption\":\"Par\u00f3quia S\u00e3o Miguel Arcanjo\"},\"image\":{\"@id\":\"https:\/\/www.oarcanjo.net\/site\/#\/schema\/logo\/image\/\"},\"sameAs\":[\"https:\/\/www.facebook.com\/OArcanjoNoAr\/\"]},{\"@type\":\"Person\",\"@id\":\"https:\/\/www.oarcanjo.net\/site\/#\/schema\/person\/f7024d007863202483a31326673a0838\",\"name\":\"editor\",\"sameAs\":[\"http:\/\/www.oarcanjo.net\"]}]}<\/script>\n<!-- \/ Yoast SEO plugin. -->","yoast_head_json":{"title":"Crescer na F\u00e9, a exemplo dos Santos e Santas - O Arcanjo no ar","robots":{"index":"index","follow":"follow","max-snippet":"max-snippet:-1","max-image-preview":"max-image-preview:large","max-video-preview":"max-video-preview:-1"},"canonical":"https:\/\/www.oarcanjo.net\/site\/crescer-na-fe-a-exemplo-dos-santos-e-santas\/","og_locale":"pt_BR","og_type":"article","og_title":"Crescer na F\u00e9, a exemplo dos Santos e Santas - O Arcanjo no ar","og_description":"Dom Edmar Peron Temos visto, em nossos dias, uma crescente devo\u00e7\u00e3o aos santos e santas, homens e mulheres de f\u00e9, que viveram neste mundo a vida de cada dia por causa de Cristo e de seu Evangelho. Eles j\u00e1 chegaram \u00e0 \u201ccidade do c\u00e9u, a Jerusal\u00e9m do alto, nossa m\u00e3e. [&#8230;] Para essa cidade caminhamos [&hellip;]","og_url":"https:\/\/www.oarcanjo.net\/site\/crescer-na-fe-a-exemplo-dos-santos-e-santas\/","og_site_name":"O Arcanjo no ar","article_publisher":"https:\/\/www.facebook.com\/OArcanjoNoAr\/","article_published_time":"2013-11-05T12:24:41+00:00","article_modified_time":"2013-11-06T11:29:29+00:00","og_image":[{"width":300,"height":300,"url":"https:\/\/www.oarcanjo.net\/site\/wp-content\/uploads\/logo-o-arcanjo-no-ar-facebook.png","type":"image\/png"}],"author":"editor","twitter_card":"summary_large_image","twitter_misc":{"Escrito por":"editor","Est. tempo de leitura":"2 minutos"},"schema":{"@context":"https:\/\/schema.org","@graph":[{"@type":"Article","@id":"https:\/\/www.oarcanjo.net\/site\/crescer-na-fe-a-exemplo-dos-santos-e-santas\/#article","isPartOf":{"@id":"https:\/\/www.oarcanjo.net\/site\/crescer-na-fe-a-exemplo-dos-santos-e-santas\/"},"author":{"name":"editor","@id":"https:\/\/www.oarcanjo.net\/site\/#\/schema\/person\/f7024d007863202483a31326673a0838"},"headline":"Crescer na F\u00e9, a exemplo dos Santos e Santas","datePublished":"2013-11-05T12:24:41+00:00","dateModified":"2013-11-06T11:29:29+00:00","mainEntityOfPage":{"@id":"https:\/\/www.oarcanjo.net\/site\/crescer-na-fe-a-exemplo-dos-santos-e-santas\/"},"wordCount":457,"commentCount":0,"publisher":{"@id":"https:\/\/www.oarcanjo.net\/site\/#organization"},"keywords":["C\u00f4nego Celso Pedro","Exemplos","Intercess\u00e3o","Miseric\u00f3rdia divina","Padre Celso Pedro","santas","testemunho","Voz do Arcanjo"],"articleSection":["Reflex\u00f5es"],"inLanguage":"pt-BR","potentialAction":[{"@type":"CommentAction","name":"Comment","target":["https:\/\/www.oarcanjo.net\/site\/crescer-na-fe-a-exemplo-dos-santos-e-santas\/#respond"]}]},{"@type":"WebPage","@id":"https:\/\/www.oarcanjo.net\/site\/crescer-na-fe-a-exemplo-dos-santos-e-santas\/","url":"https:\/\/www.oarcanjo.net\/site\/crescer-na-fe-a-exemplo-dos-santos-e-santas\/","name":"Crescer na F\u00e9, a exemplo dos Santos e Santas - O Arcanjo no ar","isPartOf":{"@id":"https:\/\/www.oarcanjo.net\/site\/#website"},"datePublished":"2013-11-05T12:24:41+00:00","dateModified":"2013-11-06T11:29:29+00:00","breadcrumb":{"@id":"https:\/\/www.oarcanjo.net\/site\/crescer-na-fe-a-exemplo-dos-santos-e-santas\/#breadcrumb"},"inLanguage":"pt-BR","potentialAction":[{"@type":"ReadAction","target":["https:\/\/www.oarcanjo.net\/site\/crescer-na-fe-a-exemplo-dos-santos-e-santas\/"]}]},{"@type":"BreadcrumbList","@id":"https:\/\/www.oarcanjo.net\/site\/crescer-na-fe-a-exemplo-dos-santos-e-santas\/#breadcrumb","itemListElement":[{"@type":"ListItem","position":1,"name":"In\u00edcio","item":"https:\/\/www.oarcanjo.net\/site\/"},{"@type":"ListItem","position":2,"name":"Crescer na F\u00e9, a exemplo dos Santos e Santas"}]},{"@type":"WebSite","@id":"https:\/\/www.oarcanjo.net\/site\/#website","url":"https:\/\/www.oarcanjo.net\/site\/","name":"O Arcanjo no ar","description":"Site da Par\u00f3quia S\u00e3o Miguel Arcanjo (Arquidiocese de SP)","publisher":{"@id":"https:\/\/www.oarcanjo.net\/site\/#organization"},"potentialAction":[{"@type":"SearchAction","target":{"@type":"EntryPoint","urlTemplate":"https:\/\/www.oarcanjo.net\/site\/?s={search_term_string}"},"query-input":{"@type":"PropertyValueSpecification","valueRequired":true,"valueName":"search_term_string"}}],"inLanguage":"pt-BR"},{"@type":"Organization","@id":"https:\/\/www.oarcanjo.net\/site\/#organization","name":"Par\u00f3quia S\u00e3o Miguel Arcanjo","url":"https:\/\/www.oarcanjo.net\/site\/","logo":{"@type":"ImageObject","inLanguage":"pt-BR","@id":"https:\/\/www.oarcanjo.net\/site\/#\/schema\/logo\/image\/","url":"https:\/\/www.oarcanjo.net\/site\/wp-content\/uploads\/LogoOArcanjo.png","contentUrl":"https:\/\/www.oarcanjo.net\/site\/wp-content\/uploads\/LogoOArcanjo.png","width":319,"height":99,"caption":"Par\u00f3quia S\u00e3o Miguel Arcanjo"},"image":{"@id":"https:\/\/www.oarcanjo.net\/site\/#\/schema\/logo\/image\/"},"sameAs":["https:\/\/www.facebook.com\/OArcanjoNoAr\/"]},{"@type":"Person","@id":"https:\/\/www.oarcanjo.net\/site\/#\/schema\/person\/f7024d007863202483a31326673a0838","name":"editor","sameAs":["http:\/\/www.oarcanjo.net"]}]}},"publishpress_future_action":{"enabled":false,"date":"2026-05-09 01:25:15","action":"category","newStatus":"draft","terms":[],"taxonomy":"category"},"publishpress_future_workflow_manual_trigger":{"enabledWorkflows":[]},"_links":{"self":[{"href":"https:\/\/www.oarcanjo.net\/site\/wp-json\/wp\/v2\/posts\/23639"}],"collection":[{"href":"https:\/\/www.oarcanjo.net\/site\/wp-json\/wp\/v2\/posts"}],"about":[{"href":"https:\/\/www.oarcanjo.net\/site\/wp-json\/wp\/v2\/types\/post"}],"author":[{"embeddable":true,"href":"https:\/\/www.oarcanjo.net\/site\/wp-json\/wp\/v2\/users\/5"}],"replies":[{"embeddable":true,"href":"https:\/\/www.oarcanjo.net\/site\/wp-json\/wp\/v2\/comments?post=23639"}],"version-history":[{"count":0,"href":"https:\/\/www.oarcanjo.net\/site\/wp-json\/wp\/v2\/posts\/23639\/revisions"}],"wp:attachment":[{"href":"https:\/\/www.oarcanjo.net\/site\/wp-json\/wp\/v2\/media?parent=23639"}],"wp:term":[{"taxonomy":"category","embeddable":true,"href":"https:\/\/www.oarcanjo.net\/site\/wp-json\/wp\/v2\/categories?post=23639"},{"taxonomy":"post_tag","embeddable":true,"href":"https:\/\/www.oarcanjo.net\/site\/wp-json\/wp\/v2\/tags?post=23639"}],"curies":[{"name":"wp","href":"https:\/\/api.w.org\/{rel}","templated":true}]}}