
{"id":23647,"date":"2013-11-05T13:40:06","date_gmt":"2013-11-05T15:40:06","guid":{"rendered":"http:\/\/www.oarcanjo.net\/site\/?p=23647"},"modified":"2013-11-05T13:40:16","modified_gmt":"2013-11-05T15:40:16","slug":"regional-sul-1-promove-debate-sobre-trafico-de-pessoas-e-orgaos-humanos","status":"publish","type":"post","link":"https:\/\/www.oarcanjo.net\/site\/regional-sul-1-promove-debate-sobre-trafico-de-pessoas-e-orgaos-humanos\/","title":{"rendered":"Regional Sul 1 promove debate sobre tr\u00e1fico de pessoas e \u00f3rg\u00e3os humanos"},"content":{"rendered":"<p>O encontro estadual de prepara\u00e7\u00e3o da Campanha da Fraternidade (CF) 2014 reuniu agentes de pastoral do Regional Sul 1 da CNBB, em Itaici (SP). O evento, realizado entre os dias 25 a 27 de outubro, abordou o tema \u201cFraternidade e Tr\u00e1fico Humano\u201d e propiciou a partilha de informa\u00e7\u00f5es, materiais e de experi\u00eancia sobre o combate ao tr\u00e1fico de pessoas.<\/p>\n<p>\u201cTrata-se de crime multifacetado, altamente lucrativo, silencioso, de baix\u00edssimo custo e de poucos riscos aos traficantes. A Igreja do Brasil, ao propor o tema da Campanha para 2014, convida ao an\u00fancio e conclama todas as pessoas a se empenharem contra esse tipo de sofrimento que interfere na dignidade humana\u201d, explica o coordenador Regional da CF, padre Ant\u00f4nio Carlos Frizzo.<\/p>\n<p>A reflex\u00e3o partiu das informa\u00e7\u00f5es propostas pelo texto-base da Campanha da Fraternidade. Foram apresentados depoimentos de pessoas e de representantes das institui\u00e7\u00f5es envolvidas diretamente na causa de pessoas desaparecidas. \u201cEis a realidade que nos desafia. Somente um trabalho articulado envolvendo igrejas, \u00f3rg\u00e3os p\u00fablicos e sociedade civil ser\u00e3o capazes de impedir o crescimento e a impunidade desse tipo de crime\u201d, afirma o bispo referencial para a CF no regional, dom Fernando Legal. \u201cA dignidade humana n\u00e3o pode estar dispon\u00edvel aos interesses de m\u00e1fias organizadas que h\u00e1 anos atuam no Brasil. N\u00e3o nascemos para ser escravizados, mas para a liberdade de irm\u00e3os e irm\u00e3s de Jesus\u201d, alertou o bispo.<\/p>\n<p>As 36 dioceses do estado de S\u00e3o Paulo estavam representadas no encontro, que reuniu 175 pessoas. Para a representante da diocese de Santos, Helenice de Queiroz Vizaco, \u201ca abordagem motivadora e estimulante contribuiu para um ambiente de conhecimento cont\u00ednuo\u201d.<\/p>\n<p><em>Fonte: CNBB<\/em><\/p>\n<div id=\"themify_builder_content-23647\" data-postid=\"23647\" class=\"themify_builder_content themify_builder_content-23647 themify_builder themify_builder_front\">\n\t<\/div>\n<!-- \/themify_builder_content -->","protected":false},"excerpt":{"rendered":"<p>O encontro estadual de prepara\u00e7\u00e3o da Campanha da Fraternidade (CF) 2014 reuniu agentes de pastoral do Regional Sul 1 da CNBB, em Itaici (SP). O evento, realizado entre os dias 25 a 27 de outubro, abordou o tema \u201cFraternidade e Tr\u00e1fico Humano\u201d e propiciou a partilha de informa\u00e7\u00f5es, materiais e de experi\u00eancia sobre o combate [&hellip;]<\/p>\n","protected":false},"author":5,"featured_media":0,"comment_status":"open","ping_status":"open","sticky":false,"template":"","format":"standard","meta":{"ngg_post_thumbnail":0,"footnotes":""},"categories":[8],"tags":[2659,2660,63,2662,1662],"yoast_head":"<!-- This site is optimized with the Yoast SEO plugin v23.5 - https:\/\/yoast.com\/wordpress\/plugins\/seo\/ -->\n<title>Regional Sul 1 promove debate sobre tr\u00e1fico de pessoas e \u00f3rg\u00e3os humanos - O Arcanjo no ar<\/title>\n<meta name=\"robots\" content=\"index, follow, max-snippet:-1, max-image-preview:large, max-video-preview:-1\" \/>\n<link rel=\"canonical\" href=\"https:\/\/www.oarcanjo.net\/site\/regional-sul-1-promove-debate-sobre-trafico-de-pessoas-e-orgaos-humanos\/\" \/>\n<meta property=\"og:locale\" content=\"pt_BR\" \/>\n<meta property=\"og:type\" content=\"article\" \/>\n<meta property=\"og:title\" content=\"Regional Sul 1 promove debate sobre tr\u00e1fico de pessoas e \u00f3rg\u00e3os humanos - O Arcanjo no ar\" \/>\n<meta property=\"og:description\" content=\"O encontro estadual de prepara\u00e7\u00e3o da Campanha da Fraternidade (CF) 2014 reuniu agentes de pastoral do Regional Sul 1 da CNBB, em Itaici (SP). O evento, realizado entre os dias 25 a 27 de outubro, abordou o tema \u201cFraternidade e Tr\u00e1fico Humano\u201d e propiciou a partilha de informa\u00e7\u00f5es, materiais e de experi\u00eancia sobre o combate [&hellip;]\" \/>\n<meta property=\"og:url\" content=\"https:\/\/www.oarcanjo.net\/site\/regional-sul-1-promove-debate-sobre-trafico-de-pessoas-e-orgaos-humanos\/\" \/>\n<meta property=\"og:site_name\" content=\"O Arcanjo no ar\" \/>\n<meta property=\"article:publisher\" content=\"https:\/\/www.facebook.com\/OArcanjoNoAr\/\" \/>\n<meta property=\"article:published_time\" content=\"2013-11-05T15:40:06+00:00\" \/>\n<meta property=\"article:modified_time\" content=\"2013-11-05T15:40:16+00:00\" \/>\n<meta property=\"og:image\" content=\"https:\/\/www.oarcanjo.net\/site\/wp-content\/uploads\/logo-o-arcanjo-no-ar-facebook.png\" \/>\n\t<meta property=\"og:image:width\" content=\"300\" \/>\n\t<meta property=\"og:image:height\" content=\"300\" \/>\n\t<meta property=\"og:image:type\" content=\"image\/png\" \/>\n<meta name=\"author\" content=\"editor\" \/>\n<meta name=\"twitter:card\" content=\"summary_large_image\" \/>\n<meta name=\"twitter:label1\" content=\"Escrito por\" \/>\n\t<meta name=\"twitter:data1\" content=\"editor\" \/>\n\t<meta name=\"twitter:label2\" content=\"Est. tempo de leitura\" \/>\n\t<meta name=\"twitter:data2\" content=\"1 minuto\" \/>\n<script type=\"application\/ld+json\" class=\"yoast-schema-graph\">{\"@context\":\"https:\/\/schema.org\",\"@graph\":[{\"@type\":\"Article\",\"@id\":\"https:\/\/www.oarcanjo.net\/site\/regional-sul-1-promove-debate-sobre-trafico-de-pessoas-e-orgaos-humanos\/#article\",\"isPartOf\":{\"@id\":\"https:\/\/www.oarcanjo.net\/site\/regional-sul-1-promove-debate-sobre-trafico-de-pessoas-e-orgaos-humanos\/\"},\"author\":{\"name\":\"editor\",\"@id\":\"https:\/\/www.oarcanjo.net\/site\/#\/schema\/person\/f7024d007863202483a31326673a0838\"},\"headline\":\"Regional Sul 1 promove debate sobre tr\u00e1fico de pessoas e \u00f3rg\u00e3os humanos\",\"datePublished\":\"2013-11-05T15:40:06+00:00\",\"dateModified\":\"2013-11-05T15:40:16+00:00\",\"mainEntityOfPage\":{\"@id\":\"https:\/\/www.oarcanjo.net\/site\/regional-sul-1-promove-debate-sobre-trafico-de-pessoas-e-orgaos-humanos\/\"},\"wordCount\":294,\"commentCount\":0,\"publisher\":{\"@id\":\"https:\/\/www.oarcanjo.net\/site\/#organization\"},\"keywords\":[\"Campanha da Fraternidade 2014\",\"CF 2014\",\"CNBB\",\"Fraternidade e Tr\u00e1fico Humano\",\"Regional Sul 1\"],\"articleSection\":[\"Not\u00edcias\"],\"inLanguage\":\"pt-BR\",\"potentialAction\":[{\"@type\":\"CommentAction\",\"name\":\"Comment\",\"target\":[\"https:\/\/www.oarcanjo.net\/site\/regional-sul-1-promove-debate-sobre-trafico-de-pessoas-e-orgaos-humanos\/#respond\"]}]},{\"@type\":\"WebPage\",\"@id\":\"https:\/\/www.oarcanjo.net\/site\/regional-sul-1-promove-debate-sobre-trafico-de-pessoas-e-orgaos-humanos\/\",\"url\":\"https:\/\/www.oarcanjo.net\/site\/regional-sul-1-promove-debate-sobre-trafico-de-pessoas-e-orgaos-humanos\/\",\"name\":\"Regional Sul 1 promove debate sobre tr\u00e1fico de pessoas e \u00f3rg\u00e3os humanos - O Arcanjo no ar\",\"isPartOf\":{\"@id\":\"https:\/\/www.oarcanjo.net\/site\/#website\"},\"datePublished\":\"2013-11-05T15:40:06+00:00\",\"dateModified\":\"2013-11-05T15:40:16+00:00\",\"breadcrumb\":{\"@id\":\"https:\/\/www.oarcanjo.net\/site\/regional-sul-1-promove-debate-sobre-trafico-de-pessoas-e-orgaos-humanos\/#breadcrumb\"},\"inLanguage\":\"pt-BR\",\"potentialAction\":[{\"@type\":\"ReadAction\",\"target\":[\"https:\/\/www.oarcanjo.net\/site\/regional-sul-1-promove-debate-sobre-trafico-de-pessoas-e-orgaos-humanos\/\"]}]},{\"@type\":\"BreadcrumbList\",\"@id\":\"https:\/\/www.oarcanjo.net\/site\/regional-sul-1-promove-debate-sobre-trafico-de-pessoas-e-orgaos-humanos\/#breadcrumb\",\"itemListElement\":[{\"@type\":\"ListItem\",\"position\":1,\"name\":\"In\u00edcio\",\"item\":\"https:\/\/www.oarcanjo.net\/site\/\"},{\"@type\":\"ListItem\",\"position\":2,\"name\":\"Regional Sul 1 promove debate sobre tr\u00e1fico de pessoas e \u00f3rg\u00e3os humanos\"}]},{\"@type\":\"WebSite\",\"@id\":\"https:\/\/www.oarcanjo.net\/site\/#website\",\"url\":\"https:\/\/www.oarcanjo.net\/site\/\",\"name\":\"O Arcanjo no ar\",\"description\":\"Site da Par\u00f3quia S\u00e3o Miguel Arcanjo (Arquidiocese de SP)\",\"publisher\":{\"@id\":\"https:\/\/www.oarcanjo.net\/site\/#organization\"},\"potentialAction\":[{\"@type\":\"SearchAction\",\"target\":{\"@type\":\"EntryPoint\",\"urlTemplate\":\"https:\/\/www.oarcanjo.net\/site\/?s={search_term_string}\"},\"query-input\":{\"@type\":\"PropertyValueSpecification\",\"valueRequired\":true,\"valueName\":\"search_term_string\"}}],\"inLanguage\":\"pt-BR\"},{\"@type\":\"Organization\",\"@id\":\"https:\/\/www.oarcanjo.net\/site\/#organization\",\"name\":\"Par\u00f3quia S\u00e3o Miguel Arcanjo\",\"url\":\"https:\/\/www.oarcanjo.net\/site\/\",\"logo\":{\"@type\":\"ImageObject\",\"inLanguage\":\"pt-BR\",\"@id\":\"https:\/\/www.oarcanjo.net\/site\/#\/schema\/logo\/image\/\",\"url\":\"https:\/\/www.oarcanjo.net\/site\/wp-content\/uploads\/LogoOArcanjo.png\",\"contentUrl\":\"https:\/\/www.oarcanjo.net\/site\/wp-content\/uploads\/LogoOArcanjo.png\",\"width\":319,\"height\":99,\"caption\":\"Par\u00f3quia S\u00e3o Miguel Arcanjo\"},\"image\":{\"@id\":\"https:\/\/www.oarcanjo.net\/site\/#\/schema\/logo\/image\/\"},\"sameAs\":[\"https:\/\/www.facebook.com\/OArcanjoNoAr\/\"]},{\"@type\":\"Person\",\"@id\":\"https:\/\/www.oarcanjo.net\/site\/#\/schema\/person\/f7024d007863202483a31326673a0838\",\"name\":\"editor\",\"sameAs\":[\"http:\/\/www.oarcanjo.net\"]}]}<\/script>\n<!-- \/ Yoast SEO plugin. -->","yoast_head_json":{"title":"Regional Sul 1 promove debate sobre tr\u00e1fico de pessoas e \u00f3rg\u00e3os humanos - O Arcanjo no ar","robots":{"index":"index","follow":"follow","max-snippet":"max-snippet:-1","max-image-preview":"max-image-preview:large","max-video-preview":"max-video-preview:-1"},"canonical":"https:\/\/www.oarcanjo.net\/site\/regional-sul-1-promove-debate-sobre-trafico-de-pessoas-e-orgaos-humanos\/","og_locale":"pt_BR","og_type":"article","og_title":"Regional Sul 1 promove debate sobre tr\u00e1fico de pessoas e \u00f3rg\u00e3os humanos - O Arcanjo no ar","og_description":"O encontro estadual de prepara\u00e7\u00e3o da Campanha da Fraternidade (CF) 2014 reuniu agentes de pastoral do Regional Sul 1 da CNBB, em Itaici (SP). O evento, realizado entre os dias 25 a 27 de outubro, abordou o tema \u201cFraternidade e Tr\u00e1fico Humano\u201d e propiciou a partilha de informa\u00e7\u00f5es, materiais e de experi\u00eancia sobre o combate [&hellip;]","og_url":"https:\/\/www.oarcanjo.net\/site\/regional-sul-1-promove-debate-sobre-trafico-de-pessoas-e-orgaos-humanos\/","og_site_name":"O Arcanjo no ar","article_publisher":"https:\/\/www.facebook.com\/OArcanjoNoAr\/","article_published_time":"2013-11-05T15:40:06+00:00","article_modified_time":"2013-11-05T15:40:16+00:00","og_image":[{"width":300,"height":300,"url":"https:\/\/www.oarcanjo.net\/site\/wp-content\/uploads\/logo-o-arcanjo-no-ar-facebook.png","type":"image\/png"}],"author":"editor","twitter_card":"summary_large_image","twitter_misc":{"Escrito por":"editor","Est. tempo de leitura":"1 minuto"},"schema":{"@context":"https:\/\/schema.org","@graph":[{"@type":"Article","@id":"https:\/\/www.oarcanjo.net\/site\/regional-sul-1-promove-debate-sobre-trafico-de-pessoas-e-orgaos-humanos\/#article","isPartOf":{"@id":"https:\/\/www.oarcanjo.net\/site\/regional-sul-1-promove-debate-sobre-trafico-de-pessoas-e-orgaos-humanos\/"},"author":{"name":"editor","@id":"https:\/\/www.oarcanjo.net\/site\/#\/schema\/person\/f7024d007863202483a31326673a0838"},"headline":"Regional Sul 1 promove debate sobre tr\u00e1fico de pessoas e \u00f3rg\u00e3os humanos","datePublished":"2013-11-05T15:40:06+00:00","dateModified":"2013-11-05T15:40:16+00:00","mainEntityOfPage":{"@id":"https:\/\/www.oarcanjo.net\/site\/regional-sul-1-promove-debate-sobre-trafico-de-pessoas-e-orgaos-humanos\/"},"wordCount":294,"commentCount":0,"publisher":{"@id":"https:\/\/www.oarcanjo.net\/site\/#organization"},"keywords":["Campanha da Fraternidade 2014","CF 2014","CNBB","Fraternidade e Tr\u00e1fico Humano","Regional Sul 1"],"articleSection":["Not\u00edcias"],"inLanguage":"pt-BR","potentialAction":[{"@type":"CommentAction","name":"Comment","target":["https:\/\/www.oarcanjo.net\/site\/regional-sul-1-promove-debate-sobre-trafico-de-pessoas-e-orgaos-humanos\/#respond"]}]},{"@type":"WebPage","@id":"https:\/\/www.oarcanjo.net\/site\/regional-sul-1-promove-debate-sobre-trafico-de-pessoas-e-orgaos-humanos\/","url":"https:\/\/www.oarcanjo.net\/site\/regional-sul-1-promove-debate-sobre-trafico-de-pessoas-e-orgaos-humanos\/","name":"Regional Sul 1 promove debate sobre tr\u00e1fico de pessoas e \u00f3rg\u00e3os humanos - O Arcanjo no ar","isPartOf":{"@id":"https:\/\/www.oarcanjo.net\/site\/#website"},"datePublished":"2013-11-05T15:40:06+00:00","dateModified":"2013-11-05T15:40:16+00:00","breadcrumb":{"@id":"https:\/\/www.oarcanjo.net\/site\/regional-sul-1-promove-debate-sobre-trafico-de-pessoas-e-orgaos-humanos\/#breadcrumb"},"inLanguage":"pt-BR","potentialAction":[{"@type":"ReadAction","target":["https:\/\/www.oarcanjo.net\/site\/regional-sul-1-promove-debate-sobre-trafico-de-pessoas-e-orgaos-humanos\/"]}]},{"@type":"BreadcrumbList","@id":"https:\/\/www.oarcanjo.net\/site\/regional-sul-1-promove-debate-sobre-trafico-de-pessoas-e-orgaos-humanos\/#breadcrumb","itemListElement":[{"@type":"ListItem","position":1,"name":"In\u00edcio","item":"https:\/\/www.oarcanjo.net\/site\/"},{"@type":"ListItem","position":2,"name":"Regional Sul 1 promove debate sobre tr\u00e1fico de pessoas e \u00f3rg\u00e3os humanos"}]},{"@type":"WebSite","@id":"https:\/\/www.oarcanjo.net\/site\/#website","url":"https:\/\/www.oarcanjo.net\/site\/","name":"O Arcanjo no ar","description":"Site da Par\u00f3quia S\u00e3o Miguel Arcanjo (Arquidiocese de SP)","publisher":{"@id":"https:\/\/www.oarcanjo.net\/site\/#organization"},"potentialAction":[{"@type":"SearchAction","target":{"@type":"EntryPoint","urlTemplate":"https:\/\/www.oarcanjo.net\/site\/?s={search_term_string}"},"query-input":{"@type":"PropertyValueSpecification","valueRequired":true,"valueName":"search_term_string"}}],"inLanguage":"pt-BR"},{"@type":"Organization","@id":"https:\/\/www.oarcanjo.net\/site\/#organization","name":"Par\u00f3quia S\u00e3o Miguel Arcanjo","url":"https:\/\/www.oarcanjo.net\/site\/","logo":{"@type":"ImageObject","inLanguage":"pt-BR","@id":"https:\/\/www.oarcanjo.net\/site\/#\/schema\/logo\/image\/","url":"https:\/\/www.oarcanjo.net\/site\/wp-content\/uploads\/LogoOArcanjo.png","contentUrl":"https:\/\/www.oarcanjo.net\/site\/wp-content\/uploads\/LogoOArcanjo.png","width":319,"height":99,"caption":"Par\u00f3quia S\u00e3o Miguel Arcanjo"},"image":{"@id":"https:\/\/www.oarcanjo.net\/site\/#\/schema\/logo\/image\/"},"sameAs":["https:\/\/www.facebook.com\/OArcanjoNoAr\/"]},{"@type":"Person","@id":"https:\/\/www.oarcanjo.net\/site\/#\/schema\/person\/f7024d007863202483a31326673a0838","name":"editor","sameAs":["http:\/\/www.oarcanjo.net"]}]}},"publishpress_future_action":{"enabled":false,"date":"2026-05-10 13:00:17","action":"category","newStatus":"draft","terms":[],"taxonomy":"category"},"publishpress_future_workflow_manual_trigger":{"enabledWorkflows":[]},"_links":{"self":[{"href":"https:\/\/www.oarcanjo.net\/site\/wp-json\/wp\/v2\/posts\/23647"}],"collection":[{"href":"https:\/\/www.oarcanjo.net\/site\/wp-json\/wp\/v2\/posts"}],"about":[{"href":"https:\/\/www.oarcanjo.net\/site\/wp-json\/wp\/v2\/types\/post"}],"author":[{"embeddable":true,"href":"https:\/\/www.oarcanjo.net\/site\/wp-json\/wp\/v2\/users\/5"}],"replies":[{"embeddable":true,"href":"https:\/\/www.oarcanjo.net\/site\/wp-json\/wp\/v2\/comments?post=23647"}],"version-history":[{"count":0,"href":"https:\/\/www.oarcanjo.net\/site\/wp-json\/wp\/v2\/posts\/23647\/revisions"}],"wp:attachment":[{"href":"https:\/\/www.oarcanjo.net\/site\/wp-json\/wp\/v2\/media?parent=23647"}],"wp:term":[{"taxonomy":"category","embeddable":true,"href":"https:\/\/www.oarcanjo.net\/site\/wp-json\/wp\/v2\/categories?post=23647"},{"taxonomy":"post_tag","embeddable":true,"href":"https:\/\/www.oarcanjo.net\/site\/wp-json\/wp\/v2\/tags?post=23647"}],"curies":[{"name":"wp","href":"https:\/\/api.w.org\/{rel}","templated":true}]}}