
{"id":23652,"date":"2013-11-05T22:01:34","date_gmt":"2013-11-06T00:01:34","guid":{"rendered":"http:\/\/www.oarcanjo.net\/site\/?p=23652"},"modified":"2013-11-05T22:39:03","modified_gmt":"2013-11-06T00:39:03","slug":"convite-bazar-da-caritas-sera-no-proximo-final-de-semana-nao-perca","status":"publish","type":"post","link":"https:\/\/www.oarcanjo.net\/site\/convite-bazar-da-caritas-sera-no-proximo-final-de-semana-nao-perca\/","title":{"rendered":"CONVITE \u2013 Bazar da Caritas ser\u00e1 no pr\u00f3ximo final de semana. N\u00e3o perca!"},"content":{"rendered":"<p>Participe do Bazar organizado pela Caritas &#8211; N\u00facleo Bel\u00e9m &#8211; nos dias 9 e 10 de novembro pr\u00f3ximos, no Centro Pastoral S\u00e3o Jos\u00e9, das 9h \u00e0s 17h. A arrecada\u00e7\u00e3o beneficiar\u00e1 o projeto de\u00a0apadrinhamento de crian\u00e7as do Centro Educacional Sanj Makenson no Haiti.<\/p>\n<p>Veja o convite:<\/p>\n<p><a title=\"Convite - Bazar da Caritas - 9 e 10 de novembro de 2013\" href=\"http:\/\/www.oarcanjo.net\/site\/wp-content\/uploads\/cartaz-bazar-caritas-novembro-2013.jpg\" target=\"_blank\"><img loading=\"lazy\" decoding=\"async\" class=\"alignnone size-full wp-image-23655\" title=\"Convite - Bazar da Caritas - 9 e 10 de novembro de 2013\" src=\"http:\/\/www.oarcanjo.net\/site\/wp-content\/uploads\/cartaz-bazar-caritas-novembro-2013-thumb.jpg\" alt=\"Convite - Bazar da Caritas - 9 e 10 de novembro de 2013\" width=\"600\" height=\"393\" srcset=\"https:\/\/www.oarcanjo.net\/site\/wp-content\/uploads\/cartaz-bazar-caritas-novembro-2013-thumb.jpg 600w, https:\/\/www.oarcanjo.net\/site\/wp-content\/uploads\/cartaz-bazar-caritas-novembro-2013-thumb-300x196.jpg 300w\" sizes=\"(max-width: 600px) 100vw, 600px\" \/><\/a><\/p>\n<p>(Clique na imagem acima ou <a title=\"Convite - Bazar da Caritas - 9 e 10 de novembro de 2013\" href=\"http:\/\/www.oarcanjo.net\/site\/wp-content\/uploads\/cartaz-bazar-caritas-novembro-2013.jpg\" target=\"_blank\">aqui <\/a>para ver o convite ampliado)<\/p>\n<div id=\"themify_builder_content-23652\" data-postid=\"23652\" class=\"themify_builder_content themify_builder_content-23652 themify_builder themify_builder_front\">\n\t<\/div>\n<!-- \/themify_builder_content -->","protected":false},"excerpt":{"rendered":"<p>Participe do Bazar organizado pela Caritas &#8211; N\u00facleo Bel\u00e9m &#8211; nos dias 9 e 10 de novembro pr\u00f3ximos, no Centro Pastoral S\u00e3o Jos\u00e9, das 9h \u00e0s 17h. A arrecada\u00e7\u00e3o beneficiar\u00e1 o projeto de\u00a0apadrinhamento de crian\u00e7as do Centro Educacional Sanj Makenson no Haiti. Veja o convite: (Clique na imagem acima ou aqui para ver o convite [&hellip;]<\/p>\n","protected":false},"author":5,"featured_media":0,"comment_status":"open","ping_status":"open","sticky":false,"template":"","format":"standard","meta":{"ngg_post_thumbnail":0,"footnotes":""},"categories":[8],"tags":[2779,2780,2781,1404],"yoast_head":"<!-- This site is optimized with the Yoast SEO plugin v23.5 - https:\/\/yoast.com\/wordpress\/plugins\/seo\/ -->\n<title>CONVITE \u2013 Bazar da Caritas ser\u00e1 no pr\u00f3ximo final de semana. N\u00e3o perca! - O Arcanjo no ar<\/title>\n<meta name=\"robots\" content=\"index, follow, max-snippet:-1, max-image-preview:large, max-video-preview:-1\" \/>\n<link rel=\"canonical\" href=\"https:\/\/www.oarcanjo.net\/site\/convite-bazar-da-caritas-sera-no-proximo-final-de-semana-nao-perca\/\" \/>\n<meta property=\"og:locale\" content=\"pt_BR\" \/>\n<meta property=\"og:type\" content=\"article\" \/>\n<meta property=\"og:title\" content=\"CONVITE \u2013 Bazar da Caritas ser\u00e1 no pr\u00f3ximo final de semana. N\u00e3o perca! - O Arcanjo no ar\" \/>\n<meta property=\"og:description\" content=\"Participe do Bazar organizado pela Caritas &#8211; N\u00facleo Bel\u00e9m &#8211; nos dias 9 e 10 de novembro pr\u00f3ximos, no Centro Pastoral S\u00e3o Jos\u00e9, das 9h \u00e0s 17h. A arrecada\u00e7\u00e3o beneficiar\u00e1 o projeto de\u00a0apadrinhamento de crian\u00e7as do Centro Educacional Sanj Makenson no Haiti. Veja o convite: (Clique na imagem acima ou aqui para ver o convite [&hellip;]\" \/>\n<meta property=\"og:url\" content=\"https:\/\/www.oarcanjo.net\/site\/convite-bazar-da-caritas-sera-no-proximo-final-de-semana-nao-perca\/\" \/>\n<meta property=\"og:site_name\" content=\"O Arcanjo no ar\" \/>\n<meta property=\"article:publisher\" content=\"https:\/\/www.facebook.com\/OArcanjoNoAr\/\" \/>\n<meta property=\"article:published_time\" content=\"2013-11-06T00:01:34+00:00\" \/>\n<meta property=\"article:modified_time\" content=\"2013-11-06T00:39:03+00:00\" \/>\n<meta property=\"og:image\" content=\"http:\/\/www.oarcanjo.net\/site\/wp-content\/uploads\/cartaz-bazar-caritas-novembro-2013-thumb.jpg\" \/>\n<meta name=\"author\" content=\"editor\" \/>\n<meta name=\"twitter:card\" content=\"summary_large_image\" \/>\n<meta name=\"twitter:label1\" content=\"Escrito por\" \/>\n\t<meta name=\"twitter:data1\" content=\"editor\" \/>\n<script type=\"application\/ld+json\" class=\"yoast-schema-graph\">{\"@context\":\"https:\/\/schema.org\",\"@graph\":[{\"@type\":\"Article\",\"@id\":\"https:\/\/www.oarcanjo.net\/site\/convite-bazar-da-caritas-sera-no-proximo-final-de-semana-nao-perca\/#article\",\"isPartOf\":{\"@id\":\"https:\/\/www.oarcanjo.net\/site\/convite-bazar-da-caritas-sera-no-proximo-final-de-semana-nao-perca\/\"},\"author\":{\"name\":\"editor\",\"@id\":\"https:\/\/www.oarcanjo.net\/site\/#\/schema\/person\/f7024d007863202483a31326673a0838\"},\"headline\":\"CONVITE \u2013 Bazar da Caritas ser\u00e1 no pr\u00f3ximo final de semana. N\u00e3o perca!\",\"datePublished\":\"2013-11-06T00:01:34+00:00\",\"dateModified\":\"2013-11-06T00:39:03+00:00\",\"mainEntityOfPage\":{\"@id\":\"https:\/\/www.oarcanjo.net\/site\/convite-bazar-da-caritas-sera-no-proximo-final-de-semana-nao-perca\/\"},\"wordCount\":75,\"commentCount\":0,\"publisher\":{\"@id\":\"https:\/\/www.oarcanjo.net\/site\/#organization\"},\"image\":{\"@id\":\"https:\/\/www.oarcanjo.net\/site\/convite-bazar-da-caritas-sera-no-proximo-final-de-semana-nao-perca\/#primaryimage\"},\"thumbnailUrl\":\"http:\/\/www.oarcanjo.net\/site\/wp-content\/uploads\/cartaz-bazar-caritas-novembro-2013-thumb.jpg\",\"keywords\":[\"Bazar da Caritas\",\"Beneficente\",\"Centro Educacional Sanj Makenson\",\"Haiti\"],\"articleSection\":[\"Not\u00edcias\"],\"inLanguage\":\"pt-BR\",\"potentialAction\":[{\"@type\":\"CommentAction\",\"name\":\"Comment\",\"target\":[\"https:\/\/www.oarcanjo.net\/site\/convite-bazar-da-caritas-sera-no-proximo-final-de-semana-nao-perca\/#respond\"]}]},{\"@type\":\"WebPage\",\"@id\":\"https:\/\/www.oarcanjo.net\/site\/convite-bazar-da-caritas-sera-no-proximo-final-de-semana-nao-perca\/\",\"url\":\"https:\/\/www.oarcanjo.net\/site\/convite-bazar-da-caritas-sera-no-proximo-final-de-semana-nao-perca\/\",\"name\":\"CONVITE \u2013 Bazar da Caritas ser\u00e1 no pr\u00f3ximo final de semana. N\u00e3o perca! - O Arcanjo no ar\",\"isPartOf\":{\"@id\":\"https:\/\/www.oarcanjo.net\/site\/#website\"},\"primaryImageOfPage\":{\"@id\":\"https:\/\/www.oarcanjo.net\/site\/convite-bazar-da-caritas-sera-no-proximo-final-de-semana-nao-perca\/#primaryimage\"},\"image\":{\"@id\":\"https:\/\/www.oarcanjo.net\/site\/convite-bazar-da-caritas-sera-no-proximo-final-de-semana-nao-perca\/#primaryimage\"},\"thumbnailUrl\":\"http:\/\/www.oarcanjo.net\/site\/wp-content\/uploads\/cartaz-bazar-caritas-novembro-2013-thumb.jpg\",\"datePublished\":\"2013-11-06T00:01:34+00:00\",\"dateModified\":\"2013-11-06T00:39:03+00:00\",\"breadcrumb\":{\"@id\":\"https:\/\/www.oarcanjo.net\/site\/convite-bazar-da-caritas-sera-no-proximo-final-de-semana-nao-perca\/#breadcrumb\"},\"inLanguage\":\"pt-BR\",\"potentialAction\":[{\"@type\":\"ReadAction\",\"target\":[\"https:\/\/www.oarcanjo.net\/site\/convite-bazar-da-caritas-sera-no-proximo-final-de-semana-nao-perca\/\"]}]},{\"@type\":\"ImageObject\",\"inLanguage\":\"pt-BR\",\"@id\":\"https:\/\/www.oarcanjo.net\/site\/convite-bazar-da-caritas-sera-no-proximo-final-de-semana-nao-perca\/#primaryimage\",\"url\":\"https:\/\/www.oarcanjo.net\/site\/wp-content\/uploads\/cartaz-bazar-caritas-novembro-2013-thumb.jpg\",\"contentUrl\":\"https:\/\/www.oarcanjo.net\/site\/wp-content\/uploads\/cartaz-bazar-caritas-novembro-2013-thumb.jpg\",\"width\":\"600\",\"height\":\"393\",\"caption\":\"Convite - Bazar da Caritas - 9 e 10 de novembro de 2013\"},{\"@type\":\"BreadcrumbList\",\"@id\":\"https:\/\/www.oarcanjo.net\/site\/convite-bazar-da-caritas-sera-no-proximo-final-de-semana-nao-perca\/#breadcrumb\",\"itemListElement\":[{\"@type\":\"ListItem\",\"position\":1,\"name\":\"In\u00edcio\",\"item\":\"https:\/\/www.oarcanjo.net\/site\/\"},{\"@type\":\"ListItem\",\"position\":2,\"name\":\"CONVITE \u2013 Bazar da Caritas ser\u00e1 no pr\u00f3ximo final de semana. N\u00e3o perca!\"}]},{\"@type\":\"WebSite\",\"@id\":\"https:\/\/www.oarcanjo.net\/site\/#website\",\"url\":\"https:\/\/www.oarcanjo.net\/site\/\",\"name\":\"O Arcanjo no ar\",\"description\":\"Site da Par\u00f3quia S\u00e3o Miguel Arcanjo (Arquidiocese de SP)\",\"publisher\":{\"@id\":\"https:\/\/www.oarcanjo.net\/site\/#organization\"},\"potentialAction\":[{\"@type\":\"SearchAction\",\"target\":{\"@type\":\"EntryPoint\",\"urlTemplate\":\"https:\/\/www.oarcanjo.net\/site\/?s={search_term_string}\"},\"query-input\":{\"@type\":\"PropertyValueSpecification\",\"valueRequired\":true,\"valueName\":\"search_term_string\"}}],\"inLanguage\":\"pt-BR\"},{\"@type\":\"Organization\",\"@id\":\"https:\/\/www.oarcanjo.net\/site\/#organization\",\"name\":\"Par\u00f3quia S\u00e3o Miguel Arcanjo\",\"url\":\"https:\/\/www.oarcanjo.net\/site\/\",\"logo\":{\"@type\":\"ImageObject\",\"inLanguage\":\"pt-BR\",\"@id\":\"https:\/\/www.oarcanjo.net\/site\/#\/schema\/logo\/image\/\",\"url\":\"https:\/\/www.oarcanjo.net\/site\/wp-content\/uploads\/LogoOArcanjo.png\",\"contentUrl\":\"https:\/\/www.oarcanjo.net\/site\/wp-content\/uploads\/LogoOArcanjo.png\",\"width\":319,\"height\":99,\"caption\":\"Par\u00f3quia S\u00e3o Miguel Arcanjo\"},\"image\":{\"@id\":\"https:\/\/www.oarcanjo.net\/site\/#\/schema\/logo\/image\/\"},\"sameAs\":[\"https:\/\/www.facebook.com\/OArcanjoNoAr\/\"]},{\"@type\":\"Person\",\"@id\":\"https:\/\/www.oarcanjo.net\/site\/#\/schema\/person\/f7024d007863202483a31326673a0838\",\"name\":\"editor\",\"sameAs\":[\"http:\/\/www.oarcanjo.net\"]}]}<\/script>\n<!-- \/ Yoast SEO plugin. -->","yoast_head_json":{"title":"CONVITE \u2013 Bazar da Caritas ser\u00e1 no pr\u00f3ximo final de semana. N\u00e3o perca! - O Arcanjo no ar","robots":{"index":"index","follow":"follow","max-snippet":"max-snippet:-1","max-image-preview":"max-image-preview:large","max-video-preview":"max-video-preview:-1"},"canonical":"https:\/\/www.oarcanjo.net\/site\/convite-bazar-da-caritas-sera-no-proximo-final-de-semana-nao-perca\/","og_locale":"pt_BR","og_type":"article","og_title":"CONVITE \u2013 Bazar da Caritas ser\u00e1 no pr\u00f3ximo final de semana. N\u00e3o perca! - O Arcanjo no ar","og_description":"Participe do Bazar organizado pela Caritas &#8211; N\u00facleo Bel\u00e9m &#8211; nos dias 9 e 10 de novembro pr\u00f3ximos, no Centro Pastoral S\u00e3o Jos\u00e9, das 9h \u00e0s 17h. A arrecada\u00e7\u00e3o beneficiar\u00e1 o projeto de\u00a0apadrinhamento de crian\u00e7as do Centro Educacional Sanj Makenson no Haiti. Veja o convite: (Clique na imagem acima ou aqui para ver o convite [&hellip;]","og_url":"https:\/\/www.oarcanjo.net\/site\/convite-bazar-da-caritas-sera-no-proximo-final-de-semana-nao-perca\/","og_site_name":"O Arcanjo no ar","article_publisher":"https:\/\/www.facebook.com\/OArcanjoNoAr\/","article_published_time":"2013-11-06T00:01:34+00:00","article_modified_time":"2013-11-06T00:39:03+00:00","og_image":[{"url":"http:\/\/www.oarcanjo.net\/site\/wp-content\/uploads\/cartaz-bazar-caritas-novembro-2013-thumb.jpg"}],"author":"editor","twitter_card":"summary_large_image","twitter_misc":{"Escrito por":"editor"},"schema":{"@context":"https:\/\/schema.org","@graph":[{"@type":"Article","@id":"https:\/\/www.oarcanjo.net\/site\/convite-bazar-da-caritas-sera-no-proximo-final-de-semana-nao-perca\/#article","isPartOf":{"@id":"https:\/\/www.oarcanjo.net\/site\/convite-bazar-da-caritas-sera-no-proximo-final-de-semana-nao-perca\/"},"author":{"name":"editor","@id":"https:\/\/www.oarcanjo.net\/site\/#\/schema\/person\/f7024d007863202483a31326673a0838"},"headline":"CONVITE \u2013 Bazar da Caritas ser\u00e1 no pr\u00f3ximo final de semana. N\u00e3o perca!","datePublished":"2013-11-06T00:01:34+00:00","dateModified":"2013-11-06T00:39:03+00:00","mainEntityOfPage":{"@id":"https:\/\/www.oarcanjo.net\/site\/convite-bazar-da-caritas-sera-no-proximo-final-de-semana-nao-perca\/"},"wordCount":75,"commentCount":0,"publisher":{"@id":"https:\/\/www.oarcanjo.net\/site\/#organization"},"image":{"@id":"https:\/\/www.oarcanjo.net\/site\/convite-bazar-da-caritas-sera-no-proximo-final-de-semana-nao-perca\/#primaryimage"},"thumbnailUrl":"http:\/\/www.oarcanjo.net\/site\/wp-content\/uploads\/cartaz-bazar-caritas-novembro-2013-thumb.jpg","keywords":["Bazar da Caritas","Beneficente","Centro Educacional Sanj Makenson","Haiti"],"articleSection":["Not\u00edcias"],"inLanguage":"pt-BR","potentialAction":[{"@type":"CommentAction","name":"Comment","target":["https:\/\/www.oarcanjo.net\/site\/convite-bazar-da-caritas-sera-no-proximo-final-de-semana-nao-perca\/#respond"]}]},{"@type":"WebPage","@id":"https:\/\/www.oarcanjo.net\/site\/convite-bazar-da-caritas-sera-no-proximo-final-de-semana-nao-perca\/","url":"https:\/\/www.oarcanjo.net\/site\/convite-bazar-da-caritas-sera-no-proximo-final-de-semana-nao-perca\/","name":"CONVITE \u2013 Bazar da Caritas ser\u00e1 no pr\u00f3ximo final de semana. N\u00e3o perca! - O Arcanjo no ar","isPartOf":{"@id":"https:\/\/www.oarcanjo.net\/site\/#website"},"primaryImageOfPage":{"@id":"https:\/\/www.oarcanjo.net\/site\/convite-bazar-da-caritas-sera-no-proximo-final-de-semana-nao-perca\/#primaryimage"},"image":{"@id":"https:\/\/www.oarcanjo.net\/site\/convite-bazar-da-caritas-sera-no-proximo-final-de-semana-nao-perca\/#primaryimage"},"thumbnailUrl":"http:\/\/www.oarcanjo.net\/site\/wp-content\/uploads\/cartaz-bazar-caritas-novembro-2013-thumb.jpg","datePublished":"2013-11-06T00:01:34+00:00","dateModified":"2013-11-06T00:39:03+00:00","breadcrumb":{"@id":"https:\/\/www.oarcanjo.net\/site\/convite-bazar-da-caritas-sera-no-proximo-final-de-semana-nao-perca\/#breadcrumb"},"inLanguage":"pt-BR","potentialAction":[{"@type":"ReadAction","target":["https:\/\/www.oarcanjo.net\/site\/convite-bazar-da-caritas-sera-no-proximo-final-de-semana-nao-perca\/"]}]},{"@type":"ImageObject","inLanguage":"pt-BR","@id":"https:\/\/www.oarcanjo.net\/site\/convite-bazar-da-caritas-sera-no-proximo-final-de-semana-nao-perca\/#primaryimage","url":"https:\/\/www.oarcanjo.net\/site\/wp-content\/uploads\/cartaz-bazar-caritas-novembro-2013-thumb.jpg","contentUrl":"https:\/\/www.oarcanjo.net\/site\/wp-content\/uploads\/cartaz-bazar-caritas-novembro-2013-thumb.jpg","width":"600","height":"393","caption":"Convite - Bazar da Caritas - 9 e 10 de novembro de 2013"},{"@type":"BreadcrumbList","@id":"https:\/\/www.oarcanjo.net\/site\/convite-bazar-da-caritas-sera-no-proximo-final-de-semana-nao-perca\/#breadcrumb","itemListElement":[{"@type":"ListItem","position":1,"name":"In\u00edcio","item":"https:\/\/www.oarcanjo.net\/site\/"},{"@type":"ListItem","position":2,"name":"CONVITE \u2013 Bazar da Caritas ser\u00e1 no pr\u00f3ximo final de semana. N\u00e3o perca!"}]},{"@type":"WebSite","@id":"https:\/\/www.oarcanjo.net\/site\/#website","url":"https:\/\/www.oarcanjo.net\/site\/","name":"O Arcanjo no ar","description":"Site da Par\u00f3quia S\u00e3o Miguel Arcanjo (Arquidiocese de SP)","publisher":{"@id":"https:\/\/www.oarcanjo.net\/site\/#organization"},"potentialAction":[{"@type":"SearchAction","target":{"@type":"EntryPoint","urlTemplate":"https:\/\/www.oarcanjo.net\/site\/?s={search_term_string}"},"query-input":{"@type":"PropertyValueSpecification","valueRequired":true,"valueName":"search_term_string"}}],"inLanguage":"pt-BR"},{"@type":"Organization","@id":"https:\/\/www.oarcanjo.net\/site\/#organization","name":"Par\u00f3quia S\u00e3o Miguel Arcanjo","url":"https:\/\/www.oarcanjo.net\/site\/","logo":{"@type":"ImageObject","inLanguage":"pt-BR","@id":"https:\/\/www.oarcanjo.net\/site\/#\/schema\/logo\/image\/","url":"https:\/\/www.oarcanjo.net\/site\/wp-content\/uploads\/LogoOArcanjo.png","contentUrl":"https:\/\/www.oarcanjo.net\/site\/wp-content\/uploads\/LogoOArcanjo.png","width":319,"height":99,"caption":"Par\u00f3quia S\u00e3o Miguel Arcanjo"},"image":{"@id":"https:\/\/www.oarcanjo.net\/site\/#\/schema\/logo\/image\/"},"sameAs":["https:\/\/www.facebook.com\/OArcanjoNoAr\/"]},{"@type":"Person","@id":"https:\/\/www.oarcanjo.net\/site\/#\/schema\/person\/f7024d007863202483a31326673a0838","name":"editor","sameAs":["http:\/\/www.oarcanjo.net"]}]}},"publishpress_future_action":{"enabled":false,"date":"2026-05-10 11:20:33","action":"category","newStatus":"draft","terms":[],"taxonomy":"category"},"publishpress_future_workflow_manual_trigger":{"enabledWorkflows":[]},"_links":{"self":[{"href":"https:\/\/www.oarcanjo.net\/site\/wp-json\/wp\/v2\/posts\/23652"}],"collection":[{"href":"https:\/\/www.oarcanjo.net\/site\/wp-json\/wp\/v2\/posts"}],"about":[{"href":"https:\/\/www.oarcanjo.net\/site\/wp-json\/wp\/v2\/types\/post"}],"author":[{"embeddable":true,"href":"https:\/\/www.oarcanjo.net\/site\/wp-json\/wp\/v2\/users\/5"}],"replies":[{"embeddable":true,"href":"https:\/\/www.oarcanjo.net\/site\/wp-json\/wp\/v2\/comments?post=23652"}],"version-history":[{"count":0,"href":"https:\/\/www.oarcanjo.net\/site\/wp-json\/wp\/v2\/posts\/23652\/revisions"}],"wp:attachment":[{"href":"https:\/\/www.oarcanjo.net\/site\/wp-json\/wp\/v2\/media?parent=23652"}],"wp:term":[{"taxonomy":"category","embeddable":true,"href":"https:\/\/www.oarcanjo.net\/site\/wp-json\/wp\/v2\/categories?post=23652"},{"taxonomy":"post_tag","embeddable":true,"href":"https:\/\/www.oarcanjo.net\/site\/wp-json\/wp\/v2\/tags?post=23652"}],"curies":[{"name":"wp","href":"https:\/\/api.w.org\/{rel}","templated":true}]}}