
{"id":23660,"date":"2013-11-06T09:26:04","date_gmt":"2013-11-06T11:26:04","guid":{"rendered":"http:\/\/www.oarcanjo.net\/site\/?p=23660"},"modified":"2013-11-06T09:26:04","modified_gmt":"2013-11-06T11:26:04","slug":"a-santidade-e-para-todos","status":"publish","type":"post","link":"https:\/\/www.oarcanjo.net\/site\/a-santidade-e-para-todos\/","title":{"rendered":"A santidade \u00e9 para todos"},"content":{"rendered":"<p><em>Cardeal Odilo Pedro Scherer<\/em><\/p>\n<p>Quase no fim do Ano da F\u00e9, a celebra\u00e7\u00e3o da solenidade lit\u00fargica de Todos os Santos nos deu a ocasi\u00e3o para recordar um dos artigos finais da Profiss\u00e3o de F\u00e9 da Igreja: \u201cCreio na comunh\u00e3o dos santos\u201d. O Catecismo da Igreja Cat\u00f3lica explica bem essa afirma\u00e7\u00e3o de nossa f\u00e9 nos par\u00e1grafos 946 a 987.<\/p>\n<p>A Igreja possui um \u201cpatrim\u00f4nio comum\u201d, do qual todos participamos: a santidade, dom do Esp\u00edrito Santo dado aos disc\u00edpulos de Cristo. Todos contribu\u00edmos para esse patrim\u00f4nio com nossa vida santa e todos somos por ele tamb\u00e9m beneficiados. Na Igreja, ningu\u00e9m \u00e9 her\u00f3i solit\u00e1rio: estamos em boa companhia!<\/p>\n<p>Isso nos leva a ter uma aten\u00e7\u00e3o especial aos santos e santas, que s\u00e3o as testemunhas excelsas de Cristo; a Igreja, ao proclamar um santo, confirma que sua vida foi uma interpreta\u00e7\u00e3o exemplar da vida crist\u00e3 e um testemunho luminoso do Evangelho do Reino de Deus no mundo. E como os dons de Deus s\u00e3o inumer\u00e1veis, h\u00e1 tamb\u00e9m numerosas formas de santidade e de vidas santas. Cada santo, a seu modo, \u00e9 um exemplo de vida segundo o Evangelho e pode ser imitado pelos outros, sem medo de errar.<\/p>\n<p>Nossos santos cat\u00f3licos n\u00e3o s\u00e3o mitos criados pela fantasia humana. S\u00e3o pessoas que viveram num tempo e num espa\u00e7o, tiveram uma hist\u00f3ria pessoal, que pode ser conhecida e verificada; eles s\u00e3o os membros da Igreja, que j\u00e1 chegaram l\u00e1, onde todos n\u00f3s queremos chegar um dia. Mas pela \u201ccomunh\u00e3o dos santos\u201d, eles continuam ligados a n\u00f3s e n\u00f3s, a eles. Eles s\u00e3o mestres de vida crist\u00e3, testemunhas e exemplos de perseveran\u00e7a na f\u00e9, muitas vezes vivida em meio a inumer\u00e1veis dificuldades. Muitos deles morreram martirizados, proclamando essa f\u00e9, que tamb\u00e9m n\u00f3s professamos.<\/p>\n<p>Penso, por isso, que a vida dos santos seja parte importante da Catequese e da inicia\u00e7\u00e3o \u00e0 vida crist\u00e3. Eles j\u00e1 percorreram a estrada que n\u00f3s somos chamados a percorrer; eles foram disc\u00edpulos exemplares de Cristo, foram bons crist\u00e3os e viveram de modo exemplar as virtudes, que tamb\u00e9m n\u00f3s somos chamados a viver.<\/p>\n<p>Gosto de retomar a <em>Carta Apost\u00f3lica Novo millennio ineunte<\/em> (No in\u00edcio do novo mil\u00eanio, 2001), do papa Jo\u00e3o Paulo 2\u00ba. \u00c9 breve, iluminada, program\u00e1tica. Ali se diz que a santidade \u00e9 a prioridade das prioridades pastorais: \u201cN\u00e3o hesito em dizer que o horizonte para o qual deve tender todo o caminho pastoral \u00e9 a santidade\u201d (cf. n. 30).<\/p>\n<p>A santidade \u00e9 a voca\u00e7\u00e3o universal dos batizados, conforme nos ensina o Conc\u00edlio, ao falar da Igreja (cf. Lumen Gentium, cap. V). A santidade n\u00e3o \u00e9 uma ilustra\u00e7\u00e3o opcional \u00e0 vida crist\u00e3, mas a sua pr\u00f3pria meta; pela f\u00e9 e pelo Batismo, estamos em comunh\u00e3o com aquele que \u00e9 o santo e a fonte de toda santidade. A santidade \u00e9 uma das qualidades da Igreja e deve tamb\u00e9m ser a marca de todos os seus membros: \u201cEsta \u00e9 a vontade de Deus a vosso respeito: a vossa santifica\u00e7\u00e3o\u201d (1Ts 4,3). \u00c9 a voca\u00e7\u00e3o de todos os batizados.<\/p>\n<p>A programa\u00e7\u00e3o pastoral deve ser marcada pela busca da santidade. Por isso, diz ainda Jo\u00e3o Paulo 2\u00ba na mesma Carta Apost\u00f3lica: \u201cPerguntar a um catec\u00fameno \u2013 queres o Batismo? \u2013 significa ao mesmo tempo perguntar-lhe \u2013 queres ser santo?\u201d (n. 32). A santidade, portanto, n\u00e3o \u00e9 apenas para alguns poucos, mas para todos os disc\u00edpulos de Cristo.<\/p>\n<p>E o papa Francisco, na homilia da solenidade de Todos os Santos, voltou a lembrar que a santidade tem um caminho, um rosto e um nome: Jesus Cristo. Estar em comunh\u00e3o com Ele, seguir seus passos, imitar seu exemplo \u2013 eis o jeito da santidade.<\/p>\n<div id=\"themify_builder_content-23660\" data-postid=\"23660\" class=\"themify_builder_content themify_builder_content-23660 themify_builder themify_builder_front\">\n\t<\/div>\n<!-- \/themify_builder_content -->","protected":false},"excerpt":{"rendered":"<p>Cardeal Odilo Pedro Scherer Quase no fim do Ano da F\u00e9, a celebra\u00e7\u00e3o da solenidade lit\u00fargica de Todos os Santos nos deu a ocasi\u00e3o para recordar um dos artigos finais da Profiss\u00e3o de F\u00e9 da Igreja: \u201cCreio na comunh\u00e3o dos santos\u201d. O Catecismo da Igreja Cat\u00f3lica explica bem essa afirma\u00e7\u00e3o de nossa f\u00e9 nos par\u00e1grafos [&hellip;]<\/p>\n","protected":false},"author":5,"featured_media":0,"comment_status":"open","ping_status":"open","sticky":false,"template":"","format":"standard","meta":{"ngg_post_thumbnail":0,"footnotes":""},"categories":[9],"tags":[3213,2782,2307,35,2433,2114],"yoast_head":"<!-- This site is optimized with the Yoast SEO plugin v23.5 - https:\/\/yoast.com\/wordpress\/plugins\/seo\/ -->\n<title>A santidade \u00e9 para todos - O Arcanjo no ar<\/title>\n<meta name=\"robots\" content=\"index, follow, max-snippet:-1, max-image-preview:large, max-video-preview:-1\" \/>\n<link rel=\"canonical\" href=\"https:\/\/www.oarcanjo.net\/site\/a-santidade-e-para-todos\/\" \/>\n<meta property=\"og:locale\" content=\"pt_BR\" \/>\n<meta property=\"og:type\" content=\"article\" \/>\n<meta property=\"og:title\" content=\"A santidade \u00e9 para todos - O Arcanjo no ar\" \/>\n<meta property=\"og:description\" content=\"Cardeal Odilo Pedro Scherer Quase no fim do Ano da F\u00e9, a celebra\u00e7\u00e3o da solenidade lit\u00fargica de Todos os Santos nos deu a ocasi\u00e3o para recordar um dos artigos finais da Profiss\u00e3o de F\u00e9 da Igreja: \u201cCreio na comunh\u00e3o dos santos\u201d. O Catecismo da Igreja Cat\u00f3lica explica bem essa afirma\u00e7\u00e3o de nossa f\u00e9 nos par\u00e1grafos [&hellip;]\" \/>\n<meta property=\"og:url\" content=\"https:\/\/www.oarcanjo.net\/site\/a-santidade-e-para-todos\/\" \/>\n<meta property=\"og:site_name\" content=\"O Arcanjo no ar\" \/>\n<meta property=\"article:publisher\" content=\"https:\/\/www.facebook.com\/OArcanjoNoAr\/\" \/>\n<meta property=\"article:published_time\" content=\"2013-11-06T11:26:04+00:00\" \/>\n<meta property=\"og:image\" content=\"https:\/\/www.oarcanjo.net\/site\/wp-content\/uploads\/logo-o-arcanjo-no-ar-facebook.png\" \/>\n\t<meta property=\"og:image:width\" content=\"300\" \/>\n\t<meta property=\"og:image:height\" content=\"300\" \/>\n\t<meta property=\"og:image:type\" content=\"image\/png\" \/>\n<meta name=\"author\" content=\"editor\" \/>\n<meta name=\"twitter:card\" content=\"summary_large_image\" \/>\n<meta name=\"twitter:label1\" content=\"Escrito por\" \/>\n\t<meta name=\"twitter:data1\" content=\"editor\" \/>\n\t<meta name=\"twitter:label2\" content=\"Est. tempo de leitura\" \/>\n\t<meta name=\"twitter:data2\" content=\"3 minutos\" \/>\n<script type=\"application\/ld+json\" class=\"yoast-schema-graph\">{\"@context\":\"https:\/\/schema.org\",\"@graph\":[{\"@type\":\"Article\",\"@id\":\"https:\/\/www.oarcanjo.net\/site\/a-santidade-e-para-todos\/#article\",\"isPartOf\":{\"@id\":\"https:\/\/www.oarcanjo.net\/site\/a-santidade-e-para-todos\/\"},\"author\":{\"name\":\"editor\",\"@id\":\"https:\/\/www.oarcanjo.net\/site\/#\/schema\/person\/f7024d007863202483a31326673a0838\"},\"headline\":\"A santidade \u00e9 para todos\",\"datePublished\":\"2013-11-06T11:26:04+00:00\",\"dateModified\":\"2013-11-06T11:26:04+00:00\",\"mainEntityOfPage\":{\"@id\":\"https:\/\/www.oarcanjo.net\/site\/a-santidade-e-para-todos\/\"},\"wordCount\":641,\"commentCount\":0,\"publisher\":{\"@id\":\"https:\/\/www.oarcanjo.net\/site\/#organization\"},\"keywords\":[\"Ano da F\u00e9\",\"Carta Apost\u00f3lica Novo millennio ineunte\",\"Catecismo da Igreja Cat\u00f3lica\",\"conc\u00edlio\",\"Papa Francisco\",\"Todos os Santos\"],\"articleSection\":[\"Reflex\u00f5es\"],\"inLanguage\":\"pt-BR\",\"potentialAction\":[{\"@type\":\"CommentAction\",\"name\":\"Comment\",\"target\":[\"https:\/\/www.oarcanjo.net\/site\/a-santidade-e-para-todos\/#respond\"]}]},{\"@type\":\"WebPage\",\"@id\":\"https:\/\/www.oarcanjo.net\/site\/a-santidade-e-para-todos\/\",\"url\":\"https:\/\/www.oarcanjo.net\/site\/a-santidade-e-para-todos\/\",\"name\":\"A santidade \u00e9 para todos - O Arcanjo no ar\",\"isPartOf\":{\"@id\":\"https:\/\/www.oarcanjo.net\/site\/#website\"},\"datePublished\":\"2013-11-06T11:26:04+00:00\",\"dateModified\":\"2013-11-06T11:26:04+00:00\",\"breadcrumb\":{\"@id\":\"https:\/\/www.oarcanjo.net\/site\/a-santidade-e-para-todos\/#breadcrumb\"},\"inLanguage\":\"pt-BR\",\"potentialAction\":[{\"@type\":\"ReadAction\",\"target\":[\"https:\/\/www.oarcanjo.net\/site\/a-santidade-e-para-todos\/\"]}]},{\"@type\":\"BreadcrumbList\",\"@id\":\"https:\/\/www.oarcanjo.net\/site\/a-santidade-e-para-todos\/#breadcrumb\",\"itemListElement\":[{\"@type\":\"ListItem\",\"position\":1,\"name\":\"In\u00edcio\",\"item\":\"https:\/\/www.oarcanjo.net\/site\/\"},{\"@type\":\"ListItem\",\"position\":2,\"name\":\"A santidade \u00e9 para todos\"}]},{\"@type\":\"WebSite\",\"@id\":\"https:\/\/www.oarcanjo.net\/site\/#website\",\"url\":\"https:\/\/www.oarcanjo.net\/site\/\",\"name\":\"O Arcanjo no ar\",\"description\":\"Site da Par\u00f3quia S\u00e3o Miguel Arcanjo (Arquidiocese de SP)\",\"publisher\":{\"@id\":\"https:\/\/www.oarcanjo.net\/site\/#organization\"},\"potentialAction\":[{\"@type\":\"SearchAction\",\"target\":{\"@type\":\"EntryPoint\",\"urlTemplate\":\"https:\/\/www.oarcanjo.net\/site\/?s={search_term_string}\"},\"query-input\":{\"@type\":\"PropertyValueSpecification\",\"valueRequired\":true,\"valueName\":\"search_term_string\"}}],\"inLanguage\":\"pt-BR\"},{\"@type\":\"Organization\",\"@id\":\"https:\/\/www.oarcanjo.net\/site\/#organization\",\"name\":\"Par\u00f3quia S\u00e3o Miguel Arcanjo\",\"url\":\"https:\/\/www.oarcanjo.net\/site\/\",\"logo\":{\"@type\":\"ImageObject\",\"inLanguage\":\"pt-BR\",\"@id\":\"https:\/\/www.oarcanjo.net\/site\/#\/schema\/logo\/image\/\",\"url\":\"https:\/\/www.oarcanjo.net\/site\/wp-content\/uploads\/LogoOArcanjo.png\",\"contentUrl\":\"https:\/\/www.oarcanjo.net\/site\/wp-content\/uploads\/LogoOArcanjo.png\",\"width\":319,\"height\":99,\"caption\":\"Par\u00f3quia S\u00e3o Miguel Arcanjo\"},\"image\":{\"@id\":\"https:\/\/www.oarcanjo.net\/site\/#\/schema\/logo\/image\/\"},\"sameAs\":[\"https:\/\/www.facebook.com\/OArcanjoNoAr\/\"]},{\"@type\":\"Person\",\"@id\":\"https:\/\/www.oarcanjo.net\/site\/#\/schema\/person\/f7024d007863202483a31326673a0838\",\"name\":\"editor\",\"sameAs\":[\"http:\/\/www.oarcanjo.net\"]}]}<\/script>\n<!-- \/ Yoast SEO plugin. -->","yoast_head_json":{"title":"A santidade \u00e9 para todos - O Arcanjo no ar","robots":{"index":"index","follow":"follow","max-snippet":"max-snippet:-1","max-image-preview":"max-image-preview:large","max-video-preview":"max-video-preview:-1"},"canonical":"https:\/\/www.oarcanjo.net\/site\/a-santidade-e-para-todos\/","og_locale":"pt_BR","og_type":"article","og_title":"A santidade \u00e9 para todos - O Arcanjo no ar","og_description":"Cardeal Odilo Pedro Scherer Quase no fim do Ano da F\u00e9, a celebra\u00e7\u00e3o da solenidade lit\u00fargica de Todos os Santos nos deu a ocasi\u00e3o para recordar um dos artigos finais da Profiss\u00e3o de F\u00e9 da Igreja: \u201cCreio na comunh\u00e3o dos santos\u201d. O Catecismo da Igreja Cat\u00f3lica explica bem essa afirma\u00e7\u00e3o de nossa f\u00e9 nos par\u00e1grafos [&hellip;]","og_url":"https:\/\/www.oarcanjo.net\/site\/a-santidade-e-para-todos\/","og_site_name":"O Arcanjo no ar","article_publisher":"https:\/\/www.facebook.com\/OArcanjoNoAr\/","article_published_time":"2013-11-06T11:26:04+00:00","og_image":[{"width":300,"height":300,"url":"https:\/\/www.oarcanjo.net\/site\/wp-content\/uploads\/logo-o-arcanjo-no-ar-facebook.png","type":"image\/png"}],"author":"editor","twitter_card":"summary_large_image","twitter_misc":{"Escrito por":"editor","Est. tempo de leitura":"3 minutos"},"schema":{"@context":"https:\/\/schema.org","@graph":[{"@type":"Article","@id":"https:\/\/www.oarcanjo.net\/site\/a-santidade-e-para-todos\/#article","isPartOf":{"@id":"https:\/\/www.oarcanjo.net\/site\/a-santidade-e-para-todos\/"},"author":{"name":"editor","@id":"https:\/\/www.oarcanjo.net\/site\/#\/schema\/person\/f7024d007863202483a31326673a0838"},"headline":"A santidade \u00e9 para todos","datePublished":"2013-11-06T11:26:04+00:00","dateModified":"2013-11-06T11:26:04+00:00","mainEntityOfPage":{"@id":"https:\/\/www.oarcanjo.net\/site\/a-santidade-e-para-todos\/"},"wordCount":641,"commentCount":0,"publisher":{"@id":"https:\/\/www.oarcanjo.net\/site\/#organization"},"keywords":["Ano da F\u00e9","Carta Apost\u00f3lica Novo millennio ineunte","Catecismo da Igreja Cat\u00f3lica","conc\u00edlio","Papa Francisco","Todos os Santos"],"articleSection":["Reflex\u00f5es"],"inLanguage":"pt-BR","potentialAction":[{"@type":"CommentAction","name":"Comment","target":["https:\/\/www.oarcanjo.net\/site\/a-santidade-e-para-todos\/#respond"]}]},{"@type":"WebPage","@id":"https:\/\/www.oarcanjo.net\/site\/a-santidade-e-para-todos\/","url":"https:\/\/www.oarcanjo.net\/site\/a-santidade-e-para-todos\/","name":"A santidade \u00e9 para todos - O Arcanjo no ar","isPartOf":{"@id":"https:\/\/www.oarcanjo.net\/site\/#website"},"datePublished":"2013-11-06T11:26:04+00:00","dateModified":"2013-11-06T11:26:04+00:00","breadcrumb":{"@id":"https:\/\/www.oarcanjo.net\/site\/a-santidade-e-para-todos\/#breadcrumb"},"inLanguage":"pt-BR","potentialAction":[{"@type":"ReadAction","target":["https:\/\/www.oarcanjo.net\/site\/a-santidade-e-para-todos\/"]}]},{"@type":"BreadcrumbList","@id":"https:\/\/www.oarcanjo.net\/site\/a-santidade-e-para-todos\/#breadcrumb","itemListElement":[{"@type":"ListItem","position":1,"name":"In\u00edcio","item":"https:\/\/www.oarcanjo.net\/site\/"},{"@type":"ListItem","position":2,"name":"A santidade \u00e9 para todos"}]},{"@type":"WebSite","@id":"https:\/\/www.oarcanjo.net\/site\/#website","url":"https:\/\/www.oarcanjo.net\/site\/","name":"O Arcanjo no ar","description":"Site da Par\u00f3quia S\u00e3o Miguel Arcanjo (Arquidiocese de SP)","publisher":{"@id":"https:\/\/www.oarcanjo.net\/site\/#organization"},"potentialAction":[{"@type":"SearchAction","target":{"@type":"EntryPoint","urlTemplate":"https:\/\/www.oarcanjo.net\/site\/?s={search_term_string}"},"query-input":{"@type":"PropertyValueSpecification","valueRequired":true,"valueName":"search_term_string"}}],"inLanguage":"pt-BR"},{"@type":"Organization","@id":"https:\/\/www.oarcanjo.net\/site\/#organization","name":"Par\u00f3quia S\u00e3o Miguel Arcanjo","url":"https:\/\/www.oarcanjo.net\/site\/","logo":{"@type":"ImageObject","inLanguage":"pt-BR","@id":"https:\/\/www.oarcanjo.net\/site\/#\/schema\/logo\/image\/","url":"https:\/\/www.oarcanjo.net\/site\/wp-content\/uploads\/LogoOArcanjo.png","contentUrl":"https:\/\/www.oarcanjo.net\/site\/wp-content\/uploads\/LogoOArcanjo.png","width":319,"height":99,"caption":"Par\u00f3quia S\u00e3o Miguel Arcanjo"},"image":{"@id":"https:\/\/www.oarcanjo.net\/site\/#\/schema\/logo\/image\/"},"sameAs":["https:\/\/www.facebook.com\/OArcanjoNoAr\/"]},{"@type":"Person","@id":"https:\/\/www.oarcanjo.net\/site\/#\/schema\/person\/f7024d007863202483a31326673a0838","name":"editor","sameAs":["http:\/\/www.oarcanjo.net"]}]}},"publishpress_future_action":{"enabled":false,"date":"2026-05-09 01:25:16","action":"category","newStatus":"draft","terms":[],"taxonomy":"category"},"publishpress_future_workflow_manual_trigger":{"enabledWorkflows":[]},"_links":{"self":[{"href":"https:\/\/www.oarcanjo.net\/site\/wp-json\/wp\/v2\/posts\/23660"}],"collection":[{"href":"https:\/\/www.oarcanjo.net\/site\/wp-json\/wp\/v2\/posts"}],"about":[{"href":"https:\/\/www.oarcanjo.net\/site\/wp-json\/wp\/v2\/types\/post"}],"author":[{"embeddable":true,"href":"https:\/\/www.oarcanjo.net\/site\/wp-json\/wp\/v2\/users\/5"}],"replies":[{"embeddable":true,"href":"https:\/\/www.oarcanjo.net\/site\/wp-json\/wp\/v2\/comments?post=23660"}],"version-history":[{"count":0,"href":"https:\/\/www.oarcanjo.net\/site\/wp-json\/wp\/v2\/posts\/23660\/revisions"}],"wp:attachment":[{"href":"https:\/\/www.oarcanjo.net\/site\/wp-json\/wp\/v2\/media?parent=23660"}],"wp:term":[{"taxonomy":"category","embeddable":true,"href":"https:\/\/www.oarcanjo.net\/site\/wp-json\/wp\/v2\/categories?post=23660"},{"taxonomy":"post_tag","embeddable":true,"href":"https:\/\/www.oarcanjo.net\/site\/wp-json\/wp\/v2\/tags?post=23660"}],"curies":[{"name":"wp","href":"https:\/\/api.w.org\/{rel}","templated":true}]}}