
{"id":23676,"date":"2013-11-07T20:53:20","date_gmt":"2013-11-07T22:53:20","guid":{"rendered":"http:\/\/www.oarcanjo.net\/site\/?p=23676"},"modified":"2013-11-07T20:54:02","modified_gmt":"2013-11-07T22:54:02","slug":"a-familia-e-o-centro","status":"publish","type":"post","link":"https:\/\/www.oarcanjo.net\/site\/a-familia-e-o-centro\/","title":{"rendered":"A Fam\u00edlia \u00e9 o Centro"},"content":{"rendered":"<p>\u201cO tema da fam\u00edlia est\u00e1 no centro do cora\u00e7\u00e3o do Papa Francisco. Tanto que o primeiro grande ato do Seu pontificado foi a convoca\u00e7\u00e3o do S\u00ednodo dos Bispos sobre a fam\u00edlia\u201d. Estas foram as primeiras palavras proferidas por dom Vincenzo Paglia, presidente do Pontif\u00edcio Conselho para a Fam\u00edlia, em sua exposi\u00e7\u00e3o para cerca de 350 pessoas que lotaram o audit\u00f3rio Paulo Ap\u00f3stolo, nas Irm\u00e3s Paulinas, em S\u00e3o Paulo, na noite de ter\u00e7a-feira, 5\/11, sob o tema \u201cFam\u00edlia, sujeito de uma nova evangeliza\u00e7\u00e3o do amor&#8221;<\/p>\n<p>Ap\u00f3s momento de ora\u00e7\u00e3o conduzido pela irm\u00e3 Ivonete Kurten, fsp, o cardeal dom Odilo Pedro Scherer, arcebispo metropolitano de S\u00e3o Paulo, intermediou o encontro, saudou a todos e agradeceu o arcebispo italiano por sua palavra orientadora e encorajadora.<\/p>\n<p>Os agentes de pastoral, sacerdotes, religiosas, membros de movimentos, grupos e comunidades, engajados no trabalho da evangeliza\u00e7\u00e3o familiar, foram ouvir do prelado o que a Igreja e o Papa est\u00e3o articulando acerca dos desafios atuais enfrentados pelas fam\u00edlias.<\/p>\n<p>Dom Vincenzo falou veementemente sobre a import\u00e2ncia da fam\u00edlia para a Igreja e a sociedade, ratificando que ser\u00e1 a segunda vez que o S\u00ednodo dos Bispos tratar\u00e1 sobre o mesmo assunto. Ele acredita que a fam\u00edlia \u00e9 a realidade que apoia e sustenta a sociedade, sobretudo nos momentos de crise, mas que n\u00e3o \u00e9 valorizada. Pelo contr\u00e1rio, s\u00e3o \u201cusadas\u201d pelo governo. \u201cN\u00f3s devemos mudar esta contradi\u00e7\u00e3o desta nossa sociedade contempor\u00e2nea\u201d, conclui.\u00a0Tamb\u00e9m na ter\u00e7a-feira, 5\/11, o Vaticano apresentou o\u00a0<a href=\"http:\/\/press.vatican.va\/content\/dam\/salastampa\/it\/bollettino\/documentazione-linkata\/Documento-preparatorio-IIIAssGenStraord_POR.pdf\" target=\"_blank\">Documento de Prepara\u00e7\u00e3o<\/a><a href=\"http:\/\/press.vatican.va\/content\/dam\/salastampa\/it\/bollettino\/documentazione-linkata\/Documento-preparatorio-IIIAssGenStraord_POR.pdf\" target=\"_blank\"> <\/a>para o S\u00ednodo, que inclui um question\u00e1rio com 38 quesitos a ser respondidos por toda a Igreja.<\/p>\n<p>O arcebispo de S\u00e3o Paulo pediu para que todos acompanhem a prepara\u00e7\u00e3o da Assembleia dos S\u00ednodos, que vai acontecer de 5 a 19 de outubro de 2014, e fa\u00e7am votos para que Ela contribua, de fato, para a realidade da fam\u00edlia, a qual vive uma grande crise, mas que n\u00e3o pode ser abandonada, pois \u201ca fam\u00edlia est\u00e1 no Plano de Deus\u201d.<\/p>\n<p>Quando indagado sobre a atua\u00e7\u00e3o da m\u00eddia e seu poder de articula\u00e7\u00e3o e influ\u00eancia junto \u00e0 sociedade, o arcebispo italiano ressaltou que todos conhecem bem sobre esta quest\u00e3o e devem sentir-se respons\u00e1veis na educa\u00e7\u00e3o das crian\u00e7as e adolescentes. \u201cN\u00e3o se esque\u00e7a de educar os filhos com di\u00e1logo. \u00c9 preciso perder tempo com eles, de uma forma inteligente\u201d.<\/p>\n<p>Ao ser perguntando se no S\u00ednodo haver\u00e1 alguma orienta\u00e7\u00e3o para que nas hom\u00edlias sejam refor\u00e7adas a uni\u00e3o entre a sociedade e a Igreja, uma geradora da outra, dom Paglia confessou que \u201cno fim de novembro de 2013 o Papa Francisco escrever\u00e1 uma enc\u00edclica onde falar\u00e1 muito das hom\u00edlias\u201d.<\/p>\n<p>Em entrevista ao site da Arquidiocese de S\u00e3o Paulo, o Padre Wladimir Porreca &#8211; assessor da Comiss\u00e3o Episcopal Pastoral para a Vida e a Fam\u00edlia da CNBB, disse que a presen\u00e7a do Monsenhor Paglia \u00e9 um refor\u00e7o, apoio e incentivo para todo o trabalho que \u00e9 realizado no pa\u00eds. \u201cQuando Ele coloca as diretrizes daquilo que a Igreja do mundo inteiro tem trabalhado, acaba mostrando a beleza da caminhada da Igreja no Brasil\u201d.<\/p>\n<p>Segundo Padre Wladimir, a falta de unidade entre os que atuam na Pastoral da Fam\u00edlia \u00e9 um dos principais desafios a serem enfrentados. Para o assessor da CNBB, existem dois aspectos importantes a serem refor\u00e7ados: entender sobre Comiss\u00e3o de Fam\u00edlia e colocar Jesus Cristo em primeiro lugar para depois chegar \u00e0 catequese. \u201c\u00c0s vezes n\u00f3s nos preocupamos muito com normas e deixamos de lado aquilo que \u00e9 essencial, no sentido de evangeliza\u00e7\u00e3o, da beleza da fam\u00edlia crist\u00e3\u201d. Padre Wladimir afirma que n\u00e3o se deve ficar fechado entre grupos, \u00e9 preciso ter uma a\u00e7\u00e3o social.<\/p>\n<p>Dom Odilo lembrou que a assembleia extraordin\u00e1ria do pr\u00f3ximo ano, est\u00e1 em conson\u00e2ncia com a ordin\u00e1ria j\u00e1 prevista para 2015 com o tema \u201cA pessoa humana e a sociedade\u201d. Ele diz que a fam\u00edlia estar\u00e1 inserida numa tem\u00e1tica mais ampla. \u201cO que \u00e9 a pessoa humana? Quem \u00e9 o homem, \u00e0 Luz da F\u00e9? A antropologia tamb\u00e9m est\u00e1 numa crise\u201d.<\/p>\n<p>Sobre os in\u00fameros questionamentos levantados sobre o S\u00ednodo, Padre Wladimir Porreca avisa que as pessoas precisam entender que o S\u00ednodo n\u00e3o \u00e9 um receitu\u00e1rio. Ele tem como ponto principal favorecer a beleza da fam\u00edlia. \u201cO crist\u00e3o cat\u00f3lico tem de saber que o modelo de fam\u00edlia crist\u00e3 \u00e9 o da felicidade\u201d.<\/p>\n<p>Monsenhor Vincenzo Paglia despediu-se citando o trecho da homilia de dom Oscar Romero (1917-1980), quando este estava celebrando o funeral de um padre que fora assassinato pelo esquadr\u00e3o da morte: \u2018O Conc\u00edlio pede a todos os crist\u00e3os serem m\u00e1rtires, ou seja, de darem a vida. Alguns s\u00e3o pedidos dar a vida at\u00e9 o sangue, como este sacerdote. Mas, a todos n\u00f3s, o Senhor pede para dar a vida; bem com uma m\u00e3e, que quando concebe um filho, o amamenta, o faz crescer. Esta m\u00e3e \u00e9 um m\u00e1rtire, porque est\u00e1 dando uma vida\u2019.<\/p>\n<p>Em sua passagem pelo Brasil, o presidente do Pontif\u00edcio Conselho para a Fam\u00edlia, j\u00e1 esteve em Salvador, na segunda-feira, 4\/11, com dom Murilo Krieger, arcebispo de Salvador. Na ocasi\u00e3o, Dom Paglia entregou uma contribui\u00e7\u00e3o econ\u00f4mica, enviada pelo Papa Francisco, para o Centro de acolhimento para crian\u00e7as &#8220;Nova Semente&#8221;. J\u00e1 na cidade de S\u00e3o Paulo, Ele concedeu uma entrevista coletiva \u00e0 jornalistas, na tarde de quarta-feira, 6\/11. Nesta quinta-feira, 7\/11, viaja a cidade de Aparecida e retornar \u00e0 Roma na sexta-feira, 8\/11.<\/p>\n<p>Assista na Web TV Paulo Ap\u00f3stolo a \u00edntegra da palestra de dom Vincenzo Paglia:<\/p>\n<p><iframe loading=\"lazy\" width=\"560\" height=\"315\" src=\"\/\/www.youtube.com\/embed\/g19SP6XHMrE?rel=0\" frameborder=\"0\" allowfullscreen><\/iframe><\/p>\n<p><em>Fonte: Arquidiocese de S\u00e3o Paulo<\/em><\/p>\n<div id=\"themify_builder_content-23676\" data-postid=\"23676\" class=\"themify_builder_content themify_builder_content-23676 themify_builder themify_builder_front\">\n\t<\/div>\n<!-- \/themify_builder_content -->","protected":false},"excerpt":{"rendered":"<p>\u201cO tema da fam\u00edlia est\u00e1 no centro do cora\u00e7\u00e3o do Papa Francisco. Tanto que o primeiro grande ato do Seu pontificado foi a convoca\u00e7\u00e3o do S\u00ednodo dos Bispos sobre a fam\u00edlia\u201d. Estas foram as primeiras palavras proferidas por dom Vincenzo Paglia, presidente do Pontif\u00edcio Conselho para a Fam\u00edlia, em sua exposi\u00e7\u00e3o para cerca de 350 [&hellip;]<\/p>\n","protected":false},"author":5,"featured_media":0,"comment_status":"open","ping_status":"open","sticky":false,"template":"","format":"standard","meta":{"ngg_post_thumbnail":0,"footnotes":""},"categories":[8],"tags":[2774,119,2433,2705],"yoast_head":"<!-- This site is optimized with the Yoast SEO plugin v23.5 - https:\/\/yoast.com\/wordpress\/plugins\/seo\/ -->\n<title>A Fam\u00edlia \u00e9 o Centro - O Arcanjo no ar<\/title>\n<meta name=\"robots\" content=\"index, follow, max-snippet:-1, max-image-preview:large, max-video-preview:-1\" \/>\n<link rel=\"canonical\" href=\"https:\/\/www.oarcanjo.net\/site\/a-familia-e-o-centro\/\" \/>\n<meta property=\"og:locale\" content=\"pt_BR\" \/>\n<meta property=\"og:type\" content=\"article\" \/>\n<meta property=\"og:title\" content=\"A Fam\u00edlia \u00e9 o Centro - O Arcanjo no ar\" \/>\n<meta property=\"og:description\" content=\"\u201cO tema da fam\u00edlia est\u00e1 no centro do cora\u00e7\u00e3o do Papa Francisco. Tanto que o primeiro grande ato do Seu pontificado foi a convoca\u00e7\u00e3o do S\u00ednodo dos Bispos sobre a fam\u00edlia\u201d. Estas foram as primeiras palavras proferidas por dom Vincenzo Paglia, presidente do Pontif\u00edcio Conselho para a Fam\u00edlia, em sua exposi\u00e7\u00e3o para cerca de 350 [&hellip;]\" \/>\n<meta property=\"og:url\" content=\"https:\/\/www.oarcanjo.net\/site\/a-familia-e-o-centro\/\" \/>\n<meta property=\"og:site_name\" content=\"O Arcanjo no ar\" \/>\n<meta property=\"article:publisher\" content=\"https:\/\/www.facebook.com\/OArcanjoNoAr\/\" \/>\n<meta property=\"article:published_time\" content=\"2013-11-07T22:53:20+00:00\" \/>\n<meta property=\"article:modified_time\" content=\"2013-11-07T22:54:02+00:00\" \/>\n<meta property=\"og:image\" content=\"https:\/\/www.oarcanjo.net\/site\/wp-content\/uploads\/logo-o-arcanjo-no-ar-facebook.png\" \/>\n\t<meta property=\"og:image:width\" content=\"300\" \/>\n\t<meta property=\"og:image:height\" content=\"300\" \/>\n\t<meta property=\"og:image:type\" content=\"image\/png\" \/>\n<meta name=\"author\" content=\"editor\" \/>\n<meta name=\"twitter:card\" content=\"summary_large_image\" \/>\n<meta name=\"twitter:label1\" content=\"Escrito por\" \/>\n\t<meta name=\"twitter:data1\" content=\"editor\" \/>\n\t<meta name=\"twitter:label2\" content=\"Est. tempo de leitura\" \/>\n\t<meta name=\"twitter:data2\" content=\"5 minutos\" \/>\n<script type=\"application\/ld+json\" class=\"yoast-schema-graph\">{\"@context\":\"https:\/\/schema.org\",\"@graph\":[{\"@type\":\"Article\",\"@id\":\"https:\/\/www.oarcanjo.net\/site\/a-familia-e-o-centro\/#article\",\"isPartOf\":{\"@id\":\"https:\/\/www.oarcanjo.net\/site\/a-familia-e-o-centro\/\"},\"author\":{\"name\":\"editor\",\"@id\":\"https:\/\/www.oarcanjo.net\/site\/#\/schema\/person\/f7024d007863202483a31326673a0838\"},\"headline\":\"A Fam\u00edlia \u00e9 o Centro\",\"datePublished\":\"2013-11-07T22:53:20+00:00\",\"dateModified\":\"2013-11-07T22:54:02+00:00\",\"mainEntityOfPage\":{\"@id\":\"https:\/\/www.oarcanjo.net\/site\/a-familia-e-o-centro\/\"},\"wordCount\":978,\"commentCount\":0,\"publisher\":{\"@id\":\"https:\/\/www.oarcanjo.net\/site\/#organization\"},\"keywords\":[\"Dom Vincenzo Paglia\",\"fam\u00edlia\",\"Papa Francisco\",\"S\u00ednodo dos Bispos\"],\"articleSection\":[\"Not\u00edcias\"],\"inLanguage\":\"pt-BR\",\"potentialAction\":[{\"@type\":\"CommentAction\",\"name\":\"Comment\",\"target\":[\"https:\/\/www.oarcanjo.net\/site\/a-familia-e-o-centro\/#respond\"]}]},{\"@type\":\"WebPage\",\"@id\":\"https:\/\/www.oarcanjo.net\/site\/a-familia-e-o-centro\/\",\"url\":\"https:\/\/www.oarcanjo.net\/site\/a-familia-e-o-centro\/\",\"name\":\"A Fam\u00edlia \u00e9 o Centro - O Arcanjo no ar\",\"isPartOf\":{\"@id\":\"https:\/\/www.oarcanjo.net\/site\/#website\"},\"datePublished\":\"2013-11-07T22:53:20+00:00\",\"dateModified\":\"2013-11-07T22:54:02+00:00\",\"breadcrumb\":{\"@id\":\"https:\/\/www.oarcanjo.net\/site\/a-familia-e-o-centro\/#breadcrumb\"},\"inLanguage\":\"pt-BR\",\"potentialAction\":[{\"@type\":\"ReadAction\",\"target\":[\"https:\/\/www.oarcanjo.net\/site\/a-familia-e-o-centro\/\"]}]},{\"@type\":\"BreadcrumbList\",\"@id\":\"https:\/\/www.oarcanjo.net\/site\/a-familia-e-o-centro\/#breadcrumb\",\"itemListElement\":[{\"@type\":\"ListItem\",\"position\":1,\"name\":\"In\u00edcio\",\"item\":\"https:\/\/www.oarcanjo.net\/site\/\"},{\"@type\":\"ListItem\",\"position\":2,\"name\":\"A Fam\u00edlia \u00e9 o Centro\"}]},{\"@type\":\"WebSite\",\"@id\":\"https:\/\/www.oarcanjo.net\/site\/#website\",\"url\":\"https:\/\/www.oarcanjo.net\/site\/\",\"name\":\"O Arcanjo no ar\",\"description\":\"Site da Par\u00f3quia S\u00e3o Miguel Arcanjo (Arquidiocese de SP)\",\"publisher\":{\"@id\":\"https:\/\/www.oarcanjo.net\/site\/#organization\"},\"potentialAction\":[{\"@type\":\"SearchAction\",\"target\":{\"@type\":\"EntryPoint\",\"urlTemplate\":\"https:\/\/www.oarcanjo.net\/site\/?s={search_term_string}\"},\"query-input\":{\"@type\":\"PropertyValueSpecification\",\"valueRequired\":true,\"valueName\":\"search_term_string\"}}],\"inLanguage\":\"pt-BR\"},{\"@type\":\"Organization\",\"@id\":\"https:\/\/www.oarcanjo.net\/site\/#organization\",\"name\":\"Par\u00f3quia S\u00e3o Miguel Arcanjo\",\"url\":\"https:\/\/www.oarcanjo.net\/site\/\",\"logo\":{\"@type\":\"ImageObject\",\"inLanguage\":\"pt-BR\",\"@id\":\"https:\/\/www.oarcanjo.net\/site\/#\/schema\/logo\/image\/\",\"url\":\"https:\/\/www.oarcanjo.net\/site\/wp-content\/uploads\/LogoOArcanjo.png\",\"contentUrl\":\"https:\/\/www.oarcanjo.net\/site\/wp-content\/uploads\/LogoOArcanjo.png\",\"width\":319,\"height\":99,\"caption\":\"Par\u00f3quia S\u00e3o Miguel Arcanjo\"},\"image\":{\"@id\":\"https:\/\/www.oarcanjo.net\/site\/#\/schema\/logo\/image\/\"},\"sameAs\":[\"https:\/\/www.facebook.com\/OArcanjoNoAr\/\"]},{\"@type\":\"Person\",\"@id\":\"https:\/\/www.oarcanjo.net\/site\/#\/schema\/person\/f7024d007863202483a31326673a0838\",\"name\":\"editor\",\"sameAs\":[\"http:\/\/www.oarcanjo.net\"]}]}<\/script>\n<!-- \/ Yoast SEO plugin. -->","yoast_head_json":{"title":"A Fam\u00edlia \u00e9 o Centro - O Arcanjo no ar","robots":{"index":"index","follow":"follow","max-snippet":"max-snippet:-1","max-image-preview":"max-image-preview:large","max-video-preview":"max-video-preview:-1"},"canonical":"https:\/\/www.oarcanjo.net\/site\/a-familia-e-o-centro\/","og_locale":"pt_BR","og_type":"article","og_title":"A Fam\u00edlia \u00e9 o Centro - O Arcanjo no ar","og_description":"\u201cO tema da fam\u00edlia est\u00e1 no centro do cora\u00e7\u00e3o do Papa Francisco. Tanto que o primeiro grande ato do Seu pontificado foi a convoca\u00e7\u00e3o do S\u00ednodo dos Bispos sobre a fam\u00edlia\u201d. Estas foram as primeiras palavras proferidas por dom Vincenzo Paglia, presidente do Pontif\u00edcio Conselho para a Fam\u00edlia, em sua exposi\u00e7\u00e3o para cerca de 350 [&hellip;]","og_url":"https:\/\/www.oarcanjo.net\/site\/a-familia-e-o-centro\/","og_site_name":"O Arcanjo no ar","article_publisher":"https:\/\/www.facebook.com\/OArcanjoNoAr\/","article_published_time":"2013-11-07T22:53:20+00:00","article_modified_time":"2013-11-07T22:54:02+00:00","og_image":[{"width":300,"height":300,"url":"https:\/\/www.oarcanjo.net\/site\/wp-content\/uploads\/logo-o-arcanjo-no-ar-facebook.png","type":"image\/png"}],"author":"editor","twitter_card":"summary_large_image","twitter_misc":{"Escrito por":"editor","Est. tempo de leitura":"5 minutos"},"schema":{"@context":"https:\/\/schema.org","@graph":[{"@type":"Article","@id":"https:\/\/www.oarcanjo.net\/site\/a-familia-e-o-centro\/#article","isPartOf":{"@id":"https:\/\/www.oarcanjo.net\/site\/a-familia-e-o-centro\/"},"author":{"name":"editor","@id":"https:\/\/www.oarcanjo.net\/site\/#\/schema\/person\/f7024d007863202483a31326673a0838"},"headline":"A Fam\u00edlia \u00e9 o Centro","datePublished":"2013-11-07T22:53:20+00:00","dateModified":"2013-11-07T22:54:02+00:00","mainEntityOfPage":{"@id":"https:\/\/www.oarcanjo.net\/site\/a-familia-e-o-centro\/"},"wordCount":978,"commentCount":0,"publisher":{"@id":"https:\/\/www.oarcanjo.net\/site\/#organization"},"keywords":["Dom Vincenzo Paglia","fam\u00edlia","Papa Francisco","S\u00ednodo dos Bispos"],"articleSection":["Not\u00edcias"],"inLanguage":"pt-BR","potentialAction":[{"@type":"CommentAction","name":"Comment","target":["https:\/\/www.oarcanjo.net\/site\/a-familia-e-o-centro\/#respond"]}]},{"@type":"WebPage","@id":"https:\/\/www.oarcanjo.net\/site\/a-familia-e-o-centro\/","url":"https:\/\/www.oarcanjo.net\/site\/a-familia-e-o-centro\/","name":"A Fam\u00edlia \u00e9 o Centro - O Arcanjo no ar","isPartOf":{"@id":"https:\/\/www.oarcanjo.net\/site\/#website"},"datePublished":"2013-11-07T22:53:20+00:00","dateModified":"2013-11-07T22:54:02+00:00","breadcrumb":{"@id":"https:\/\/www.oarcanjo.net\/site\/a-familia-e-o-centro\/#breadcrumb"},"inLanguage":"pt-BR","potentialAction":[{"@type":"ReadAction","target":["https:\/\/www.oarcanjo.net\/site\/a-familia-e-o-centro\/"]}]},{"@type":"BreadcrumbList","@id":"https:\/\/www.oarcanjo.net\/site\/a-familia-e-o-centro\/#breadcrumb","itemListElement":[{"@type":"ListItem","position":1,"name":"In\u00edcio","item":"https:\/\/www.oarcanjo.net\/site\/"},{"@type":"ListItem","position":2,"name":"A Fam\u00edlia \u00e9 o Centro"}]},{"@type":"WebSite","@id":"https:\/\/www.oarcanjo.net\/site\/#website","url":"https:\/\/www.oarcanjo.net\/site\/","name":"O Arcanjo no ar","description":"Site da Par\u00f3quia S\u00e3o Miguel Arcanjo (Arquidiocese de SP)","publisher":{"@id":"https:\/\/www.oarcanjo.net\/site\/#organization"},"potentialAction":[{"@type":"SearchAction","target":{"@type":"EntryPoint","urlTemplate":"https:\/\/www.oarcanjo.net\/site\/?s={search_term_string}"},"query-input":{"@type":"PropertyValueSpecification","valueRequired":true,"valueName":"search_term_string"}}],"inLanguage":"pt-BR"},{"@type":"Organization","@id":"https:\/\/www.oarcanjo.net\/site\/#organization","name":"Par\u00f3quia S\u00e3o Miguel Arcanjo","url":"https:\/\/www.oarcanjo.net\/site\/","logo":{"@type":"ImageObject","inLanguage":"pt-BR","@id":"https:\/\/www.oarcanjo.net\/site\/#\/schema\/logo\/image\/","url":"https:\/\/www.oarcanjo.net\/site\/wp-content\/uploads\/LogoOArcanjo.png","contentUrl":"https:\/\/www.oarcanjo.net\/site\/wp-content\/uploads\/LogoOArcanjo.png","width":319,"height":99,"caption":"Par\u00f3quia S\u00e3o Miguel Arcanjo"},"image":{"@id":"https:\/\/www.oarcanjo.net\/site\/#\/schema\/logo\/image\/"},"sameAs":["https:\/\/www.facebook.com\/OArcanjoNoAr\/"]},{"@type":"Person","@id":"https:\/\/www.oarcanjo.net\/site\/#\/schema\/person\/f7024d007863202483a31326673a0838","name":"editor","sameAs":["http:\/\/www.oarcanjo.net"]}]}},"publishpress_future_action":{"enabled":false,"date":"2026-05-10 06:36:45","action":"category","newStatus":"draft","terms":[],"taxonomy":"category"},"publishpress_future_workflow_manual_trigger":{"enabledWorkflows":[]},"_links":{"self":[{"href":"https:\/\/www.oarcanjo.net\/site\/wp-json\/wp\/v2\/posts\/23676"}],"collection":[{"href":"https:\/\/www.oarcanjo.net\/site\/wp-json\/wp\/v2\/posts"}],"about":[{"href":"https:\/\/www.oarcanjo.net\/site\/wp-json\/wp\/v2\/types\/post"}],"author":[{"embeddable":true,"href":"https:\/\/www.oarcanjo.net\/site\/wp-json\/wp\/v2\/users\/5"}],"replies":[{"embeddable":true,"href":"https:\/\/www.oarcanjo.net\/site\/wp-json\/wp\/v2\/comments?post=23676"}],"version-history":[{"count":0,"href":"https:\/\/www.oarcanjo.net\/site\/wp-json\/wp\/v2\/posts\/23676\/revisions"}],"wp:attachment":[{"href":"https:\/\/www.oarcanjo.net\/site\/wp-json\/wp\/v2\/media?parent=23676"}],"wp:term":[{"taxonomy":"category","embeddable":true,"href":"https:\/\/www.oarcanjo.net\/site\/wp-json\/wp\/v2\/categories?post=23676"},{"taxonomy":"post_tag","embeddable":true,"href":"https:\/\/www.oarcanjo.net\/site\/wp-json\/wp\/v2\/tags?post=23676"}],"curies":[{"name":"wp","href":"https:\/\/api.w.org\/{rel}","templated":true}]}}