
{"id":23680,"date":"2013-11-08T09:00:25","date_gmt":"2013-11-08T11:00:25","guid":{"rendered":"http:\/\/www.oarcanjo.net\/site\/?p=23680"},"modified":"2013-11-08T09:00:25","modified_gmt":"2013-11-08T11:00:25","slug":"encerramento-do-ano-da-fe","status":"publish","type":"post","link":"https:\/\/www.oarcanjo.net\/site\/encerramento-do-ano-da-fe\/","title":{"rendered":"Encerramento do Ano da F\u00e9"},"content":{"rendered":"<p style=\"text-align: justify;\"><em>Pe. Alfredo J. Gon\u00e7alves, CS<\/em><\/p>\n<p style=\"text-align: justify;\">No dia 24 de novembro de 2013, na Pra\u00e7a S\u00e3o Pedro, Roma, o Papa Francisco celebrar\u00e1 o encerramento do <em>Ano da F\u00e9<\/em>, iniciativa aberta por seu predecessor numa cerim\u00f4nia realizada no dia 11 de outubro de 2012. \u201cO <em>Ano da f\u00e9<\/em> que estamos inaugurando hoje\u201d \u2013 dizia o ent\u00e3o Papa Bento XIV em sua homilia para aquela ocasi\u00e3o \u2013 \u201cest\u00e1 ligado coerentemente com todo o caminho da Igreja ao longo dos \u00faltimos 50 anos: desde o Conc\u00edlio Ecum\u00eanico Vaticano II, passando pelo Magist\u00e9rio do Servo de Deus Paulo VI, que proclamou o <em>Ano da f\u00e9<\/em> em 1967, at\u00e9 chegar ao Grande Jubileu do ano 2000.<\/p>\n<p style=\"text-align: justify;\">&nbsp;<\/p>\n<p style=\"text-align: justify;\"><strong><em>Um olhar para tr\u00e1s<\/em><\/strong><\/p>\n<p style=\"text-align: justify;\">Que frutos podemos colher dessa iniciativa de suma import\u00e2ncia para a caminhada da Igreja? Uma olhada ao retrovisor bastar\u00e1 para constatar sua incid\u00eancia, tanto no interior da pr\u00f3pria Igreja quanto na sociedade em geral. Primeiro, como lembrava o Papa, destacamos a celebra\u00e7\u00e3o dos 50 anos de Conc\u00edlio Vativano II, evento que transformou\u00a0 n\u00e3o s\u00f3 o corpo e a estrutura, como tamb\u00e9m toda a a\u00e7\u00e3o pastoral da Igreja. Documentos como a <em>Lumen Gentium<\/em>, a <em>Ad Gentes<\/em> e a <em>Gaudium et Spes<\/em> \u2013 para s\u00f3 citar alguns \u2013 trouxeram nova vida \u00e0 liturgia, \u00e0 missionariedade e \u00e0 nova evangeliza\u00e7\u00e3o. Grande heran\u00e7a do Conc\u00edlio, vale destacar o conceito de Igreja como Povo de Deus, aberta ao di\u00e1logo com os desafios do mundo contempor\u00e2neo.<\/p>\n<p style=\"text-align: justify;\">Depois, o <em>Ano da f\u00e9<\/em> celebra tamb\u00e9m os 20 anos do <em>Catecismo da Igreja Cat\u00f3lica<\/em>, onde se fundem e difundem as linhas mestras da mensagem evang\u00e9lica e de todo o Magist\u00e9rio no decorrer dos s\u00e9culos. Mais do que leis e dogmas a serem seguidos, trata-se de luzes que orientam a perten\u00e7a e o trabalho de todo o batizado, seja no interior da Igreja, seja em sua solicitude para com oa pobres e mais necessitados. Um farol que, em meio \u00e0s tempestades do mundo moderno, procura apontar o rumo do porto \u2013 vida e obra, gestos e palavras de Jesus Cristo.<\/p>\n<p style=\"text-align: justify;\">Em terceiro lugar, duas cartas conferem verdadeira subst\u00e2ncia \u00e0 intui\u00e7\u00e3o do Papa: a carta apost\u00f3lica <em>Porta fidei<\/em> e a carta enc\u00edclica <em>Lumen fidei<\/em>. A primeira delas \u00e9 justamente o documento com o qual se proclama o <em>Ano da f\u00e9<\/em>. Ilustrativo a esse respeito \u00e9 seu t\u00edtulo: a porta da f\u00e9 abre horizontes novos a uma sociedade que, pouco a pouco, vem perdendo o sentido da vida humana. Tamb\u00e9m na segunda carta o t\u00edtulo aponta numa dire\u00e7\u00e3o precisa: a luz da f\u00e9 nos ensina a olhar a exist\u00eancia pessoal e a pr\u00f3pria hist\u00f3ria com o olhar iluminado de Jesus.<\/p>\n<p style=\"text-align: justify;\">Por fim, n\u00e3o seria exagero falar da Jornada Mundial da Juventude (JMJ), no Rio de Janeiro, Brasil, como de um evento ligado ao Ano da f\u00e9. Mostram-no bem os dois s\u00edmbolos utilizados: a cruz e o \u00edcone de Maria. De fato, aos p\u00e9s da cruz, a f\u00e9 adquire um car\u00e1ter realista diante do sofrimento humano, onde tantas pessoas continuam crucificadas pela viol\u00eancia, guerra, injusti\u00e7a, as drogas e o abandono e, ao mesmo tempo, uma vis\u00e3o de esperan\u00e7a como caminho para a ressurrei\u00e7\u00e3o. A vida, e n\u00e3o a morte, possui a \u00faltima palavra.<\/p>\n<p style=\"text-align: justify;\">&nbsp;<\/p>\n<p style=\"text-align: justify;\"><strong><em>Um olhar para frente<\/em><\/strong><\/p>\n<p style=\"text-align: justify;\">\u00c9 justamente a partir da \u00faltima edi\u00e7\u00e3o da JMJ que podemos manter um olhar prospectivo. Naquele grandioso evento, diante de uma multid\u00e3o incont\u00e1vel reunida na praia de Copacabana, o Papa Francisco convocava os jovens do mundo inteiro a serem \u201cverdadeiros protagonistas da evangeliza\u00e7\u00e3o\u201d. O pr\u00f3prio lema da Jornada \u2013 \u201cIde e fazei disc\u00edpulos entre todas as na\u00e7\u00f5es\u201d (Mt 28,18) \u2013 sublinha a relev\u00e2ncia de uma <em>nova evangeliza\u00e7\u00e3o<\/em>, nova em seus conte\u00fados e em seus m\u00e9todos, como j\u00e1 sublinhava o Papa Jo\u00e3o Paulo II.<\/p>\n<p style=\"text-align: justify;\">A carta enc\u00edclica <em>Lumen fidei<\/em>, entretanto, constitui um instrumento privilegiado para resgatar a heran\u00e7a recebida neste <em>Ano da f\u00e9<\/em> e, simultaneamente, clarear o caminho de nossos passos, especialmente no que diz respeito \u00e0 \u201cquest\u00e3o social\u201d. Como diz o texto, \u201ca f\u00e9 torna-se luz para iluminar todas as rela\u00e7\u00f5es sociais\u201d (n\u00ba 54). Vale a pena deter-se numa cita\u00e7\u00e3o um pouco mais longa: \u201cA f\u00e9, al\u00e9m disso, ao revelar-nos o amor de Deus criador, nos confere maior respeito pela natureza, fazendo-nos reconhecer na mesma uma gram\u00e1tica escrita por Ele e uma casa a n\u00f3s confiada, para que seja cuidada e cultivada. Ajuda-nos a encontrar modelos de desenvolvimento que n\u00e3o se baseiem somente na utilidade e no lucro, mas que considerem a cria\u00e7\u00e3o como dom, do qual todos somos devedores. Ensina-nos a identificar formas justas de governo, reconhecendo que a autoridade vem de Deus para estar a servi\u00e7o do bem comum\u201d (n\u00ba55).<\/p>\n<p style=\"text-align: justify;\">Eis um programa para uma sociedade renovada: justa, fraterna, solid\u00e1ria e, respondendo aos desafios atuais, social, econ\u00f4mica e ecologicamente sustent\u00e1vel. O documento tenta afastar o risco de destrui\u00e7\u00e3o e devasta\u00e7\u00e3o do planeta, bem como a contamina\u00e7\u00e3o do ar e das \u00e1guas, em vista de um mundo onde todos possam viver em paz e sentar-se \u00e0 mesma mesa. Igual perspectiva se l\u00ea nas \u00faltimas interven\u00e7\u00f5es do Papa Francisco contra a guerra. Emblem\u00e1tica, por exemplo, foi a <em>vig\u00edlia pela paz<\/em>, na Pra\u00e7a S\u00e3o Pedro, no s\u00e1bado, dia 07 de setembro de 2013. Diante de mais de 100 mil pessoas, o Pont\u00edfice insistia que exitem outras vias para a resolu\u00e7\u00e3o das tens\u00f5es e conflitos internacionais. \u201cA guera nunca \u00e9 o verdadeiro caminho da paz. Guerra chama guerra, vol\u00eancia chama viol\u00eancia\u201d!<\/p>\n<p style=\"text-align: justify;\">Voltando ao <em>Ano da f\u00e9<\/em>, conv\u00e9m n\u00e3o esquecer que esse per\u00edodo longo de reflex\u00e3o e ora\u00e7\u00e3o nos conferiu um <em>novo olhar<\/em> sobre os acontecimentos pessoais, familiares, comunit\u00e1rios e eclesiais, bem como sociais, econ\u00f4micos, pol\u00edticos e culturais. Esse olhar reporta-se justamente \u00e0 misercic\u00f3rdia de Jesus para com os pobres e exclu\u00eddos da vida e da hist\u00f3ria: \u201cEle se moveu de compaix\u00e3o, vendo as multid\u00f5es cansadas e abatidas como ovelhas sem pastor\u201d (Mt 9,35-38). Olhar que, usando uma express\u00e3o cara ao Papa Francisco, nos levar a \u201csair de si mesmo para ir ao encontro do outro\u201d, especialmente daqueles que habitam os por\u00f5es e as periferias das grandes cidades, ou os grot\u00f5es ignorados do sert\u00e3o.<\/p>\n<p style=\"text-align: justify;\">Podemos concluir citando novamente a <em>Lumen fidei<\/em>: \u201cA f\u00e9 ilumina o viver social: possui uma luz criativa para cada momento novo da hist\u00f3ria, porque coloca todos os eventos em rela\u00e7\u00e3o com a origem e o destino de tudo no Pai que nos ama\u201d (n\u00ba55). Com os olhos da f\u00e9 \u00e9 poss\u00edvel romper com os grilh\u00f5es das tiranias fossilizadas, cristalizadas sobre interesses pessoais e corporativistas, abrindo novas veredas para a reconstru\u00e7\u00e3o do Reino de Deus. Enquanto o tirano encerra a hist\u00f3ria dentro de sua mentalidade ego\u00edstica e egoc\u00eantrica, a f\u00e9 reabre os horizontes a novas formas de esperan\u00e7a, sempre atenta a uma leitura atualizada dos <em>sinais dos tempos<\/em>, como sublinhou o Conc\u00edlio Vaticano II, \u00e0 luz do Evangelho (Mt 16,1-4).<\/p>\n<p style=\"text-align: justify;\">Do ponto de vista da Pastoral dos Migrantes, n\u00e3o ser\u00e1 exagero afirmar que todo peregrino que busca p\u00e3o, paz e um futuro melhor revela para n\u00f3s a condi\u00e7\u00e3o do ser humano sobre a face da terra. Errantes pelas estradas da hist\u00f3ria, firmando e levantado nossa tenda provis\u00f3ria nas veredas do \u00eaxodo, do deserto e do ex\u00edlio, \u00e0 luz da f\u00e9 e da esperan\u00e7a caminhamos em busca da p\u00e1tria definitiva, o Reino de Deus.<\/p>\n<p style=\"text-align: justify;\">&nbsp;<\/p>\n<p style=\"text-align: justify;\"><em>Romna, It\u00e1lia, 08 de novembro de 2013<\/em><\/p>\n<p style=\"text-align: justify;\"><em>Obs: a primeira vers\u00e3o deste texto foi escrita para a Revista Miss\u00f5es<\/em><\/p>\n<p style=\"text-align: justify;\">&nbsp;<\/p>\n<p style=\"text-align: justify;\">&nbsp;<\/p>\n<p style=\"text-align: justify;\">&nbsp;<\/p>\n<div id=\"themify_builder_content-23680\" data-postid=\"23680\" class=\"themify_builder_content themify_builder_content-23680 themify_builder themify_builder_front\">\n\t<\/div>\n<!-- \/themify_builder_content -->","protected":false},"excerpt":{"rendered":"<p>Pe. Alfredo J. Gon\u00e7alves, CS No dia 24 de novembro de 2013, na Pra\u00e7a S\u00e3o Pedro, Roma, o Papa Francisco celebrar\u00e1 o encerramento do Ano da F\u00e9, iniciativa aberta por seu predecessor numa cerim\u00f4nia realizada no dia 11 de outubro de 2012. \u201cO Ano da f\u00e9 que estamos inaugurando hoje\u201d \u2013 dizia o ent\u00e3o Papa [&hellip;]<\/p>\n","protected":false},"author":15,"featured_media":0,"comment_status":"open","ping_status":"open","sticky":false,"template":"","format":"standard","meta":{"ngg_post_thumbnail":0,"footnotes":""},"categories":[9],"tags":[],"yoast_head":"<!-- This site is optimized with the Yoast SEO plugin v23.5 - https:\/\/yoast.com\/wordpress\/plugins\/seo\/ -->\n<title>Encerramento do Ano da F\u00e9 - O Arcanjo no ar<\/title>\n<meta name=\"robots\" content=\"index, follow, max-snippet:-1, max-image-preview:large, max-video-preview:-1\" \/>\n<link rel=\"canonical\" href=\"https:\/\/www.oarcanjo.net\/site\/encerramento-do-ano-da-fe\/\" \/>\n<meta property=\"og:locale\" content=\"pt_BR\" \/>\n<meta property=\"og:type\" content=\"article\" \/>\n<meta property=\"og:title\" content=\"Encerramento do Ano da F\u00e9 - O Arcanjo no ar\" \/>\n<meta property=\"og:description\" content=\"Pe. Alfredo J. Gon\u00e7alves, CS No dia 24 de novembro de 2013, na Pra\u00e7a S\u00e3o Pedro, Roma, o Papa Francisco celebrar\u00e1 o encerramento do Ano da F\u00e9, iniciativa aberta por seu predecessor numa cerim\u00f4nia realizada no dia 11 de outubro de 2012. \u201cO Ano da f\u00e9 que estamos inaugurando hoje\u201d \u2013 dizia o ent\u00e3o Papa [&hellip;]\" \/>\n<meta property=\"og:url\" content=\"https:\/\/www.oarcanjo.net\/site\/encerramento-do-ano-da-fe\/\" \/>\n<meta property=\"og:site_name\" content=\"O Arcanjo no ar\" \/>\n<meta property=\"article:publisher\" content=\"https:\/\/www.facebook.com\/OArcanjoNoAr\/\" \/>\n<meta property=\"article:published_time\" content=\"2013-11-08T11:00:25+00:00\" \/>\n<meta property=\"og:image\" content=\"https:\/\/www.oarcanjo.net\/site\/wp-content\/uploads\/logo-o-arcanjo-no-ar-facebook.png\" \/>\n\t<meta property=\"og:image:width\" content=\"300\" \/>\n\t<meta property=\"og:image:height\" content=\"300\" \/>\n\t<meta property=\"og:image:type\" content=\"image\/png\" \/>\n<meta name=\"author\" content=\"Alexandre Nunes\" \/>\n<meta name=\"twitter:card\" content=\"summary_large_image\" \/>\n<meta name=\"twitter:label1\" content=\"Escrito por\" \/>\n\t<meta name=\"twitter:data1\" content=\"Alexandre Nunes\" \/>\n\t<meta name=\"twitter:label2\" content=\"Est. tempo de leitura\" \/>\n\t<meta name=\"twitter:data2\" content=\"7 minutos\" \/>\n<script type=\"application\/ld+json\" class=\"yoast-schema-graph\">{\"@context\":\"https:\/\/schema.org\",\"@graph\":[{\"@type\":\"Article\",\"@id\":\"https:\/\/www.oarcanjo.net\/site\/encerramento-do-ano-da-fe\/#article\",\"isPartOf\":{\"@id\":\"https:\/\/www.oarcanjo.net\/site\/encerramento-do-ano-da-fe\/\"},\"author\":{\"name\":\"Alexandre Nunes\",\"@id\":\"https:\/\/www.oarcanjo.net\/site\/#\/schema\/person\/0a2ae077c1a09b69d29928e3b9f1c0d1\"},\"headline\":\"Encerramento do Ano da F\u00e9\",\"datePublished\":\"2013-11-08T11:00:25+00:00\",\"dateModified\":\"2013-11-08T11:00:25+00:00\",\"mainEntityOfPage\":{\"@id\":\"https:\/\/www.oarcanjo.net\/site\/encerramento-do-ano-da-fe\/\"},\"wordCount\":1313,\"commentCount\":0,\"publisher\":{\"@id\":\"https:\/\/www.oarcanjo.net\/site\/#organization\"},\"articleSection\":[\"Reflex\u00f5es\"],\"inLanguage\":\"pt-BR\",\"potentialAction\":[{\"@type\":\"CommentAction\",\"name\":\"Comment\",\"target\":[\"https:\/\/www.oarcanjo.net\/site\/encerramento-do-ano-da-fe\/#respond\"]}]},{\"@type\":\"WebPage\",\"@id\":\"https:\/\/www.oarcanjo.net\/site\/encerramento-do-ano-da-fe\/\",\"url\":\"https:\/\/www.oarcanjo.net\/site\/encerramento-do-ano-da-fe\/\",\"name\":\"Encerramento do Ano da F\u00e9 - O Arcanjo no ar\",\"isPartOf\":{\"@id\":\"https:\/\/www.oarcanjo.net\/site\/#website\"},\"datePublished\":\"2013-11-08T11:00:25+00:00\",\"dateModified\":\"2013-11-08T11:00:25+00:00\",\"breadcrumb\":{\"@id\":\"https:\/\/www.oarcanjo.net\/site\/encerramento-do-ano-da-fe\/#breadcrumb\"},\"inLanguage\":\"pt-BR\",\"potentialAction\":[{\"@type\":\"ReadAction\",\"target\":[\"https:\/\/www.oarcanjo.net\/site\/encerramento-do-ano-da-fe\/\"]}]},{\"@type\":\"BreadcrumbList\",\"@id\":\"https:\/\/www.oarcanjo.net\/site\/encerramento-do-ano-da-fe\/#breadcrumb\",\"itemListElement\":[{\"@type\":\"ListItem\",\"position\":1,\"name\":\"In\u00edcio\",\"item\":\"https:\/\/www.oarcanjo.net\/site\/\"},{\"@type\":\"ListItem\",\"position\":2,\"name\":\"Encerramento do Ano da F\u00e9\"}]},{\"@type\":\"WebSite\",\"@id\":\"https:\/\/www.oarcanjo.net\/site\/#website\",\"url\":\"https:\/\/www.oarcanjo.net\/site\/\",\"name\":\"O Arcanjo no ar\",\"description\":\"Site da Par\u00f3quia S\u00e3o Miguel Arcanjo (Arquidiocese de SP)\",\"publisher\":{\"@id\":\"https:\/\/www.oarcanjo.net\/site\/#organization\"},\"potentialAction\":[{\"@type\":\"SearchAction\",\"target\":{\"@type\":\"EntryPoint\",\"urlTemplate\":\"https:\/\/www.oarcanjo.net\/site\/?s={search_term_string}\"},\"query-input\":{\"@type\":\"PropertyValueSpecification\",\"valueRequired\":true,\"valueName\":\"search_term_string\"}}],\"inLanguage\":\"pt-BR\"},{\"@type\":\"Organization\",\"@id\":\"https:\/\/www.oarcanjo.net\/site\/#organization\",\"name\":\"Par\u00f3quia S\u00e3o Miguel Arcanjo\",\"url\":\"https:\/\/www.oarcanjo.net\/site\/\",\"logo\":{\"@type\":\"ImageObject\",\"inLanguage\":\"pt-BR\",\"@id\":\"https:\/\/www.oarcanjo.net\/site\/#\/schema\/logo\/image\/\",\"url\":\"https:\/\/www.oarcanjo.net\/site\/wp-content\/uploads\/LogoOArcanjo.png\",\"contentUrl\":\"https:\/\/www.oarcanjo.net\/site\/wp-content\/uploads\/LogoOArcanjo.png\",\"width\":319,\"height\":99,\"caption\":\"Par\u00f3quia S\u00e3o Miguel Arcanjo\"},\"image\":{\"@id\":\"https:\/\/www.oarcanjo.net\/site\/#\/schema\/logo\/image\/\"},\"sameAs\":[\"https:\/\/www.facebook.com\/OArcanjoNoAr\/\"]},{\"@type\":\"Person\",\"@id\":\"https:\/\/www.oarcanjo.net\/site\/#\/schema\/person\/0a2ae077c1a09b69d29928e3b9f1c0d1\",\"name\":\"Alexandre Nunes\",\"sameAs\":[\"http:\/\/alexandrenu.com\"]}]}<\/script>\n<!-- \/ Yoast SEO plugin. -->","yoast_head_json":{"title":"Encerramento do Ano da F\u00e9 - O Arcanjo no ar","robots":{"index":"index","follow":"follow","max-snippet":"max-snippet:-1","max-image-preview":"max-image-preview:large","max-video-preview":"max-video-preview:-1"},"canonical":"https:\/\/www.oarcanjo.net\/site\/encerramento-do-ano-da-fe\/","og_locale":"pt_BR","og_type":"article","og_title":"Encerramento do Ano da F\u00e9 - O Arcanjo no ar","og_description":"Pe. Alfredo J. Gon\u00e7alves, CS No dia 24 de novembro de 2013, na Pra\u00e7a S\u00e3o Pedro, Roma, o Papa Francisco celebrar\u00e1 o encerramento do Ano da F\u00e9, iniciativa aberta por seu predecessor numa cerim\u00f4nia realizada no dia 11 de outubro de 2012. \u201cO Ano da f\u00e9 que estamos inaugurando hoje\u201d \u2013 dizia o ent\u00e3o Papa [&hellip;]","og_url":"https:\/\/www.oarcanjo.net\/site\/encerramento-do-ano-da-fe\/","og_site_name":"O Arcanjo no ar","article_publisher":"https:\/\/www.facebook.com\/OArcanjoNoAr\/","article_published_time":"2013-11-08T11:00:25+00:00","og_image":[{"width":300,"height":300,"url":"https:\/\/www.oarcanjo.net\/site\/wp-content\/uploads\/logo-o-arcanjo-no-ar-facebook.png","type":"image\/png"}],"author":"Alexandre Nunes","twitter_card":"summary_large_image","twitter_misc":{"Escrito por":"Alexandre Nunes","Est. tempo de leitura":"7 minutos"},"schema":{"@context":"https:\/\/schema.org","@graph":[{"@type":"Article","@id":"https:\/\/www.oarcanjo.net\/site\/encerramento-do-ano-da-fe\/#article","isPartOf":{"@id":"https:\/\/www.oarcanjo.net\/site\/encerramento-do-ano-da-fe\/"},"author":{"name":"Alexandre Nunes","@id":"https:\/\/www.oarcanjo.net\/site\/#\/schema\/person\/0a2ae077c1a09b69d29928e3b9f1c0d1"},"headline":"Encerramento do Ano da F\u00e9","datePublished":"2013-11-08T11:00:25+00:00","dateModified":"2013-11-08T11:00:25+00:00","mainEntityOfPage":{"@id":"https:\/\/www.oarcanjo.net\/site\/encerramento-do-ano-da-fe\/"},"wordCount":1313,"commentCount":0,"publisher":{"@id":"https:\/\/www.oarcanjo.net\/site\/#organization"},"articleSection":["Reflex\u00f5es"],"inLanguage":"pt-BR","potentialAction":[{"@type":"CommentAction","name":"Comment","target":["https:\/\/www.oarcanjo.net\/site\/encerramento-do-ano-da-fe\/#respond"]}]},{"@type":"WebPage","@id":"https:\/\/www.oarcanjo.net\/site\/encerramento-do-ano-da-fe\/","url":"https:\/\/www.oarcanjo.net\/site\/encerramento-do-ano-da-fe\/","name":"Encerramento do Ano da F\u00e9 - O Arcanjo no ar","isPartOf":{"@id":"https:\/\/www.oarcanjo.net\/site\/#website"},"datePublished":"2013-11-08T11:00:25+00:00","dateModified":"2013-11-08T11:00:25+00:00","breadcrumb":{"@id":"https:\/\/www.oarcanjo.net\/site\/encerramento-do-ano-da-fe\/#breadcrumb"},"inLanguage":"pt-BR","potentialAction":[{"@type":"ReadAction","target":["https:\/\/www.oarcanjo.net\/site\/encerramento-do-ano-da-fe\/"]}]},{"@type":"BreadcrumbList","@id":"https:\/\/www.oarcanjo.net\/site\/encerramento-do-ano-da-fe\/#breadcrumb","itemListElement":[{"@type":"ListItem","position":1,"name":"In\u00edcio","item":"https:\/\/www.oarcanjo.net\/site\/"},{"@type":"ListItem","position":2,"name":"Encerramento do Ano da F\u00e9"}]},{"@type":"WebSite","@id":"https:\/\/www.oarcanjo.net\/site\/#website","url":"https:\/\/www.oarcanjo.net\/site\/","name":"O Arcanjo no ar","description":"Site da Par\u00f3quia S\u00e3o Miguel Arcanjo (Arquidiocese de SP)","publisher":{"@id":"https:\/\/www.oarcanjo.net\/site\/#organization"},"potentialAction":[{"@type":"SearchAction","target":{"@type":"EntryPoint","urlTemplate":"https:\/\/www.oarcanjo.net\/site\/?s={search_term_string}"},"query-input":{"@type":"PropertyValueSpecification","valueRequired":true,"valueName":"search_term_string"}}],"inLanguage":"pt-BR"},{"@type":"Organization","@id":"https:\/\/www.oarcanjo.net\/site\/#organization","name":"Par\u00f3quia S\u00e3o Miguel Arcanjo","url":"https:\/\/www.oarcanjo.net\/site\/","logo":{"@type":"ImageObject","inLanguage":"pt-BR","@id":"https:\/\/www.oarcanjo.net\/site\/#\/schema\/logo\/image\/","url":"https:\/\/www.oarcanjo.net\/site\/wp-content\/uploads\/LogoOArcanjo.png","contentUrl":"https:\/\/www.oarcanjo.net\/site\/wp-content\/uploads\/LogoOArcanjo.png","width":319,"height":99,"caption":"Par\u00f3quia S\u00e3o Miguel Arcanjo"},"image":{"@id":"https:\/\/www.oarcanjo.net\/site\/#\/schema\/logo\/image\/"},"sameAs":["https:\/\/www.facebook.com\/OArcanjoNoAr\/"]},{"@type":"Person","@id":"https:\/\/www.oarcanjo.net\/site\/#\/schema\/person\/0a2ae077c1a09b69d29928e3b9f1c0d1","name":"Alexandre Nunes","sameAs":["http:\/\/alexandrenu.com"]}]}},"publishpress_future_action":{"enabled":false,"date":"2026-05-09 01:25:15","action":"category","newStatus":"draft","terms":[],"taxonomy":"category"},"publishpress_future_workflow_manual_trigger":{"enabledWorkflows":[]},"_links":{"self":[{"href":"https:\/\/www.oarcanjo.net\/site\/wp-json\/wp\/v2\/posts\/23680"}],"collection":[{"href":"https:\/\/www.oarcanjo.net\/site\/wp-json\/wp\/v2\/posts"}],"about":[{"href":"https:\/\/www.oarcanjo.net\/site\/wp-json\/wp\/v2\/types\/post"}],"author":[{"embeddable":true,"href":"https:\/\/www.oarcanjo.net\/site\/wp-json\/wp\/v2\/users\/15"}],"replies":[{"embeddable":true,"href":"https:\/\/www.oarcanjo.net\/site\/wp-json\/wp\/v2\/comments?post=23680"}],"version-history":[{"count":0,"href":"https:\/\/www.oarcanjo.net\/site\/wp-json\/wp\/v2\/posts\/23680\/revisions"}],"wp:attachment":[{"href":"https:\/\/www.oarcanjo.net\/site\/wp-json\/wp\/v2\/media?parent=23680"}],"wp:term":[{"taxonomy":"category","embeddable":true,"href":"https:\/\/www.oarcanjo.net\/site\/wp-json\/wp\/v2\/categories?post=23680"},{"taxonomy":"post_tag","embeddable":true,"href":"https:\/\/www.oarcanjo.net\/site\/wp-json\/wp\/v2\/tags?post=23680"}],"curies":[{"name":"wp","href":"https:\/\/api.w.org\/{rel}","templated":true}]}}