
{"id":23684,"date":"2013-11-08T12:14:54","date_gmt":"2013-11-08T14:14:54","guid":{"rendered":"http:\/\/www.oarcanjo.net\/site\/?p=23684"},"modified":"2013-11-08T12:21:45","modified_gmt":"2013-11-08T14:21:45","slug":"sinodo-questionario-sera-grande-oportunidade-de-participacao-para-as-familias","status":"publish","type":"post","link":"https:\/\/www.oarcanjo.net\/site\/sinodo-questionario-sera-grande-oportunidade-de-participacao-para-as-familias\/","title":{"rendered":"S\u00ednodo: question\u00e1rio ser\u00e1 grande oportunidade de participa\u00e7\u00e3o para as fam\u00edlias"},"content":{"rendered":"<p>Da pastoral da fam\u00edlia \u00e0s uni\u00f5es homossexuais, da educa\u00e7\u00e3o dos filhos \u00e0 abertura dos casais \u00e0 vida. Estes s\u00e3o alguns dos temas fortes inseridos nas 39 perguntas do \u201cQuestion\u00e1rio\u201d enviado \u00e0s igrejas particulares, para permitir a participa\u00e7\u00e3o activa de toda a comunidade eclesial na prepara\u00e7\u00e3o do S\u00ednodo sobre a fam\u00edlia, programado para o m\u00eas de Outubro pr\u00f3ximo.\u00a0Alessandro Gisotti\u00a0conversou com\u00a0Alberto Friso, respons\u00e1vel do movimento \u201cFamiglie Nuove\u201d (\u201cNovas Fam\u00edlias\u201d) e membro do Conselho Pontif\u00edcio para a Fam\u00edlia.<\/p>\n<p>R. \u2013 Este \u201cQuestion\u00e1rio\u201d \u00e9 verdadeiramente uma novidade que nos d\u00e1 uma alegria extraordin\u00e1ria a n\u00f3s fam\u00edlias, pois sentimos que podemos, com toda a Igreja, todos juntos, reflectir sobre aqueles pontos mais cr\u00edticos que hoje encontramos frequentemente no contacto com as fam\u00edlias que habitam pr\u00f3ximo de n\u00f3s, e tamb\u00e9m com familiares nalguns casos. Em suma, podemos finalmente falar e pensar juntos sobre quais possam ser os modos para exprimir o esp\u00edrito de amor pela nossa comunidade, pelas pessoas com as quais tamb\u00e9m devemos construir, dia a dia, tamb\u00e9m a nossa hist\u00f3ria de sociedade civil. Estas 39 quest\u00f5es, belas e compreens\u00edveis, encaixam-se perfeitamente em toda e qualquer cultura: come\u00e7am, de facto, a chegar os primeiros sinais, seja de Africa ou da \u00c1sia, da alegria por n\u00e3o se sentirem crist\u00e3os de \u201cs\u00e9rie B\u201d enquanto leigos, enquanto casados; e tamb\u00e9m por nos sentirmos interpelados por tudo o que se estamos a viver.<\/p>\n<p>Neste \u201cQuestion\u00e1rio\u201d, dirigido primeiramente \u00e0s confer\u00eancias episcopais e depois \u00e0s par\u00f3quias e a todas as comunidades eclesiais locais, ser\u00e1 importante que ningu\u00e9m seja, de algum modo, posto \u00e0 margem, tamb\u00e9m no que se refere ao processo de recolha das respostas a estas perguntas\u2026<\/p>\n<p>R. \u2013 De facto, n\u00f3s j\u00e1 compreendemos que vamos colaborar seja com a nossa presen\u00e7a nas par\u00f3quias e dioceses, e portanto procurando e reflectindo em conjunto, seja tamb\u00e9m fazendo uma esp\u00e9cie de liga\u00e7\u00e3o para termos uma vis\u00e3o de conjunto.<\/p>\n<p>Que expectativas tem, o que espera que possa suceder nestes pr\u00f3ximos meses, tamb\u00e9m com o impulso desta solicita\u00e7\u00e3o, deste \u201cQuestion\u00e1rio\u201d?<\/p>\n<p>R. \u2013 Creio que antes de tudo, o question\u00e1rio abre ainda mais \u00e0 compreens\u00e3o da novidade, do empenho pastoral e do amor pastoral que a Igreja est\u00e1 a ter neste momento, naturalmente tamb\u00e9m sob o impulso da pessoa do nosso Papa Francisco. E nos pr\u00f3ximos meses, teremos sem d\u00favida todos, com os nossos meios de comunica\u00e7\u00e3o, com a nossa imprensa e esta\u00e7\u00f5es televisivas, de participar no grande debate, que j\u00e1 se fazia em tantos locais, mas come\u00e7ando a reflectir n\u00f3s e a evidenciar as nossas propostas para nos tornarmos sujeitos tamb\u00e9m sociais e pol\u00edticos mais activos. Certamente, o \u201cQuestion\u00e1rio\u201d leva-nos a ter uma vis\u00e3o de conjunto, sem necessidade de mudan\u00e7as de doutrina: trata-se de uma mudan\u00e7a de atitude nas rela\u00e7\u00f5es, pois se as rela\u00e7\u00f5es s\u00e3o constru\u00eddas com caridade, esp\u00edrito de acolhimento e servi\u00e7o, ser\u00e3o todas dimens\u00f5es do amor a moverem todas as pessoas e, portanto, tamb\u00e9m aquelas que t\u00eam dificuldades em rela\u00e7\u00e3o a uma nova perspectiva de vida e de f\u00e9.<\/p>\n<p><em>Fonte: News.VA<\/em><\/p>\n<div id=\"themify_builder_content-23684\" data-postid=\"23684\" class=\"themify_builder_content themify_builder_content-23684 themify_builder themify_builder_front\">\n\t<\/div>\n<!-- \/themify_builder_content -->","protected":false},"excerpt":{"rendered":"<p>Da pastoral da fam\u00edlia \u00e0s uni\u00f5es homossexuais, da educa\u00e7\u00e3o dos filhos \u00e0 abertura dos casais \u00e0 vida. Estes s\u00e3o alguns dos temas fortes inseridos nas 39 perguntas do \u201cQuestion\u00e1rio\u201d enviado \u00e0s igrejas particulares, para permitir a participa\u00e7\u00e3o activa de toda a comunidade eclesial na prepara\u00e7\u00e3o do S\u00ednodo sobre a fam\u00edlia, programado para o m\u00eas de [&hellip;]<\/p>\n","protected":false},"author":5,"featured_media":0,"comment_status":"open","ping_status":"open","sticky":false,"template":"","format":"standard","meta":{"ngg_post_thumbnail":0,"footnotes":""},"categories":[8],"tags":[2790,2788,2789,2787,32],"yoast_head":"<!-- This site is optimized with the Yoast SEO plugin v23.5 - https:\/\/yoast.com\/wordpress\/plugins\/seo\/ -->\n<title>S\u00ednodo: question\u00e1rio ser\u00e1 grande oportunidade de participa\u00e7\u00e3o para as fam\u00edlias - O Arcanjo no ar<\/title>\n<meta name=\"robots\" content=\"index, follow, max-snippet:-1, max-image-preview:large, max-video-preview:-1\" \/>\n<link rel=\"canonical\" href=\"https:\/\/www.oarcanjo.net\/site\/sinodo-questionario-sera-grande-oportunidade-de-participacao-para-as-familias\/\" \/>\n<meta property=\"og:locale\" content=\"pt_BR\" \/>\n<meta property=\"og:type\" content=\"article\" \/>\n<meta property=\"og:title\" content=\"S\u00ednodo: question\u00e1rio ser\u00e1 grande oportunidade de participa\u00e7\u00e3o para as fam\u00edlias - O Arcanjo no ar\" \/>\n<meta property=\"og:description\" content=\"Da pastoral da fam\u00edlia \u00e0s uni\u00f5es homossexuais, da educa\u00e7\u00e3o dos filhos \u00e0 abertura dos casais \u00e0 vida. Estes s\u00e3o alguns dos temas fortes inseridos nas 39 perguntas do \u201cQuestion\u00e1rio\u201d enviado \u00e0s igrejas particulares, para permitir a participa\u00e7\u00e3o activa de toda a comunidade eclesial na prepara\u00e7\u00e3o do S\u00ednodo sobre a fam\u00edlia, programado para o m\u00eas de [&hellip;]\" \/>\n<meta property=\"og:url\" content=\"https:\/\/www.oarcanjo.net\/site\/sinodo-questionario-sera-grande-oportunidade-de-participacao-para-as-familias\/\" \/>\n<meta property=\"og:site_name\" content=\"O Arcanjo no ar\" \/>\n<meta property=\"article:publisher\" content=\"https:\/\/www.facebook.com\/OArcanjoNoAr\/\" \/>\n<meta property=\"article:published_time\" content=\"2013-11-08T14:14:54+00:00\" \/>\n<meta property=\"article:modified_time\" content=\"2013-11-08T14:21:45+00:00\" \/>\n<meta property=\"og:image\" content=\"https:\/\/www.oarcanjo.net\/site\/wp-content\/uploads\/logo-o-arcanjo-no-ar-facebook.png\" \/>\n\t<meta property=\"og:image:width\" content=\"300\" \/>\n\t<meta property=\"og:image:height\" content=\"300\" \/>\n\t<meta property=\"og:image:type\" content=\"image\/png\" \/>\n<meta name=\"author\" content=\"editor\" \/>\n<meta name=\"twitter:card\" content=\"summary_large_image\" \/>\n<meta name=\"twitter:label1\" content=\"Escrito por\" \/>\n\t<meta name=\"twitter:data1\" content=\"editor\" \/>\n\t<meta name=\"twitter:label2\" content=\"Est. tempo de leitura\" \/>\n\t<meta name=\"twitter:data2\" content=\"3 minutos\" \/>\n<script type=\"application\/ld+json\" class=\"yoast-schema-graph\">{\"@context\":\"https:\/\/schema.org\",\"@graph\":[{\"@type\":\"Article\",\"@id\":\"https:\/\/www.oarcanjo.net\/site\/sinodo-questionario-sera-grande-oportunidade-de-participacao-para-as-familias\/#article\",\"isPartOf\":{\"@id\":\"https:\/\/www.oarcanjo.net\/site\/sinodo-questionario-sera-grande-oportunidade-de-participacao-para-as-familias\/\"},\"author\":{\"name\":\"editor\",\"@id\":\"https:\/\/www.oarcanjo.net\/site\/#\/schema\/person\/f7024d007863202483a31326673a0838\"},\"headline\":\"S\u00ednodo: question\u00e1rio ser\u00e1 grande oportunidade de participa\u00e7\u00e3o para as fam\u00edlias\",\"datePublished\":\"2013-11-08T14:14:54+00:00\",\"dateModified\":\"2013-11-08T14:21:45+00:00\",\"mainEntityOfPage\":{\"@id\":\"https:\/\/www.oarcanjo.net\/site\/sinodo-questionario-sera-grande-oportunidade-de-participacao-para-as-familias\/\"},\"wordCount\":574,\"commentCount\":0,\"publisher\":{\"@id\":\"https:\/\/www.oarcanjo.net\/site\/#organization\"},\"keywords\":[\"Conselho Pontif\u00edcio\",\"Famiglie Nuove\",\"Novas Fam\u00edlias\",\"Question\u00e1rio\",\"s\u00ednodo\"],\"articleSection\":[\"Not\u00edcias\"],\"inLanguage\":\"pt-BR\",\"potentialAction\":[{\"@type\":\"CommentAction\",\"name\":\"Comment\",\"target\":[\"https:\/\/www.oarcanjo.net\/site\/sinodo-questionario-sera-grande-oportunidade-de-participacao-para-as-familias\/#respond\"]}]},{\"@type\":\"WebPage\",\"@id\":\"https:\/\/www.oarcanjo.net\/site\/sinodo-questionario-sera-grande-oportunidade-de-participacao-para-as-familias\/\",\"url\":\"https:\/\/www.oarcanjo.net\/site\/sinodo-questionario-sera-grande-oportunidade-de-participacao-para-as-familias\/\",\"name\":\"S\u00ednodo: question\u00e1rio ser\u00e1 grande oportunidade de participa\u00e7\u00e3o para as fam\u00edlias - O Arcanjo no ar\",\"isPartOf\":{\"@id\":\"https:\/\/www.oarcanjo.net\/site\/#website\"},\"datePublished\":\"2013-11-08T14:14:54+00:00\",\"dateModified\":\"2013-11-08T14:21:45+00:00\",\"breadcrumb\":{\"@id\":\"https:\/\/www.oarcanjo.net\/site\/sinodo-questionario-sera-grande-oportunidade-de-participacao-para-as-familias\/#breadcrumb\"},\"inLanguage\":\"pt-BR\",\"potentialAction\":[{\"@type\":\"ReadAction\",\"target\":[\"https:\/\/www.oarcanjo.net\/site\/sinodo-questionario-sera-grande-oportunidade-de-participacao-para-as-familias\/\"]}]},{\"@type\":\"BreadcrumbList\",\"@id\":\"https:\/\/www.oarcanjo.net\/site\/sinodo-questionario-sera-grande-oportunidade-de-participacao-para-as-familias\/#breadcrumb\",\"itemListElement\":[{\"@type\":\"ListItem\",\"position\":1,\"name\":\"In\u00edcio\",\"item\":\"https:\/\/www.oarcanjo.net\/site\/\"},{\"@type\":\"ListItem\",\"position\":2,\"name\":\"S\u00ednodo: question\u00e1rio ser\u00e1 grande oportunidade de participa\u00e7\u00e3o para as fam\u00edlias\"}]},{\"@type\":\"WebSite\",\"@id\":\"https:\/\/www.oarcanjo.net\/site\/#website\",\"url\":\"https:\/\/www.oarcanjo.net\/site\/\",\"name\":\"O Arcanjo no ar\",\"description\":\"Site da Par\u00f3quia S\u00e3o Miguel Arcanjo (Arquidiocese de SP)\",\"publisher\":{\"@id\":\"https:\/\/www.oarcanjo.net\/site\/#organization\"},\"potentialAction\":[{\"@type\":\"SearchAction\",\"target\":{\"@type\":\"EntryPoint\",\"urlTemplate\":\"https:\/\/www.oarcanjo.net\/site\/?s={search_term_string}\"},\"query-input\":{\"@type\":\"PropertyValueSpecification\",\"valueRequired\":true,\"valueName\":\"search_term_string\"}}],\"inLanguage\":\"pt-BR\"},{\"@type\":\"Organization\",\"@id\":\"https:\/\/www.oarcanjo.net\/site\/#organization\",\"name\":\"Par\u00f3quia S\u00e3o Miguel Arcanjo\",\"url\":\"https:\/\/www.oarcanjo.net\/site\/\",\"logo\":{\"@type\":\"ImageObject\",\"inLanguage\":\"pt-BR\",\"@id\":\"https:\/\/www.oarcanjo.net\/site\/#\/schema\/logo\/image\/\",\"url\":\"https:\/\/www.oarcanjo.net\/site\/wp-content\/uploads\/LogoOArcanjo.png\",\"contentUrl\":\"https:\/\/www.oarcanjo.net\/site\/wp-content\/uploads\/LogoOArcanjo.png\",\"width\":319,\"height\":99,\"caption\":\"Par\u00f3quia S\u00e3o Miguel Arcanjo\"},\"image\":{\"@id\":\"https:\/\/www.oarcanjo.net\/site\/#\/schema\/logo\/image\/\"},\"sameAs\":[\"https:\/\/www.facebook.com\/OArcanjoNoAr\/\"]},{\"@type\":\"Person\",\"@id\":\"https:\/\/www.oarcanjo.net\/site\/#\/schema\/person\/f7024d007863202483a31326673a0838\",\"name\":\"editor\",\"sameAs\":[\"http:\/\/www.oarcanjo.net\"]}]}<\/script>\n<!-- \/ Yoast SEO plugin. -->","yoast_head_json":{"title":"S\u00ednodo: question\u00e1rio ser\u00e1 grande oportunidade de participa\u00e7\u00e3o para as fam\u00edlias - O Arcanjo no ar","robots":{"index":"index","follow":"follow","max-snippet":"max-snippet:-1","max-image-preview":"max-image-preview:large","max-video-preview":"max-video-preview:-1"},"canonical":"https:\/\/www.oarcanjo.net\/site\/sinodo-questionario-sera-grande-oportunidade-de-participacao-para-as-familias\/","og_locale":"pt_BR","og_type":"article","og_title":"S\u00ednodo: question\u00e1rio ser\u00e1 grande oportunidade de participa\u00e7\u00e3o para as fam\u00edlias - O Arcanjo no ar","og_description":"Da pastoral da fam\u00edlia \u00e0s uni\u00f5es homossexuais, da educa\u00e7\u00e3o dos filhos \u00e0 abertura dos casais \u00e0 vida. Estes s\u00e3o alguns dos temas fortes inseridos nas 39 perguntas do \u201cQuestion\u00e1rio\u201d enviado \u00e0s igrejas particulares, para permitir a participa\u00e7\u00e3o activa de toda a comunidade eclesial na prepara\u00e7\u00e3o do S\u00ednodo sobre a fam\u00edlia, programado para o m\u00eas de [&hellip;]","og_url":"https:\/\/www.oarcanjo.net\/site\/sinodo-questionario-sera-grande-oportunidade-de-participacao-para-as-familias\/","og_site_name":"O Arcanjo no ar","article_publisher":"https:\/\/www.facebook.com\/OArcanjoNoAr\/","article_published_time":"2013-11-08T14:14:54+00:00","article_modified_time":"2013-11-08T14:21:45+00:00","og_image":[{"width":300,"height":300,"url":"https:\/\/www.oarcanjo.net\/site\/wp-content\/uploads\/logo-o-arcanjo-no-ar-facebook.png","type":"image\/png"}],"author":"editor","twitter_card":"summary_large_image","twitter_misc":{"Escrito por":"editor","Est. tempo de leitura":"3 minutos"},"schema":{"@context":"https:\/\/schema.org","@graph":[{"@type":"Article","@id":"https:\/\/www.oarcanjo.net\/site\/sinodo-questionario-sera-grande-oportunidade-de-participacao-para-as-familias\/#article","isPartOf":{"@id":"https:\/\/www.oarcanjo.net\/site\/sinodo-questionario-sera-grande-oportunidade-de-participacao-para-as-familias\/"},"author":{"name":"editor","@id":"https:\/\/www.oarcanjo.net\/site\/#\/schema\/person\/f7024d007863202483a31326673a0838"},"headline":"S\u00ednodo: question\u00e1rio ser\u00e1 grande oportunidade de participa\u00e7\u00e3o para as fam\u00edlias","datePublished":"2013-11-08T14:14:54+00:00","dateModified":"2013-11-08T14:21:45+00:00","mainEntityOfPage":{"@id":"https:\/\/www.oarcanjo.net\/site\/sinodo-questionario-sera-grande-oportunidade-de-participacao-para-as-familias\/"},"wordCount":574,"commentCount":0,"publisher":{"@id":"https:\/\/www.oarcanjo.net\/site\/#organization"},"keywords":["Conselho Pontif\u00edcio","Famiglie Nuove","Novas Fam\u00edlias","Question\u00e1rio","s\u00ednodo"],"articleSection":["Not\u00edcias"],"inLanguage":"pt-BR","potentialAction":[{"@type":"CommentAction","name":"Comment","target":["https:\/\/www.oarcanjo.net\/site\/sinodo-questionario-sera-grande-oportunidade-de-participacao-para-as-familias\/#respond"]}]},{"@type":"WebPage","@id":"https:\/\/www.oarcanjo.net\/site\/sinodo-questionario-sera-grande-oportunidade-de-participacao-para-as-familias\/","url":"https:\/\/www.oarcanjo.net\/site\/sinodo-questionario-sera-grande-oportunidade-de-participacao-para-as-familias\/","name":"S\u00ednodo: question\u00e1rio ser\u00e1 grande oportunidade de participa\u00e7\u00e3o para as fam\u00edlias - O Arcanjo no ar","isPartOf":{"@id":"https:\/\/www.oarcanjo.net\/site\/#website"},"datePublished":"2013-11-08T14:14:54+00:00","dateModified":"2013-11-08T14:21:45+00:00","breadcrumb":{"@id":"https:\/\/www.oarcanjo.net\/site\/sinodo-questionario-sera-grande-oportunidade-de-participacao-para-as-familias\/#breadcrumb"},"inLanguage":"pt-BR","potentialAction":[{"@type":"ReadAction","target":["https:\/\/www.oarcanjo.net\/site\/sinodo-questionario-sera-grande-oportunidade-de-participacao-para-as-familias\/"]}]},{"@type":"BreadcrumbList","@id":"https:\/\/www.oarcanjo.net\/site\/sinodo-questionario-sera-grande-oportunidade-de-participacao-para-as-familias\/#breadcrumb","itemListElement":[{"@type":"ListItem","position":1,"name":"In\u00edcio","item":"https:\/\/www.oarcanjo.net\/site\/"},{"@type":"ListItem","position":2,"name":"S\u00ednodo: question\u00e1rio ser\u00e1 grande oportunidade de participa\u00e7\u00e3o para as fam\u00edlias"}]},{"@type":"WebSite","@id":"https:\/\/www.oarcanjo.net\/site\/#website","url":"https:\/\/www.oarcanjo.net\/site\/","name":"O Arcanjo no ar","description":"Site da Par\u00f3quia S\u00e3o Miguel Arcanjo (Arquidiocese de SP)","publisher":{"@id":"https:\/\/www.oarcanjo.net\/site\/#organization"},"potentialAction":[{"@type":"SearchAction","target":{"@type":"EntryPoint","urlTemplate":"https:\/\/www.oarcanjo.net\/site\/?s={search_term_string}"},"query-input":{"@type":"PropertyValueSpecification","valueRequired":true,"valueName":"search_term_string"}}],"inLanguage":"pt-BR"},{"@type":"Organization","@id":"https:\/\/www.oarcanjo.net\/site\/#organization","name":"Par\u00f3quia S\u00e3o Miguel Arcanjo","url":"https:\/\/www.oarcanjo.net\/site\/","logo":{"@type":"ImageObject","inLanguage":"pt-BR","@id":"https:\/\/www.oarcanjo.net\/site\/#\/schema\/logo\/image\/","url":"https:\/\/www.oarcanjo.net\/site\/wp-content\/uploads\/LogoOArcanjo.png","contentUrl":"https:\/\/www.oarcanjo.net\/site\/wp-content\/uploads\/LogoOArcanjo.png","width":319,"height":99,"caption":"Par\u00f3quia S\u00e3o Miguel Arcanjo"},"image":{"@id":"https:\/\/www.oarcanjo.net\/site\/#\/schema\/logo\/image\/"},"sameAs":["https:\/\/www.facebook.com\/OArcanjoNoAr\/"]},{"@type":"Person","@id":"https:\/\/www.oarcanjo.net\/site\/#\/schema\/person\/f7024d007863202483a31326673a0838","name":"editor","sameAs":["http:\/\/www.oarcanjo.net"]}]}},"publishpress_future_action":{"enabled":false,"date":"2026-05-10 05:11:22","action":"category","newStatus":"draft","terms":[],"taxonomy":"category"},"publishpress_future_workflow_manual_trigger":{"enabledWorkflows":[]},"_links":{"self":[{"href":"https:\/\/www.oarcanjo.net\/site\/wp-json\/wp\/v2\/posts\/23684"}],"collection":[{"href":"https:\/\/www.oarcanjo.net\/site\/wp-json\/wp\/v2\/posts"}],"about":[{"href":"https:\/\/www.oarcanjo.net\/site\/wp-json\/wp\/v2\/types\/post"}],"author":[{"embeddable":true,"href":"https:\/\/www.oarcanjo.net\/site\/wp-json\/wp\/v2\/users\/5"}],"replies":[{"embeddable":true,"href":"https:\/\/www.oarcanjo.net\/site\/wp-json\/wp\/v2\/comments?post=23684"}],"version-history":[{"count":0,"href":"https:\/\/www.oarcanjo.net\/site\/wp-json\/wp\/v2\/posts\/23684\/revisions"}],"wp:attachment":[{"href":"https:\/\/www.oarcanjo.net\/site\/wp-json\/wp\/v2\/media?parent=23684"}],"wp:term":[{"taxonomy":"category","embeddable":true,"href":"https:\/\/www.oarcanjo.net\/site\/wp-json\/wp\/v2\/categories?post=23684"},{"taxonomy":"post_tag","embeddable":true,"href":"https:\/\/www.oarcanjo.net\/site\/wp-json\/wp\/v2\/tags?post=23684"}],"curies":[{"name":"wp","href":"https:\/\/api.w.org\/{rel}","templated":true}]}}