
{"id":23688,"date":"2013-11-08T12:31:08","date_gmt":"2013-11-08T14:31:08","guid":{"rendered":"http:\/\/www.oarcanjo.net\/site\/?p=23688"},"modified":"2013-11-08T12:31:08","modified_gmt":"2013-11-08T14:31:08","slug":"os-catadores-reciclam-materiais-solidos-e-pessoas","status":"publish","type":"post","link":"https:\/\/www.oarcanjo.net\/site\/os-catadores-reciclam-materiais-solidos-e-pessoas\/","title":{"rendered":"Os catadores reciclam materiais s\u00f3lidos e pessoas"},"content":{"rendered":"<p><em>Leonardo Boff<\/p>\n<p>A desumanidade maior n\u00e3o \u00e9 serem catadores\/as e terem que se contentar com aquilo que \u00e9 jogado fora por outros. \u00c9 o estigma que acompanha estes trabalhadores, n\u00e3o raro, considerados mendigos e vadios<\/em><\/p>\n<p>Dos dias 28 a 30 de outubro celebrou-se em Brasilia o 12\u00ba Festival Lixo e Cidadania:reciclando por um mundo melhor. Ai estavam mais de mil catadores de material recicl\u00e1vel, extra\u00eddo dos lix\u00f5es das cidades, vindos de todas as partes do pa\u00eds. Eu pude participar emocionado pois por muitos anos acompanhei catadores do grande lix\u00e3o de Petr\u00f3polis.<\/p>\n<p>Vendo aquela multid\u00e3o enchendo uma sala imensa, se abra\u00e7ando, se conhecendo pela primeira vez ou se reencontrando, alegres e festivos em suas roupas singelas, a grande maioria afrodescendente, eu me perguntava: Quem s\u00e3o esses? De onde eles v\u00eam? E me pareceu escutar uma voz interior, igual aquela do livro do Apocalipse, cap\u00edtulo 7,13 que diz: \u201dEstes  s\u00e3o aqueles que v\u00eam da grande tribula\u00e7\u00e3o\u201d, os sobreviventes da  onerosa  batalha pela vida, honrados porque corajosos e vitoriosos porque enfrentaram, muitas vezes, sozinhos  \u00e1rduas lutas para ganhar o pr\u00f3prio sustento e de suas fam\u00edlias.<\/p>\n<p>No Brasil existem entre 800 mil a um milh\u00e3o de catadores\/as de materiais s\u00f3lidos e recicl\u00e1veis. Com o aumento do consumo s\u00e3o gerados muitos res\u00edduos de todo tipo, org\u00e2nicos e s\u00f3lidos como papel\u00e3o, pl\u00e1sticos, alum\u00ednio e vidros que s\u00e3o recicl\u00e1veis. Calcula-se que cada brasileiro produz 1 kg de lixo por dia, particularmente nos centros urbanos. Segundo o IBGE de 2008 50% dos munic\u00edpios (5507) possuem lix\u00f5es a c\u00e9u aberto. A\u00ed milhares de pessoas, de crian\u00e7as a idosos, catam o que podem, inclusive alimentos. Essa atividade \u00e9 altamente perigosa, pois sujeita a doen\u00e7as infecto-contagiosas. Tenho assistido a disputa de pessoas entre porcos e urubus, num cen\u00e1rio de grande desumanidade. \u00c9 a consequ\u00eancia de uma sociedadade do consumismo e do desperd\u00edcio e que n\u00e3o aprendeu a viver os quatro erres: reduzir, reusar, reparar e reciclar.<\/p>\n<p>A desumanidade maior n\u00e3o \u00e9 serem catadores\/as e terem que se contentar com aquilo que \u00e9 jogado fora por outros. \u00c9 o estigma que acompanha estes trabalhadores, n\u00e3o raro, considerados mendigos e vadios.<\/p>\n<p>Primeiramente eram totalmente invis\u00edveis. Ningu\u00e9m os olhava e lhes dava qualquer considera\u00e7\u00e3o. Depois com o crescer da consci\u00eancia, compareceram como trabalhadores que com sua coleta de milhares de kg de res\u00edduos, exerciam uma fun\u00e7\u00e3o ambiental importante: mantinham limpas as cidades e impediam muitos alagamentos de ruas. Por fim foram se organizando em cooperativas e associa\u00e7\u00f5es e se entenderam como cidad\u00e3os e agentes de transforma\u00e7\u00f5es sociais e ambientais. Ganharam visibilidade e reconhecmento. De 4-6 de junho  de 2001 realizaram em Bras\u00edlia o 1\u00ba Congresso Nacional dos Catadores\/as com a participa\u00e7\u00e3o de 1600 pessoas. Ai se lan\u00e7ou a Carta de Bras\u00edlia que marca sua identidade e se elencam importantes reivindica\u00e7\u00f5es.<\/p>\n<p>Not\u00e1vel foi a Marcha em Bras\u00edlia em 2006 com 1200 pessoas que ocuparam a Pra\u00e7a dos Tr\u00eas Poderes, cobrando direitos e pol\u00edticas p\u00fablicas para a categoria. Estas vieram com o Programa Cataforte em 2009 que foi enriquecido no dia 31 de julho de 2013 com 200 milh\u00f5es de reais destinados a empreendimentos de cata\u00e7\u00e3o de materiais recicl\u00e1veis, com galp\u00f5es e caminh\u00f5es de transporte.<\/p>\n<p>Tais medidas junto com a press\u00e3o das entidades, em boa parte, se deve-se ao interesse pessoal do Ministro da Secretaria-Geral da Presid\u00eancia, Gilberto Carvalho que sempre se empenhou pela causa dos catadores\/as. Em Bras\u00edlia no dia 30 de outubro de 2013 por ocasi\u00e3o do 12\u00ba Festival Lixo e Cidadania em seu nome e da Presidenta Dilma Rousseff renovou o compromisso de fortalecer as cooperativas e associa\u00e7\u00f5es de catadores\/as criadas e a serem criadas.<\/p>\n<p>Not\u00e1vel foi o 4\u00ba Festival realizado nos dias 5-9 de setembro de 2005 com a presen\u00e7a do Presidente Lula e da Danielle Mitterand, vi\u00fava do falecido Presidente franc\u00eas, enfatizando seus direitos humanos b\u00e1sicos e o provimento dos recursos necess\u00e1rios para um trabalho decente e seguro de cata\u00e7\u00e3o. Foi ai que a Itaipu Binacional lan\u00e7ou um carro el\u00e9trico para catadores\/as com capacidade de transportar at\u00e9 tr\u00eas toneladas de materiais durante 8 horas di\u00e1rias.<\/p>\n<p>A grande luta destes trabalhadores \u00e9  impedir que grandes empresas que descobriram a cata\u00e7\u00e3o como um  neg\u00f3cio altamente rent\u00e1vel e em associa\u00e7\u00e3o com o poder p\u00fablico, se apropriem dos servi\u00e7os deles, roubando-lhes o ganha-p\u00e3o e lan\u00e7ando-os novamente na inseguridade. As empresas s\u00f3 se legitimam se incluirem os catadores\/as, sem tirarem os valores que os caracterizam como a conviv\u00eancia solid\u00e1ria e os la\u00e7os de perten\u00e7a comum que desenvolveram.<\/p>\n<p>Eles vem, sim, da grande tribula\u00e7\u00e3o brasileira. Reciclam n\u00e3o apenas materiais s\u00f3lidos, mas pessoas, na medida em que juntos constroem sua autonomia, resgatam sua dignidade, se inserem na sociedade como verdadeiros \u201cprofetas da ecologia\u201d e cidad\u00e3os que pensam, discutem seus problemas, decidem lutas comuns e se fazem indispens\u00e1veis no tipo de sociedade que criamos. Mercem respeito, apre\u00e7o e todo o apoio.<\/p>\n<p><em>Fonte: Brasil de Fato<\/em><\/p>\n<div id=\"themify_builder_content-23688\" data-postid=\"23688\" class=\"themify_builder_content themify_builder_content-23688 themify_builder themify_builder_front\">\n\t<\/div>\n<!-- \/themify_builder_content -->","protected":false},"excerpt":{"rendered":"<p>Leonardo Boff A desumanidade maior n\u00e3o \u00e9 serem catadores\/as e terem que se contentar com aquilo que \u00e9 jogado fora por outros. \u00c9 o estigma que acompanha estes trabalhadores, n\u00e3o raro, considerados mendigos e vadios Dos dias 28 a 30 de outubro celebrou-se em Brasilia o 12\u00ba Festival Lixo e Cidadania:reciclando por um mundo melhor. [&hellip;]<\/p>\n","protected":false},"author":5,"featured_media":0,"comment_status":"open","ping_status":"open","sticky":false,"template":"","format":"standard","meta":{"ngg_post_thumbnail":0,"footnotes":""},"categories":[9],"tags":[414,2791,1860,1829,1794,2792],"yoast_head":"<!-- This site is optimized with the Yoast SEO plugin v23.5 - https:\/\/yoast.com\/wordpress\/plugins\/seo\/ -->\n<title>Os catadores reciclam materiais s\u00f3lidos e pessoas - O Arcanjo no ar<\/title>\n<meta name=\"robots\" content=\"index, follow, max-snippet:-1, max-image-preview:large, max-video-preview:-1\" \/>\n<link rel=\"canonical\" href=\"https:\/\/www.oarcanjo.net\/site\/os-catadores-reciclam-materiais-solidos-e-pessoas\/\" \/>\n<meta property=\"og:locale\" content=\"pt_BR\" \/>\n<meta property=\"og:type\" content=\"article\" \/>\n<meta property=\"og:title\" content=\"Os catadores reciclam materiais s\u00f3lidos e pessoas - O Arcanjo no ar\" \/>\n<meta property=\"og:description\" content=\"Leonardo Boff A desumanidade maior n\u00e3o \u00e9 serem catadores\/as e terem que se contentar com aquilo que \u00e9 jogado fora por outros. \u00c9 o estigma que acompanha estes trabalhadores, n\u00e3o raro, considerados mendigos e vadios Dos dias 28 a 30 de outubro celebrou-se em Brasilia o 12\u00ba Festival Lixo e Cidadania:reciclando por um mundo melhor. [&hellip;]\" \/>\n<meta property=\"og:url\" content=\"https:\/\/www.oarcanjo.net\/site\/os-catadores-reciclam-materiais-solidos-e-pessoas\/\" \/>\n<meta property=\"og:site_name\" content=\"O Arcanjo no ar\" \/>\n<meta property=\"article:publisher\" content=\"https:\/\/www.facebook.com\/OArcanjoNoAr\/\" \/>\n<meta property=\"article:published_time\" content=\"2013-11-08T14:31:08+00:00\" \/>\n<meta property=\"og:image\" content=\"https:\/\/www.oarcanjo.net\/site\/wp-content\/uploads\/logo-o-arcanjo-no-ar-facebook.png\" \/>\n\t<meta property=\"og:image:width\" content=\"300\" \/>\n\t<meta property=\"og:image:height\" content=\"300\" \/>\n\t<meta property=\"og:image:type\" content=\"image\/png\" \/>\n<meta name=\"author\" content=\"editor\" \/>\n<meta name=\"twitter:card\" content=\"summary_large_image\" \/>\n<meta name=\"twitter:label1\" content=\"Escrito por\" \/>\n\t<meta name=\"twitter:data1\" content=\"editor\" \/>\n\t<meta name=\"twitter:label2\" content=\"Est. tempo de leitura\" \/>\n\t<meta name=\"twitter:data2\" content=\"4 minutos\" \/>\n<script type=\"application\/ld+json\" class=\"yoast-schema-graph\">{\"@context\":\"https:\/\/schema.org\",\"@graph\":[{\"@type\":\"Article\",\"@id\":\"https:\/\/www.oarcanjo.net\/site\/os-catadores-reciclam-materiais-solidos-e-pessoas\/#article\",\"isPartOf\":{\"@id\":\"https:\/\/www.oarcanjo.net\/site\/os-catadores-reciclam-materiais-solidos-e-pessoas\/\"},\"author\":{\"name\":\"editor\",\"@id\":\"https:\/\/www.oarcanjo.net\/site\/#\/schema\/person\/f7024d007863202483a31326673a0838\"},\"headline\":\"Os catadores reciclam materiais s\u00f3lidos e pessoas\",\"datePublished\":\"2013-11-08T14:31:08+00:00\",\"dateModified\":\"2013-11-08T14:31:08+00:00\",\"mainEntityOfPage\":{\"@id\":\"https:\/\/www.oarcanjo.net\/site\/os-catadores-reciclam-materiais-solidos-e-pessoas\/\"},\"wordCount\":880,\"commentCount\":0,\"publisher\":{\"@id\":\"https:\/\/www.oarcanjo.net\/site\/#organization\"},\"keywords\":[\"catadores\",\"Estigma\",\"Leonardo Boff\",\"lixo\",\"reciclagem\",\"Res\u00edduos\"],\"articleSection\":[\"Reflex\u00f5es\"],\"inLanguage\":\"pt-BR\",\"potentialAction\":[{\"@type\":\"CommentAction\",\"name\":\"Comment\",\"target\":[\"https:\/\/www.oarcanjo.net\/site\/os-catadores-reciclam-materiais-solidos-e-pessoas\/#respond\"]}]},{\"@type\":\"WebPage\",\"@id\":\"https:\/\/www.oarcanjo.net\/site\/os-catadores-reciclam-materiais-solidos-e-pessoas\/\",\"url\":\"https:\/\/www.oarcanjo.net\/site\/os-catadores-reciclam-materiais-solidos-e-pessoas\/\",\"name\":\"Os catadores reciclam materiais s\u00f3lidos e pessoas - O Arcanjo no ar\",\"isPartOf\":{\"@id\":\"https:\/\/www.oarcanjo.net\/site\/#website\"},\"datePublished\":\"2013-11-08T14:31:08+00:00\",\"dateModified\":\"2013-11-08T14:31:08+00:00\",\"breadcrumb\":{\"@id\":\"https:\/\/www.oarcanjo.net\/site\/os-catadores-reciclam-materiais-solidos-e-pessoas\/#breadcrumb\"},\"inLanguage\":\"pt-BR\",\"potentialAction\":[{\"@type\":\"ReadAction\",\"target\":[\"https:\/\/www.oarcanjo.net\/site\/os-catadores-reciclam-materiais-solidos-e-pessoas\/\"]}]},{\"@type\":\"BreadcrumbList\",\"@id\":\"https:\/\/www.oarcanjo.net\/site\/os-catadores-reciclam-materiais-solidos-e-pessoas\/#breadcrumb\",\"itemListElement\":[{\"@type\":\"ListItem\",\"position\":1,\"name\":\"In\u00edcio\",\"item\":\"https:\/\/www.oarcanjo.net\/site\/\"},{\"@type\":\"ListItem\",\"position\":2,\"name\":\"Os catadores reciclam materiais s\u00f3lidos e pessoas\"}]},{\"@type\":\"WebSite\",\"@id\":\"https:\/\/www.oarcanjo.net\/site\/#website\",\"url\":\"https:\/\/www.oarcanjo.net\/site\/\",\"name\":\"O Arcanjo no ar\",\"description\":\"Site da Par\u00f3quia S\u00e3o Miguel Arcanjo (Arquidiocese de SP)\",\"publisher\":{\"@id\":\"https:\/\/www.oarcanjo.net\/site\/#organization\"},\"potentialAction\":[{\"@type\":\"SearchAction\",\"target\":{\"@type\":\"EntryPoint\",\"urlTemplate\":\"https:\/\/www.oarcanjo.net\/site\/?s={search_term_string}\"},\"query-input\":{\"@type\":\"PropertyValueSpecification\",\"valueRequired\":true,\"valueName\":\"search_term_string\"}}],\"inLanguage\":\"pt-BR\"},{\"@type\":\"Organization\",\"@id\":\"https:\/\/www.oarcanjo.net\/site\/#organization\",\"name\":\"Par\u00f3quia S\u00e3o Miguel Arcanjo\",\"url\":\"https:\/\/www.oarcanjo.net\/site\/\",\"logo\":{\"@type\":\"ImageObject\",\"inLanguage\":\"pt-BR\",\"@id\":\"https:\/\/www.oarcanjo.net\/site\/#\/schema\/logo\/image\/\",\"url\":\"https:\/\/www.oarcanjo.net\/site\/wp-content\/uploads\/LogoOArcanjo.png\",\"contentUrl\":\"https:\/\/www.oarcanjo.net\/site\/wp-content\/uploads\/LogoOArcanjo.png\",\"width\":319,\"height\":99,\"caption\":\"Par\u00f3quia S\u00e3o Miguel Arcanjo\"},\"image\":{\"@id\":\"https:\/\/www.oarcanjo.net\/site\/#\/schema\/logo\/image\/\"},\"sameAs\":[\"https:\/\/www.facebook.com\/OArcanjoNoAr\/\"]},{\"@type\":\"Person\",\"@id\":\"https:\/\/www.oarcanjo.net\/site\/#\/schema\/person\/f7024d007863202483a31326673a0838\",\"name\":\"editor\",\"sameAs\":[\"http:\/\/www.oarcanjo.net\"]}]}<\/script>\n<!-- \/ Yoast SEO plugin. -->","yoast_head_json":{"title":"Os catadores reciclam materiais s\u00f3lidos e pessoas - O Arcanjo no ar","robots":{"index":"index","follow":"follow","max-snippet":"max-snippet:-1","max-image-preview":"max-image-preview:large","max-video-preview":"max-video-preview:-1"},"canonical":"https:\/\/www.oarcanjo.net\/site\/os-catadores-reciclam-materiais-solidos-e-pessoas\/","og_locale":"pt_BR","og_type":"article","og_title":"Os catadores reciclam materiais s\u00f3lidos e pessoas - O Arcanjo no ar","og_description":"Leonardo Boff A desumanidade maior n\u00e3o \u00e9 serem catadores\/as e terem que se contentar com aquilo que \u00e9 jogado fora por outros. \u00c9 o estigma que acompanha estes trabalhadores, n\u00e3o raro, considerados mendigos e vadios Dos dias 28 a 30 de outubro celebrou-se em Brasilia o 12\u00ba Festival Lixo e Cidadania:reciclando por um mundo melhor. [&hellip;]","og_url":"https:\/\/www.oarcanjo.net\/site\/os-catadores-reciclam-materiais-solidos-e-pessoas\/","og_site_name":"O Arcanjo no ar","article_publisher":"https:\/\/www.facebook.com\/OArcanjoNoAr\/","article_published_time":"2013-11-08T14:31:08+00:00","og_image":[{"width":300,"height":300,"url":"https:\/\/www.oarcanjo.net\/site\/wp-content\/uploads\/logo-o-arcanjo-no-ar-facebook.png","type":"image\/png"}],"author":"editor","twitter_card":"summary_large_image","twitter_misc":{"Escrito por":"editor","Est. tempo de leitura":"4 minutos"},"schema":{"@context":"https:\/\/schema.org","@graph":[{"@type":"Article","@id":"https:\/\/www.oarcanjo.net\/site\/os-catadores-reciclam-materiais-solidos-e-pessoas\/#article","isPartOf":{"@id":"https:\/\/www.oarcanjo.net\/site\/os-catadores-reciclam-materiais-solidos-e-pessoas\/"},"author":{"name":"editor","@id":"https:\/\/www.oarcanjo.net\/site\/#\/schema\/person\/f7024d007863202483a31326673a0838"},"headline":"Os catadores reciclam materiais s\u00f3lidos e pessoas","datePublished":"2013-11-08T14:31:08+00:00","dateModified":"2013-11-08T14:31:08+00:00","mainEntityOfPage":{"@id":"https:\/\/www.oarcanjo.net\/site\/os-catadores-reciclam-materiais-solidos-e-pessoas\/"},"wordCount":880,"commentCount":0,"publisher":{"@id":"https:\/\/www.oarcanjo.net\/site\/#organization"},"keywords":["catadores","Estigma","Leonardo Boff","lixo","reciclagem","Res\u00edduos"],"articleSection":["Reflex\u00f5es"],"inLanguage":"pt-BR","potentialAction":[{"@type":"CommentAction","name":"Comment","target":["https:\/\/www.oarcanjo.net\/site\/os-catadores-reciclam-materiais-solidos-e-pessoas\/#respond"]}]},{"@type":"WebPage","@id":"https:\/\/www.oarcanjo.net\/site\/os-catadores-reciclam-materiais-solidos-e-pessoas\/","url":"https:\/\/www.oarcanjo.net\/site\/os-catadores-reciclam-materiais-solidos-e-pessoas\/","name":"Os catadores reciclam materiais s\u00f3lidos e pessoas - O Arcanjo no ar","isPartOf":{"@id":"https:\/\/www.oarcanjo.net\/site\/#website"},"datePublished":"2013-11-08T14:31:08+00:00","dateModified":"2013-11-08T14:31:08+00:00","breadcrumb":{"@id":"https:\/\/www.oarcanjo.net\/site\/os-catadores-reciclam-materiais-solidos-e-pessoas\/#breadcrumb"},"inLanguage":"pt-BR","potentialAction":[{"@type":"ReadAction","target":["https:\/\/www.oarcanjo.net\/site\/os-catadores-reciclam-materiais-solidos-e-pessoas\/"]}]},{"@type":"BreadcrumbList","@id":"https:\/\/www.oarcanjo.net\/site\/os-catadores-reciclam-materiais-solidos-e-pessoas\/#breadcrumb","itemListElement":[{"@type":"ListItem","position":1,"name":"In\u00edcio","item":"https:\/\/www.oarcanjo.net\/site\/"},{"@type":"ListItem","position":2,"name":"Os catadores reciclam materiais s\u00f3lidos e pessoas"}]},{"@type":"WebSite","@id":"https:\/\/www.oarcanjo.net\/site\/#website","url":"https:\/\/www.oarcanjo.net\/site\/","name":"O Arcanjo no ar","description":"Site da Par\u00f3quia S\u00e3o Miguel Arcanjo (Arquidiocese de SP)","publisher":{"@id":"https:\/\/www.oarcanjo.net\/site\/#organization"},"potentialAction":[{"@type":"SearchAction","target":{"@type":"EntryPoint","urlTemplate":"https:\/\/www.oarcanjo.net\/site\/?s={search_term_string}"},"query-input":{"@type":"PropertyValueSpecification","valueRequired":true,"valueName":"search_term_string"}}],"inLanguage":"pt-BR"},{"@type":"Organization","@id":"https:\/\/www.oarcanjo.net\/site\/#organization","name":"Par\u00f3quia S\u00e3o Miguel Arcanjo","url":"https:\/\/www.oarcanjo.net\/site\/","logo":{"@type":"ImageObject","inLanguage":"pt-BR","@id":"https:\/\/www.oarcanjo.net\/site\/#\/schema\/logo\/image\/","url":"https:\/\/www.oarcanjo.net\/site\/wp-content\/uploads\/LogoOArcanjo.png","contentUrl":"https:\/\/www.oarcanjo.net\/site\/wp-content\/uploads\/LogoOArcanjo.png","width":319,"height":99,"caption":"Par\u00f3quia S\u00e3o Miguel Arcanjo"},"image":{"@id":"https:\/\/www.oarcanjo.net\/site\/#\/schema\/logo\/image\/"},"sameAs":["https:\/\/www.facebook.com\/OArcanjoNoAr\/"]},{"@type":"Person","@id":"https:\/\/www.oarcanjo.net\/site\/#\/schema\/person\/f7024d007863202483a31326673a0838","name":"editor","sameAs":["http:\/\/www.oarcanjo.net"]}]}},"publishpress_future_action":{"enabled":false,"date":"2026-05-09 01:33:40","action":"category","newStatus":"draft","terms":[],"taxonomy":"category"},"publishpress_future_workflow_manual_trigger":{"enabledWorkflows":[]},"_links":{"self":[{"href":"https:\/\/www.oarcanjo.net\/site\/wp-json\/wp\/v2\/posts\/23688"}],"collection":[{"href":"https:\/\/www.oarcanjo.net\/site\/wp-json\/wp\/v2\/posts"}],"about":[{"href":"https:\/\/www.oarcanjo.net\/site\/wp-json\/wp\/v2\/types\/post"}],"author":[{"embeddable":true,"href":"https:\/\/www.oarcanjo.net\/site\/wp-json\/wp\/v2\/users\/5"}],"replies":[{"embeddable":true,"href":"https:\/\/www.oarcanjo.net\/site\/wp-json\/wp\/v2\/comments?post=23688"}],"version-history":[{"count":0,"href":"https:\/\/www.oarcanjo.net\/site\/wp-json\/wp\/v2\/posts\/23688\/revisions"}],"wp:attachment":[{"href":"https:\/\/www.oarcanjo.net\/site\/wp-json\/wp\/v2\/media?parent=23688"}],"wp:term":[{"taxonomy":"category","embeddable":true,"href":"https:\/\/www.oarcanjo.net\/site\/wp-json\/wp\/v2\/categories?post=23688"},{"taxonomy":"post_tag","embeddable":true,"href":"https:\/\/www.oarcanjo.net\/site\/wp-json\/wp\/v2\/tags?post=23688"}],"curies":[{"name":"wp","href":"https:\/\/api.w.org\/{rel}","templated":true}]}}