
{"id":23690,"date":"2013-11-08T12:47:00","date_gmt":"2013-11-08T14:47:00","guid":{"rendered":"http:\/\/www.oarcanjo.net\/site\/?p=23690"},"modified":"2013-11-08T12:47:00","modified_gmt":"2013-11-08T14:47:00","slug":"portas-abertas","status":"publish","type":"post","link":"https:\/\/www.oarcanjo.net\/site\/portas-abertas\/","title":{"rendered":"Portas abertas"},"content":{"rendered":"<p><em>Dom Dem\u00e9trio Valentini<br \/>\nAdital<\/em><\/p>\n<p>Estamos chegando na reta final do Ano da F\u00e9. Iniciado em 11 de outubro de 2012, ele vai se concluir oficialmente no dia 24 deste m\u00eas de novembro.<\/p>\n<p>Ele foi institu\u00eddo pelo Papa Em\u00e9rito Bento XVI, e ser\u00e1 conclu\u00eddo pelo Papa Francisco. Sua motiva\u00e7\u00e3o principal esteve ligada ao Conc\u00edlio Vaticano II. Isto explica a data do seu in\u00edcio, no dia em que se completavam 50 anos da abertura do Conc\u00edlio.<\/p>\n<p>Todo documento oficial do Vaticano \u00e9 identificado por suas primeiras palavras, que geralmente s\u00e3o escolhidas por evocarem, de maneira especial, o assunto principal do documento.<\/p>\n<p>Desta vez, as palavras escolhidas foram: &#8220;Porta F\u00eddei\u201d, isto \u00e9: &#8220;A Porta da F\u00e9\u201d.<\/p>\n<p>Na verdade, s\u00e3o de uma cita\u00e7\u00e3o b\u00edblica. Foram palavras usadas por Barnab\u00e9 e Paulo, ao voltarem da primeira excurs\u00e3o apost\u00f3lica em terras pag\u00e3s do imp\u00e9rio romano. Traziam a &#8220;boa not\u00edcia\u201d de que &#8220;Deus abriu aos pag\u00e3os a porta de f\u00e9\u201d (Atos 14, 27). Na imin\u00eancia de concluir este &#8220;Ano da F\u00e9\u201d, nos damos conta que a palavra &#8220;porta\u201d se presta bem, n\u00e3o s\u00f3 para celebrar um ano, mas para designar o novo esp\u00edrito, a nova postura, o novo clima de relacionamento e de confian\u00e7a, trazido para dentro da Igreja, muito al\u00e9m das expectativas iniciais do Ano da F\u00e9.<\/p>\n<p>Vivemos agora sob o signo da porta aberta. Se Bento XVI, com a promulga\u00e7\u00e3o do Ano da F\u00e9 usou as chaves de Pedro para abrir de novo a porta da f\u00e9, o Papa Francisco veio escancarar todas as portas.<\/p>\n<p>De fato, a Igreja \u00e9 desafiada hoje a abrir as portas, sem receio de ser invadida e perder sua identidade. Ao contr\u00e1rio, a Igreja se sente desafiada a acolher todos os clamores que surgem das situa\u00e7\u00f5es concretas. A Igreja se v\u00ea na obriga\u00e7\u00e3o, como portadora do Evangelho, de ter para com todas as pessoas uma palavra de \u00e2nimo, de esperan\u00e7a, e da certeza do amor de Deus.<\/p>\n<p>Esta disposi\u00e7\u00e3o de abrir as portas pode ser facilmente identificada na decis\u00e3o tomada pelo Papa Francisco, de convocar um s\u00ednodo extraordin\u00e1rio sobre a fam\u00edlia, em outubro de 2014.<\/p>\n<p>O interessante \u00e9 perceber que j\u00e1 havia um s\u00ednodo sobre a fam\u00edlia, convocado para 2015. Para que, ent\u00e3o, um extraordin\u00e1rio sobre o mesmo assunto, em 2014?<\/p>\n<p>A\u00ed mora a estrat\u00e9gia do Papa Francisco. Este primeiro s\u00ednodo \u00e9 para &#8220;escancarar as portas\u201d dos problemas muito s\u00e9rios e profundos, que atingem hoje a fam\u00edlia.<\/p>\n<p>Com esta decis\u00e3o, o Papa &#8220;abre a porta\u201d para que sejam colocadas \u00e0 mesa da reflex\u00e3o todas as situa\u00e7\u00f5es, mesmo as mais complexas e dif\u00edceis.<\/p>\n<p>N\u00e3o como algu\u00e9m que s\u00f3 recorda os grandes princ\u00edpios, e com eles condena todos os que n\u00e3o os vivem em plenitude. Mas, isto sim, como algu\u00e9m que escuta com aten\u00e7\u00e3o os problemas vividos hoje pelas fam\u00edlias, e se pergunta o que pode fazer, para que continuem experimentando o amor que Deus tem para com cada pessoa, em qualquer situa\u00e7\u00e3o que se encontre.<\/p>\n<p>Assim se entende o grande elenco de quest\u00f5es, sobre as problem\u00e1ticas mais complexas e novas, que atingem hoje a fam\u00edlia, desde o div\u00f3rcio, o casamento gay, os m\u00e9todos contraceptivos, e tantas outras situa\u00e7\u00f5es, provocadas pelas 38 perguntas do s\u00ednodo, colocadas em aberto, para todos os que quiserem expressar sua opini\u00e3o.<\/p>\n<p>N\u00e3o \u00e9 a Igreja que escolhe o &#8220;card\u00e1pio\u201d dos problemas a serem enfrentados. Esses problemas s\u00e3o trazidos pela realidade. A Igreja reflete sobre eles, para entend\u00ea-los, sim; mas, sobretudo, para se perguntar o que pode fazer pelas pessoas que os vivem.<\/p>\n<p>Ela olha a realidade, sob a luz da Boa Nova, e sob o prisma da miseric\u00f3rdia a ser administrada em nome de Cristo.<\/p>\n<div id=\"themify_builder_content-23690\" data-postid=\"23690\" class=\"themify_builder_content themify_builder_content-23690 themify_builder themify_builder_front\">\n\t<\/div>\n<!-- \/themify_builder_content -->","protected":false},"excerpt":{"rendered":"<p>Dom Dem\u00e9trio Valentini Adital Estamos chegando na reta final do Ano da F\u00e9. Iniciado em 11 de outubro de 2012, ele vai se concluir oficialmente no dia 24 deste m\u00eas de novembro. Ele foi institu\u00eddo pelo Papa Em\u00e9rito Bento XVI, e ser\u00e1 conclu\u00eddo pelo Papa Francisco. Sua motiva\u00e7\u00e3o principal esteve ligada ao Conc\u00edlio Vaticano II. [&hellip;]<\/p>\n","protected":false},"author":5,"featured_media":0,"comment_status":"open","ping_status":"open","sticky":false,"template":"","format":"standard","meta":{"ngg_post_thumbnail":0,"footnotes":""},"categories":[9],"tags":[2793,3213,1823,505,248,2534,2433,2292,2794,34],"yoast_head":"<!-- This site is optimized with the Yoast SEO plugin v23.5 - https:\/\/yoast.com\/wordpress\/plugins\/seo\/ -->\n<title>Portas abertas - O Arcanjo no ar<\/title>\n<meta name=\"robots\" content=\"index, follow, max-snippet:-1, max-image-preview:large, max-video-preview:-1\" \/>\n<link rel=\"canonical\" href=\"https:\/\/www.oarcanjo.net\/site\/portas-abertas\/\" \/>\n<meta property=\"og:locale\" content=\"pt_BR\" \/>\n<meta property=\"og:type\" content=\"article\" \/>\n<meta property=\"og:title\" content=\"Portas abertas - O Arcanjo no ar\" \/>\n<meta property=\"og:description\" content=\"Dom Dem\u00e9trio Valentini Adital Estamos chegando na reta final do Ano da F\u00e9. Iniciado em 11 de outubro de 2012, ele vai se concluir oficialmente no dia 24 deste m\u00eas de novembro. Ele foi institu\u00eddo pelo Papa Em\u00e9rito Bento XVI, e ser\u00e1 conclu\u00eddo pelo Papa Francisco. Sua motiva\u00e7\u00e3o principal esteve ligada ao Conc\u00edlio Vaticano II. [&hellip;]\" \/>\n<meta property=\"og:url\" content=\"https:\/\/www.oarcanjo.net\/site\/portas-abertas\/\" \/>\n<meta property=\"og:site_name\" content=\"O Arcanjo no ar\" \/>\n<meta property=\"article:publisher\" content=\"https:\/\/www.facebook.com\/OArcanjoNoAr\/\" \/>\n<meta property=\"article:published_time\" content=\"2013-11-08T14:47:00+00:00\" \/>\n<meta property=\"og:image\" content=\"https:\/\/www.oarcanjo.net\/site\/wp-content\/uploads\/logo-o-arcanjo-no-ar-facebook.png\" \/>\n\t<meta property=\"og:image:width\" content=\"300\" \/>\n\t<meta property=\"og:image:height\" content=\"300\" \/>\n\t<meta property=\"og:image:type\" content=\"image\/png\" \/>\n<meta name=\"author\" content=\"editor\" \/>\n<meta name=\"twitter:card\" content=\"summary_large_image\" \/>\n<meta name=\"twitter:label1\" content=\"Escrito por\" \/>\n\t<meta name=\"twitter:data1\" content=\"editor\" \/>\n\t<meta name=\"twitter:label2\" content=\"Est. tempo de leitura\" \/>\n\t<meta name=\"twitter:data2\" content=\"3 minutos\" \/>\n<script type=\"application\/ld+json\" class=\"yoast-schema-graph\">{\"@context\":\"https:\/\/schema.org\",\"@graph\":[{\"@type\":\"Article\",\"@id\":\"https:\/\/www.oarcanjo.net\/site\/portas-abertas\/#article\",\"isPartOf\":{\"@id\":\"https:\/\/www.oarcanjo.net\/site\/portas-abertas\/\"},\"author\":{\"name\":\"editor\",\"@id\":\"https:\/\/www.oarcanjo.net\/site\/#\/schema\/person\/f7024d007863202483a31326673a0838\"},\"headline\":\"Portas abertas\",\"datePublished\":\"2013-11-08T14:47:00+00:00\",\"dateModified\":\"2013-11-08T14:47:00+00:00\",\"mainEntityOfPage\":{\"@id\":\"https:\/\/www.oarcanjo.net\/site\/portas-abertas\/\"},\"wordCount\":651,\"commentCount\":0,\"publisher\":{\"@id\":\"https:\/\/www.oarcanjo.net\/site\/#organization\"},\"keywords\":[\"A Porta da F\u00e9\",\"Ano da F\u00e9\",\"Boa Nova\",\"Conc\u00edlio Vaticano II\",\"miseric\u00f3rdia\",\"Papa Em\u00e9rito Bento XVI\",\"Papa Francisco\",\"Porta F\u00eddei\",\"Portas abertas\",\"vaticano\"],\"articleSection\":[\"Reflex\u00f5es\"],\"inLanguage\":\"pt-BR\",\"potentialAction\":[{\"@type\":\"CommentAction\",\"name\":\"Comment\",\"target\":[\"https:\/\/www.oarcanjo.net\/site\/portas-abertas\/#respond\"]}]},{\"@type\":\"WebPage\",\"@id\":\"https:\/\/www.oarcanjo.net\/site\/portas-abertas\/\",\"url\":\"https:\/\/www.oarcanjo.net\/site\/portas-abertas\/\",\"name\":\"Portas abertas - O Arcanjo no ar\",\"isPartOf\":{\"@id\":\"https:\/\/www.oarcanjo.net\/site\/#website\"},\"datePublished\":\"2013-11-08T14:47:00+00:00\",\"dateModified\":\"2013-11-08T14:47:00+00:00\",\"breadcrumb\":{\"@id\":\"https:\/\/www.oarcanjo.net\/site\/portas-abertas\/#breadcrumb\"},\"inLanguage\":\"pt-BR\",\"potentialAction\":[{\"@type\":\"ReadAction\",\"target\":[\"https:\/\/www.oarcanjo.net\/site\/portas-abertas\/\"]}]},{\"@type\":\"BreadcrumbList\",\"@id\":\"https:\/\/www.oarcanjo.net\/site\/portas-abertas\/#breadcrumb\",\"itemListElement\":[{\"@type\":\"ListItem\",\"position\":1,\"name\":\"In\u00edcio\",\"item\":\"https:\/\/www.oarcanjo.net\/site\/\"},{\"@type\":\"ListItem\",\"position\":2,\"name\":\"Portas abertas\"}]},{\"@type\":\"WebSite\",\"@id\":\"https:\/\/www.oarcanjo.net\/site\/#website\",\"url\":\"https:\/\/www.oarcanjo.net\/site\/\",\"name\":\"O Arcanjo no ar\",\"description\":\"Site da Par\u00f3quia S\u00e3o Miguel Arcanjo (Arquidiocese de SP)\",\"publisher\":{\"@id\":\"https:\/\/www.oarcanjo.net\/site\/#organization\"},\"potentialAction\":[{\"@type\":\"SearchAction\",\"target\":{\"@type\":\"EntryPoint\",\"urlTemplate\":\"https:\/\/www.oarcanjo.net\/site\/?s={search_term_string}\"},\"query-input\":{\"@type\":\"PropertyValueSpecification\",\"valueRequired\":true,\"valueName\":\"search_term_string\"}}],\"inLanguage\":\"pt-BR\"},{\"@type\":\"Organization\",\"@id\":\"https:\/\/www.oarcanjo.net\/site\/#organization\",\"name\":\"Par\u00f3quia S\u00e3o Miguel Arcanjo\",\"url\":\"https:\/\/www.oarcanjo.net\/site\/\",\"logo\":{\"@type\":\"ImageObject\",\"inLanguage\":\"pt-BR\",\"@id\":\"https:\/\/www.oarcanjo.net\/site\/#\/schema\/logo\/image\/\",\"url\":\"https:\/\/www.oarcanjo.net\/site\/wp-content\/uploads\/LogoOArcanjo.png\",\"contentUrl\":\"https:\/\/www.oarcanjo.net\/site\/wp-content\/uploads\/LogoOArcanjo.png\",\"width\":319,\"height\":99,\"caption\":\"Par\u00f3quia S\u00e3o Miguel Arcanjo\"},\"image\":{\"@id\":\"https:\/\/www.oarcanjo.net\/site\/#\/schema\/logo\/image\/\"},\"sameAs\":[\"https:\/\/www.facebook.com\/OArcanjoNoAr\/\"]},{\"@type\":\"Person\",\"@id\":\"https:\/\/www.oarcanjo.net\/site\/#\/schema\/person\/f7024d007863202483a31326673a0838\",\"name\":\"editor\",\"sameAs\":[\"http:\/\/www.oarcanjo.net\"]}]}<\/script>\n<!-- \/ Yoast SEO plugin. -->","yoast_head_json":{"title":"Portas abertas - O Arcanjo no ar","robots":{"index":"index","follow":"follow","max-snippet":"max-snippet:-1","max-image-preview":"max-image-preview:large","max-video-preview":"max-video-preview:-1"},"canonical":"https:\/\/www.oarcanjo.net\/site\/portas-abertas\/","og_locale":"pt_BR","og_type":"article","og_title":"Portas abertas - O Arcanjo no ar","og_description":"Dom Dem\u00e9trio Valentini Adital Estamos chegando na reta final do Ano da F\u00e9. Iniciado em 11 de outubro de 2012, ele vai se concluir oficialmente no dia 24 deste m\u00eas de novembro. Ele foi institu\u00eddo pelo Papa Em\u00e9rito Bento XVI, e ser\u00e1 conclu\u00eddo pelo Papa Francisco. Sua motiva\u00e7\u00e3o principal esteve ligada ao Conc\u00edlio Vaticano II. [&hellip;]","og_url":"https:\/\/www.oarcanjo.net\/site\/portas-abertas\/","og_site_name":"O Arcanjo no ar","article_publisher":"https:\/\/www.facebook.com\/OArcanjoNoAr\/","article_published_time":"2013-11-08T14:47:00+00:00","og_image":[{"width":300,"height":300,"url":"https:\/\/www.oarcanjo.net\/site\/wp-content\/uploads\/logo-o-arcanjo-no-ar-facebook.png","type":"image\/png"}],"author":"editor","twitter_card":"summary_large_image","twitter_misc":{"Escrito por":"editor","Est. tempo de leitura":"3 minutos"},"schema":{"@context":"https:\/\/schema.org","@graph":[{"@type":"Article","@id":"https:\/\/www.oarcanjo.net\/site\/portas-abertas\/#article","isPartOf":{"@id":"https:\/\/www.oarcanjo.net\/site\/portas-abertas\/"},"author":{"name":"editor","@id":"https:\/\/www.oarcanjo.net\/site\/#\/schema\/person\/f7024d007863202483a31326673a0838"},"headline":"Portas abertas","datePublished":"2013-11-08T14:47:00+00:00","dateModified":"2013-11-08T14:47:00+00:00","mainEntityOfPage":{"@id":"https:\/\/www.oarcanjo.net\/site\/portas-abertas\/"},"wordCount":651,"commentCount":0,"publisher":{"@id":"https:\/\/www.oarcanjo.net\/site\/#organization"},"keywords":["A Porta da F\u00e9","Ano da F\u00e9","Boa Nova","Conc\u00edlio Vaticano II","miseric\u00f3rdia","Papa Em\u00e9rito Bento XVI","Papa Francisco","Porta F\u00eddei","Portas abertas","vaticano"],"articleSection":["Reflex\u00f5es"],"inLanguage":"pt-BR","potentialAction":[{"@type":"CommentAction","name":"Comment","target":["https:\/\/www.oarcanjo.net\/site\/portas-abertas\/#respond"]}]},{"@type":"WebPage","@id":"https:\/\/www.oarcanjo.net\/site\/portas-abertas\/","url":"https:\/\/www.oarcanjo.net\/site\/portas-abertas\/","name":"Portas abertas - O Arcanjo no ar","isPartOf":{"@id":"https:\/\/www.oarcanjo.net\/site\/#website"},"datePublished":"2013-11-08T14:47:00+00:00","dateModified":"2013-11-08T14:47:00+00:00","breadcrumb":{"@id":"https:\/\/www.oarcanjo.net\/site\/portas-abertas\/#breadcrumb"},"inLanguage":"pt-BR","potentialAction":[{"@type":"ReadAction","target":["https:\/\/www.oarcanjo.net\/site\/portas-abertas\/"]}]},{"@type":"BreadcrumbList","@id":"https:\/\/www.oarcanjo.net\/site\/portas-abertas\/#breadcrumb","itemListElement":[{"@type":"ListItem","position":1,"name":"In\u00edcio","item":"https:\/\/www.oarcanjo.net\/site\/"},{"@type":"ListItem","position":2,"name":"Portas abertas"}]},{"@type":"WebSite","@id":"https:\/\/www.oarcanjo.net\/site\/#website","url":"https:\/\/www.oarcanjo.net\/site\/","name":"O Arcanjo no ar","description":"Site da Par\u00f3quia S\u00e3o Miguel Arcanjo (Arquidiocese de SP)","publisher":{"@id":"https:\/\/www.oarcanjo.net\/site\/#organization"},"potentialAction":[{"@type":"SearchAction","target":{"@type":"EntryPoint","urlTemplate":"https:\/\/www.oarcanjo.net\/site\/?s={search_term_string}"},"query-input":{"@type":"PropertyValueSpecification","valueRequired":true,"valueName":"search_term_string"}}],"inLanguage":"pt-BR"},{"@type":"Organization","@id":"https:\/\/www.oarcanjo.net\/site\/#organization","name":"Par\u00f3quia S\u00e3o Miguel Arcanjo","url":"https:\/\/www.oarcanjo.net\/site\/","logo":{"@type":"ImageObject","inLanguage":"pt-BR","@id":"https:\/\/www.oarcanjo.net\/site\/#\/schema\/logo\/image\/","url":"https:\/\/www.oarcanjo.net\/site\/wp-content\/uploads\/LogoOArcanjo.png","contentUrl":"https:\/\/www.oarcanjo.net\/site\/wp-content\/uploads\/LogoOArcanjo.png","width":319,"height":99,"caption":"Par\u00f3quia S\u00e3o Miguel Arcanjo"},"image":{"@id":"https:\/\/www.oarcanjo.net\/site\/#\/schema\/logo\/image\/"},"sameAs":["https:\/\/www.facebook.com\/OArcanjoNoAr\/"]},{"@type":"Person","@id":"https:\/\/www.oarcanjo.net\/site\/#\/schema\/person\/f7024d007863202483a31326673a0838","name":"editor","sameAs":["http:\/\/www.oarcanjo.net"]}]}},"publishpress_future_action":{"enabled":false,"date":"2026-05-09 01:26:17","action":"category","newStatus":"draft","terms":[],"taxonomy":"category"},"publishpress_future_workflow_manual_trigger":{"enabledWorkflows":[]},"_links":{"self":[{"href":"https:\/\/www.oarcanjo.net\/site\/wp-json\/wp\/v2\/posts\/23690"}],"collection":[{"href":"https:\/\/www.oarcanjo.net\/site\/wp-json\/wp\/v2\/posts"}],"about":[{"href":"https:\/\/www.oarcanjo.net\/site\/wp-json\/wp\/v2\/types\/post"}],"author":[{"embeddable":true,"href":"https:\/\/www.oarcanjo.net\/site\/wp-json\/wp\/v2\/users\/5"}],"replies":[{"embeddable":true,"href":"https:\/\/www.oarcanjo.net\/site\/wp-json\/wp\/v2\/comments?post=23690"}],"version-history":[{"count":0,"href":"https:\/\/www.oarcanjo.net\/site\/wp-json\/wp\/v2\/posts\/23690\/revisions"}],"wp:attachment":[{"href":"https:\/\/www.oarcanjo.net\/site\/wp-json\/wp\/v2\/media?parent=23690"}],"wp:term":[{"taxonomy":"category","embeddable":true,"href":"https:\/\/www.oarcanjo.net\/site\/wp-json\/wp\/v2\/categories?post=23690"},{"taxonomy":"post_tag","embeddable":true,"href":"https:\/\/www.oarcanjo.net\/site\/wp-json\/wp\/v2\/tags?post=23690"}],"curies":[{"name":"wp","href":"https:\/\/api.w.org\/{rel}","templated":true}]}}