
{"id":23692,"date":"2013-11-11T09:43:53","date_gmt":"2013-11-11T11:43:53","guid":{"rendered":"http:\/\/www.oarcanjo.net\/site\/?p=23692"},"modified":"2013-11-11T09:43:53","modified_gmt":"2013-11-11T11:43:53","slug":"maos-e-pes-sujas-de-terra","status":"publish","type":"post","link":"https:\/\/www.oarcanjo.net\/site\/maos-e-pes-sujas-de-terra\/","title":{"rendered":"M\u00e3os e p\u00e9s sujas de terra"},"content":{"rendered":"<p style=\"text-align: center;\">Dom Tom\u00e1s Balduino \u2013 pastor, profeta, guerreiro;<\/p>\n<p style=\"text-align: center;\">\u201cMoleque travesso\u201d \u2013 chegaram a dizer alguns,<\/p>\n<p style=\"text-align: center;\">Porque capaz de arriscar, de ousar, de sonhar;<\/p>\n<p style=\"text-align: center;\">De manter o olhar no horizonte sem fronteiras.<\/p>\n<p style=\"text-align: center;\">&nbsp;<\/p>\n<p style=\"text-align: center;\">Sem medo de sujar as m\u00e3os e os p\u00e9s na terra,<\/p>\n<p style=\"text-align: center;\">Na hist\u00f3ria da luta pela Reforma Agr\u00e1ria:<\/p>\n<p style=\"text-align: center;\">Terra por Deus prometida e esperada,<\/p>\n<p style=\"text-align: center;\">Terra pelos governos anunciada e negada,<\/p>\n<p style=\"text-align: center;\">Terra pelos trabalhadores duramente conquistada.<\/p>\n<p style=\"text-align: center;\">&nbsp;<\/p>\n<p style=\"text-align: center;\">Dom tom\u00e1s Baldu\u00edno \u2013 um pastor sempre jovem<\/p>\n<p style=\"text-align: center;\">No confronto com os anos sombrios na ditadura,<\/p>\n<p style=\"text-align: center;\">No an\u00fancio da liberta\u00e7\u00e3o aos oprimidos de todos os tempos e lugares,<\/p>\n<p style=\"text-align: center;\">Na constru\u00e7\u00e3o do processo democr\u00e1tico, mesmo aos 90 anos!<\/p>\n<p style=\"text-align: center;\">&nbsp;<\/p>\n<p style=\"text-align: center;\">Dom Tom\u00e1s Balduino \u2013 um profeta destemido,<\/p>\n<p style=\"text-align: center;\">Diante das botas, fardas e armas militares,<\/p>\n<p style=\"text-align: center;\">Diante do latif\u00fandio, com seus defensores e capangas,<\/p>\n<p style=\"text-align: center;\">Nas busca da verdade e da justi\u00e7a, mesmo aos 90 anos!<\/p>\n<p style=\"text-align: center;\">&nbsp;<\/p>\n<p style=\"text-align: center;\">Dom Tom\u00e1s Balduino \u2013 um guerreiro que jamais foge \u00e0 luta,<\/p>\n<p style=\"text-align: center;\">Juntamente com todos os deserdados da terra,<\/p>\n<p style=\"text-align: center;\">Em parceria com os lutadores e lutadoras do povo,<\/p>\n<p style=\"text-align: center;\">No an\u00fancio do Reino do Pai, mesmo aos 90 anos!<\/p>\n<p style=\"text-align: center;\">&nbsp;<\/p>\n<p style=\"text-align: center;\">Dom Tom\u00e1s Baldu\u00edno \u2013 pastor, profeta, guerreiro;<\/p>\n<p style=\"text-align: center;\">Mas tamb\u00e9m p\u00e1ssaro aviador no c\u00e9u cor de anil,<\/p>\n<p style=\"text-align: center;\">Sentindo no corpo e na alma os ventos da mudan\u00e7a,<\/p>\n<p style=\"text-align: center;\">Os sinais dos tempos de uma hist\u00f3ria que n\u00e3o se fecha,<\/p>\n<p style=\"text-align: center;\">Mas permanece aberta ao protagonismo dos pobres.<\/p>\n<p style=\"text-align: center;\">&nbsp;<\/p>\n<p style=\"text-align: center;\">Dom Tom\u00e1s Balduino \u2013 porta-voz de Deus e dos exclu\u00eddos,<\/p>\n<p style=\"text-align: center;\">Solid\u00e1rio com os exilados, os necessitados, os \u00faltimos;<\/p>\n<p style=\"text-align: center;\">Sens\u00edvel \u00e0 flor e \u00e0 espinga que se levantam do ch\u00e3o,<\/p>\n<p style=\"text-align: center;\">Como o grito e a luta dos desterrados e abandonados,<\/p>\n<p style=\"text-align: center;\">Para proclamar que a primavera j\u00e1 come\u00e7ou<\/p>\n<p style=\"text-align: center;\">E que \u00e9 poss\u00edvel aos 90 anos sentir seu perfume!<\/p>\n<p style=\"text-align: center;\">&nbsp;<\/p>\n<p style=\"text-align: center;\"><em>Pe. Alfredo J. Gon\u00e7alves, CS<\/em><\/p>\n<p style=\"text-align: center;\"><em>Roma, It\u00e1lia, 11 de novembro de 2013<\/em><\/p>\n<p style=\"text-align: center;\">&nbsp;<\/p>\n<div id=\"themify_builder_content-23692\" data-postid=\"23692\" class=\"themify_builder_content themify_builder_content-23692 themify_builder themify_builder_front\">\n\t<\/div>\n<!-- \/themify_builder_content -->","protected":false},"excerpt":{"rendered":"<p>Dom Tom\u00e1s Balduino \u2013 pastor, profeta, guerreiro; \u201cMoleque travesso\u201d \u2013 chegaram a dizer alguns, Porque capaz de arriscar, de ousar, de sonhar; De manter o olhar no horizonte sem fronteiras. &nbsp; Sem medo de sujar as m\u00e3os e os p\u00e9s na terra, Na hist\u00f3ria da luta pela Reforma Agr\u00e1ria: Terra por Deus prometida e esperada, [&hellip;]<\/p>\n","protected":false},"author":15,"featured_media":0,"comment_status":"open","ping_status":"open","sticky":false,"template":"","format":"standard","meta":{"ngg_post_thumbnail":0,"footnotes":""},"categories":[9],"tags":[],"yoast_head":"<!-- This site is optimized with the Yoast SEO plugin v23.5 - https:\/\/yoast.com\/wordpress\/plugins\/seo\/ -->\n<title>M\u00e3os e p\u00e9s sujas de terra - O Arcanjo no ar<\/title>\n<meta name=\"robots\" content=\"index, follow, max-snippet:-1, max-image-preview:large, max-video-preview:-1\" \/>\n<link rel=\"canonical\" href=\"https:\/\/www.oarcanjo.net\/site\/maos-e-pes-sujas-de-terra\/\" \/>\n<meta property=\"og:locale\" content=\"pt_BR\" \/>\n<meta property=\"og:type\" content=\"article\" \/>\n<meta property=\"og:title\" content=\"M\u00e3os e p\u00e9s sujas de terra - O Arcanjo no ar\" \/>\n<meta property=\"og:description\" content=\"Dom Tom\u00e1s Balduino \u2013 pastor, profeta, guerreiro; \u201cMoleque travesso\u201d \u2013 chegaram a dizer alguns, Porque capaz de arriscar, de ousar, de sonhar; De manter o olhar no horizonte sem fronteiras. &nbsp; Sem medo de sujar as m\u00e3os e os p\u00e9s na terra, Na hist\u00f3ria da luta pela Reforma Agr\u00e1ria: Terra por Deus prometida e esperada, [&hellip;]\" \/>\n<meta property=\"og:url\" content=\"https:\/\/www.oarcanjo.net\/site\/maos-e-pes-sujas-de-terra\/\" \/>\n<meta property=\"og:site_name\" content=\"O Arcanjo no ar\" \/>\n<meta property=\"article:publisher\" content=\"https:\/\/www.facebook.com\/OArcanjoNoAr\/\" \/>\n<meta property=\"article:published_time\" content=\"2013-11-11T11:43:53+00:00\" \/>\n<meta property=\"og:image\" content=\"https:\/\/www.oarcanjo.net\/site\/wp-content\/uploads\/logo-o-arcanjo-no-ar-facebook.png\" \/>\n\t<meta property=\"og:image:width\" content=\"300\" \/>\n\t<meta property=\"og:image:height\" content=\"300\" \/>\n\t<meta property=\"og:image:type\" content=\"image\/png\" \/>\n<meta name=\"author\" content=\"Alexandre Nunes\" \/>\n<meta name=\"twitter:card\" content=\"summary_large_image\" \/>\n<meta name=\"twitter:label1\" content=\"Escrito por\" \/>\n\t<meta name=\"twitter:data1\" content=\"Alexandre Nunes\" \/>\n\t<meta name=\"twitter:label2\" content=\"Est. tempo de leitura\" \/>\n\t<meta name=\"twitter:data2\" content=\"2 minutos\" \/>\n<script type=\"application\/ld+json\" class=\"yoast-schema-graph\">{\"@context\":\"https:\/\/schema.org\",\"@graph\":[{\"@type\":\"Article\",\"@id\":\"https:\/\/www.oarcanjo.net\/site\/maos-e-pes-sujas-de-terra\/#article\",\"isPartOf\":{\"@id\":\"https:\/\/www.oarcanjo.net\/site\/maos-e-pes-sujas-de-terra\/\"},\"author\":{\"name\":\"Alexandre Nunes\",\"@id\":\"https:\/\/www.oarcanjo.net\/site\/#\/schema\/person\/0a2ae077c1a09b69d29928e3b9f1c0d1\"},\"headline\":\"M\u00e3os e p\u00e9s sujas de terra\",\"datePublished\":\"2013-11-11T11:43:53+00:00\",\"dateModified\":\"2013-11-11T11:43:53+00:00\",\"mainEntityOfPage\":{\"@id\":\"https:\/\/www.oarcanjo.net\/site\/maos-e-pes-sujas-de-terra\/\"},\"wordCount\":316,\"commentCount\":0,\"publisher\":{\"@id\":\"https:\/\/www.oarcanjo.net\/site\/#organization\"},\"articleSection\":[\"Reflex\u00f5es\"],\"inLanguage\":\"pt-BR\",\"potentialAction\":[{\"@type\":\"CommentAction\",\"name\":\"Comment\",\"target\":[\"https:\/\/www.oarcanjo.net\/site\/maos-e-pes-sujas-de-terra\/#respond\"]}]},{\"@type\":\"WebPage\",\"@id\":\"https:\/\/www.oarcanjo.net\/site\/maos-e-pes-sujas-de-terra\/\",\"url\":\"https:\/\/www.oarcanjo.net\/site\/maos-e-pes-sujas-de-terra\/\",\"name\":\"M\u00e3os e p\u00e9s sujas de terra - O Arcanjo no ar\",\"isPartOf\":{\"@id\":\"https:\/\/www.oarcanjo.net\/site\/#website\"},\"datePublished\":\"2013-11-11T11:43:53+00:00\",\"dateModified\":\"2013-11-11T11:43:53+00:00\",\"breadcrumb\":{\"@id\":\"https:\/\/www.oarcanjo.net\/site\/maos-e-pes-sujas-de-terra\/#breadcrumb\"},\"inLanguage\":\"pt-BR\",\"potentialAction\":[{\"@type\":\"ReadAction\",\"target\":[\"https:\/\/www.oarcanjo.net\/site\/maos-e-pes-sujas-de-terra\/\"]}]},{\"@type\":\"BreadcrumbList\",\"@id\":\"https:\/\/www.oarcanjo.net\/site\/maos-e-pes-sujas-de-terra\/#breadcrumb\",\"itemListElement\":[{\"@type\":\"ListItem\",\"position\":1,\"name\":\"In\u00edcio\",\"item\":\"https:\/\/www.oarcanjo.net\/site\/\"},{\"@type\":\"ListItem\",\"position\":2,\"name\":\"M\u00e3os e p\u00e9s sujas de terra\"}]},{\"@type\":\"WebSite\",\"@id\":\"https:\/\/www.oarcanjo.net\/site\/#website\",\"url\":\"https:\/\/www.oarcanjo.net\/site\/\",\"name\":\"O Arcanjo no ar\",\"description\":\"Site da Par\u00f3quia S\u00e3o Miguel Arcanjo (Arquidiocese de SP)\",\"publisher\":{\"@id\":\"https:\/\/www.oarcanjo.net\/site\/#organization\"},\"potentialAction\":[{\"@type\":\"SearchAction\",\"target\":{\"@type\":\"EntryPoint\",\"urlTemplate\":\"https:\/\/www.oarcanjo.net\/site\/?s={search_term_string}\"},\"query-input\":{\"@type\":\"PropertyValueSpecification\",\"valueRequired\":true,\"valueName\":\"search_term_string\"}}],\"inLanguage\":\"pt-BR\"},{\"@type\":\"Organization\",\"@id\":\"https:\/\/www.oarcanjo.net\/site\/#organization\",\"name\":\"Par\u00f3quia S\u00e3o Miguel Arcanjo\",\"url\":\"https:\/\/www.oarcanjo.net\/site\/\",\"logo\":{\"@type\":\"ImageObject\",\"inLanguage\":\"pt-BR\",\"@id\":\"https:\/\/www.oarcanjo.net\/site\/#\/schema\/logo\/image\/\",\"url\":\"https:\/\/www.oarcanjo.net\/site\/wp-content\/uploads\/LogoOArcanjo.png\",\"contentUrl\":\"https:\/\/www.oarcanjo.net\/site\/wp-content\/uploads\/LogoOArcanjo.png\",\"width\":319,\"height\":99,\"caption\":\"Par\u00f3quia S\u00e3o Miguel Arcanjo\"},\"image\":{\"@id\":\"https:\/\/www.oarcanjo.net\/site\/#\/schema\/logo\/image\/\"},\"sameAs\":[\"https:\/\/www.facebook.com\/OArcanjoNoAr\/\"]},{\"@type\":\"Person\",\"@id\":\"https:\/\/www.oarcanjo.net\/site\/#\/schema\/person\/0a2ae077c1a09b69d29928e3b9f1c0d1\",\"name\":\"Alexandre Nunes\",\"sameAs\":[\"http:\/\/alexandrenu.com\"]}]}<\/script>\n<!-- \/ Yoast SEO plugin. -->","yoast_head_json":{"title":"M\u00e3os e p\u00e9s sujas de terra - O Arcanjo no ar","robots":{"index":"index","follow":"follow","max-snippet":"max-snippet:-1","max-image-preview":"max-image-preview:large","max-video-preview":"max-video-preview:-1"},"canonical":"https:\/\/www.oarcanjo.net\/site\/maos-e-pes-sujas-de-terra\/","og_locale":"pt_BR","og_type":"article","og_title":"M\u00e3os e p\u00e9s sujas de terra - O Arcanjo no ar","og_description":"Dom Tom\u00e1s Balduino \u2013 pastor, profeta, guerreiro; \u201cMoleque travesso\u201d \u2013 chegaram a dizer alguns, Porque capaz de arriscar, de ousar, de sonhar; De manter o olhar no horizonte sem fronteiras. &nbsp; Sem medo de sujar as m\u00e3os e os p\u00e9s na terra, Na hist\u00f3ria da luta pela Reforma Agr\u00e1ria: Terra por Deus prometida e esperada, [&hellip;]","og_url":"https:\/\/www.oarcanjo.net\/site\/maos-e-pes-sujas-de-terra\/","og_site_name":"O Arcanjo no ar","article_publisher":"https:\/\/www.facebook.com\/OArcanjoNoAr\/","article_published_time":"2013-11-11T11:43:53+00:00","og_image":[{"width":300,"height":300,"url":"https:\/\/www.oarcanjo.net\/site\/wp-content\/uploads\/logo-o-arcanjo-no-ar-facebook.png","type":"image\/png"}],"author":"Alexandre Nunes","twitter_card":"summary_large_image","twitter_misc":{"Escrito por":"Alexandre Nunes","Est. tempo de leitura":"2 minutos"},"schema":{"@context":"https:\/\/schema.org","@graph":[{"@type":"Article","@id":"https:\/\/www.oarcanjo.net\/site\/maos-e-pes-sujas-de-terra\/#article","isPartOf":{"@id":"https:\/\/www.oarcanjo.net\/site\/maos-e-pes-sujas-de-terra\/"},"author":{"name":"Alexandre Nunes","@id":"https:\/\/www.oarcanjo.net\/site\/#\/schema\/person\/0a2ae077c1a09b69d29928e3b9f1c0d1"},"headline":"M\u00e3os e p\u00e9s sujas de terra","datePublished":"2013-11-11T11:43:53+00:00","dateModified":"2013-11-11T11:43:53+00:00","mainEntityOfPage":{"@id":"https:\/\/www.oarcanjo.net\/site\/maos-e-pes-sujas-de-terra\/"},"wordCount":316,"commentCount":0,"publisher":{"@id":"https:\/\/www.oarcanjo.net\/site\/#organization"},"articleSection":["Reflex\u00f5es"],"inLanguage":"pt-BR","potentialAction":[{"@type":"CommentAction","name":"Comment","target":["https:\/\/www.oarcanjo.net\/site\/maos-e-pes-sujas-de-terra\/#respond"]}]},{"@type":"WebPage","@id":"https:\/\/www.oarcanjo.net\/site\/maos-e-pes-sujas-de-terra\/","url":"https:\/\/www.oarcanjo.net\/site\/maos-e-pes-sujas-de-terra\/","name":"M\u00e3os e p\u00e9s sujas de terra - O Arcanjo no ar","isPartOf":{"@id":"https:\/\/www.oarcanjo.net\/site\/#website"},"datePublished":"2013-11-11T11:43:53+00:00","dateModified":"2013-11-11T11:43:53+00:00","breadcrumb":{"@id":"https:\/\/www.oarcanjo.net\/site\/maos-e-pes-sujas-de-terra\/#breadcrumb"},"inLanguage":"pt-BR","potentialAction":[{"@type":"ReadAction","target":["https:\/\/www.oarcanjo.net\/site\/maos-e-pes-sujas-de-terra\/"]}]},{"@type":"BreadcrumbList","@id":"https:\/\/www.oarcanjo.net\/site\/maos-e-pes-sujas-de-terra\/#breadcrumb","itemListElement":[{"@type":"ListItem","position":1,"name":"In\u00edcio","item":"https:\/\/www.oarcanjo.net\/site\/"},{"@type":"ListItem","position":2,"name":"M\u00e3os e p\u00e9s sujas de terra"}]},{"@type":"WebSite","@id":"https:\/\/www.oarcanjo.net\/site\/#website","url":"https:\/\/www.oarcanjo.net\/site\/","name":"O Arcanjo no ar","description":"Site da Par\u00f3quia S\u00e3o Miguel Arcanjo (Arquidiocese de SP)","publisher":{"@id":"https:\/\/www.oarcanjo.net\/site\/#organization"},"potentialAction":[{"@type":"SearchAction","target":{"@type":"EntryPoint","urlTemplate":"https:\/\/www.oarcanjo.net\/site\/?s={search_term_string}"},"query-input":{"@type":"PropertyValueSpecification","valueRequired":true,"valueName":"search_term_string"}}],"inLanguage":"pt-BR"},{"@type":"Organization","@id":"https:\/\/www.oarcanjo.net\/site\/#organization","name":"Par\u00f3quia S\u00e3o Miguel Arcanjo","url":"https:\/\/www.oarcanjo.net\/site\/","logo":{"@type":"ImageObject","inLanguage":"pt-BR","@id":"https:\/\/www.oarcanjo.net\/site\/#\/schema\/logo\/image\/","url":"https:\/\/www.oarcanjo.net\/site\/wp-content\/uploads\/LogoOArcanjo.png","contentUrl":"https:\/\/www.oarcanjo.net\/site\/wp-content\/uploads\/LogoOArcanjo.png","width":319,"height":99,"caption":"Par\u00f3quia S\u00e3o Miguel Arcanjo"},"image":{"@id":"https:\/\/www.oarcanjo.net\/site\/#\/schema\/logo\/image\/"},"sameAs":["https:\/\/www.facebook.com\/OArcanjoNoAr\/"]},{"@type":"Person","@id":"https:\/\/www.oarcanjo.net\/site\/#\/schema\/person\/0a2ae077c1a09b69d29928e3b9f1c0d1","name":"Alexandre Nunes","sameAs":["http:\/\/alexandrenu.com"]}]}},"publishpress_future_action":{"enabled":false,"date":"2026-05-09 03:05:12","action":"category","newStatus":"draft","terms":[],"taxonomy":"category"},"publishpress_future_workflow_manual_trigger":{"enabledWorkflows":[]},"_links":{"self":[{"href":"https:\/\/www.oarcanjo.net\/site\/wp-json\/wp\/v2\/posts\/23692"}],"collection":[{"href":"https:\/\/www.oarcanjo.net\/site\/wp-json\/wp\/v2\/posts"}],"about":[{"href":"https:\/\/www.oarcanjo.net\/site\/wp-json\/wp\/v2\/types\/post"}],"author":[{"embeddable":true,"href":"https:\/\/www.oarcanjo.net\/site\/wp-json\/wp\/v2\/users\/15"}],"replies":[{"embeddable":true,"href":"https:\/\/www.oarcanjo.net\/site\/wp-json\/wp\/v2\/comments?post=23692"}],"version-history":[{"count":0,"href":"https:\/\/www.oarcanjo.net\/site\/wp-json\/wp\/v2\/posts\/23692\/revisions"}],"wp:attachment":[{"href":"https:\/\/www.oarcanjo.net\/site\/wp-json\/wp\/v2\/media?parent=23692"}],"wp:term":[{"taxonomy":"category","embeddable":true,"href":"https:\/\/www.oarcanjo.net\/site\/wp-json\/wp\/v2\/categories?post=23692"},{"taxonomy":"post_tag","embeddable":true,"href":"https:\/\/www.oarcanjo.net\/site\/wp-json\/wp\/v2\/tags?post=23692"}],"curies":[{"name":"wp","href":"https:\/\/api.w.org\/{rel}","templated":true}]}}