
{"id":2373,"date":"2009-03-15T11:19:26","date_gmt":"2009-03-15T14:19:26","guid":{"rendered":"http:\/\/www.oarcanjo.net\/site\/?p=2373"},"modified":"2009-03-15T11:19:26","modified_gmt":"2009-03-15T14:19:26","slug":"exposicao-em-fortaleza-ceara-apresenta-fotografias-de-dom-helder","status":"publish","type":"post","link":"https:\/\/www.oarcanjo.net\/site\/exposicao-em-fortaleza-ceara-apresenta-fotografias-de-dom-helder\/","title":{"rendered":"Exposi\u00e7\u00e3o em Fortaleza (Cear\u00e1) apresenta fotografias de Dom Helder"},"content":{"rendered":"<p>Nos pr\u00f3ximos dias 16 e 17 de mar\u00e7o, a Faculdade Cat\u00f3lica da Prainha (Facap), em Fortaleza (CE), d\u00e1 in\u00edcio \u00e0 exposi\u00e7\u00e3o &#8220;Centen\u00e1rio de Dom Helder Camara&#8221;. Um dos fundadores da CNBB, o arcebispo em\u00e9rito de Olinda e Recife, falecido em 1999, completaria cem anos no \u00faltimo dia 7 de fevereiro. A faculdade, que \u00e9 integrada pelo Instituto de Teologia Pastoral do Cear\u00e1 (Itep) e pelo Instituto de Ci\u00eancias Religiosas (Icre), fica na rua Tenente Ben\u00e9volo, n\u00b0 201, no Centro da cidade.<\/p>\n<p>Com o chamado &#8220;Dom Helder de Volta \u00e0 Prainha&#8221;, o evento d\u00e1 destaque ao Semin\u00e1rio Diocesano de Fortaleza, conhecido como Semin\u00e1rio da Prainha, onde, em 1931, o jovem Helder C\u00e2mara foi ordenado padre, com apenas 22 anos. Anos depois, em 1936, transferiu-se para o Rio de Janeiro (RJ) a fim de dedicar-se aos estudos sobre educa\u00e7\u00e3o p\u00fablica e fortalecer sua atua\u00e7\u00e3o na Igreja Cat\u00f3lica.<\/p>\n<p>Segundo o padre Luis Sartorel, diretor-administrativo do Icre, a exposi\u00e7\u00e3o vai ser organizada em uma sala com a disposi\u00e7\u00e3o de 24 paineis fotogr\u00e1ficos de 1,70m de altura por 1,20 de largura. No local, os visitantes tamb\u00e9m v\u00e3o poder adquirir o livro com a reprodu\u00e7\u00e3o das fotografias. Al\u00e9m disso, o padre acrescenta que outros produtos devem ser expostos, j\u00e1 que a estrutura da exposi\u00e7\u00e3o ainda est\u00e1 sendo finalizada.<\/p>\n<p>Al\u00e9m da exposi\u00e7\u00e3o, antecedendo a abertura oficial, na manh\u00e3 do dia 16, a programa\u00e7\u00e3o inicia com uma Confer\u00eancia sobre a Campanha da Fraternidade 2009, que aborda a seguran\u00e7a p\u00fablica sob o lema &#8220;A paz \u00e9 fruto da justi\u00e7a&#8221;. O palestrante \u00e9 o padre Almir Magalh\u00e3es, reitor do Semin\u00e1rio Arquidiocesano de Filosofia e professor do Itep. Em seguida, no miniaudit\u00f3rio da institui\u00e7\u00e3o, o Monsenhor Manfredo Ramos, diretor-geral da Facap, faz a abertura oficial da exposi\u00e7\u00e3o, que segue at\u00e9 a noite do dia 17.<\/p>\n<p>Para mais informa\u00e7\u00f5es sobre a exposi\u00e7\u00e3o, o telefone da Faculdade Cat\u00f3lica da Prainha \u00e9 (85) 3219.9023.<\/p>\n<div id=\"themify_builder_content-2373\" data-postid=\"2373\" class=\"themify_builder_content themify_builder_content-2373 themify_builder themify_builder_front\">\n\t<\/div>\n<!-- \/themify_builder_content -->","protected":false},"excerpt":{"rendered":"<p>Nos pr\u00f3ximos dias 16 e 17 de mar\u00e7o, a Faculdade Cat\u00f3lica da Prainha (Facap), em Fortaleza (CE), d\u00e1 in\u00edcio \u00e0 exposi\u00e7\u00e3o &#8220;Centen\u00e1rio de Dom Helder Camara&#8221;. Um dos fundadores da CNBB, o arcebispo em\u00e9rito de Olinda e Recife, falecido em 1999, completaria cem anos no \u00faltimo dia 7 de fevereiro. A faculdade, que \u00e9 integrada [&hellip;]<\/p>\n","protected":false},"author":5,"featured_media":0,"comment_status":"open","ping_status":"open","sticky":false,"template":"","format":"standard","meta":{"ngg_post_thumbnail":0,"footnotes":""},"categories":[192],"tags":[229,210,3205],"yoast_head":"<!-- This site is optimized with the Yoast SEO plugin v23.5 - https:\/\/yoast.com\/wordpress\/plugins\/seo\/ -->\n<title>Exposi\u00e7\u00e3o em Fortaleza (Cear\u00e1) apresenta fotografias de Dom Helder - O Arcanjo no ar<\/title>\n<meta name=\"robots\" content=\"index, follow, max-snippet:-1, max-image-preview:large, max-video-preview:-1\" \/>\n<link rel=\"canonical\" href=\"https:\/\/www.oarcanjo.net\/site\/exposicao-em-fortaleza-ceara-apresenta-fotografias-de-dom-helder\/\" \/>\n<meta property=\"og:locale\" content=\"pt_BR\" \/>\n<meta property=\"og:type\" content=\"article\" \/>\n<meta property=\"og:title\" content=\"Exposi\u00e7\u00e3o em Fortaleza (Cear\u00e1) apresenta fotografias de Dom Helder - O Arcanjo no ar\" \/>\n<meta property=\"og:description\" content=\"Nos pr\u00f3ximos dias 16 e 17 de mar\u00e7o, a Faculdade Cat\u00f3lica da Prainha (Facap), em Fortaleza (CE), d\u00e1 in\u00edcio \u00e0 exposi\u00e7\u00e3o &#8220;Centen\u00e1rio de Dom Helder Camara&#8221;. Um dos fundadores da CNBB, o arcebispo em\u00e9rito de Olinda e Recife, falecido em 1999, completaria cem anos no \u00faltimo dia 7 de fevereiro. A faculdade, que \u00e9 integrada [&hellip;]\" \/>\n<meta property=\"og:url\" content=\"https:\/\/www.oarcanjo.net\/site\/exposicao-em-fortaleza-ceara-apresenta-fotografias-de-dom-helder\/\" \/>\n<meta property=\"og:site_name\" content=\"O Arcanjo no ar\" \/>\n<meta property=\"article:publisher\" content=\"https:\/\/www.facebook.com\/OArcanjoNoAr\/\" \/>\n<meta property=\"article:published_time\" content=\"2009-03-15T14:19:26+00:00\" \/>\n<meta property=\"og:image\" content=\"https:\/\/www.oarcanjo.net\/site\/wp-content\/uploads\/logo-o-arcanjo-no-ar-facebook.png\" \/>\n\t<meta property=\"og:image:width\" content=\"300\" \/>\n\t<meta property=\"og:image:height\" content=\"300\" \/>\n\t<meta property=\"og:image:type\" content=\"image\/png\" \/>\n<meta name=\"author\" content=\"editor\" \/>\n<meta name=\"twitter:card\" content=\"summary_large_image\" \/>\n<meta name=\"twitter:label1\" content=\"Escrito por\" \/>\n\t<meta name=\"twitter:data1\" content=\"editor\" \/>\n\t<meta name=\"twitter:label2\" content=\"Est. tempo de leitura\" \/>\n\t<meta name=\"twitter:data2\" content=\"2 minutos\" \/>\n<script type=\"application\/ld+json\" class=\"yoast-schema-graph\">{\"@context\":\"https:\/\/schema.org\",\"@graph\":[{\"@type\":\"Article\",\"@id\":\"https:\/\/www.oarcanjo.net\/site\/exposicao-em-fortaleza-ceara-apresenta-fotografias-de-dom-helder\/#article\",\"isPartOf\":{\"@id\":\"https:\/\/www.oarcanjo.net\/site\/exposicao-em-fortaleza-ceara-apresenta-fotografias-de-dom-helder\/\"},\"author\":{\"name\":\"editor\",\"@id\":\"https:\/\/www.oarcanjo.net\/site\/#\/schema\/person\/f7024d007863202483a31326673a0838\"},\"headline\":\"Exposi\u00e7\u00e3o em Fortaleza (Cear\u00e1) apresenta fotografias de Dom Helder\",\"datePublished\":\"2009-03-15T14:19:26+00:00\",\"dateModified\":\"2009-03-15T14:19:26+00:00\",\"mainEntityOfPage\":{\"@id\":\"https:\/\/www.oarcanjo.net\/site\/exposicao-em-fortaleza-ceara-apresenta-fotografias-de-dom-helder\/\"},\"wordCount\":338,\"commentCount\":1,\"publisher\":{\"@id\":\"https:\/\/www.oarcanjo.net\/site\/#organization\"},\"keywords\":[\"Campanha da Fraternidade\",\"Dom Helder Camara\",\"Testemunhos\"],\"articleSection\":[\"D. Helder C\u00e2mara\"],\"inLanguage\":\"pt-BR\",\"potentialAction\":[{\"@type\":\"CommentAction\",\"name\":\"Comment\",\"target\":[\"https:\/\/www.oarcanjo.net\/site\/exposicao-em-fortaleza-ceara-apresenta-fotografias-de-dom-helder\/#respond\"]}]},{\"@type\":\"WebPage\",\"@id\":\"https:\/\/www.oarcanjo.net\/site\/exposicao-em-fortaleza-ceara-apresenta-fotografias-de-dom-helder\/\",\"url\":\"https:\/\/www.oarcanjo.net\/site\/exposicao-em-fortaleza-ceara-apresenta-fotografias-de-dom-helder\/\",\"name\":\"Exposi\u00e7\u00e3o em Fortaleza (Cear\u00e1) apresenta fotografias de Dom Helder - O Arcanjo no ar\",\"isPartOf\":{\"@id\":\"https:\/\/www.oarcanjo.net\/site\/#website\"},\"datePublished\":\"2009-03-15T14:19:26+00:00\",\"dateModified\":\"2009-03-15T14:19:26+00:00\",\"breadcrumb\":{\"@id\":\"https:\/\/www.oarcanjo.net\/site\/exposicao-em-fortaleza-ceara-apresenta-fotografias-de-dom-helder\/#breadcrumb\"},\"inLanguage\":\"pt-BR\",\"potentialAction\":[{\"@type\":\"ReadAction\",\"target\":[\"https:\/\/www.oarcanjo.net\/site\/exposicao-em-fortaleza-ceara-apresenta-fotografias-de-dom-helder\/\"]}]},{\"@type\":\"BreadcrumbList\",\"@id\":\"https:\/\/www.oarcanjo.net\/site\/exposicao-em-fortaleza-ceara-apresenta-fotografias-de-dom-helder\/#breadcrumb\",\"itemListElement\":[{\"@type\":\"ListItem\",\"position\":1,\"name\":\"In\u00edcio\",\"item\":\"https:\/\/www.oarcanjo.net\/site\/\"},{\"@type\":\"ListItem\",\"position\":2,\"name\":\"Exposi\u00e7\u00e3o em Fortaleza (Cear\u00e1) apresenta fotografias de Dom Helder\"}]},{\"@type\":\"WebSite\",\"@id\":\"https:\/\/www.oarcanjo.net\/site\/#website\",\"url\":\"https:\/\/www.oarcanjo.net\/site\/\",\"name\":\"O Arcanjo no ar\",\"description\":\"Site da Par\u00f3quia S\u00e3o Miguel Arcanjo (Arquidiocese de SP)\",\"publisher\":{\"@id\":\"https:\/\/www.oarcanjo.net\/site\/#organization\"},\"potentialAction\":[{\"@type\":\"SearchAction\",\"target\":{\"@type\":\"EntryPoint\",\"urlTemplate\":\"https:\/\/www.oarcanjo.net\/site\/?s={search_term_string}\"},\"query-input\":{\"@type\":\"PropertyValueSpecification\",\"valueRequired\":true,\"valueName\":\"search_term_string\"}}],\"inLanguage\":\"pt-BR\"},{\"@type\":\"Organization\",\"@id\":\"https:\/\/www.oarcanjo.net\/site\/#organization\",\"name\":\"Par\u00f3quia S\u00e3o Miguel Arcanjo\",\"url\":\"https:\/\/www.oarcanjo.net\/site\/\",\"logo\":{\"@type\":\"ImageObject\",\"inLanguage\":\"pt-BR\",\"@id\":\"https:\/\/www.oarcanjo.net\/site\/#\/schema\/logo\/image\/\",\"url\":\"https:\/\/www.oarcanjo.net\/site\/wp-content\/uploads\/LogoOArcanjo.png\",\"contentUrl\":\"https:\/\/www.oarcanjo.net\/site\/wp-content\/uploads\/LogoOArcanjo.png\",\"width\":319,\"height\":99,\"caption\":\"Par\u00f3quia S\u00e3o Miguel Arcanjo\"},\"image\":{\"@id\":\"https:\/\/www.oarcanjo.net\/site\/#\/schema\/logo\/image\/\"},\"sameAs\":[\"https:\/\/www.facebook.com\/OArcanjoNoAr\/\"]},{\"@type\":\"Person\",\"@id\":\"https:\/\/www.oarcanjo.net\/site\/#\/schema\/person\/f7024d007863202483a31326673a0838\",\"name\":\"editor\",\"sameAs\":[\"http:\/\/www.oarcanjo.net\"]}]}<\/script>\n<!-- \/ Yoast SEO plugin. -->","yoast_head_json":{"title":"Exposi\u00e7\u00e3o em Fortaleza (Cear\u00e1) apresenta fotografias de Dom Helder - O Arcanjo no ar","robots":{"index":"index","follow":"follow","max-snippet":"max-snippet:-1","max-image-preview":"max-image-preview:large","max-video-preview":"max-video-preview:-1"},"canonical":"https:\/\/www.oarcanjo.net\/site\/exposicao-em-fortaleza-ceara-apresenta-fotografias-de-dom-helder\/","og_locale":"pt_BR","og_type":"article","og_title":"Exposi\u00e7\u00e3o em Fortaleza (Cear\u00e1) apresenta fotografias de Dom Helder - O Arcanjo no ar","og_description":"Nos pr\u00f3ximos dias 16 e 17 de mar\u00e7o, a Faculdade Cat\u00f3lica da Prainha (Facap), em Fortaleza (CE), d\u00e1 in\u00edcio \u00e0 exposi\u00e7\u00e3o &#8220;Centen\u00e1rio de Dom Helder Camara&#8221;. Um dos fundadores da CNBB, o arcebispo em\u00e9rito de Olinda e Recife, falecido em 1999, completaria cem anos no \u00faltimo dia 7 de fevereiro. A faculdade, que \u00e9 integrada [&hellip;]","og_url":"https:\/\/www.oarcanjo.net\/site\/exposicao-em-fortaleza-ceara-apresenta-fotografias-de-dom-helder\/","og_site_name":"O Arcanjo no ar","article_publisher":"https:\/\/www.facebook.com\/OArcanjoNoAr\/","article_published_time":"2009-03-15T14:19:26+00:00","og_image":[{"width":300,"height":300,"url":"https:\/\/www.oarcanjo.net\/site\/wp-content\/uploads\/logo-o-arcanjo-no-ar-facebook.png","type":"image\/png"}],"author":"editor","twitter_card":"summary_large_image","twitter_misc":{"Escrito por":"editor","Est. tempo de leitura":"2 minutos"},"schema":{"@context":"https:\/\/schema.org","@graph":[{"@type":"Article","@id":"https:\/\/www.oarcanjo.net\/site\/exposicao-em-fortaleza-ceara-apresenta-fotografias-de-dom-helder\/#article","isPartOf":{"@id":"https:\/\/www.oarcanjo.net\/site\/exposicao-em-fortaleza-ceara-apresenta-fotografias-de-dom-helder\/"},"author":{"name":"editor","@id":"https:\/\/www.oarcanjo.net\/site\/#\/schema\/person\/f7024d007863202483a31326673a0838"},"headline":"Exposi\u00e7\u00e3o em Fortaleza (Cear\u00e1) apresenta fotografias de Dom Helder","datePublished":"2009-03-15T14:19:26+00:00","dateModified":"2009-03-15T14:19:26+00:00","mainEntityOfPage":{"@id":"https:\/\/www.oarcanjo.net\/site\/exposicao-em-fortaleza-ceara-apresenta-fotografias-de-dom-helder\/"},"wordCount":338,"commentCount":1,"publisher":{"@id":"https:\/\/www.oarcanjo.net\/site\/#organization"},"keywords":["Campanha da Fraternidade","Dom Helder Camara","Testemunhos"],"articleSection":["D. Helder C\u00e2mara"],"inLanguage":"pt-BR","potentialAction":[{"@type":"CommentAction","name":"Comment","target":["https:\/\/www.oarcanjo.net\/site\/exposicao-em-fortaleza-ceara-apresenta-fotografias-de-dom-helder\/#respond"]}]},{"@type":"WebPage","@id":"https:\/\/www.oarcanjo.net\/site\/exposicao-em-fortaleza-ceara-apresenta-fotografias-de-dom-helder\/","url":"https:\/\/www.oarcanjo.net\/site\/exposicao-em-fortaleza-ceara-apresenta-fotografias-de-dom-helder\/","name":"Exposi\u00e7\u00e3o em Fortaleza (Cear\u00e1) apresenta fotografias de Dom Helder - O Arcanjo no ar","isPartOf":{"@id":"https:\/\/www.oarcanjo.net\/site\/#website"},"datePublished":"2009-03-15T14:19:26+00:00","dateModified":"2009-03-15T14:19:26+00:00","breadcrumb":{"@id":"https:\/\/www.oarcanjo.net\/site\/exposicao-em-fortaleza-ceara-apresenta-fotografias-de-dom-helder\/#breadcrumb"},"inLanguage":"pt-BR","potentialAction":[{"@type":"ReadAction","target":["https:\/\/www.oarcanjo.net\/site\/exposicao-em-fortaleza-ceara-apresenta-fotografias-de-dom-helder\/"]}]},{"@type":"BreadcrumbList","@id":"https:\/\/www.oarcanjo.net\/site\/exposicao-em-fortaleza-ceara-apresenta-fotografias-de-dom-helder\/#breadcrumb","itemListElement":[{"@type":"ListItem","position":1,"name":"In\u00edcio","item":"https:\/\/www.oarcanjo.net\/site\/"},{"@type":"ListItem","position":2,"name":"Exposi\u00e7\u00e3o em Fortaleza (Cear\u00e1) apresenta fotografias de Dom Helder"}]},{"@type":"WebSite","@id":"https:\/\/www.oarcanjo.net\/site\/#website","url":"https:\/\/www.oarcanjo.net\/site\/","name":"O Arcanjo no ar","description":"Site da Par\u00f3quia S\u00e3o Miguel Arcanjo (Arquidiocese de SP)","publisher":{"@id":"https:\/\/www.oarcanjo.net\/site\/#organization"},"potentialAction":[{"@type":"SearchAction","target":{"@type":"EntryPoint","urlTemplate":"https:\/\/www.oarcanjo.net\/site\/?s={search_term_string}"},"query-input":{"@type":"PropertyValueSpecification","valueRequired":true,"valueName":"search_term_string"}}],"inLanguage":"pt-BR"},{"@type":"Organization","@id":"https:\/\/www.oarcanjo.net\/site\/#organization","name":"Par\u00f3quia S\u00e3o Miguel Arcanjo","url":"https:\/\/www.oarcanjo.net\/site\/","logo":{"@type":"ImageObject","inLanguage":"pt-BR","@id":"https:\/\/www.oarcanjo.net\/site\/#\/schema\/logo\/image\/","url":"https:\/\/www.oarcanjo.net\/site\/wp-content\/uploads\/LogoOArcanjo.png","contentUrl":"https:\/\/www.oarcanjo.net\/site\/wp-content\/uploads\/LogoOArcanjo.png","width":319,"height":99,"caption":"Par\u00f3quia S\u00e3o Miguel Arcanjo"},"image":{"@id":"https:\/\/www.oarcanjo.net\/site\/#\/schema\/logo\/image\/"},"sameAs":["https:\/\/www.facebook.com\/OArcanjoNoAr\/"]},{"@type":"Person","@id":"https:\/\/www.oarcanjo.net\/site\/#\/schema\/person\/f7024d007863202483a31326673a0838","name":"editor","sameAs":["http:\/\/www.oarcanjo.net"]}]}},"publishpress_future_action":{"enabled":false,"date":"2026-05-07 10:28:31","action":"category","newStatus":"draft","terms":[],"taxonomy":"category"},"publishpress_future_workflow_manual_trigger":{"enabledWorkflows":[]},"_links":{"self":[{"href":"https:\/\/www.oarcanjo.net\/site\/wp-json\/wp\/v2\/posts\/2373"}],"collection":[{"href":"https:\/\/www.oarcanjo.net\/site\/wp-json\/wp\/v2\/posts"}],"about":[{"href":"https:\/\/www.oarcanjo.net\/site\/wp-json\/wp\/v2\/types\/post"}],"author":[{"embeddable":true,"href":"https:\/\/www.oarcanjo.net\/site\/wp-json\/wp\/v2\/users\/5"}],"replies":[{"embeddable":true,"href":"https:\/\/www.oarcanjo.net\/site\/wp-json\/wp\/v2\/comments?post=2373"}],"version-history":[{"count":0,"href":"https:\/\/www.oarcanjo.net\/site\/wp-json\/wp\/v2\/posts\/2373\/revisions"}],"wp:attachment":[{"href":"https:\/\/www.oarcanjo.net\/site\/wp-json\/wp\/v2\/media?parent=2373"}],"wp:term":[{"taxonomy":"category","embeddable":true,"href":"https:\/\/www.oarcanjo.net\/site\/wp-json\/wp\/v2\/categories?post=2373"},{"taxonomy":"post_tag","embeddable":true,"href":"https:\/\/www.oarcanjo.net\/site\/wp-json\/wp\/v2\/tags?post=2373"}],"curies":[{"name":"wp","href":"https:\/\/api.w.org\/{rel}","templated":true}]}}